{"id":63926,"date":"2026-09-02T18:53:05","date_gmt":"2026-09-02T16:53:05","guid":{"rendered":"https:\/\/veritasinfo.org\/?p=63926"},"modified":"2026-09-02T18:53:05","modified_gmt":"2026-09-02T16:53:05","slug":"perfundon-pa-rezultat-takimi-mes-kurtit-dhe-abdixhikut","status":"publish","type":"post","link":"https:\/\/veritasinfo.org\/?p=63926","title":{"rendered":"P\u00ebrfundon pa rezultat takimi mes Kurtit dhe Abdixhikut"},"content":{"rendered":"<p>Prishtin\u00eb, 2 shtator 2026 18:51<\/p>\n<p>Ka p\u00ebrfunduar takimi n\u00eb mes t\u00eb kryetarit t\u00eb L\u00ebvizjes Vet\u00ebvendosje Albin Kurti dhe kryetarit t\u00eb Lidhjes Demokratike t\u00eb Kosov\u00ebs, Lumir Abdixhiku.<\/p>\n<p>Pas takimit Kurti nuk \u00ebsht\u00eb deklaruar p\u00ebr media, nd\u00ebrsa Abdixhiku ka th\u00ebn\u00eb se do t\u00eb p\u00ebrpiqen q\u00eb t\u00eb takohen s\u00ebrish, por se numrat n\u00eb Kuvend dihen tashm\u00eb. Ai ka th\u00ebn\u00eb se vendi po shkon drejt zgjedhjeve t\u00eb reja.<\/p>\n<p>Abdixhiku ka th\u00ebn\u00eb se kan\u00eb diskutuar p\u00ebr zhvillimet e fundit.<\/p>\n<p>\u201cNjoftim i rregullt pas zhvillimeve n\u00eb t\u00eb dy partit\u00eb, si\u00e7 e do rendi do t\u00eb ket\u00eb procese diskutuese, do t\u00eb njoftojm\u00eb edhe zyrtarisht njeri-tjetrin p\u00ebr zhvillimet partiake, k\u00ebt\u00eb e b\u00ebra p\u00ebr takimet q\u00eb kan\u00eb ndodhur dje e njoftova zyrtarisht\u201d, \u00ebsht\u00eb shprehur Abdixhiku.<\/p>\n<p>Takimi \u00ebsht\u00eb zhvilluar pasi t\u00eb mart\u00eb 6 prej 18 deputet\u00ebve t\u00eb kLDK-s\u00eb kan\u00eb deklaruar se nuk do ta mb\u00ebshtesin kandidatur\u00ebn e Bekim Sejdiut p\u00ebr president.<\/p>\n<p>Abdixhiku t\u00eb mart\u00ebn pas mbledhjes s\u00eb Grupit Parlamentar tha se Hykmete Bajrami, Avdullah Hoti, Kujtim Shala, Arben Gashi, Armend Zemaj e Janina Ymeri jan\u00eb deklaruar se nuk do ta votojn\u00eb Sejdiun.<\/p>\n<p>E po t\u00eb mart\u00ebn u takua edhe Grupin Parlamentar i Vet\u00ebvendosjes. Pas takimit Kurti tha se n\u00eb k\u00ebt\u00eb grup t\u00eb gjith\u00eb ishin t\u00eb pajtimit p\u00ebr kandidatur\u00ebn e Sejdiut, por tha se me refuzimin e 6 deputet\u00ebve t\u00eb LDK-s\u00eb numri maksimal i votave q\u00eb mund t\u00eb sigurojn\u00eb \u00ebsht\u00eb 74.<\/p>\n<p>Kurti tha se marr\u00ebveshja politike p\u00ebr t\u00eb \u00ebsht\u00eb ende valide, por shtoi se duhet t\u00eb takohet s\u00ebrish me Abdixhikun dhe m\u00eb pas edhe me Kryesin\u00eb e Vet\u00ebvendosjes.<\/p>\n<p>Bekim Sejdiu u propozua t\u00eb h\u00ebn\u00ebn si kandidat p\u00ebr president pas dakordimit t\u00eb arritur mes Vet\u00ebvendosjes dhe LDK-s\u00eb.<\/p>\n<p>&nbsp;<\/p>\n<p>&nbsp;<\/p>\n","protected":false},"excerpt":{"rendered":"<p>Prishtin\u00eb, 2 shtator 2026 18:51 Ka p\u00ebrfunduar takimi n\u00eb mes t\u00eb kryetarit t\u00eb L\u00ebvizjes Vet\u00ebvendosje Albin Kurti dhe kryetarit t\u00eb Lidhjes Demokratike t\u00eb Kosov\u00ebs, Lumir<\/p>\n","protected":false},"author":7,"featured_media":60161,"comment_status":"open","ping_status":"open","sticky":false,"template":"","format":"standard","meta":{"footnotes":""},"categories":[58],"tags":[],"class_list":["post-63926","post","type-post","status-publish","format-standard","has-post-thumbnail","hentry","category-politike-sq"],"yoast_head":"<!-- This site is optimized with the Yoast SEO plugin v25.3.1 - https:\/\/yoast.com\/wordpress\/plugins\/seo\/ -->\n<title>P\u00ebrfundon pa rezultat takimi mes Kurtit dhe Abdixhikut -<\/title>\n<meta name=\"robots\" content=\"index, follow, max-snippet:-1, max-image-preview:large, max-video-preview:-1\" \/>\n<link rel=\"canonical\" href=\"https:\/\/veritasinfo.org\/?p=63926\" \/>\n<meta property=\"og:locale\" content=\"en_US\" \/>\n<meta property=\"og:type\" content=\"article\" \/>\n<meta property=\"og:title\" content=\"P\u00ebrfundon pa rezultat takimi mes Kurtit dhe Abdixhikut -\" \/>\n<meta property=\"og:description\" content=\"Prishtin\u00eb, 2 shtator 2026 18:51 Ka p\u00ebrfunduar takimi n\u00eb mes t\u00eb kryetarit t\u00eb L\u00ebvizjes Vet\u00ebvendosje Albin Kurti dhe kryetarit t\u00eb Lidhjes Demokratike t\u00eb Kosov\u00ebs, Lumir\" \/>\n<meta property=\"og:url\" content=\"https:\/\/veritasinfo.org\/?p=63926\" \/>\n<meta property=\"article:published_time\" content=\"2026-09-02T16:53:05+00:00\" \/>\n<meta property=\"og:image\" content=\"https:\/\/veritasinfo.org\/wp-content\/uploads\/2026\/08\/749417_Kurti-Abdixhikuu.webp\" \/>\n\t<meta property=\"og:image:width\" content=\"900\" \/>\n\t<meta property=\"og:image:height\" content=\"520\" \/>\n\t<meta property=\"og:image:type\" content=\"image\/webp\" \/>\n<meta name=\"author\" content=\"US6\" \/>\n<meta name=\"twitter:card\" content=\"summary_large_image\" \/>\n<meta name=\"twitter:label1\" content=\"Written by\" \/>\n\t<meta name=\"twitter:data1\" content=\"US6\" \/>\n\t<meta name=\"twitter:label2\" content=\"Est. reading time\" \/>\n\t<meta name=\"twitter:data2\" content=\"2 minutes\" \/>\n<script type=\"application\/ld+json\" class=\"yoast-schema-graph\">{\"@context\":\"https:\/\/schema.org\",\"@graph\":[{\"@type\":\"WebPage\",\"@id\":\"https:\/\/veritasinfo.org\/?p=63926\",\"url\":\"https:\/\/veritasinfo.org\/?p=63926\",\"name\":\"P\u00ebrfundon pa rezultat takimi mes Kurtit dhe Abdixhikut -\",\"isPartOf\":{\"@id\":\"https:\/\/veritasinfo.org\/#website\"},\"primaryImageOfPage\":{\"@id\":\"https:\/\/veritasinfo.org\/?p=63926#primaryimage\"},\"image\":{\"@id\":\"https:\/\/veritasinfo.org\/?p=63926#primaryimage\"},\"thumbnailUrl\":\"https:\/\/veritasinfo.org\/wp-content\/uploads\/2026\/08\/749417_Kurti-Abdixhikuu.webp\",\"datePublished\":\"2026-09-02T16:53:05+00:00\",\"author\":{\"@id\":\"https:\/\/veritasinfo.org\/#\/schema\/person\/fe199eede04c3937362892b7444747cc\"},\"breadcrumb\":{\"@id\":\"https:\/\/veritasinfo.org\/?p=63926#breadcrumb\"},\"inLanguage\":\"en-US\",\"potentialAction\":[{\"@type\":\"ReadAction\",\"target\":[\"https:\/\/veritasinfo.org\/?p=63926\"]}]},{\"@type\":\"ImageObject\",\"inLanguage\":\"en-US\",\"@id\":\"https:\/\/veritasinfo.org\/?p=63926#primaryimage\",\"url\":\"https:\/\/veritasinfo.org\/wp-content\/uploads\/2026\/08\/749417_Kurti-Abdixhikuu.webp\",\"contentUrl\":\"https:\/\/veritasinfo.org\/wp-content\/uploads\/2026\/08\/749417_Kurti-Abdixhikuu.webp\",\"width\":900,\"height\":520},{\"@type\":\"BreadcrumbList\",\"@id\":\"https:\/\/veritasinfo.org\/?p=63926#breadcrumb\",\"itemListElement\":[{\"@type\":\"ListItem\",\"position\":1,\"name\":\"Home\",\"item\":\"https:\/\/veritasinfo.org\/\"},{\"@type\":\"ListItem\",\"position\":2,\"name\":\"P\u00ebrfundon pa rezultat takimi mes Kurtit dhe Abdixhikut\"}]},{\"@type\":\"WebSite\",\"@id\":\"https:\/\/veritasinfo.org\/#website\",\"url\":\"https:\/\/veritasinfo.org\/\",\"name\":\"\",\"description\":\"\",\"potentialAction\":[{\"@type\":\"SearchAction\",\"target\":{\"@type\":\"EntryPoint\",\"urlTemplate\":\"https:\/\/veritasinfo.org\/?s={search_term_string}\"},\"query-input\":{\"@type\":\"PropertyValueSpecification\",\"valueRequired\":true,\"valueName\":\"search_term_string\"}}],\"inLanguage\":\"en-US\"},{\"@type\":\"Person\",\"@id\":\"https:\/\/veritasinfo.org\/#\/schema\/person\/fe199eede04c3937362892b7444747cc\",\"name\":\"US6\",\"image\":{\"@type\":\"ImageObject\",\"inLanguage\":\"en-US\",\"@id\":\"https:\/\/veritasinfo.org\/#\/schema\/person\/image\/\",\"url\":\"https:\/\/secure.gravatar.com\/avatar\/cb16c3c31c9d23b9b8c705964598220b3014e42ff51eb540ff23cefa3ae8c15f?s=96&d=mm&r=g\",\"contentUrl\":\"https:\/\/secure.gravatar.com\/avatar\/cb16c3c31c9d23b9b8c705964598220b3014e42ff51eb540ff23cefa3ae8c15f?s=96&d=mm&r=g\",\"caption\":\"US6\"},\"url\":\"https:\/\/veritasinfo.org\/?author=7\"}]}<\/script>\n<!-- \/ Yoast SEO plugin. -->","yoast_head_json":{"title":"P\u00ebrfundon pa rezultat takimi mes Kurtit dhe Abdixhikut -","robots":{"index":"index","follow":"follow","max-snippet":"max-snippet:-1","max-image-preview":"max-image-preview:large","max-video-preview":"max-video-preview:-1"},"canonical":"https:\/\/veritasinfo.org\/?p=63926","og_locale":"en_US","og_type":"article","og_title":"P\u00ebrfundon pa rezultat takimi mes Kurtit dhe Abdixhikut -","og_description":"Prishtin\u00eb, 2 shtator 2026 18:51 Ka p\u00ebrfunduar takimi n\u00eb mes t\u00eb kryetarit t\u00eb L\u00ebvizjes Vet\u00ebvendosje Albin Kurti dhe kryetarit t\u00eb Lidhjes Demokratike t\u00eb Kosov\u00ebs, Lumir","og_url":"https:\/\/veritasinfo.org\/?p=63926","article_published_time":"2026-09-02T16:53:05+00:00","og_image":[{"width":900,"height":520,"url":"https:\/\/veritasinfo.org\/wp-content\/uploads\/2026\/08\/749417_Kurti-Abdixhikuu.webp","type":"image\/webp"}],"author":"US6","twitter_card":"summary_large_image","twitter_misc":{"Written by":"US6","Est. reading time":"2 minutes"},"schema":{"@context":"https:\/\/schema.org","@graph":[{"@type":"WebPage","@id":"https:\/\/veritasinfo.org\/?p=63926","url":"https:\/\/veritasinfo.org\/?p=63926","name":"P\u00ebrfundon pa rezultat takimi mes Kurtit dhe Abdixhikut -","isPartOf":{"@id":"https:\/\/veritasinfo.org\/#website"},"primaryImageOfPage":{"@id":"https:\/\/veritasinfo.org\/?p=63926#primaryimage"},"image":{"@id":"https:\/\/veritasinfo.org\/?p=63926#primaryimage"},"thumbnailUrl":"https:\/\/veritasinfo.org\/wp-content\/uploads\/2026\/08\/749417_Kurti-Abdixhikuu.webp","datePublished":"2026-09-02T16:53:05+00:00","author":{"@id":"https:\/\/veritasinfo.org\/#\/schema\/person\/fe199eede04c3937362892b7444747cc"},"breadcrumb":{"@id":"https:\/\/veritasinfo.org\/?p=63926#breadcrumb"},"inLanguage":"en-US","potentialAction":[{"@type":"ReadAction","target":["https:\/\/veritasinfo.org\/?p=63926"]}]},{"@type":"ImageObject","inLanguage":"en-US","@id":"https:\/\/veritasinfo.org\/?p=63926#primaryimage","url":"https:\/\/veritasinfo.org\/wp-content\/uploads\/2026\/08\/749417_Kurti-Abdixhikuu.webp","contentUrl":"https:\/\/veritasinfo.org\/wp-content\/uploads\/2026\/08\/749417_Kurti-Abdixhikuu.webp","width":900,"height":520},{"@type":"BreadcrumbList","@id":"https:\/\/veritasinfo.org\/?p=63926#breadcrumb","itemListElement":[{"@type":"ListItem","position":1,"name":"Home","item":"https:\/\/veritasinfo.org\/"},{"@type":"ListItem","position":2,"name":"P\u00ebrfundon pa rezultat takimi mes Kurtit dhe Abdixhikut"}]},{"@type":"WebSite","@id":"https:\/\/veritasinfo.org\/#website","url":"https:\/\/veritasinfo.org\/","name":"","description":"","potentialAction":[{"@type":"SearchAction","target":{"@type":"EntryPoint","urlTemplate":"https:\/\/veritasinfo.org\/?s={search_term_string}"},"query-input":{"@type":"PropertyValueSpecification","valueRequired":true,"valueName":"search_term_string"}}],"inLanguage":"en-US"},{"@type":"Person","@id":"https:\/\/veritasinfo.org\/#\/schema\/person\/fe199eede04c3937362892b7444747cc","name":"US6","image":{"@type":"ImageObject","inLanguage":"en-US","@id":"https:\/\/veritasinfo.org\/#\/schema\/person\/image\/","url":"https:\/\/secure.gravatar.com\/avatar\/cb16c3c31c9d23b9b8c705964598220b3014e42ff51eb540ff23cefa3ae8c15f?s=96&d=mm&r=g","contentUrl":"https:\/\/secure.gravatar.com\/avatar\/cb16c3c31c9d23b9b8c705964598220b3014e42ff51eb540ff23cefa3ae8c15f?s=96&d=mm&r=g","caption":"US6"},"url":"https:\/\/veritasinfo.org\/?author=7"}]}},"featured_image_urls":{"full":["https:\/\/veritasinfo.org\/wp-content\/uploads\/2026\/08\/749417_Kurti-Abdixhikuu.webp",900,520,false],"thumbnail":["https:\/\/veritasinfo.org\/wp-content\/uploads\/2026\/08\/749417_Kurti-Abdixhikuu-150x150.webp",150,150,true],"medium":["https:\/\/veritasinfo.org\/wp-content\/uploads\/2026\/08\/749417_Kurti-Abdixhikuu-300x173.webp",300,173,true],"medium_large":["https:\/\/veritasinfo.org\/wp-content\/uploads\/2026\/08\/749417_Kurti-Abdixhikuu-768x444.webp",640,370,true],"large":["https:\/\/veritasinfo.org\/wp-content\/uploads\/2026\/08\/749417_Kurti-Abdixhikuu.webp",640,370,false],"1536x1536":["https:\/\/veritasinfo.org\/wp-content\/uploads\/2026\/08\/749417_Kurti-Abdixhikuu.webp",900,520,false],"2048x2048":["https:\/\/veritasinfo.org\/wp-content\/uploads\/2026\/08\/749417_Kurti-Abdixhikuu.webp",900,520,false],"kreeti-slider-full":["https:\/\/veritasinfo.org\/wp-content\/uploads\/2026\/08\/749417_Kurti-Abdixhikuu.webp",900,520,false],"kreeti-featured":["https:\/\/veritasinfo.org\/wp-content\/uploads\/2026\/08\/749417_Kurti-Abdixhikuu.webp",900,520,false],"kreeti-medium":["https:\/\/veritasinfo.org\/wp-content\/uploads\/2026\/08\/749417_Kurti-Abdixhikuu-720x520.webp",720,520,true],"kreeti-medium-square":["https:\/\/veritasinfo.org\/wp-content\/uploads\/2026\/08\/749417_Kurti-Abdixhikuu-350x350.webp",350,350,true]},"author_info":{"info":["US6"]},"category_info":"<a href=\"https:\/\/veritasinfo.org\/?cat=58\" rel=\"category\">Politik\u00eb<\/a>","tag_info":"Politik\u00eb","comment_count":"0","_links":{"self":[{"href":"https:\/\/veritasinfo.org\/index.php?rest_route=\/wp\/v2\/posts\/63926","targetHints":{"allow":["GET"]}}],"collection":[{"href":"https:\/\/veritasinfo.org\/index.php?rest_route=\/wp\/v2\/posts"}],"about":[{"href":"https:\/\/veritasinfo.org\/index.php?rest_route=\/wp\/v2\/types\/post"}],"author":[{"embeddable":true,"href":"https:\/\/veritasinfo.org\/index.php?rest_route=\/wp\/v2\/users\/7"}],"replies":[{"embeddable":true,"href":"https:\/\/veritasinfo.org\/index.php?rest_route=%2Fwp%2Fv2%2Fcomments&post=63926"}],"version-history":[{"count":1,"href":"https:\/\/veritasinfo.org\/index.php?rest_route=\/wp\/v2\/posts\/63926\/revisions"}],"predecessor-version":[{"id":63927,"href":"https:\/\/veritasinfo.org\/index.php?rest_route=\/wp\/v2\/posts\/63926\/revisions\/63927"}],"wp:featuredmedia":[{"embeddable":true,"href":"https:\/\/veritasinfo.org\/index.php?rest_route=\/wp\/v2\/media\/60161"}],"wp:attachment":[{"href":"https:\/\/veritasinfo.org\/index.php?rest_route=%2Fwp%2Fv2%2Fmedia&parent=63926"}],"wp:term":[{"taxonomy":"category","embeddable":true,"href":"https:\/\/veritasinfo.org\/index.php?rest_route=%2Fwp%2Fv2%2Fcategories&post=63926"},{"taxonomy":"post_tag","embeddable":true,"href":"https:\/\/veritasinfo.org\/index.php?rest_route=%2Fwp%2Fv2%2Ftags&post=63926"}],"curies":[{"name":"wp","href":"https:\/\/api.w.org\/{rel}","templated":true}]}}