{"id":63922,"date":"2026-09-02T18:12:24","date_gmt":"2026-09-02T16:12:24","guid":{"rendered":"https:\/\/veritasinfo.org\/?p=63922"},"modified":"2026-09-02T18:12:46","modified_gmt":"2026-09-02T16:12:46","slug":"kts-bira-bahrija-hisenija-za-zamenika-glavnog-drzavnog-tuzioca","status":"publish","type":"post","link":"https:\/\/veritasinfo.org\/?p=63922&lang=sr","title":{"rendered":"KTS bira Bahrija Hisenija za zamenika glavnog dr\u017eavnog tu\u017eioca"},"content":{"rendered":"<p>Pri\u0161tina, 2. septembar 2026. 18:08<\/p>\n<p>Tu\u017eilac Bahri Hiseni izabran je za zamenika glavnog dr\u017eavnog tu\u017eioca na predlog glavnog dr\u017eavnog tu\u017eioca Zejnulaha Ga\u0161ija.<\/p>\n<p>\u010clanovi Kosovskog tu\u017eila\u010dkog saveta (KTS) izabrali su tu\u017eioca, gospodina Bahrija Hisenija, na mesto zamenika glavnog dr\u017eavnog tu\u017eioca, na predlog glavnog dr\u017eavnog tu\u017eioca, gospodina Zejnulaha Ga\u0161ija, na mandat od \u010detiri (4) godine, sa moguc\u0301no\u0161c\u0301u reizbora na jo\u0161 jedan (1) mandat\u201c, saop\u0161tio je KTS nakon dana\u0161njeg sastanka.<\/p>\n<p>Kao deo dnevnog reda, Savet je razmotrio Godi\u0161nji mehanizam izve\u0161tavanja za 2025. godinu, odnosno izve\u0161taje glavnog tu\u017eioca Apelacionog tu\u017eila\u0161tva, gospodina Agrona Bajramija, i glavnog tu\u017eioca Specijalnog tu\u017eila\u0161tva, gospodina Bljerima Isufaja, koji su podneli izve\u0161taj \u010dlanovima KTS-a.<\/p>\n<p>Nakon razmatranja izve\u0161taja, Savet je odobrio izve\u0161taj glavnog tu\u017eioca Apelacionog tu\u017eila\u0161tva, dok nije odobrio izve\u0161taj glavnog tu\u017eioca Specijalnog tu\u017eila\u0161tva.<\/p>\n<p>\u201eKTS je tako\u0111e obave\u0161ten o penzionisanju tu\u017eiteljke u Kancelariji glavnog dr\u017eavnog tu\u017eioca, gospo\u0111e Ljaure Pulja. Ovom prilikom, Savet je odlu\u010dio da se predlog za njeno razre\u0161enje zbog penzionisanja prosledi Predsedni\u0161tvu Republike Kosovo, u skladu sa relevantnim zakonskim procedurama\u201c, navodi se u saop\u0161tenju.<\/p>\n<p>Tokom sastanka, Savet je razmotrio i odobrio ostavku \u010dlana Komisije za ocenjivanje u\u010dinka tu\u017eilaca, gospodina Aljeksandra Ljumezija.<\/p>\n<p>Pored toga, KPK je razmotrio i odobrio Izve\u0161taj o oceni u\u010dinka sedam (7) tu\u017eilaca, u okviru predmeta KVPP\/413\/2026. Savet je tako\u0111e odbacio prigovor koji je tu\u017eilac podneo na ovaj izve\u0161taj.<\/p>\n<p>Savet je tako\u0111e razmotrio zahtev tu\u017eioca Osnovnog tu\u017eila\u0161tva u Pri\u0161tini za ponovno otvaranje disciplinskog postupka, koji je odbio, jer je procenio da ne postoji zakonski osnov za ponovno otvaranje predmeta, buduc\u0301i da je predmetna stvar razmotrena i potvr\u0111ena u svim sudskim instancama.<\/p>\n","protected":false},"excerpt":{"rendered":"<p>Pri\u0161tina, 2. septembar 2026. 18:08 Tu\u017eilac Bahri Hiseni izabran je za zamenika glavnog dr\u017eavnog tu\u017eioca na predlog glavnog dr\u017eavnog tu\u017eioca Zejnulaha Ga\u0161ija. \u010clanovi Kosovskog tu\u017eila\u010dkog<\/p>\n","protected":false},"author":7,"featured_media":63923,"comment_status":"open","ping_status":"open","sticky":false,"template":"","format":"standard","meta":{"footnotes":""},"categories":[30],"tags":[],"class_list":["post-63922","post","type-post","status-publish","format-standard","has-post-thumbnail","hentry","category-drustvo"],"yoast_head":"<!-- This site is optimized with the Yoast SEO plugin v25.3.1 - https:\/\/yoast.com\/wordpress\/plugins\/seo\/ -->\n<title>KTS bira Bahrija Hisenija za zamenika glavnog dr\u017eavnog tu\u017eioca -<\/title>\n<meta name=\"robots\" content=\"index, follow, max-snippet:-1, max-image-preview:large, max-video-preview:-1\" \/>\n<link rel=\"canonical\" href=\"https:\/\/veritasinfo.org\/?p=63922&lang=sr\" \/>\n<meta property=\"og:locale\" content=\"en_US\" \/>\n<meta property=\"og:type\" content=\"article\" \/>\n<meta property=\"og:title\" content=\"KTS bira Bahrija Hisenija za zamenika glavnog dr\u017eavnog tu\u017eioca -\" \/>\n<meta property=\"og:description\" content=\"Pri\u0161tina, 2. septembar 2026. 18:08 Tu\u017eilac Bahri Hiseni izabran je za zamenika glavnog dr\u017eavnog tu\u017eioca na predlog glavnog dr\u017eavnog tu\u017eioca Zejnulaha Ga\u0161ija. \u010clanovi Kosovskog tu\u017eila\u010dkog\" \/>\n<meta property=\"og:url\" content=\"https:\/\/veritasinfo.org\/?p=63922&amp;lang=sr\" \/>\n<meta property=\"article:published_time\" content=\"2026-09-02T16:12:24+00:00\" \/>\n<meta property=\"article:modified_time\" content=\"2026-09-02T16:12:46+00:00\" \/>\n<meta property=\"og:image\" content=\"https:\/\/veritasinfo.org\/wp-content\/uploads\/2026\/09\/keshilli-prokurorialll-1536x1024-2.jpg\" \/>\n\t<meta property=\"og:image:width\" content=\"1536\" \/>\n\t<meta property=\"og:image:height\" content=\"1024\" \/>\n\t<meta property=\"og:image:type\" content=\"image\/jpeg\" \/>\n<meta name=\"author\" content=\"US6\" \/>\n<meta name=\"twitter:card\" content=\"summary_large_image\" \/>\n<meta name=\"twitter:label1\" content=\"Written by\" \/>\n\t<meta name=\"twitter:data1\" content=\"US6\" \/>\n\t<meta name=\"twitter:label2\" content=\"Est. reading time\" \/>\n\t<meta name=\"twitter:data2\" content=\"2 minutes\" \/>\n<script type=\"application\/ld+json\" class=\"yoast-schema-graph\">{\"@context\":\"https:\/\/schema.org\",\"@graph\":[{\"@type\":\"WebPage\",\"@id\":\"https:\/\/veritasinfo.org\/?p=63922&lang=sr\",\"url\":\"https:\/\/veritasinfo.org\/?p=63922&lang=sr\",\"name\":\"KTS bira Bahrija Hisenija za zamenika glavnog dr\u017eavnog tu\u017eioca -\",\"isPartOf\":{\"@id\":\"https:\/\/veritasinfo.org\/#website\"},\"primaryImageOfPage\":{\"@id\":\"https:\/\/veritasinfo.org\/?p=63922&lang=sr#primaryimage\"},\"image\":{\"@id\":\"https:\/\/veritasinfo.org\/?p=63922&lang=sr#primaryimage\"},\"thumbnailUrl\":\"https:\/\/veritasinfo.org\/wp-content\/uploads\/2026\/09\/keshilli-prokurorialll-1536x1024-2.jpg\",\"datePublished\":\"2026-09-02T16:12:24+00:00\",\"dateModified\":\"2026-09-02T16:12:46+00:00\",\"author\":{\"@id\":\"https:\/\/veritasinfo.org\/#\/schema\/person\/fe199eede04c3937362892b7444747cc\"},\"breadcrumb\":{\"@id\":\"https:\/\/veritasinfo.org\/?p=63922&lang=sr#breadcrumb\"},\"inLanguage\":\"en-US\",\"potentialAction\":[{\"@type\":\"ReadAction\",\"target\":[\"https:\/\/veritasinfo.org\/?p=63922&lang=sr\"]}]},{\"@type\":\"ImageObject\",\"inLanguage\":\"en-US\",\"@id\":\"https:\/\/veritasinfo.org\/?p=63922&lang=sr#primaryimage\",\"url\":\"https:\/\/veritasinfo.org\/wp-content\/uploads\/2026\/09\/keshilli-prokurorialll-1536x1024-2.jpg\",\"contentUrl\":\"https:\/\/veritasinfo.org\/wp-content\/uploads\/2026\/09\/keshilli-prokurorialll-1536x1024-2.jpg\",\"width\":1536,\"height\":1024},{\"@type\":\"BreadcrumbList\",\"@id\":\"https:\/\/veritasinfo.org\/?p=63922&lang=sr#breadcrumb\",\"itemListElement\":[{\"@type\":\"ListItem\",\"position\":1,\"name\":\"Home\",\"item\":\"https:\/\/veritasinfo.org\/\"},{\"@type\":\"ListItem\",\"position\":2,\"name\":\"KTS bira Bahrija Hisenija za zamenika glavnog dr\u017eavnog tu\u017eioca\"}]},{\"@type\":\"WebSite\",\"@id\":\"https:\/\/veritasinfo.org\/#website\",\"url\":\"https:\/\/veritasinfo.org\/\",\"name\":\"\",\"description\":\"\",\"potentialAction\":[{\"@type\":\"SearchAction\",\"target\":{\"@type\":\"EntryPoint\",\"urlTemplate\":\"https:\/\/veritasinfo.org\/?s={search_term_string}\"},\"query-input\":{\"@type\":\"PropertyValueSpecification\",\"valueRequired\":true,\"valueName\":\"search_term_string\"}}],\"inLanguage\":\"en-US\"},{\"@type\":\"Person\",\"@id\":\"https:\/\/veritasinfo.org\/#\/schema\/person\/fe199eede04c3937362892b7444747cc\",\"name\":\"US6\",\"image\":{\"@type\":\"ImageObject\",\"inLanguage\":\"en-US\",\"@id\":\"https:\/\/veritasinfo.org\/#\/schema\/person\/image\/\",\"url\":\"https:\/\/secure.gravatar.com\/avatar\/cb16c3c31c9d23b9b8c705964598220b3014e42ff51eb540ff23cefa3ae8c15f?s=96&d=mm&r=g\",\"contentUrl\":\"https:\/\/secure.gravatar.com\/avatar\/cb16c3c31c9d23b9b8c705964598220b3014e42ff51eb540ff23cefa3ae8c15f?s=96&d=mm&r=g\",\"caption\":\"US6\"},\"url\":\"https:\/\/veritasinfo.org\/?author=7\"}]}<\/script>\n<!-- \/ Yoast SEO plugin. -->","yoast_head_json":{"title":"KTS bira Bahrija Hisenija za zamenika glavnog dr\u017eavnog tu\u017eioca -","robots":{"index":"index","follow":"follow","max-snippet":"max-snippet:-1","max-image-preview":"max-image-preview:large","max-video-preview":"max-video-preview:-1"},"canonical":"https:\/\/veritasinfo.org\/?p=63922&lang=sr","og_locale":"en_US","og_type":"article","og_title":"KTS bira Bahrija Hisenija za zamenika glavnog dr\u017eavnog tu\u017eioca -","og_description":"Pri\u0161tina, 2. septembar 2026. 18:08 Tu\u017eilac Bahri Hiseni izabran je za zamenika glavnog dr\u017eavnog tu\u017eioca na predlog glavnog dr\u017eavnog tu\u017eioca Zejnulaha Ga\u0161ija. \u010clanovi Kosovskog tu\u017eila\u010dkog","og_url":"https:\/\/veritasinfo.org\/?p=63922&lang=sr","article_published_time":"2026-09-02T16:12:24+00:00","article_modified_time":"2026-09-02T16:12:46+00:00","og_image":[{"width":1536,"height":1024,"url":"https:\/\/veritasinfo.org\/wp-content\/uploads\/2026\/09\/keshilli-prokurorialll-1536x1024-2.jpg","type":"image\/jpeg"}],"author":"US6","twitter_card":"summary_large_image","twitter_misc":{"Written by":"US6","Est. reading time":"2 minutes"},"schema":{"@context":"https:\/\/schema.org","@graph":[{"@type":"WebPage","@id":"https:\/\/veritasinfo.org\/?p=63922&lang=sr","url":"https:\/\/veritasinfo.org\/?p=63922&lang=sr","name":"KTS bira Bahrija Hisenija za zamenika glavnog dr\u017eavnog tu\u017eioca -","isPartOf":{"@id":"https:\/\/veritasinfo.org\/#website"},"primaryImageOfPage":{"@id":"https:\/\/veritasinfo.org\/?p=63922&lang=sr#primaryimage"},"image":{"@id":"https:\/\/veritasinfo.org\/?p=63922&lang=sr#primaryimage"},"thumbnailUrl":"https:\/\/veritasinfo.org\/wp-content\/uploads\/2026\/09\/keshilli-prokurorialll-1536x1024-2.jpg","datePublished":"2026-09-02T16:12:24+00:00","dateModified":"2026-09-02T16:12:46+00:00","author":{"@id":"https:\/\/veritasinfo.org\/#\/schema\/person\/fe199eede04c3937362892b7444747cc"},"breadcrumb":{"@id":"https:\/\/veritasinfo.org\/?p=63922&lang=sr#breadcrumb"},"inLanguage":"en-US","potentialAction":[{"@type":"ReadAction","target":["https:\/\/veritasinfo.org\/?p=63922&lang=sr"]}]},{"@type":"ImageObject","inLanguage":"en-US","@id":"https:\/\/veritasinfo.org\/?p=63922&lang=sr#primaryimage","url":"https:\/\/veritasinfo.org\/wp-content\/uploads\/2026\/09\/keshilli-prokurorialll-1536x1024-2.jpg","contentUrl":"https:\/\/veritasinfo.org\/wp-content\/uploads\/2026\/09\/keshilli-prokurorialll-1536x1024-2.jpg","width":1536,"height":1024},{"@type":"BreadcrumbList","@id":"https:\/\/veritasinfo.org\/?p=63922&lang=sr#breadcrumb","itemListElement":[{"@type":"ListItem","position":1,"name":"Home","item":"https:\/\/veritasinfo.org\/"},{"@type":"ListItem","position":2,"name":"KTS bira Bahrija Hisenija za zamenika glavnog dr\u017eavnog tu\u017eioca"}]},{"@type":"WebSite","@id":"https:\/\/veritasinfo.org\/#website","url":"https:\/\/veritasinfo.org\/","name":"","description":"","potentialAction":[{"@type":"SearchAction","target":{"@type":"EntryPoint","urlTemplate":"https:\/\/veritasinfo.org\/?s={search_term_string}"},"query-input":{"@type":"PropertyValueSpecification","valueRequired":true,"valueName":"search_term_string"}}],"inLanguage":"en-US"},{"@type":"Person","@id":"https:\/\/veritasinfo.org\/#\/schema\/person\/fe199eede04c3937362892b7444747cc","name":"US6","image":{"@type":"ImageObject","inLanguage":"en-US","@id":"https:\/\/veritasinfo.org\/#\/schema\/person\/image\/","url":"https:\/\/secure.gravatar.com\/avatar\/cb16c3c31c9d23b9b8c705964598220b3014e42ff51eb540ff23cefa3ae8c15f?s=96&d=mm&r=g","contentUrl":"https:\/\/secure.gravatar.com\/avatar\/cb16c3c31c9d23b9b8c705964598220b3014e42ff51eb540ff23cefa3ae8c15f?s=96&d=mm&r=g","caption":"US6"},"url":"https:\/\/veritasinfo.org\/?author=7"}]}},"featured_image_urls":{"full":["https:\/\/veritasinfo.org\/wp-content\/uploads\/2026\/09\/keshilli-prokurorialll-1536x1024-2.jpg",1536,1024,false],"thumbnail":["https:\/\/veritasinfo.org\/wp-content\/uploads\/2026\/09\/keshilli-prokurorialll-1536x1024-2-150x150.jpg",150,150,true],"medium":["https:\/\/veritasinfo.org\/wp-content\/uploads\/2026\/09\/keshilli-prokurorialll-1536x1024-2-300x200.jpg",300,200,true],"medium_large":["https:\/\/veritasinfo.org\/wp-content\/uploads\/2026\/09\/keshilli-prokurorialll-1536x1024-2-768x512.jpg",640,427,true],"large":["https:\/\/veritasinfo.org\/wp-content\/uploads\/2026\/09\/keshilli-prokurorialll-1536x1024-2-1024x683.jpg",640,427,true],"1536x1536":["https:\/\/veritasinfo.org\/wp-content\/uploads\/2026\/09\/keshilli-prokurorialll-1536x1024-2.jpg",1536,1024,false],"2048x2048":["https:\/\/veritasinfo.org\/wp-content\/uploads\/2026\/09\/keshilli-prokurorialll-1536x1024-2.jpg",1536,1024,false],"kreeti-slider-full":["https:\/\/veritasinfo.org\/wp-content\/uploads\/2026\/09\/keshilli-prokurorialll-1536x1024-2-1280x720.jpg",1280,720,true],"kreeti-featured":["https:\/\/veritasinfo.org\/wp-content\/uploads\/2026\/09\/keshilli-prokurorialll-1536x1024-2-1024x683.jpg",1024,683,true],"kreeti-medium":["https:\/\/veritasinfo.org\/wp-content\/uploads\/2026\/09\/keshilli-prokurorialll-1536x1024-2-720x530.jpg",720,530,true],"kreeti-medium-square":["https:\/\/veritasinfo.org\/wp-content\/uploads\/2026\/09\/keshilli-prokurorialll-1536x1024-2-350x350.jpg",350,350,true]},"author_info":{"info":["US6"]},"category_info":"<a href=\"https:\/\/veritasinfo.org\/?cat=30&#038;lang=sr\" rel=\"category\">Dru\u0161tvo<\/a>","tag_info":"Dru\u0161tvo","comment_count":"0","_links":{"self":[{"href":"https:\/\/veritasinfo.org\/index.php?rest_route=\/wp\/v2\/posts\/63922","targetHints":{"allow":["GET"]}}],"collection":[{"href":"https:\/\/veritasinfo.org\/index.php?rest_route=\/wp\/v2\/posts"}],"about":[{"href":"https:\/\/veritasinfo.org\/index.php?rest_route=\/wp\/v2\/types\/post"}],"author":[{"embeddable":true,"href":"https:\/\/veritasinfo.org\/index.php?rest_route=\/wp\/v2\/users\/7"}],"replies":[{"embeddable":true,"href":"https:\/\/veritasinfo.org\/index.php?rest_route=%2Fwp%2Fv2%2Fcomments&post=63922"}],"version-history":[{"count":2,"href":"https:\/\/veritasinfo.org\/index.php?rest_route=\/wp\/v2\/posts\/63922\/revisions"}],"predecessor-version":[{"id":63925,"href":"https:\/\/veritasinfo.org\/index.php?rest_route=\/wp\/v2\/posts\/63922\/revisions\/63925"}],"wp:featuredmedia":[{"embeddable":true,"href":"https:\/\/veritasinfo.org\/index.php?rest_route=\/wp\/v2\/media\/63923"}],"wp:attachment":[{"href":"https:\/\/veritasinfo.org\/index.php?rest_route=%2Fwp%2Fv2%2Fmedia&parent=63922"}],"wp:term":[{"taxonomy":"category","embeddable":true,"href":"https:\/\/veritasinfo.org\/index.php?rest_route=%2Fwp%2Fv2%2Fcategories&post=63922"},{"taxonomy":"post_tag","embeddable":true,"href":"https:\/\/veritasinfo.org\/index.php?rest_route=%2Fwp%2Fv2%2Ftags&post=63922"}],"curies":[{"name":"wp","href":"https:\/\/api.w.org\/{rel}","templated":true}]}}