{"id":63919,"date":"2026-09-02T18:09:59","date_gmt":"2026-09-02T16:09:59","guid":{"rendered":"https:\/\/veritasinfo.org\/?p=63919"},"modified":"2026-09-02T18:09:59","modified_gmt":"2026-09-02T16:09:59","slug":"kpk-zgjedh-bahri-hysenin-zevendeskryeprokuror-te-shtetit","status":"publish","type":"post","link":"https:\/\/veritasinfo.org\/?p=63919","title":{"rendered":"KPK zgjedh Bahri Hysenin Z\u00ebvend\u00ebskryeprokuror t\u00eb Shtetit"},"content":{"rendered":"<p>Prishtin\u00eb, 2 shtator 2026 18:08<\/p>\n<p>Prokurori Bahri Hyseni \u00ebsht\u00eb zgjedhur Z\u00ebvend\u00ebskryeprokuror i Shtetit me propozim t\u00eb Kryeprokurorit t\u00eb Shtetit, Zejnullah Gashi.<\/p>\n<p>An\u00ebtar\u00ebt e K\u00ebshillit Prokurorial zgjedh\u00ebn prokurorin z.Bahri Hyseni n\u00eb pozit\u00ebn e Z\u00ebvend\u00ebskryeprokurorit t\u00eb Shtetit, me propozim t\u00eb Kryeprokurorit t\u00eb Shtetit, z. Zejnullah Gashi, p\u00ebr nj\u00eb mandat kat\u00ebr (4)-vje\u00e7ar, me mund\u00ebsi rizgjedhjeje edhe p\u00ebr nj\u00eb (1) mandat\u201d, u tha n\u00eb njoftimin e KPK\u2019s\u00eb pas mbledhjes s\u00eb somte.<\/p>\n<p>N\u00eb kuad\u00ebr t\u00eb rendit t\u00eb dit\u00ebs, K\u00ebshilli shqyrtoi Mekanizmin e Raportimit Vjetor p\u00ebr vitin 2025, p\u00ebrkat\u00ebsisht raportimet e Kryeprokurorit t\u00eb Prokuroris\u00eb s\u00eb Apelit, z. Agron Bajrami, dhe Kryeprokurorit t\u00eb Prokuroris\u00eb Speciale, z. Blerim Isufaj, t\u00eb cil\u00ebt raportuan para an\u00ebtar\u00ebve t\u00eb KPK-s\u00eb.<\/p>\n<p>Pas shqyrtimit t\u00eb raportimeve, K\u00ebshilli miratoi Raportin e Kryeprokurorit t\u00eb Prokuroris\u00eb s\u00eb Apelit, nd\u00ebrsa nuk e miratoi Raportin e Kryeprokurorit t\u00eb Prokuroris\u00eb Speciale.<\/p>\n<p>\u201cKPK, gjithashtu, u njoftua p\u00ebr pensionimin e prokurores n\u00eb Zyr\u00ebn e Kryeprokurorit t\u00eb Shtetit, znj. Laura Pula. Me k\u00ebt\u00eb rast, K\u00ebshilli vendosi q\u00eb propozimi p\u00ebr lirimin e saj nga detyra p\u00ebr shkak t\u00eb pensionimit t\u2019i p\u00ebrcillet Presidenc\u00ebs s\u00eb Republik\u00ebs s\u00eb Kosov\u00ebs, n\u00eb pajtim me procedurat p\u00ebrkat\u00ebse ligjore\u201d, thuhet n\u00eb njoftim<\/p>\n<p>Gjat\u00eb mbledhjes, K\u00ebshilli shqyrtoi dhe miratoi dor\u00ebheqjen e an\u00ebtarit t\u00eb Komisionit p\u00ebr Vler\u00ebsimin e Performanc\u00ebs s\u00eb Prokuror\u00ebve, z. Aleksand\u00ebr Lumezi.<\/p>\n<p>N\u00eb vijim, KPK shqyrtoi dhe miratoi Raportin e Vler\u00ebsimit t\u00eb Performanc\u00ebs s\u00eb shtat\u00eb (7) prokuror\u00ebve, n\u00eb kuad\u00ebr t\u00eb l\u00ebnd\u00ebs KVPP\/413\/2026. Po ashtu, K\u00ebshilli refuzoi kund\u00ebrshtimin e paraqitur nga nj\u00eb prokuror ndaj k\u00ebtij raporti.<\/p>\n<p>K\u00ebshilli shqyrtoi edhe k\u00ebrkes\u00ebn e nj\u00eb prokurori t\u00eb Prokuroris\u00eb Themelore n\u00eb Prishtin\u00eb p\u00ebr rihapjen e rastit t\u00eb procedur\u00ebs disiplinore, t\u00eb cil\u00ebn e refuzoi, pasi vler\u00ebsoi se nuk ekziston baz\u00eb ligjore p\u00ebr rihapjen e rastit, meqen\u00ebse \u00e7\u00ebshtja n\u00eb fjal\u00eb \u00ebsht\u00eb shqyrtuar dhe v\u00ebrtetuar n\u00eb t\u00eb gjitha instancat gjyq\u00ebsore.<\/p>\n","protected":false},"excerpt":{"rendered":"<p>Prishtin\u00eb, 2 shtator 2026 18:08 Prokurori Bahri Hyseni \u00ebsht\u00eb zgjedhur Z\u00ebvend\u00ebskryeprokuror i Shtetit me propozim t\u00eb Kryeprokurorit t\u00eb Shtetit, Zejnullah Gashi. An\u00ebtar\u00ebt e K\u00ebshillit Prokurorial<\/p>\n","protected":false},"author":7,"featured_media":63920,"comment_status":"open","ping_status":"open","sticky":false,"template":"","format":"standard","meta":{"footnotes":""},"categories":[60],"tags":[],"class_list":["post-63919","post","type-post","status-publish","format-standard","has-post-thumbnail","hentry","category-shoqerore-sq"],"yoast_head":"<!-- This site is optimized with the Yoast SEO plugin v25.3.1 - https:\/\/yoast.com\/wordpress\/plugins\/seo\/ -->\n<title>KPK zgjedh Bahri Hysenin Z\u00ebvend\u00ebskryeprokuror t\u00eb Shtetit -<\/title>\n<meta name=\"robots\" content=\"index, follow, max-snippet:-1, max-image-preview:large, max-video-preview:-1\" \/>\n<link rel=\"canonical\" href=\"https:\/\/veritasinfo.org\/?p=63919\" \/>\n<meta property=\"og:locale\" content=\"en_US\" \/>\n<meta property=\"og:type\" content=\"article\" \/>\n<meta property=\"og:title\" content=\"KPK zgjedh Bahri Hysenin Z\u00ebvend\u00ebskryeprokuror t\u00eb Shtetit -\" \/>\n<meta property=\"og:description\" content=\"Prishtin\u00eb, 2 shtator 2026 18:08 Prokurori Bahri Hyseni \u00ebsht\u00eb zgjedhur Z\u00ebvend\u00ebskryeprokuror i Shtetit me propozim t\u00eb Kryeprokurorit t\u00eb Shtetit, Zejnullah Gashi. An\u00ebtar\u00ebt e K\u00ebshillit Prokurorial\" \/>\n<meta property=\"og:url\" content=\"https:\/\/veritasinfo.org\/?p=63919\" \/>\n<meta property=\"article:published_time\" content=\"2026-09-02T16:09:59+00:00\" \/>\n<meta property=\"og:image\" content=\"https:\/\/veritasinfo.org\/wp-content\/uploads\/2026\/09\/keshilli-prokurorialll-1536x1024-1.jpg\" \/>\n\t<meta property=\"og:image:width\" content=\"1536\" \/>\n\t<meta property=\"og:image:height\" content=\"1024\" \/>\n\t<meta property=\"og:image:type\" content=\"image\/jpeg\" \/>\n<meta name=\"author\" content=\"US6\" \/>\n<meta name=\"twitter:card\" content=\"summary_large_image\" \/>\n<meta name=\"twitter:label1\" content=\"Written by\" \/>\n\t<meta name=\"twitter:data1\" content=\"US6\" \/>\n\t<meta name=\"twitter:label2\" content=\"Est. reading time\" \/>\n\t<meta name=\"twitter:data2\" content=\"2 minutes\" \/>\n<script type=\"application\/ld+json\" class=\"yoast-schema-graph\">{\"@context\":\"https:\/\/schema.org\",\"@graph\":[{\"@type\":\"WebPage\",\"@id\":\"https:\/\/veritasinfo.org\/?p=63919\",\"url\":\"https:\/\/veritasinfo.org\/?p=63919\",\"name\":\"KPK zgjedh Bahri Hysenin Z\u00ebvend\u00ebskryeprokuror t\u00eb Shtetit -\",\"isPartOf\":{\"@id\":\"https:\/\/veritasinfo.org\/#website\"},\"primaryImageOfPage\":{\"@id\":\"https:\/\/veritasinfo.org\/?p=63919#primaryimage\"},\"image\":{\"@id\":\"https:\/\/veritasinfo.org\/?p=63919#primaryimage\"},\"thumbnailUrl\":\"https:\/\/veritasinfo.org\/wp-content\/uploads\/2026\/09\/keshilli-prokurorialll-1536x1024-1.jpg\",\"datePublished\":\"2026-09-02T16:09:59+00:00\",\"author\":{\"@id\":\"https:\/\/veritasinfo.org\/#\/schema\/person\/fe199eede04c3937362892b7444747cc\"},\"breadcrumb\":{\"@id\":\"https:\/\/veritasinfo.org\/?p=63919#breadcrumb\"},\"inLanguage\":\"en-US\",\"potentialAction\":[{\"@type\":\"ReadAction\",\"target\":[\"https:\/\/veritasinfo.org\/?p=63919\"]}]},{\"@type\":\"ImageObject\",\"inLanguage\":\"en-US\",\"@id\":\"https:\/\/veritasinfo.org\/?p=63919#primaryimage\",\"url\":\"https:\/\/veritasinfo.org\/wp-content\/uploads\/2026\/09\/keshilli-prokurorialll-1536x1024-1.jpg\",\"contentUrl\":\"https:\/\/veritasinfo.org\/wp-content\/uploads\/2026\/09\/keshilli-prokurorialll-1536x1024-1.jpg\",\"width\":1536,\"height\":1024},{\"@type\":\"BreadcrumbList\",\"@id\":\"https:\/\/veritasinfo.org\/?p=63919#breadcrumb\",\"itemListElement\":[{\"@type\":\"ListItem\",\"position\":1,\"name\":\"Home\",\"item\":\"https:\/\/veritasinfo.org\/\"},{\"@type\":\"ListItem\",\"position\":2,\"name\":\"KPK zgjedh Bahri Hysenin Z\u00ebvend\u00ebskryeprokuror t\u00eb Shtetit\"}]},{\"@type\":\"WebSite\",\"@id\":\"https:\/\/veritasinfo.org\/#website\",\"url\":\"https:\/\/veritasinfo.org\/\",\"name\":\"\",\"description\":\"\",\"potentialAction\":[{\"@type\":\"SearchAction\",\"target\":{\"@type\":\"EntryPoint\",\"urlTemplate\":\"https:\/\/veritasinfo.org\/?s={search_term_string}\"},\"query-input\":{\"@type\":\"PropertyValueSpecification\",\"valueRequired\":true,\"valueName\":\"search_term_string\"}}],\"inLanguage\":\"en-US\"},{\"@type\":\"Person\",\"@id\":\"https:\/\/veritasinfo.org\/#\/schema\/person\/fe199eede04c3937362892b7444747cc\",\"name\":\"US6\",\"image\":{\"@type\":\"ImageObject\",\"inLanguage\":\"en-US\",\"@id\":\"https:\/\/veritasinfo.org\/#\/schema\/person\/image\/\",\"url\":\"https:\/\/secure.gravatar.com\/avatar\/cb16c3c31c9d23b9b8c705964598220b3014e42ff51eb540ff23cefa3ae8c15f?s=96&d=mm&r=g\",\"contentUrl\":\"https:\/\/secure.gravatar.com\/avatar\/cb16c3c31c9d23b9b8c705964598220b3014e42ff51eb540ff23cefa3ae8c15f?s=96&d=mm&r=g\",\"caption\":\"US6\"},\"url\":\"https:\/\/veritasinfo.org\/?author=7\"}]}<\/script>\n<!-- \/ Yoast SEO plugin. -->","yoast_head_json":{"title":"KPK zgjedh Bahri Hysenin Z\u00ebvend\u00ebskryeprokuror t\u00eb Shtetit -","robots":{"index":"index","follow":"follow","max-snippet":"max-snippet:-1","max-image-preview":"max-image-preview:large","max-video-preview":"max-video-preview:-1"},"canonical":"https:\/\/veritasinfo.org\/?p=63919","og_locale":"en_US","og_type":"article","og_title":"KPK zgjedh Bahri Hysenin Z\u00ebvend\u00ebskryeprokuror t\u00eb Shtetit -","og_description":"Prishtin\u00eb, 2 shtator 2026 18:08 Prokurori Bahri Hyseni \u00ebsht\u00eb zgjedhur Z\u00ebvend\u00ebskryeprokuror i Shtetit me propozim t\u00eb Kryeprokurorit t\u00eb Shtetit, Zejnullah Gashi. An\u00ebtar\u00ebt e K\u00ebshillit Prokurorial","og_url":"https:\/\/veritasinfo.org\/?p=63919","article_published_time":"2026-09-02T16:09:59+00:00","og_image":[{"width":1536,"height":1024,"url":"https:\/\/veritasinfo.org\/wp-content\/uploads\/2026\/09\/keshilli-prokurorialll-1536x1024-1.jpg","type":"image\/jpeg"}],"author":"US6","twitter_card":"summary_large_image","twitter_misc":{"Written by":"US6","Est. reading time":"2 minutes"},"schema":{"@context":"https:\/\/schema.org","@graph":[{"@type":"WebPage","@id":"https:\/\/veritasinfo.org\/?p=63919","url":"https:\/\/veritasinfo.org\/?p=63919","name":"KPK zgjedh Bahri Hysenin Z\u00ebvend\u00ebskryeprokuror t\u00eb Shtetit -","isPartOf":{"@id":"https:\/\/veritasinfo.org\/#website"},"primaryImageOfPage":{"@id":"https:\/\/veritasinfo.org\/?p=63919#primaryimage"},"image":{"@id":"https:\/\/veritasinfo.org\/?p=63919#primaryimage"},"thumbnailUrl":"https:\/\/veritasinfo.org\/wp-content\/uploads\/2026\/09\/keshilli-prokurorialll-1536x1024-1.jpg","datePublished":"2026-09-02T16:09:59+00:00","author":{"@id":"https:\/\/veritasinfo.org\/#\/schema\/person\/fe199eede04c3937362892b7444747cc"},"breadcrumb":{"@id":"https:\/\/veritasinfo.org\/?p=63919#breadcrumb"},"inLanguage":"en-US","potentialAction":[{"@type":"ReadAction","target":["https:\/\/veritasinfo.org\/?p=63919"]}]},{"@type":"ImageObject","inLanguage":"en-US","@id":"https:\/\/veritasinfo.org\/?p=63919#primaryimage","url":"https:\/\/veritasinfo.org\/wp-content\/uploads\/2026\/09\/keshilli-prokurorialll-1536x1024-1.jpg","contentUrl":"https:\/\/veritasinfo.org\/wp-content\/uploads\/2026\/09\/keshilli-prokurorialll-1536x1024-1.jpg","width":1536,"height":1024},{"@type":"BreadcrumbList","@id":"https:\/\/veritasinfo.org\/?p=63919#breadcrumb","itemListElement":[{"@type":"ListItem","position":1,"name":"Home","item":"https:\/\/veritasinfo.org\/"},{"@type":"ListItem","position":2,"name":"KPK zgjedh Bahri Hysenin Z\u00ebvend\u00ebskryeprokuror t\u00eb Shtetit"}]},{"@type":"WebSite","@id":"https:\/\/veritasinfo.org\/#website","url":"https:\/\/veritasinfo.org\/","name":"","description":"","potentialAction":[{"@type":"SearchAction","target":{"@type":"EntryPoint","urlTemplate":"https:\/\/veritasinfo.org\/?s={search_term_string}"},"query-input":{"@type":"PropertyValueSpecification","valueRequired":true,"valueName":"search_term_string"}}],"inLanguage":"en-US"},{"@type":"Person","@id":"https:\/\/veritasinfo.org\/#\/schema\/person\/fe199eede04c3937362892b7444747cc","name":"US6","image":{"@type":"ImageObject","inLanguage":"en-US","@id":"https:\/\/veritasinfo.org\/#\/schema\/person\/image\/","url":"https:\/\/secure.gravatar.com\/avatar\/cb16c3c31c9d23b9b8c705964598220b3014e42ff51eb540ff23cefa3ae8c15f?s=96&d=mm&r=g","contentUrl":"https:\/\/secure.gravatar.com\/avatar\/cb16c3c31c9d23b9b8c705964598220b3014e42ff51eb540ff23cefa3ae8c15f?s=96&d=mm&r=g","caption":"US6"},"url":"https:\/\/veritasinfo.org\/?author=7"}]}},"featured_image_urls":{"full":["https:\/\/veritasinfo.org\/wp-content\/uploads\/2026\/09\/keshilli-prokurorialll-1536x1024-1.jpg",1536,1024,false],"thumbnail":["https:\/\/veritasinfo.org\/wp-content\/uploads\/2026\/09\/keshilli-prokurorialll-1536x1024-1-150x150.jpg",150,150,true],"medium":["https:\/\/veritasinfo.org\/wp-content\/uploads\/2026\/09\/keshilli-prokurorialll-1536x1024-1-300x200.jpg",300,200,true],"medium_large":["https:\/\/veritasinfo.org\/wp-content\/uploads\/2026\/09\/keshilli-prokurorialll-1536x1024-1-768x512.jpg",640,427,true],"large":["https:\/\/veritasinfo.org\/wp-content\/uploads\/2026\/09\/keshilli-prokurorialll-1536x1024-1-1024x683.jpg",640,427,true],"1536x1536":["https:\/\/veritasinfo.org\/wp-content\/uploads\/2026\/09\/keshilli-prokurorialll-1536x1024-1.jpg",1536,1024,false],"2048x2048":["https:\/\/veritasinfo.org\/wp-content\/uploads\/2026\/09\/keshilli-prokurorialll-1536x1024-1.jpg",1536,1024,false],"kreeti-slider-full":["https:\/\/veritasinfo.org\/wp-content\/uploads\/2026\/09\/keshilli-prokurorialll-1536x1024-1-1280x720.jpg",1280,720,true],"kreeti-featured":["https:\/\/veritasinfo.org\/wp-content\/uploads\/2026\/09\/keshilli-prokurorialll-1536x1024-1-1024x683.jpg",1024,683,true],"kreeti-medium":["https:\/\/veritasinfo.org\/wp-content\/uploads\/2026\/09\/keshilli-prokurorialll-1536x1024-1-720x530.jpg",720,530,true],"kreeti-medium-square":["https:\/\/veritasinfo.org\/wp-content\/uploads\/2026\/09\/keshilli-prokurorialll-1536x1024-1-350x350.jpg",350,350,true]},"author_info":{"info":["US6"]},"category_info":"<a href=\"https:\/\/veritasinfo.org\/?cat=60\" rel=\"category\">Shoq\u00ebrore<\/a>","tag_info":"Shoq\u00ebrore","comment_count":"0","_links":{"self":[{"href":"https:\/\/veritasinfo.org\/index.php?rest_route=\/wp\/v2\/posts\/63919","targetHints":{"allow":["GET"]}}],"collection":[{"href":"https:\/\/veritasinfo.org\/index.php?rest_route=\/wp\/v2\/posts"}],"about":[{"href":"https:\/\/veritasinfo.org\/index.php?rest_route=\/wp\/v2\/types\/post"}],"author":[{"embeddable":true,"href":"https:\/\/veritasinfo.org\/index.php?rest_route=\/wp\/v2\/users\/7"}],"replies":[{"embeddable":true,"href":"https:\/\/veritasinfo.org\/index.php?rest_route=%2Fwp%2Fv2%2Fcomments&post=63919"}],"version-history":[{"count":1,"href":"https:\/\/veritasinfo.org\/index.php?rest_route=\/wp\/v2\/posts\/63919\/revisions"}],"predecessor-version":[{"id":63921,"href":"https:\/\/veritasinfo.org\/index.php?rest_route=\/wp\/v2\/posts\/63919\/revisions\/63921"}],"wp:featuredmedia":[{"embeddable":true,"href":"https:\/\/veritasinfo.org\/index.php?rest_route=\/wp\/v2\/media\/63920"}],"wp:attachment":[{"href":"https:\/\/veritasinfo.org\/index.php?rest_route=%2Fwp%2Fv2%2Fmedia&parent=63919"}],"wp:term":[{"taxonomy":"category","embeddable":true,"href":"https:\/\/veritasinfo.org\/index.php?rest_route=%2Fwp%2Fv2%2Fcategories&post=63919"},{"taxonomy":"post_tag","embeddable":true,"href":"https:\/\/veritasinfo.org\/index.php?rest_route=%2Fwp%2Fv2%2Ftags&post=63919"}],"curies":[{"name":"wp","href":"https:\/\/api.w.org\/{rel}","templated":true}]}}