{"id":63863,"date":"2026-09-02T09:00:50","date_gmt":"2026-09-02T07:00:50","guid":{"rendered":"https:\/\/veritasinfo.org\/?p=63863"},"modified":"2026-09-02T09:00:50","modified_gmt":"2026-09-02T07:00:50","slug":"shtepia-e-musli-hoxhes-ne-prishtine-pritet-te-restaurohet","status":"publish","type":"post","link":"https:\/\/veritasinfo.org\/?p=63863","title":{"rendered":"\u201cSht\u00ebpia e Musli Hoxh\u00ebs\u201d n\u00eb Prishtin\u00eb pritet t\u00eb restaurohet"},"content":{"rendered":"<p>Prishtin\u00eb, 2 shtator 2026 09:00<\/p>\n<p>Pas vitesh e rrethuar dhe e mb\u00ebshtetur me shtylla p\u00ebr shkak t\u00eb rrezikut q\u00eb paraqiste p\u00ebr kalimtar\u00ebt, monumenti i trash\u00ebgimis\u00eb kulturore \u201cSht\u00ebpi banimi \u2013 Musli Hoxha\u201d n\u00eb qend\u00ebr t\u00eb Prishtin\u00ebs m\u00eb n\u00eb fund pritet t\u00eb restaurohet.<\/p>\n<p>Nd\u00ebrtesa, e cila daton nga viti 1927 dhe ndodhet n\u00eb rrug\u00ebn \u201cLuan Haradinaj\u201d, \u00ebsht\u00eb konsideruar prej vitesh si nj\u00eb nga objektet me rrezikshm\u00ebri t\u00eb lart\u00eb n\u00eb kryeqytet. P\u00ebr shkak t\u00eb gjendjes s\u00eb saj, n\u00eb t\u00eb kaluar\u00ebn ajo ishte rrethuar dhe siguruar me konstruksione mb\u00ebshtet\u00ebse.<\/p>\n<p>Pas pes\u00eb thirrjeve publike p\u00ebr realizimin e projektit t\u00eb restaurimit, Ministria e Kultur\u00ebs ka p\u00ebrzgjedhur kompanin\u00eb \u201cToni O.P.\u201d p\u00ebr kryerjen e punimeve. Vlera e kontrat\u00ebs \u00ebsht\u00eb rreth 119.8 mij\u00eb euro.<\/p>\n<p>Objekti ishte p\u00ebrfshir\u00eb q\u00eb n\u00eb vitin 2016 n\u00eb list\u00ebn e monumenteve t\u00eb trash\u00ebgimis\u00eb kulturore me rrezikshm\u00ebri t\u00eb lart\u00eb, nd\u00ebrsa nj\u00eb vit m\u00eb von\u00eb Komuna e Prishtin\u00ebs kishte nd\u00ebrmarr\u00eb masa p\u00ebr rrethimin e tij, me q\u00ebllim t\u00eb mbrojtjes s\u00eb qytetar\u00ebve.<\/p>\n<p>\u201cSht\u00ebpia e Musli Hoxh\u00ebs\u201d tashm\u00eb g\u00ebzon edhe mbrojtje t\u00eb p\u00ebrhershme si aset i trash\u00ebgimis\u00eb kulturore.<\/p>\n<p>P\u00ebrve\u00e7 gjendjes s\u00eb r\u00ebnduar fizike, objekti \u00ebsht\u00eb shoq\u00ebruar nd\u00ebr vite edhe me probleme pron\u00ebsore dhe \u00e7\u00ebshtje gjyq\u00ebsore. Familja Hoxha ka k\u00ebrkuar zgjidhje p\u00ebr statusin e pron\u00ebs dhe \u00e7\u00ebshtjen e kompensimit.<\/p>\n<p>Restaurimi pritet t\u00eb rikthej\u00eb objektin n\u00eb nj\u00eb gjendje t\u00eb p\u00ebrshtatshme p\u00ebr ruajtjen e vlerave t\u00eb tij historike dhe arkitektonike, duke eliminuar nj\u00ebkoh\u00ebsisht rrezikun q\u00eb prej vitesh ka paraqitur p\u00ebr qytetar\u00ebt n\u00eb nj\u00eb nga zonat m\u00eb t\u00eb frekuentuara t\u00eb Prishtin\u00ebs.<\/p>\n","protected":false},"excerpt":{"rendered":"<p>Prishtin\u00eb, 2 shtator 2026 09:00 Pas vitesh e rrethuar dhe e mb\u00ebshtetur me shtylla p\u00ebr shkak t\u00eb rrezikut q\u00eb paraqiste p\u00ebr kalimtar\u00ebt, monumenti i trash\u00ebgimis\u00eb<\/p>\n","protected":false},"author":7,"featured_media":63864,"comment_status":"open","ping_status":"open","sticky":false,"template":"","format":"standard","meta":{"footnotes":""},"categories":[54],"tags":[],"class_list":["post-63863","post","type-post","status-publish","format-standard","has-post-thumbnail","hentry","category-kulture-sq"],"yoast_head":"<!-- This site is optimized with the Yoast SEO plugin v25.3.1 - https:\/\/yoast.com\/wordpress\/plugins\/seo\/ -->\n<title>\u201cSht\u00ebpia e Musli Hoxh\u00ebs\u201d n\u00eb Prishtin\u00eb pritet t\u00eb restaurohet -<\/title>\n<meta name=\"robots\" content=\"index, follow, max-snippet:-1, max-image-preview:large, max-video-preview:-1\" \/>\n<link rel=\"canonical\" href=\"https:\/\/veritasinfo.org\/?p=63863\" \/>\n<meta property=\"og:locale\" content=\"en_US\" \/>\n<meta property=\"og:type\" content=\"article\" \/>\n<meta property=\"og:title\" content=\"\u201cSht\u00ebpia e Musli Hoxh\u00ebs\u201d n\u00eb Prishtin\u00eb pritet t\u00eb restaurohet -\" \/>\n<meta property=\"og:description\" content=\"Prishtin\u00eb, 2 shtator 2026 09:00 Pas vitesh e rrethuar dhe e mb\u00ebshtetur me shtylla p\u00ebr shkak t\u00eb rrezikut q\u00eb paraqiste p\u00ebr kalimtar\u00ebt, monumenti i trash\u00ebgimis\u00eb\" \/>\n<meta property=\"og:url\" content=\"https:\/\/veritasinfo.org\/?p=63863\" \/>\n<meta property=\"article:published_time\" content=\"2026-09-02T07:00:50+00:00\" \/>\n<meta property=\"og:image\" content=\"https:\/\/veritasinfo.org\/wp-content\/uploads\/2026\/09\/d4fc87e0-2c28-4c62-97b9-6343ffe00584.webp\" \/>\n\t<meta property=\"og:image:width\" content=\"1360\" \/>\n\t<meta property=\"og:image:height\" content=\"870\" \/>\n\t<meta property=\"og:image:type\" content=\"image\/webp\" \/>\n<meta name=\"author\" content=\"US6\" \/>\n<meta name=\"twitter:card\" content=\"summary_large_image\" \/>\n<meta name=\"twitter:label1\" content=\"Written by\" \/>\n\t<meta name=\"twitter:data1\" content=\"US6\" \/>\n\t<meta name=\"twitter:label2\" content=\"Est. reading time\" \/>\n\t<meta name=\"twitter:data2\" content=\"2 minutes\" \/>\n<script type=\"application\/ld+json\" class=\"yoast-schema-graph\">{\"@context\":\"https:\/\/schema.org\",\"@graph\":[{\"@type\":\"WebPage\",\"@id\":\"https:\/\/veritasinfo.org\/?p=63863\",\"url\":\"https:\/\/veritasinfo.org\/?p=63863\",\"name\":\"\u201cSht\u00ebpia e Musli Hoxh\u00ebs\u201d n\u00eb Prishtin\u00eb pritet t\u00eb restaurohet -\",\"isPartOf\":{\"@id\":\"https:\/\/veritasinfo.org\/#website\"},\"primaryImageOfPage\":{\"@id\":\"https:\/\/veritasinfo.org\/?p=63863#primaryimage\"},\"image\":{\"@id\":\"https:\/\/veritasinfo.org\/?p=63863#primaryimage\"},\"thumbnailUrl\":\"https:\/\/veritasinfo.org\/wp-content\/uploads\/2026\/09\/d4fc87e0-2c28-4c62-97b9-6343ffe00584.webp\",\"datePublished\":\"2026-09-02T07:00:50+00:00\",\"author\":{\"@id\":\"https:\/\/veritasinfo.org\/#\/schema\/person\/fe199eede04c3937362892b7444747cc\"},\"breadcrumb\":{\"@id\":\"https:\/\/veritasinfo.org\/?p=63863#breadcrumb\"},\"inLanguage\":\"en-US\",\"potentialAction\":[{\"@type\":\"ReadAction\",\"target\":[\"https:\/\/veritasinfo.org\/?p=63863\"]}]},{\"@type\":\"ImageObject\",\"inLanguage\":\"en-US\",\"@id\":\"https:\/\/veritasinfo.org\/?p=63863#primaryimage\",\"url\":\"https:\/\/veritasinfo.org\/wp-content\/uploads\/2026\/09\/d4fc87e0-2c28-4c62-97b9-6343ffe00584.webp\",\"contentUrl\":\"https:\/\/veritasinfo.org\/wp-content\/uploads\/2026\/09\/d4fc87e0-2c28-4c62-97b9-6343ffe00584.webp\",\"width\":1360,\"height\":870},{\"@type\":\"BreadcrumbList\",\"@id\":\"https:\/\/veritasinfo.org\/?p=63863#breadcrumb\",\"itemListElement\":[{\"@type\":\"ListItem\",\"position\":1,\"name\":\"Home\",\"item\":\"https:\/\/veritasinfo.org\/\"},{\"@type\":\"ListItem\",\"position\":2,\"name\":\"\u201cSht\u00ebpia e Musli Hoxh\u00ebs\u201d n\u00eb Prishtin\u00eb pritet t\u00eb restaurohet\"}]},{\"@type\":\"WebSite\",\"@id\":\"https:\/\/veritasinfo.org\/#website\",\"url\":\"https:\/\/veritasinfo.org\/\",\"name\":\"\",\"description\":\"\",\"potentialAction\":[{\"@type\":\"SearchAction\",\"target\":{\"@type\":\"EntryPoint\",\"urlTemplate\":\"https:\/\/veritasinfo.org\/?s={search_term_string}\"},\"query-input\":{\"@type\":\"PropertyValueSpecification\",\"valueRequired\":true,\"valueName\":\"search_term_string\"}}],\"inLanguage\":\"en-US\"},{\"@type\":\"Person\",\"@id\":\"https:\/\/veritasinfo.org\/#\/schema\/person\/fe199eede04c3937362892b7444747cc\",\"name\":\"US6\",\"image\":{\"@type\":\"ImageObject\",\"inLanguage\":\"en-US\",\"@id\":\"https:\/\/veritasinfo.org\/#\/schema\/person\/image\/\",\"url\":\"https:\/\/secure.gravatar.com\/avatar\/cb16c3c31c9d23b9b8c705964598220b3014e42ff51eb540ff23cefa3ae8c15f?s=96&d=mm&r=g\",\"contentUrl\":\"https:\/\/secure.gravatar.com\/avatar\/cb16c3c31c9d23b9b8c705964598220b3014e42ff51eb540ff23cefa3ae8c15f?s=96&d=mm&r=g\",\"caption\":\"US6\"},\"url\":\"https:\/\/veritasinfo.org\/?author=7\"}]}<\/script>\n<!-- \/ Yoast SEO plugin. -->","yoast_head_json":{"title":"\u201cSht\u00ebpia e Musli Hoxh\u00ebs\u201d n\u00eb Prishtin\u00eb pritet t\u00eb restaurohet -","robots":{"index":"index","follow":"follow","max-snippet":"max-snippet:-1","max-image-preview":"max-image-preview:large","max-video-preview":"max-video-preview:-1"},"canonical":"https:\/\/veritasinfo.org\/?p=63863","og_locale":"en_US","og_type":"article","og_title":"\u201cSht\u00ebpia e Musli Hoxh\u00ebs\u201d n\u00eb Prishtin\u00eb pritet t\u00eb restaurohet -","og_description":"Prishtin\u00eb, 2 shtator 2026 09:00 Pas vitesh e rrethuar dhe e mb\u00ebshtetur me shtylla p\u00ebr shkak t\u00eb rrezikut q\u00eb paraqiste p\u00ebr kalimtar\u00ebt, monumenti i trash\u00ebgimis\u00eb","og_url":"https:\/\/veritasinfo.org\/?p=63863","article_published_time":"2026-09-02T07:00:50+00:00","og_image":[{"width":1360,"height":870,"url":"https:\/\/veritasinfo.org\/wp-content\/uploads\/2026\/09\/d4fc87e0-2c28-4c62-97b9-6343ffe00584.webp","type":"image\/webp"}],"author":"US6","twitter_card":"summary_large_image","twitter_misc":{"Written by":"US6","Est. reading time":"2 minutes"},"schema":{"@context":"https:\/\/schema.org","@graph":[{"@type":"WebPage","@id":"https:\/\/veritasinfo.org\/?p=63863","url":"https:\/\/veritasinfo.org\/?p=63863","name":"\u201cSht\u00ebpia e Musli Hoxh\u00ebs\u201d n\u00eb Prishtin\u00eb pritet t\u00eb restaurohet -","isPartOf":{"@id":"https:\/\/veritasinfo.org\/#website"},"primaryImageOfPage":{"@id":"https:\/\/veritasinfo.org\/?p=63863#primaryimage"},"image":{"@id":"https:\/\/veritasinfo.org\/?p=63863#primaryimage"},"thumbnailUrl":"https:\/\/veritasinfo.org\/wp-content\/uploads\/2026\/09\/d4fc87e0-2c28-4c62-97b9-6343ffe00584.webp","datePublished":"2026-09-02T07:00:50+00:00","author":{"@id":"https:\/\/veritasinfo.org\/#\/schema\/person\/fe199eede04c3937362892b7444747cc"},"breadcrumb":{"@id":"https:\/\/veritasinfo.org\/?p=63863#breadcrumb"},"inLanguage":"en-US","potentialAction":[{"@type":"ReadAction","target":["https:\/\/veritasinfo.org\/?p=63863"]}]},{"@type":"ImageObject","inLanguage":"en-US","@id":"https:\/\/veritasinfo.org\/?p=63863#primaryimage","url":"https:\/\/veritasinfo.org\/wp-content\/uploads\/2026\/09\/d4fc87e0-2c28-4c62-97b9-6343ffe00584.webp","contentUrl":"https:\/\/veritasinfo.org\/wp-content\/uploads\/2026\/09\/d4fc87e0-2c28-4c62-97b9-6343ffe00584.webp","width":1360,"height":870},{"@type":"BreadcrumbList","@id":"https:\/\/veritasinfo.org\/?p=63863#breadcrumb","itemListElement":[{"@type":"ListItem","position":1,"name":"Home","item":"https:\/\/veritasinfo.org\/"},{"@type":"ListItem","position":2,"name":"\u201cSht\u00ebpia e Musli Hoxh\u00ebs\u201d n\u00eb Prishtin\u00eb pritet t\u00eb restaurohet"}]},{"@type":"WebSite","@id":"https:\/\/veritasinfo.org\/#website","url":"https:\/\/veritasinfo.org\/","name":"","description":"","potentialAction":[{"@type":"SearchAction","target":{"@type":"EntryPoint","urlTemplate":"https:\/\/veritasinfo.org\/?s={search_term_string}"},"query-input":{"@type":"PropertyValueSpecification","valueRequired":true,"valueName":"search_term_string"}}],"inLanguage":"en-US"},{"@type":"Person","@id":"https:\/\/veritasinfo.org\/#\/schema\/person\/fe199eede04c3937362892b7444747cc","name":"US6","image":{"@type":"ImageObject","inLanguage":"en-US","@id":"https:\/\/veritasinfo.org\/#\/schema\/person\/image\/","url":"https:\/\/secure.gravatar.com\/avatar\/cb16c3c31c9d23b9b8c705964598220b3014e42ff51eb540ff23cefa3ae8c15f?s=96&d=mm&r=g","contentUrl":"https:\/\/secure.gravatar.com\/avatar\/cb16c3c31c9d23b9b8c705964598220b3014e42ff51eb540ff23cefa3ae8c15f?s=96&d=mm&r=g","caption":"US6"},"url":"https:\/\/veritasinfo.org\/?author=7"}]}},"featured_image_urls":{"full":["https:\/\/veritasinfo.org\/wp-content\/uploads\/2026\/09\/d4fc87e0-2c28-4c62-97b9-6343ffe00584.webp",1360,870,false],"thumbnail":["https:\/\/veritasinfo.org\/wp-content\/uploads\/2026\/09\/d4fc87e0-2c28-4c62-97b9-6343ffe00584-150x150.webp",150,150,true],"medium":["https:\/\/veritasinfo.org\/wp-content\/uploads\/2026\/09\/d4fc87e0-2c28-4c62-97b9-6343ffe00584-300x192.webp",300,192,true],"medium_large":["https:\/\/veritasinfo.org\/wp-content\/uploads\/2026\/09\/d4fc87e0-2c28-4c62-97b9-6343ffe00584-768x491.webp",640,409,true],"large":["https:\/\/veritasinfo.org\/wp-content\/uploads\/2026\/09\/d4fc87e0-2c28-4c62-97b9-6343ffe00584-1024x655.webp",640,409,true],"1536x1536":["https:\/\/veritasinfo.org\/wp-content\/uploads\/2026\/09\/d4fc87e0-2c28-4c62-97b9-6343ffe00584.webp",1360,870,false],"2048x2048":["https:\/\/veritasinfo.org\/wp-content\/uploads\/2026\/09\/d4fc87e0-2c28-4c62-97b9-6343ffe00584.webp",1360,870,false],"kreeti-slider-full":["https:\/\/veritasinfo.org\/wp-content\/uploads\/2026\/09\/d4fc87e0-2c28-4c62-97b9-6343ffe00584-1280x720.webp",1280,720,true],"kreeti-featured":["https:\/\/veritasinfo.org\/wp-content\/uploads\/2026\/09\/d4fc87e0-2c28-4c62-97b9-6343ffe00584-1024x655.webp",1024,655,true],"kreeti-medium":["https:\/\/veritasinfo.org\/wp-content\/uploads\/2026\/09\/d4fc87e0-2c28-4c62-97b9-6343ffe00584-720x530.webp",720,530,true],"kreeti-medium-square":["https:\/\/veritasinfo.org\/wp-content\/uploads\/2026\/09\/d4fc87e0-2c28-4c62-97b9-6343ffe00584-350x350.webp",350,350,true]},"author_info":{"info":["US6"]},"category_info":"<a href=\"https:\/\/veritasinfo.org\/?cat=54\" rel=\"category\">Kultur\u00eb<\/a>","tag_info":"Kultur\u00eb","comment_count":"0","_links":{"self":[{"href":"https:\/\/veritasinfo.org\/index.php?rest_route=\/wp\/v2\/posts\/63863","targetHints":{"allow":["GET"]}}],"collection":[{"href":"https:\/\/veritasinfo.org\/index.php?rest_route=\/wp\/v2\/posts"}],"about":[{"href":"https:\/\/veritasinfo.org\/index.php?rest_route=\/wp\/v2\/types\/post"}],"author":[{"embeddable":true,"href":"https:\/\/veritasinfo.org\/index.php?rest_route=\/wp\/v2\/users\/7"}],"replies":[{"embeddable":true,"href":"https:\/\/veritasinfo.org\/index.php?rest_route=%2Fwp%2Fv2%2Fcomments&post=63863"}],"version-history":[{"count":1,"href":"https:\/\/veritasinfo.org\/index.php?rest_route=\/wp\/v2\/posts\/63863\/revisions"}],"predecessor-version":[{"id":63865,"href":"https:\/\/veritasinfo.org\/index.php?rest_route=\/wp\/v2\/posts\/63863\/revisions\/63865"}],"wp:featuredmedia":[{"embeddable":true,"href":"https:\/\/veritasinfo.org\/index.php?rest_route=\/wp\/v2\/media\/63864"}],"wp:attachment":[{"href":"https:\/\/veritasinfo.org\/index.php?rest_route=%2Fwp%2Fv2%2Fmedia&parent=63863"}],"wp:term":[{"taxonomy":"category","embeddable":true,"href":"https:\/\/veritasinfo.org\/index.php?rest_route=%2Fwp%2Fv2%2Fcategories&post=63863"},{"taxonomy":"post_tag","embeddable":true,"href":"https:\/\/veritasinfo.org\/index.php?rest_route=%2Fwp%2Fv2%2Ftags&post=63863"}],"curies":[{"name":"wp","href":"https:\/\/api.w.org\/{rel}","templated":true}]}}