{"id":63845,"date":"2026-09-02T07:18:50","date_gmt":"2026-09-02T05:18:50","guid":{"rendered":"https:\/\/veritasinfo.org\/?p=63845"},"modified":"2026-09-02T07:50:47","modified_gmt":"2026-09-02T05:50:47","slug":"diskriminim-ne-banka-shkollore-serbia-bllokon-librat-per-femijet-shqiptare-ne-lugine-te-presheves","status":"publish","type":"post","link":"https:\/\/veritasinfo.org\/?p=63845","title":{"rendered":"Diskriminim n\u00eb banka shkollore: Serbia bllokon librat p\u00ebr f\u00ebmij\u00ebt shqiptar\u00eb n\u00eb Lugin\u00eb t\u00eb Preshev\u00ebs"},"content":{"rendered":"<p>Preshev\u00eb, 2 shtator 2026 07:17<\/p>\n<p>Qeveria e Kosov\u00ebs ka ndar\u00eb s\u00ebrish mjetet p\u00ebr sigurimin e librave falas p\u00ebr nx\u00ebn\u00ebsit shqiptar\u00eb n\u00eb Lugin\u00eb t\u00eb Preshev\u00ebs, por Serbia nuk po e lejon transferimin e k\u00ebtyre mjeteve te K\u00ebshilli Komb\u00ebtar Shqiptar, duke e bllokuar k\u00ebshtu drejtp\u00ebrdrejt edhe shp\u00ebrndarjen e librave p\u00ebr f\u00ebmij\u00ebt shqiptar\u00eb. P\u00ebrfaq\u00ebsues t\u00eb komunitetit shqiptar kan\u00eb th\u00ebn\u00eb se Serbia po ua mohon shqiptar\u00ebve t\u00eb drejt\u00ebn p\u00ebr arsimim.<\/p>\n<p>P\u00ebr 3 mij\u00eb e 686 nx\u00ebn\u00ebs shqiptar\u00eb n\u00eb Lugin\u00ebn e Preshev\u00ebs, viti shkollor ka nisur pa libra n\u00eb gjuh\u00ebn shqipe.<\/p>\n<p>Edhe pse fondet p\u00ebr sigurimin e tyre jan\u00eb ndar\u00eb nga Kosova, ato vazhdojn\u00eb t\u00eb mbahen t\u00eb bllokuara nga Serbia.<\/p>\n<p>Kryetari i K\u00ebshillit Komb\u00ebtar Shqiptar, Enkel Rexhepi, ka th\u00ebn\u00eb se mjetet po mbahen t\u00eb bllokuara nga institucionet e Serbis\u00eb, n\u00ebn p\u00ebrgjegj\u00ebsin\u00eb politike t\u00eb ministrit Demo Berisha.<\/p>\n<p>\u201cPra, librat jan\u00eb t\u00eb aprovuar. Mjetet jan\u00eb siguruar. F\u00ebmij\u00ebt jan\u00eb n\u00eb banka shkollore. Por Serbia po e ndalon fondin q\u00eb do t\u2019ua siguronte librat falas. Dhe kjo padrejt\u00ebsi b\u00ebhet edhe m\u00eb e r\u00ebnd\u00eb kur kujtojm\u00eb se p\u00ebr shkollat e mesme n\u00eb gjuh\u00ebn shqipe, as edhe nj\u00eb tekst shkollor sipas plan-programeve bashk\u00ebkohore nuk \u00ebsht\u00eb aprovuar n\u00eb Serbi. N\u00eb fillore bllokohen fondet p\u00ebr librat e aprovuar. N\u00eb t\u00eb mesme nuk aprovohen as librat. Mund t\u2019i bllokojn\u00eb fondet p\u00ebr KKSh-n\u00eb. Por nuk mund ta b\u00ebjn\u00eb normale q\u00eb 3.686 f\u00ebmij\u00eb shqiptar\u00eb t\u00eb mbeten pa libra, vet\u00ebm pse m\u00ebsojn\u00eb shqip\u201d, ka th\u00ebn\u00eb Rexhepi.<\/p>\n<p>Shqet\u00ebsim p\u00ebr munges\u00ebn e librave n\u00eb gjuh\u00ebn shqipe ka shprehur edhe ish-kryetari i K\u00ebshillit Komb\u00ebtar Shqiptar, Ragmi Mustafi.<\/p>\n<p>\u201cP\u00ebr k\u00ebt\u00eb \u00e7\u00ebshtje jan\u00eb njoftuar t\u00eb gjitha vendet e QUIN-tit, K\u00ebshilli i Evrop\u00ebs dhe OSBE dhe nj\u00ebkoh\u00ebsisht b\u00ebhet trysni n\u00eb m\u00ebnyr\u00eb q\u00eb t\u00eb rregullohet sa i p\u00ebrket shqiptar\u00ebve n\u00eb Lugin\u00ebn e Preshev\u00ebs. Kjo vet\u00ebm se e tregon p\u00ebr karakterin demokratik q\u00eb nuk e ka e q\u00eb i mungon Republik\u00ebs s\u00eb Serbis\u00eb q\u00eb \u00ebsht\u00eb duke rr\u00ebshqitur n\u00eb nj\u00eb politik q\u00eb \u00ebsht\u00eb diktatoriale q\u00eb p\u00ebr qasje i shef shqiptar\u00ebt n\u00eb m\u00ebnyr\u00eb armiq\u00ebsore e n\u00eb vazhdim\u00ebsi i ka diskriminuar\u201d, ka th\u00ebn\u00eb Mustafi.<\/p>\n<p>Ai po ashtu ka th\u00ebn\u00eb se rreth 2 mij\u00eb nx\u00ebn\u00ebs shqiptar\u00eb t\u00eb tri shkollave t\u00eb mesme n\u00eb Preshev\u00eb dhe Bujanoc m\u00ebsojn\u00eb p\u00ebrmes diktimit dhe shpjegimeve t\u00eb m\u00ebsimdh\u00ebn\u00ebsve.<\/p>\n<p>Mustafi ka th\u00ebn\u00eb se nx\u00ebn\u00ebsit e shkollave fillore m\u00ebsojn\u00eb me libra t\u00eb bazuar n\u00eb tekstet e Republik\u00ebs s\u00eb Shqip\u00ebris\u00eb, me p\u00ebrjashtim t\u00eb disa teksteve t\u00eb historis\u00eb q\u00eb nuk jan\u00eb miratuar nga Serbia.<\/p>\n<p>\u201cMegjithat\u00eb disa tekste edhe nuk jan\u00eb aprovuar si\u00e7 \u00ebsht\u00eb historia e klas\u00ebs s\u00eb 5-t\u00eb, 6-t\u00eb dhe klas\u00ebs s\u00eb 8-t\u00eb p\u00ebr shkak se nuk \u00ebsht\u00eb arritur dakordanc\u00eb mbi at\u00eb se \u00e7far\u00eb shkruhet aty dhe u \u00ebsht\u00eb shkurtuar nx\u00ebn\u00ebsve shqiptar\u00eb t\u00eb Lugin\u00ebs p\u00ebr t\u00eb m\u00ebsuar nj\u00ebjt\u00eb historin\u00eb ashtu si\u00e7 e m\u00ebsojn\u00eb n\u00eb Shqip\u00ebri dhe Kosov\u00eb. Ajo q\u00eb \u00ebsht\u00eb e r\u00ebnd\u00ebsishme \u00ebsht\u00eb q\u00eb Abetarja n\u00eb radh\u00eb t\u00eb par\u00eb \u00ebsht\u00eb aprovuar si komplet i teksteve gjithashtu tekstet e gjuh\u00ebs shqipe nga klasa e par\u00eb n\u00eb t\u00eb 8-t\u00ebn\u201d, ka th\u00ebn\u00eb ai.<\/p>\n<p>Vitin e kaluar, p\u00ebr nx\u00ebn\u00ebsit shqiptar\u00eb t\u00eb shkollave fillore n\u00eb Preshev\u00eb, Bujanoc dhe Medvegj\u00eb jan\u00eb siguruar 35.448 libra shkollor\u00eb n\u00eb gjuh\u00ebn shqipe, t\u00eb shp\u00ebrndar\u00eb n\u00eb rreth 15 shkolla fillore.<\/p>\n<p>P\u00ebr nx\u00ebn\u00ebsit shqiptar\u00eb n\u00eb Preshev\u00eb, Bujanoc e Medvegj\u00eb, m\u00ebsimi n\u00eb gjuh\u00eb amtare organizohet n\u00eb tri institucione parashkollore, n\u00eb 14 shkolla fillore dhe tri shkolla t\u00eb mesme.<\/p>\n<p>Shqiptar\u00ebt n\u00eb Lugin\u00eb, pos arsimit, p\u00ebrballen edhe me shum\u00eb v\u00ebshtir\u00ebsi t\u00eb tjera.<\/p>\n<p>&nbsp;<\/p>\n<p>&nbsp;<\/p>\n","protected":false},"excerpt":{"rendered":"<p>Preshev\u00eb, 2 shtator 2026 07:17 Qeveria e Kosov\u00ebs ka ndar\u00eb s\u00ebrish mjetet p\u00ebr sigurimin e librave falas p\u00ebr nx\u00ebn\u00ebsit shqiptar\u00eb n\u00eb Lugin\u00eb t\u00eb Preshev\u00ebs, por<\/p>\n","protected":false},"author":7,"featured_media":63604,"comment_status":"open","ping_status":"open","sticky":false,"template":"","format":"standard","meta":{"footnotes":""},"categories":[60],"tags":[],"class_list":["post-63845","post","type-post","status-publish","format-standard","has-post-thumbnail","hentry","category-shoqerore-sq"],"yoast_head":"<!-- This site is optimized with the Yoast SEO plugin v25.3.1 - https:\/\/yoast.com\/wordpress\/plugins\/seo\/ -->\n<title>Diskriminim n\u00eb banka shkollore: Serbia bllokon librat p\u00ebr f\u00ebmij\u00ebt shqiptar\u00eb n\u00eb Lugin\u00eb t\u00eb Preshev\u00ebs -<\/title>\n<meta name=\"robots\" content=\"index, follow, max-snippet:-1, max-image-preview:large, max-video-preview:-1\" \/>\n<link rel=\"canonical\" href=\"https:\/\/veritasinfo.org\/?p=63845\" \/>\n<meta property=\"og:locale\" content=\"en_US\" \/>\n<meta property=\"og:type\" content=\"article\" \/>\n<meta property=\"og:title\" content=\"Diskriminim n\u00eb banka shkollore: Serbia bllokon librat p\u00ebr f\u00ebmij\u00ebt shqiptar\u00eb n\u00eb Lugin\u00eb t\u00eb Preshev\u00ebs -\" \/>\n<meta property=\"og:description\" content=\"Preshev\u00eb, 2 shtator 2026 07:17 Qeveria e Kosov\u00ebs ka ndar\u00eb s\u00ebrish mjetet p\u00ebr sigurimin e librave falas p\u00ebr nx\u00ebn\u00ebsit shqiptar\u00eb n\u00eb Lugin\u00eb t\u00eb Preshev\u00ebs, por\" \/>\n<meta property=\"og:url\" content=\"https:\/\/veritasinfo.org\/?p=63845\" \/>\n<meta property=\"article:published_time\" content=\"2026-09-02T05:18:50+00:00\" \/>\n<meta property=\"article:modified_time\" content=\"2026-09-02T05:50:47+00:00\" \/>\n<meta property=\"og:image\" content=\"https:\/\/veritasinfo.org\/wp-content\/uploads\/2026\/08\/Presheva.jpg\" \/>\n\t<meta property=\"og:image:width\" content=\"851\" \/>\n\t<meta property=\"og:image:height\" content=\"544\" \/>\n\t<meta property=\"og:image:type\" content=\"image\/jpeg\" \/>\n<meta name=\"author\" content=\"US6\" \/>\n<meta name=\"twitter:card\" content=\"summary_large_image\" \/>\n<meta name=\"twitter:label1\" content=\"Written by\" \/>\n\t<meta name=\"twitter:data1\" content=\"US6\" \/>\n\t<meta name=\"twitter:label2\" content=\"Est. reading time\" \/>\n\t<meta name=\"twitter:data2\" content=\"3 minutes\" \/>\n<script type=\"application\/ld+json\" class=\"yoast-schema-graph\">{\"@context\":\"https:\/\/schema.org\",\"@graph\":[{\"@type\":\"WebPage\",\"@id\":\"https:\/\/veritasinfo.org\/?p=63845\",\"url\":\"https:\/\/veritasinfo.org\/?p=63845\",\"name\":\"Diskriminim n\u00eb banka shkollore: Serbia bllokon librat p\u00ebr f\u00ebmij\u00ebt shqiptar\u00eb n\u00eb Lugin\u00eb t\u00eb Preshev\u00ebs -\",\"isPartOf\":{\"@id\":\"https:\/\/veritasinfo.org\/#website\"},\"primaryImageOfPage\":{\"@id\":\"https:\/\/veritasinfo.org\/?p=63845#primaryimage\"},\"image\":{\"@id\":\"https:\/\/veritasinfo.org\/?p=63845#primaryimage\"},\"thumbnailUrl\":\"https:\/\/veritasinfo.org\/wp-content\/uploads\/2026\/08\/Presheva.jpg\",\"datePublished\":\"2026-09-02T05:18:50+00:00\",\"dateModified\":\"2026-09-02T05:50:47+00:00\",\"author\":{\"@id\":\"https:\/\/veritasinfo.org\/#\/schema\/person\/fe199eede04c3937362892b7444747cc\"},\"breadcrumb\":{\"@id\":\"https:\/\/veritasinfo.org\/?p=63845#breadcrumb\"},\"inLanguage\":\"en-US\",\"potentialAction\":[{\"@type\":\"ReadAction\",\"target\":[\"https:\/\/veritasinfo.org\/?p=63845\"]}]},{\"@type\":\"ImageObject\",\"inLanguage\":\"en-US\",\"@id\":\"https:\/\/veritasinfo.org\/?p=63845#primaryimage\",\"url\":\"https:\/\/veritasinfo.org\/wp-content\/uploads\/2026\/08\/Presheva.jpg\",\"contentUrl\":\"https:\/\/veritasinfo.org\/wp-content\/uploads\/2026\/08\/Presheva.jpg\",\"width\":851,\"height\":544},{\"@type\":\"BreadcrumbList\",\"@id\":\"https:\/\/veritasinfo.org\/?p=63845#breadcrumb\",\"itemListElement\":[{\"@type\":\"ListItem\",\"position\":1,\"name\":\"Home\",\"item\":\"https:\/\/veritasinfo.org\/\"},{\"@type\":\"ListItem\",\"position\":2,\"name\":\"Diskriminim n\u00eb banka shkollore: Serbia bllokon librat p\u00ebr f\u00ebmij\u00ebt shqiptar\u00eb n\u00eb Lugin\u00eb t\u00eb Preshev\u00ebs\"}]},{\"@type\":\"WebSite\",\"@id\":\"https:\/\/veritasinfo.org\/#website\",\"url\":\"https:\/\/veritasinfo.org\/\",\"name\":\"\",\"description\":\"\",\"potentialAction\":[{\"@type\":\"SearchAction\",\"target\":{\"@type\":\"EntryPoint\",\"urlTemplate\":\"https:\/\/veritasinfo.org\/?s={search_term_string}\"},\"query-input\":{\"@type\":\"PropertyValueSpecification\",\"valueRequired\":true,\"valueName\":\"search_term_string\"}}],\"inLanguage\":\"en-US\"},{\"@type\":\"Person\",\"@id\":\"https:\/\/veritasinfo.org\/#\/schema\/person\/fe199eede04c3937362892b7444747cc\",\"name\":\"US6\",\"image\":{\"@type\":\"ImageObject\",\"inLanguage\":\"en-US\",\"@id\":\"https:\/\/veritasinfo.org\/#\/schema\/person\/image\/\",\"url\":\"https:\/\/secure.gravatar.com\/avatar\/cb16c3c31c9d23b9b8c705964598220b3014e42ff51eb540ff23cefa3ae8c15f?s=96&d=mm&r=g\",\"contentUrl\":\"https:\/\/secure.gravatar.com\/avatar\/cb16c3c31c9d23b9b8c705964598220b3014e42ff51eb540ff23cefa3ae8c15f?s=96&d=mm&r=g\",\"caption\":\"US6\"},\"url\":\"https:\/\/veritasinfo.org\/?author=7\"}]}<\/script>\n<!-- \/ Yoast SEO plugin. -->","yoast_head_json":{"title":"Diskriminim n\u00eb banka shkollore: Serbia bllokon librat p\u00ebr f\u00ebmij\u00ebt shqiptar\u00eb n\u00eb Lugin\u00eb t\u00eb Preshev\u00ebs -","robots":{"index":"index","follow":"follow","max-snippet":"max-snippet:-1","max-image-preview":"max-image-preview:large","max-video-preview":"max-video-preview:-1"},"canonical":"https:\/\/veritasinfo.org\/?p=63845","og_locale":"en_US","og_type":"article","og_title":"Diskriminim n\u00eb banka shkollore: Serbia bllokon librat p\u00ebr f\u00ebmij\u00ebt shqiptar\u00eb n\u00eb Lugin\u00eb t\u00eb Preshev\u00ebs -","og_description":"Preshev\u00eb, 2 shtator 2026 07:17 Qeveria e Kosov\u00ebs ka ndar\u00eb s\u00ebrish mjetet p\u00ebr sigurimin e librave falas p\u00ebr nx\u00ebn\u00ebsit shqiptar\u00eb n\u00eb Lugin\u00eb t\u00eb Preshev\u00ebs, por","og_url":"https:\/\/veritasinfo.org\/?p=63845","article_published_time":"2026-09-02T05:18:50+00:00","article_modified_time":"2026-09-02T05:50:47+00:00","og_image":[{"width":851,"height":544,"url":"https:\/\/veritasinfo.org\/wp-content\/uploads\/2026\/08\/Presheva.jpg","type":"image\/jpeg"}],"author":"US6","twitter_card":"summary_large_image","twitter_misc":{"Written by":"US6","Est. reading time":"3 minutes"},"schema":{"@context":"https:\/\/schema.org","@graph":[{"@type":"WebPage","@id":"https:\/\/veritasinfo.org\/?p=63845","url":"https:\/\/veritasinfo.org\/?p=63845","name":"Diskriminim n\u00eb banka shkollore: Serbia bllokon librat p\u00ebr f\u00ebmij\u00ebt shqiptar\u00eb n\u00eb Lugin\u00eb t\u00eb Preshev\u00ebs -","isPartOf":{"@id":"https:\/\/veritasinfo.org\/#website"},"primaryImageOfPage":{"@id":"https:\/\/veritasinfo.org\/?p=63845#primaryimage"},"image":{"@id":"https:\/\/veritasinfo.org\/?p=63845#primaryimage"},"thumbnailUrl":"https:\/\/veritasinfo.org\/wp-content\/uploads\/2026\/08\/Presheva.jpg","datePublished":"2026-09-02T05:18:50+00:00","dateModified":"2026-09-02T05:50:47+00:00","author":{"@id":"https:\/\/veritasinfo.org\/#\/schema\/person\/fe199eede04c3937362892b7444747cc"},"breadcrumb":{"@id":"https:\/\/veritasinfo.org\/?p=63845#breadcrumb"},"inLanguage":"en-US","potentialAction":[{"@type":"ReadAction","target":["https:\/\/veritasinfo.org\/?p=63845"]}]},{"@type":"ImageObject","inLanguage":"en-US","@id":"https:\/\/veritasinfo.org\/?p=63845#primaryimage","url":"https:\/\/veritasinfo.org\/wp-content\/uploads\/2026\/08\/Presheva.jpg","contentUrl":"https:\/\/veritasinfo.org\/wp-content\/uploads\/2026\/08\/Presheva.jpg","width":851,"height":544},{"@type":"BreadcrumbList","@id":"https:\/\/veritasinfo.org\/?p=63845#breadcrumb","itemListElement":[{"@type":"ListItem","position":1,"name":"Home","item":"https:\/\/veritasinfo.org\/"},{"@type":"ListItem","position":2,"name":"Diskriminim n\u00eb banka shkollore: Serbia bllokon librat p\u00ebr f\u00ebmij\u00ebt shqiptar\u00eb n\u00eb Lugin\u00eb t\u00eb Preshev\u00ebs"}]},{"@type":"WebSite","@id":"https:\/\/veritasinfo.org\/#website","url":"https:\/\/veritasinfo.org\/","name":"","description":"","potentialAction":[{"@type":"SearchAction","target":{"@type":"EntryPoint","urlTemplate":"https:\/\/veritasinfo.org\/?s={search_term_string}"},"query-input":{"@type":"PropertyValueSpecification","valueRequired":true,"valueName":"search_term_string"}}],"inLanguage":"en-US"},{"@type":"Person","@id":"https:\/\/veritasinfo.org\/#\/schema\/person\/fe199eede04c3937362892b7444747cc","name":"US6","image":{"@type":"ImageObject","inLanguage":"en-US","@id":"https:\/\/veritasinfo.org\/#\/schema\/person\/image\/","url":"https:\/\/secure.gravatar.com\/avatar\/cb16c3c31c9d23b9b8c705964598220b3014e42ff51eb540ff23cefa3ae8c15f?s=96&d=mm&r=g","contentUrl":"https:\/\/secure.gravatar.com\/avatar\/cb16c3c31c9d23b9b8c705964598220b3014e42ff51eb540ff23cefa3ae8c15f?s=96&d=mm&r=g","caption":"US6"},"url":"https:\/\/veritasinfo.org\/?author=7"}]}},"featured_image_urls":{"full":["https:\/\/veritasinfo.org\/wp-content\/uploads\/2026\/08\/Presheva.jpg",851,544,false],"thumbnail":["https:\/\/veritasinfo.org\/wp-content\/uploads\/2026\/08\/Presheva-150x150.jpg",150,150,true],"medium":["https:\/\/veritasinfo.org\/wp-content\/uploads\/2026\/08\/Presheva-300x192.jpg",300,192,true],"medium_large":["https:\/\/veritasinfo.org\/wp-content\/uploads\/2026\/08\/Presheva-768x491.jpg",640,409,true],"large":["https:\/\/veritasinfo.org\/wp-content\/uploads\/2026\/08\/Presheva.jpg",640,409,false],"1536x1536":["https:\/\/veritasinfo.org\/wp-content\/uploads\/2026\/08\/Presheva.jpg",851,544,false],"2048x2048":["https:\/\/veritasinfo.org\/wp-content\/uploads\/2026\/08\/Presheva.jpg",851,544,false],"kreeti-slider-full":["https:\/\/veritasinfo.org\/wp-content\/uploads\/2026\/08\/Presheva.jpg",851,544,false],"kreeti-featured":["https:\/\/veritasinfo.org\/wp-content\/uploads\/2026\/08\/Presheva.jpg",851,544,false],"kreeti-medium":["https:\/\/veritasinfo.org\/wp-content\/uploads\/2026\/08\/Presheva-720x530.jpg",720,530,true],"kreeti-medium-square":["https:\/\/veritasinfo.org\/wp-content\/uploads\/2026\/08\/Presheva-350x350.jpg",350,350,true]},"author_info":{"info":["US6"]},"category_info":"<a href=\"https:\/\/veritasinfo.org\/?cat=60\" rel=\"category\">Shoq\u00ebrore<\/a>","tag_info":"Shoq\u00ebrore","comment_count":"0","_links":{"self":[{"href":"https:\/\/veritasinfo.org\/index.php?rest_route=\/wp\/v2\/posts\/63845","targetHints":{"allow":["GET"]}}],"collection":[{"href":"https:\/\/veritasinfo.org\/index.php?rest_route=\/wp\/v2\/posts"}],"about":[{"href":"https:\/\/veritasinfo.org\/index.php?rest_route=\/wp\/v2\/types\/post"}],"author":[{"embeddable":true,"href":"https:\/\/veritasinfo.org\/index.php?rest_route=\/wp\/v2\/users\/7"}],"replies":[{"embeddable":true,"href":"https:\/\/veritasinfo.org\/index.php?rest_route=%2Fwp%2Fv2%2Fcomments&post=63845"}],"version-history":[{"count":1,"href":"https:\/\/veritasinfo.org\/index.php?rest_route=\/wp\/v2\/posts\/63845\/revisions"}],"predecessor-version":[{"id":63847,"href":"https:\/\/veritasinfo.org\/index.php?rest_route=\/wp\/v2\/posts\/63845\/revisions\/63847"}],"wp:featuredmedia":[{"embeddable":true,"href":"https:\/\/veritasinfo.org\/index.php?rest_route=\/wp\/v2\/media\/63604"}],"wp:attachment":[{"href":"https:\/\/veritasinfo.org\/index.php?rest_route=%2Fwp%2Fv2%2Fmedia&parent=63845"}],"wp:term":[{"taxonomy":"category","embeddable":true,"href":"https:\/\/veritasinfo.org\/index.php?rest_route=%2Fwp%2Fv2%2Fcategories&post=63845"},{"taxonomy":"post_tag","embeddable":true,"href":"https:\/\/veritasinfo.org\/index.php?rest_route=%2Fwp%2Fv2%2Ftags&post=63845"}],"curies":[{"name":"wp","href":"https:\/\/api.w.org\/{rel}","templated":true}]}}