{"id":63823,"date":"2026-09-01T19:33:35","date_gmt":"2026-09-01T17:33:35","guid":{"rendered":"https:\/\/veritasinfo.org\/?p=63823"},"modified":"2026-09-01T19:33:35","modified_gmt":"2026-09-01T17:33:35","slug":"vdes-nje-29-vjecar-gjate-punimeve-ne-stacionin-policor-ne-zubin-potok","status":"publish","type":"post","link":"https:\/\/veritasinfo.org\/?p=63823","title":{"rendered":"Vdes nj\u00eb 29-vje\u00e7ar gjat\u00eb punimeve n\u00eb stacionin policor n\u00eb Zubin Potok"},"content":{"rendered":"<p>Prishtin\u00eb, 1 shtator 2026 19:32<\/p>\n<p>Nj\u00eb 29-vje\u00e7ar ka humbur jet\u00ebn pasi dyshohet se \u00ebsht\u00eb l\u00ebnduar derisa ishte duke kryer punime n\u00eb nd\u00ebrtimin e stacionit t\u00eb ri policor n\u00eb Zubin Potok, ka njoftuar Policia e Kosov\u00ebs.<\/p>\n<p>Sipas njoftimit, m\u00eb 1 shtator, rreth or\u00ebs 10:00, Policia ka pranuar informacion nga Qendra Kryesore e Mjek\u00ebsis\u00eb Familjare n\u00eb Zubin Potok se nj\u00eb person ishte sjell\u00eb n\u00eb k\u00ebt\u00eb qend\u00ebr me l\u00ebndime t\u00eb r\u00ebnda trupore.<\/p>\n<p>Bazuar n\u00eb hetimet fillestare, dyshohet se personi, pun\u00ebtor i nj\u00eb kompanie private, ishte l\u00ebnduar derisa ishte duke kryer punime n\u00eb nd\u00ebrtimin e stacionit t\u00eb ri policor n\u00eb Zubin Potok.<\/p>\n<p>P\u00ebr shkak t\u00eb gjendjes s\u00eb r\u00ebnd\u00eb sh\u00ebndet\u00ebsore, stafi mjek\u00ebsor emergjent e ka d\u00ebrguar p\u00ebr trajtim n\u00eb Spitalin Rajonal n\u00eb Mitrovic\u00eb Veri, ku rreth or\u00ebs 11:00 mjeku kujdestar ka konstatuar vdekjen e tij.<\/p>\n<p>N\u00eb vendin e ngjarjes kan\u00eb dal\u00eb nj\u00ebsit\u00eb p\u00ebrkat\u00ebse policore, inspektor\u00ebt komunal\u00eb dhe inspektor\u00ebt e pun\u00ebs.<\/p>\n<p>Pas p\u00ebrfundimit t\u00eb k\u00ebqyrjes s\u00eb vendit t\u00eb ngjarjes, \u00ebsht\u00eb kontaktuar Prokurori i Shtetit, i cili ka urdh\u00ebruar inicimin e rastit p\u00ebr vepr\u00ebn penale \u201cAsgj\u00ebsimi, d\u00ebmtimi ose heqja e pajisjeve mbrojt\u00ebse dhe rrezikimi i siguris\u00eb n\u00eb vendin e pun\u00ebs\u201d.<\/p>\n<p>Me urdh\u00ebr t\u00eb prokurorit, trupi i pajet\u00eb i viktim\u00ebs, mashkull 29-vje\u00e7ar, i lindur m\u00eb 1996, \u00ebsht\u00eb d\u00ebrguar p\u00ebr obduksion n\u00eb Institutin e Mjek\u00ebsis\u00eb Ligjore.<\/p>\n<p>Lidhur me rastin \u00ebsht\u00eb intervistuar nj\u00eb person me inicialet B.B., i lindur m\u00eb 1977, n\u00eb cil\u00ebsin\u00eb e t\u00eb dyshuarit, i cili me urdh\u00ebr t\u00eb Prokurorit t\u00eb Shtetit \u00ebsht\u00eb ndaluar p\u00ebr 48 or\u00eb.<\/p>\n<p>Policia ka b\u00ebr\u00eb t\u00eb ditur se hetimet lidhur me rastin jan\u00eb duke vazhduar me q\u00ebllim t\u00eb ndri\u00e7imit t\u00eb plot\u00eb t\u00eb rrethanave t\u00eb ngjarjes.<\/p>\n","protected":false},"excerpt":{"rendered":"<p>Prishtin\u00eb, 1 shtator 2026 19:32 Nj\u00eb 29-vje\u00e7ar ka humbur jet\u00ebn pasi dyshohet se \u00ebsht\u00eb l\u00ebnduar derisa ishte duke kryer punime n\u00eb nd\u00ebrtimin e stacionit t\u00eb<\/p>\n","protected":false},"author":7,"featured_media":51662,"comment_status":"open","ping_status":"open","sticky":false,"template":"","format":"standard","meta":{"footnotes":""},"categories":[101],"tags":[],"class_list":["post-63823","post","type-post","status-publish","format-standard","has-post-thumbnail","hentry","category-kronike"],"yoast_head":"<!-- This site is optimized with the Yoast SEO plugin v25.3.1 - https:\/\/yoast.com\/wordpress\/plugins\/seo\/ -->\n<title>Vdes nj\u00eb 29-vje\u00e7ar gjat\u00eb punimeve n\u00eb stacionin policor n\u00eb Zubin Potok -<\/title>\n<meta name=\"robots\" content=\"index, follow, max-snippet:-1, max-image-preview:large, max-video-preview:-1\" \/>\n<link rel=\"canonical\" href=\"https:\/\/veritasinfo.org\/?p=63823\" \/>\n<meta property=\"og:locale\" content=\"en_US\" \/>\n<meta property=\"og:type\" content=\"article\" \/>\n<meta property=\"og:title\" content=\"Vdes nj\u00eb 29-vje\u00e7ar gjat\u00eb punimeve n\u00eb stacionin policor n\u00eb Zubin Potok -\" \/>\n<meta property=\"og:description\" content=\"Prishtin\u00eb, 1 shtator 2026 19:32 Nj\u00eb 29-vje\u00e7ar ka humbur jet\u00ebn pasi dyshohet se \u00ebsht\u00eb l\u00ebnduar derisa ishte duke kryer punime n\u00eb nd\u00ebrtimin e stacionit t\u00eb\" \/>\n<meta property=\"og:url\" content=\"https:\/\/veritasinfo.org\/?p=63823\" \/>\n<meta property=\"article:published_time\" content=\"2026-09-01T17:33:35+00:00\" \/>\n<meta property=\"og:image\" content=\"https:\/\/veritasinfo.org\/wp-content\/uploads\/2026\/06\/Shirit-i-Policise-foto-Rtv21.png\" \/>\n\t<meta property=\"og:image:width\" content=\"752\" \/>\n\t<meta property=\"og:image:height\" content=\"486\" \/>\n\t<meta property=\"og:image:type\" content=\"image\/png\" \/>\n<meta name=\"author\" content=\"US6\" \/>\n<meta name=\"twitter:card\" content=\"summary_large_image\" \/>\n<meta name=\"twitter:label1\" content=\"Written by\" \/>\n\t<meta name=\"twitter:data1\" content=\"US6\" \/>\n\t<meta name=\"twitter:label2\" content=\"Est. reading time\" \/>\n\t<meta name=\"twitter:data2\" content=\"2 minutes\" \/>\n<script type=\"application\/ld+json\" class=\"yoast-schema-graph\">{\"@context\":\"https:\/\/schema.org\",\"@graph\":[{\"@type\":\"WebPage\",\"@id\":\"https:\/\/veritasinfo.org\/?p=63823\",\"url\":\"https:\/\/veritasinfo.org\/?p=63823\",\"name\":\"Vdes nj\u00eb 29-vje\u00e7ar gjat\u00eb punimeve n\u00eb stacionin policor n\u00eb Zubin Potok -\",\"isPartOf\":{\"@id\":\"https:\/\/veritasinfo.org\/#website\"},\"primaryImageOfPage\":{\"@id\":\"https:\/\/veritasinfo.org\/?p=63823#primaryimage\"},\"image\":{\"@id\":\"https:\/\/veritasinfo.org\/?p=63823#primaryimage\"},\"thumbnailUrl\":\"https:\/\/veritasinfo.org\/wp-content\/uploads\/2026\/06\/Shirit-i-Policise-foto-Rtv21.png\",\"datePublished\":\"2026-09-01T17:33:35+00:00\",\"author\":{\"@id\":\"https:\/\/veritasinfo.org\/#\/schema\/person\/fe199eede04c3937362892b7444747cc\"},\"breadcrumb\":{\"@id\":\"https:\/\/veritasinfo.org\/?p=63823#breadcrumb\"},\"inLanguage\":\"en-US\",\"potentialAction\":[{\"@type\":\"ReadAction\",\"target\":[\"https:\/\/veritasinfo.org\/?p=63823\"]}]},{\"@type\":\"ImageObject\",\"inLanguage\":\"en-US\",\"@id\":\"https:\/\/veritasinfo.org\/?p=63823#primaryimage\",\"url\":\"https:\/\/veritasinfo.org\/wp-content\/uploads\/2026\/06\/Shirit-i-Policise-foto-Rtv21.png\",\"contentUrl\":\"https:\/\/veritasinfo.org\/wp-content\/uploads\/2026\/06\/Shirit-i-Policise-foto-Rtv21.png\",\"width\":752,\"height\":486},{\"@type\":\"BreadcrumbList\",\"@id\":\"https:\/\/veritasinfo.org\/?p=63823#breadcrumb\",\"itemListElement\":[{\"@type\":\"ListItem\",\"position\":1,\"name\":\"Home\",\"item\":\"https:\/\/veritasinfo.org\/\"},{\"@type\":\"ListItem\",\"position\":2,\"name\":\"Vdes nj\u00eb 29-vje\u00e7ar gjat\u00eb punimeve n\u00eb stacionin policor n\u00eb Zubin Potok\"}]},{\"@type\":\"WebSite\",\"@id\":\"https:\/\/veritasinfo.org\/#website\",\"url\":\"https:\/\/veritasinfo.org\/\",\"name\":\"\",\"description\":\"\",\"potentialAction\":[{\"@type\":\"SearchAction\",\"target\":{\"@type\":\"EntryPoint\",\"urlTemplate\":\"https:\/\/veritasinfo.org\/?s={search_term_string}\"},\"query-input\":{\"@type\":\"PropertyValueSpecification\",\"valueRequired\":true,\"valueName\":\"search_term_string\"}}],\"inLanguage\":\"en-US\"},{\"@type\":\"Person\",\"@id\":\"https:\/\/veritasinfo.org\/#\/schema\/person\/fe199eede04c3937362892b7444747cc\",\"name\":\"US6\",\"image\":{\"@type\":\"ImageObject\",\"inLanguage\":\"en-US\",\"@id\":\"https:\/\/veritasinfo.org\/#\/schema\/person\/image\/\",\"url\":\"https:\/\/secure.gravatar.com\/avatar\/cb16c3c31c9d23b9b8c705964598220b3014e42ff51eb540ff23cefa3ae8c15f?s=96&d=mm&r=g\",\"contentUrl\":\"https:\/\/secure.gravatar.com\/avatar\/cb16c3c31c9d23b9b8c705964598220b3014e42ff51eb540ff23cefa3ae8c15f?s=96&d=mm&r=g\",\"caption\":\"US6\"},\"url\":\"https:\/\/veritasinfo.org\/?author=7\"}]}<\/script>\n<!-- \/ Yoast SEO plugin. -->","yoast_head_json":{"title":"Vdes nj\u00eb 29-vje\u00e7ar gjat\u00eb punimeve n\u00eb stacionin policor n\u00eb Zubin Potok -","robots":{"index":"index","follow":"follow","max-snippet":"max-snippet:-1","max-image-preview":"max-image-preview:large","max-video-preview":"max-video-preview:-1"},"canonical":"https:\/\/veritasinfo.org\/?p=63823","og_locale":"en_US","og_type":"article","og_title":"Vdes nj\u00eb 29-vje\u00e7ar gjat\u00eb punimeve n\u00eb stacionin policor n\u00eb Zubin Potok -","og_description":"Prishtin\u00eb, 1 shtator 2026 19:32 Nj\u00eb 29-vje\u00e7ar ka humbur jet\u00ebn pasi dyshohet se \u00ebsht\u00eb l\u00ebnduar derisa ishte duke kryer punime n\u00eb nd\u00ebrtimin e stacionit t\u00eb","og_url":"https:\/\/veritasinfo.org\/?p=63823","article_published_time":"2026-09-01T17:33:35+00:00","og_image":[{"width":752,"height":486,"url":"https:\/\/veritasinfo.org\/wp-content\/uploads\/2026\/06\/Shirit-i-Policise-foto-Rtv21.png","type":"image\/png"}],"author":"US6","twitter_card":"summary_large_image","twitter_misc":{"Written by":"US6","Est. reading time":"2 minutes"},"schema":{"@context":"https:\/\/schema.org","@graph":[{"@type":"WebPage","@id":"https:\/\/veritasinfo.org\/?p=63823","url":"https:\/\/veritasinfo.org\/?p=63823","name":"Vdes nj\u00eb 29-vje\u00e7ar gjat\u00eb punimeve n\u00eb stacionin policor n\u00eb Zubin Potok -","isPartOf":{"@id":"https:\/\/veritasinfo.org\/#website"},"primaryImageOfPage":{"@id":"https:\/\/veritasinfo.org\/?p=63823#primaryimage"},"image":{"@id":"https:\/\/veritasinfo.org\/?p=63823#primaryimage"},"thumbnailUrl":"https:\/\/veritasinfo.org\/wp-content\/uploads\/2026\/06\/Shirit-i-Policise-foto-Rtv21.png","datePublished":"2026-09-01T17:33:35+00:00","author":{"@id":"https:\/\/veritasinfo.org\/#\/schema\/person\/fe199eede04c3937362892b7444747cc"},"breadcrumb":{"@id":"https:\/\/veritasinfo.org\/?p=63823#breadcrumb"},"inLanguage":"en-US","potentialAction":[{"@type":"ReadAction","target":["https:\/\/veritasinfo.org\/?p=63823"]}]},{"@type":"ImageObject","inLanguage":"en-US","@id":"https:\/\/veritasinfo.org\/?p=63823#primaryimage","url":"https:\/\/veritasinfo.org\/wp-content\/uploads\/2026\/06\/Shirit-i-Policise-foto-Rtv21.png","contentUrl":"https:\/\/veritasinfo.org\/wp-content\/uploads\/2026\/06\/Shirit-i-Policise-foto-Rtv21.png","width":752,"height":486},{"@type":"BreadcrumbList","@id":"https:\/\/veritasinfo.org\/?p=63823#breadcrumb","itemListElement":[{"@type":"ListItem","position":1,"name":"Home","item":"https:\/\/veritasinfo.org\/"},{"@type":"ListItem","position":2,"name":"Vdes nj\u00eb 29-vje\u00e7ar gjat\u00eb punimeve n\u00eb stacionin policor n\u00eb Zubin Potok"}]},{"@type":"WebSite","@id":"https:\/\/veritasinfo.org\/#website","url":"https:\/\/veritasinfo.org\/","name":"","description":"","potentialAction":[{"@type":"SearchAction","target":{"@type":"EntryPoint","urlTemplate":"https:\/\/veritasinfo.org\/?s={search_term_string}"},"query-input":{"@type":"PropertyValueSpecification","valueRequired":true,"valueName":"search_term_string"}}],"inLanguage":"en-US"},{"@type":"Person","@id":"https:\/\/veritasinfo.org\/#\/schema\/person\/fe199eede04c3937362892b7444747cc","name":"US6","image":{"@type":"ImageObject","inLanguage":"en-US","@id":"https:\/\/veritasinfo.org\/#\/schema\/person\/image\/","url":"https:\/\/secure.gravatar.com\/avatar\/cb16c3c31c9d23b9b8c705964598220b3014e42ff51eb540ff23cefa3ae8c15f?s=96&d=mm&r=g","contentUrl":"https:\/\/secure.gravatar.com\/avatar\/cb16c3c31c9d23b9b8c705964598220b3014e42ff51eb540ff23cefa3ae8c15f?s=96&d=mm&r=g","caption":"US6"},"url":"https:\/\/veritasinfo.org\/?author=7"}]}},"featured_image_urls":{"full":["https:\/\/veritasinfo.org\/wp-content\/uploads\/2026\/06\/Shirit-i-Policise-foto-Rtv21.png",752,486,false],"thumbnail":["https:\/\/veritasinfo.org\/wp-content\/uploads\/2026\/06\/Shirit-i-Policise-foto-Rtv21-150x150.png",150,150,true],"medium":["https:\/\/veritasinfo.org\/wp-content\/uploads\/2026\/06\/Shirit-i-Policise-foto-Rtv21-300x194.png",300,194,true],"medium_large":["https:\/\/veritasinfo.org\/wp-content\/uploads\/2026\/06\/Shirit-i-Policise-foto-Rtv21.png",640,414,false],"large":["https:\/\/veritasinfo.org\/wp-content\/uploads\/2026\/06\/Shirit-i-Policise-foto-Rtv21.png",640,414,false],"1536x1536":["https:\/\/veritasinfo.org\/wp-content\/uploads\/2026\/06\/Shirit-i-Policise-foto-Rtv21.png",752,486,false],"2048x2048":["https:\/\/veritasinfo.org\/wp-content\/uploads\/2026\/06\/Shirit-i-Policise-foto-Rtv21.png",752,486,false],"kreeti-slider-full":["https:\/\/veritasinfo.org\/wp-content\/uploads\/2026\/06\/Shirit-i-Policise-foto-Rtv21.png",752,486,false],"kreeti-featured":["https:\/\/veritasinfo.org\/wp-content\/uploads\/2026\/06\/Shirit-i-Policise-foto-Rtv21.png",752,486,false],"kreeti-medium":["https:\/\/veritasinfo.org\/wp-content\/uploads\/2026\/06\/Shirit-i-Policise-foto-Rtv21-720x486.png",720,486,true],"kreeti-medium-square":["https:\/\/veritasinfo.org\/wp-content\/uploads\/2026\/06\/Shirit-i-Policise-foto-Rtv21-350x350.png",350,350,true]},"author_info":{"info":["US6"]},"category_info":"<a href=\"https:\/\/veritasinfo.org\/?cat=101\" rel=\"category\">Kronik\u00eb<\/a>","tag_info":"Kronik\u00eb","comment_count":"0","_links":{"self":[{"href":"https:\/\/veritasinfo.org\/index.php?rest_route=\/wp\/v2\/posts\/63823","targetHints":{"allow":["GET"]}}],"collection":[{"href":"https:\/\/veritasinfo.org\/index.php?rest_route=\/wp\/v2\/posts"}],"about":[{"href":"https:\/\/veritasinfo.org\/index.php?rest_route=\/wp\/v2\/types\/post"}],"author":[{"embeddable":true,"href":"https:\/\/veritasinfo.org\/index.php?rest_route=\/wp\/v2\/users\/7"}],"replies":[{"embeddable":true,"href":"https:\/\/veritasinfo.org\/index.php?rest_route=%2Fwp%2Fv2%2Fcomments&post=63823"}],"version-history":[{"count":1,"href":"https:\/\/veritasinfo.org\/index.php?rest_route=\/wp\/v2\/posts\/63823\/revisions"}],"predecessor-version":[{"id":63824,"href":"https:\/\/veritasinfo.org\/index.php?rest_route=\/wp\/v2\/posts\/63823\/revisions\/63824"}],"wp:featuredmedia":[{"embeddable":true,"href":"https:\/\/veritasinfo.org\/index.php?rest_route=\/wp\/v2\/media\/51662"}],"wp:attachment":[{"href":"https:\/\/veritasinfo.org\/index.php?rest_route=%2Fwp%2Fv2%2Fmedia&parent=63823"}],"wp:term":[{"taxonomy":"category","embeddable":true,"href":"https:\/\/veritasinfo.org\/index.php?rest_route=%2Fwp%2Fv2%2Fcategories&post=63823"},{"taxonomy":"post_tag","embeddable":true,"href":"https:\/\/veritasinfo.org\/index.php?rest_route=%2Fwp%2Fv2%2Ftags&post=63823"}],"curies":[{"name":"wp","href":"https:\/\/api.w.org\/{rel}","templated":true}]}}