{"id":63798,"date":"2026-09-01T14:48:39","date_gmt":"2026-09-01T12:48:39","guid":{"rendered":"https:\/\/veritasinfo.org\/?p=63798"},"modified":"2026-09-01T14:48:39","modified_gmt":"2026-09-01T12:48:39","slug":"kamberi-srbija-sprovodi-politiku-institucionalne-diskriminacije-albanaca","status":"publish","type":"post","link":"https:\/\/veritasinfo.org\/?p=63798&lang=sr","title":{"rendered":"Kamberi: Srbija sprovodi politiku institucionalne diskriminacije Albanaca"},"content":{"rendered":"<p>Pre\u0161evo, 1. septembar 2026. 14:42<\/p>\n<p>Albanski poslanik u Skup\u0161tini Srbije, \u0160aip Kamberi, kritikovao je politiku Beograda prema Albancima u Pre\u0161evskoj dolini, opisujuc\u0301i je kao institucionalnu diskriminaciju koja su\u017eava prostor za normalan \u017eivot.<\/p>\n<p>U izjavi za Veritasinfo, Kamberi je rekao da se Albanci kroz administrativne i politi\u010dke mere suo\u010davaju sa nizom prepreka, uklju\u010dujuc\u0301i pasivizaciju adresa, nepriznavanje diploma, institucionalnu nedovoljnu zastupljenost i, najnovije, prepreke koje poga\u0111aju decu osnovnih \u0161kola.<\/p>\n<p>Prema njegovim re\u010dima, ove prakse direktno uti\u010du na uklanjanje ljudi iz Pre\u0161evske doline.<\/p>\n<p>\u201eTo je deo politike institucionalne diskriminacije koju Srbija sprovodi protiv Albanaca\u201c, izjavio je Kamberi, dodajuc\u0301i da se ove administrativne metode mogu smatrati oblicima \u201eetni\u010dkog \u010di\u0161c\u0301enja\u201c.<\/p>\n<p>Posebno je kritikovao blokiranje sredstava namenjenih Albancima, isti\u010duc\u0301i da se to radi bez konkretne institucionalne odluke, vec\u0301, prema njegovim re\u010dima, putem \u201epoliti\u010dkog diktata\u201c.<\/p>\n<p>Kamberi je ocenio da nastavak ovih politika dodatno ote\u017eava \u017eivot Albanaca u Pre\u0161evskoj dolini i podsti\u010de njihove migracije.<\/p>\n","protected":false},"excerpt":{"rendered":"<p>Pre\u0161evo, 1. septembar 2026. 14:42 Albanski poslanik u Skup\u0161tini Srbije, \u0160aip Kamberi, kritikovao je politiku Beograda prema Albancima u Pre\u0161evskoj dolini, opisujuc\u0301i je kao institucionalnu<\/p>\n","protected":false},"author":7,"featured_media":48998,"comment_status":"open","ping_status":"open","sticky":false,"template":"","format":"standard","meta":{"footnotes":""},"categories":[28],"tags":[],"class_list":["post-63798","post","type-post","status-publish","format-standard","has-post-thumbnail","hentry","category-politika"],"yoast_head":"<!-- This site is optimized with the Yoast SEO plugin v25.3.1 - https:\/\/yoast.com\/wordpress\/plugins\/seo\/ -->\n<title>Kamberi: Srbija sprovodi politiku institucionalne diskriminacije Albanaca -<\/title>\n<meta name=\"robots\" content=\"index, follow, max-snippet:-1, max-image-preview:large, max-video-preview:-1\" \/>\n<link rel=\"canonical\" href=\"https:\/\/veritasinfo.org\/?p=63798&lang=sr\" \/>\n<meta property=\"og:locale\" content=\"en_US\" \/>\n<meta property=\"og:type\" content=\"article\" \/>\n<meta property=\"og:title\" content=\"Kamberi: Srbija sprovodi politiku institucionalne diskriminacije Albanaca -\" \/>\n<meta property=\"og:description\" content=\"Pre\u0161evo, 1. septembar 2026. 14:42 Albanski poslanik u Skup\u0161tini Srbije, \u0160aip Kamberi, kritikovao je politiku Beograda prema Albancima u Pre\u0161evskoj dolini, opisujuc\u0301i je kao institucionalnu\" \/>\n<meta property=\"og:url\" content=\"https:\/\/veritasinfo.org\/?p=63798&amp;lang=sr\" \/>\n<meta property=\"article:published_time\" content=\"2026-09-01T12:48:39+00:00\" \/>\n<meta property=\"og:image\" content=\"https:\/\/veritasinfo.org\/wp-content\/uploads\/2026\/05\/auto_shaip-kamberi1779190921-1.jpg\" \/>\n\t<meta property=\"og:image:width\" content=\"900\" \/>\n\t<meta property=\"og:image:height\" content=\"536\" \/>\n\t<meta property=\"og:image:type\" content=\"image\/jpeg\" \/>\n<meta name=\"author\" content=\"US6\" \/>\n<meta name=\"twitter:card\" content=\"summary_large_image\" \/>\n<meta name=\"twitter:label1\" content=\"Written by\" \/>\n\t<meta name=\"twitter:data1\" content=\"US6\" \/>\n\t<meta name=\"twitter:label2\" content=\"Est. reading time\" \/>\n\t<meta name=\"twitter:data2\" content=\"1 minute\" \/>\n<script type=\"application\/ld+json\" class=\"yoast-schema-graph\">{\"@context\":\"https:\/\/schema.org\",\"@graph\":[{\"@type\":\"WebPage\",\"@id\":\"https:\/\/veritasinfo.org\/?p=63798&lang=sr\",\"url\":\"https:\/\/veritasinfo.org\/?p=63798&lang=sr\",\"name\":\"Kamberi: Srbija sprovodi politiku institucionalne diskriminacije Albanaca -\",\"isPartOf\":{\"@id\":\"https:\/\/veritasinfo.org\/#website\"},\"primaryImageOfPage\":{\"@id\":\"https:\/\/veritasinfo.org\/?p=63798&lang=sr#primaryimage\"},\"image\":{\"@id\":\"https:\/\/veritasinfo.org\/?p=63798&lang=sr#primaryimage\"},\"thumbnailUrl\":\"https:\/\/veritasinfo.org\/wp-content\/uploads\/2026\/05\/auto_shaip-kamberi1779190921-1.jpg\",\"datePublished\":\"2026-09-01T12:48:39+00:00\",\"author\":{\"@id\":\"https:\/\/veritasinfo.org\/#\/schema\/person\/fe199eede04c3937362892b7444747cc\"},\"breadcrumb\":{\"@id\":\"https:\/\/veritasinfo.org\/?p=63798&lang=sr#breadcrumb\"},\"inLanguage\":\"en-US\",\"potentialAction\":[{\"@type\":\"ReadAction\",\"target\":[\"https:\/\/veritasinfo.org\/?p=63798&lang=sr\"]}]},{\"@type\":\"ImageObject\",\"inLanguage\":\"en-US\",\"@id\":\"https:\/\/veritasinfo.org\/?p=63798&lang=sr#primaryimage\",\"url\":\"https:\/\/veritasinfo.org\/wp-content\/uploads\/2026\/05\/auto_shaip-kamberi1779190921-1.jpg\",\"contentUrl\":\"https:\/\/veritasinfo.org\/wp-content\/uploads\/2026\/05\/auto_shaip-kamberi1779190921-1.jpg\",\"width\":900,\"height\":536},{\"@type\":\"BreadcrumbList\",\"@id\":\"https:\/\/veritasinfo.org\/?p=63798&lang=sr#breadcrumb\",\"itemListElement\":[{\"@type\":\"ListItem\",\"position\":1,\"name\":\"Home\",\"item\":\"https:\/\/veritasinfo.org\/\"},{\"@type\":\"ListItem\",\"position\":2,\"name\":\"Kamberi: Srbija sprovodi politiku institucionalne diskriminacije Albanaca\"}]},{\"@type\":\"WebSite\",\"@id\":\"https:\/\/veritasinfo.org\/#website\",\"url\":\"https:\/\/veritasinfo.org\/\",\"name\":\"\",\"description\":\"\",\"potentialAction\":[{\"@type\":\"SearchAction\",\"target\":{\"@type\":\"EntryPoint\",\"urlTemplate\":\"https:\/\/veritasinfo.org\/?s={search_term_string}\"},\"query-input\":{\"@type\":\"PropertyValueSpecification\",\"valueRequired\":true,\"valueName\":\"search_term_string\"}}],\"inLanguage\":\"en-US\"},{\"@type\":\"Person\",\"@id\":\"https:\/\/veritasinfo.org\/#\/schema\/person\/fe199eede04c3937362892b7444747cc\",\"name\":\"US6\",\"image\":{\"@type\":\"ImageObject\",\"inLanguage\":\"en-US\",\"@id\":\"https:\/\/veritasinfo.org\/#\/schema\/person\/image\/\",\"url\":\"https:\/\/secure.gravatar.com\/avatar\/cb16c3c31c9d23b9b8c705964598220b3014e42ff51eb540ff23cefa3ae8c15f?s=96&d=mm&r=g\",\"contentUrl\":\"https:\/\/secure.gravatar.com\/avatar\/cb16c3c31c9d23b9b8c705964598220b3014e42ff51eb540ff23cefa3ae8c15f?s=96&d=mm&r=g\",\"caption\":\"US6\"},\"url\":\"https:\/\/veritasinfo.org\/?author=7\"}]}<\/script>\n<!-- \/ Yoast SEO plugin. -->","yoast_head_json":{"title":"Kamberi: Srbija sprovodi politiku institucionalne diskriminacije Albanaca -","robots":{"index":"index","follow":"follow","max-snippet":"max-snippet:-1","max-image-preview":"max-image-preview:large","max-video-preview":"max-video-preview:-1"},"canonical":"https:\/\/veritasinfo.org\/?p=63798&lang=sr","og_locale":"en_US","og_type":"article","og_title":"Kamberi: Srbija sprovodi politiku institucionalne diskriminacije Albanaca -","og_description":"Pre\u0161evo, 1. septembar 2026. 14:42 Albanski poslanik u Skup\u0161tini Srbije, \u0160aip Kamberi, kritikovao je politiku Beograda prema Albancima u Pre\u0161evskoj dolini, opisujuc\u0301i je kao institucionalnu","og_url":"https:\/\/veritasinfo.org\/?p=63798&lang=sr","article_published_time":"2026-09-01T12:48:39+00:00","og_image":[{"width":900,"height":536,"url":"https:\/\/veritasinfo.org\/wp-content\/uploads\/2026\/05\/auto_shaip-kamberi1779190921-1.jpg","type":"image\/jpeg"}],"author":"US6","twitter_card":"summary_large_image","twitter_misc":{"Written by":"US6","Est. reading time":"1 minute"},"schema":{"@context":"https:\/\/schema.org","@graph":[{"@type":"WebPage","@id":"https:\/\/veritasinfo.org\/?p=63798&lang=sr","url":"https:\/\/veritasinfo.org\/?p=63798&lang=sr","name":"Kamberi: Srbija sprovodi politiku institucionalne diskriminacije Albanaca -","isPartOf":{"@id":"https:\/\/veritasinfo.org\/#website"},"primaryImageOfPage":{"@id":"https:\/\/veritasinfo.org\/?p=63798&lang=sr#primaryimage"},"image":{"@id":"https:\/\/veritasinfo.org\/?p=63798&lang=sr#primaryimage"},"thumbnailUrl":"https:\/\/veritasinfo.org\/wp-content\/uploads\/2026\/05\/auto_shaip-kamberi1779190921-1.jpg","datePublished":"2026-09-01T12:48:39+00:00","author":{"@id":"https:\/\/veritasinfo.org\/#\/schema\/person\/fe199eede04c3937362892b7444747cc"},"breadcrumb":{"@id":"https:\/\/veritasinfo.org\/?p=63798&lang=sr#breadcrumb"},"inLanguage":"en-US","potentialAction":[{"@type":"ReadAction","target":["https:\/\/veritasinfo.org\/?p=63798&lang=sr"]}]},{"@type":"ImageObject","inLanguage":"en-US","@id":"https:\/\/veritasinfo.org\/?p=63798&lang=sr#primaryimage","url":"https:\/\/veritasinfo.org\/wp-content\/uploads\/2026\/05\/auto_shaip-kamberi1779190921-1.jpg","contentUrl":"https:\/\/veritasinfo.org\/wp-content\/uploads\/2026\/05\/auto_shaip-kamberi1779190921-1.jpg","width":900,"height":536},{"@type":"BreadcrumbList","@id":"https:\/\/veritasinfo.org\/?p=63798&lang=sr#breadcrumb","itemListElement":[{"@type":"ListItem","position":1,"name":"Home","item":"https:\/\/veritasinfo.org\/"},{"@type":"ListItem","position":2,"name":"Kamberi: Srbija sprovodi politiku institucionalne diskriminacije Albanaca"}]},{"@type":"WebSite","@id":"https:\/\/veritasinfo.org\/#website","url":"https:\/\/veritasinfo.org\/","name":"","description":"","potentialAction":[{"@type":"SearchAction","target":{"@type":"EntryPoint","urlTemplate":"https:\/\/veritasinfo.org\/?s={search_term_string}"},"query-input":{"@type":"PropertyValueSpecification","valueRequired":true,"valueName":"search_term_string"}}],"inLanguage":"en-US"},{"@type":"Person","@id":"https:\/\/veritasinfo.org\/#\/schema\/person\/fe199eede04c3937362892b7444747cc","name":"US6","image":{"@type":"ImageObject","inLanguage":"en-US","@id":"https:\/\/veritasinfo.org\/#\/schema\/person\/image\/","url":"https:\/\/secure.gravatar.com\/avatar\/cb16c3c31c9d23b9b8c705964598220b3014e42ff51eb540ff23cefa3ae8c15f?s=96&d=mm&r=g","contentUrl":"https:\/\/secure.gravatar.com\/avatar\/cb16c3c31c9d23b9b8c705964598220b3014e42ff51eb540ff23cefa3ae8c15f?s=96&d=mm&r=g","caption":"US6"},"url":"https:\/\/veritasinfo.org\/?author=7"}]}},"featured_image_urls":{"full":["https:\/\/veritasinfo.org\/wp-content\/uploads\/2026\/05\/auto_shaip-kamberi1779190921-1.jpg",900,536,false],"thumbnail":["https:\/\/veritasinfo.org\/wp-content\/uploads\/2026\/05\/auto_shaip-kamberi1779190921-1-150x150.jpg",150,150,true],"medium":["https:\/\/veritasinfo.org\/wp-content\/uploads\/2026\/05\/auto_shaip-kamberi1779190921-1-300x179.jpg",300,179,true],"medium_large":["https:\/\/veritasinfo.org\/wp-content\/uploads\/2026\/05\/auto_shaip-kamberi1779190921-1-768x457.jpg",640,381,true],"large":["https:\/\/veritasinfo.org\/wp-content\/uploads\/2026\/05\/auto_shaip-kamberi1779190921-1.jpg",640,381,false],"1536x1536":["https:\/\/veritasinfo.org\/wp-content\/uploads\/2026\/05\/auto_shaip-kamberi1779190921-1.jpg",900,536,false],"2048x2048":["https:\/\/veritasinfo.org\/wp-content\/uploads\/2026\/05\/auto_shaip-kamberi1779190921-1.jpg",900,536,false],"kreeti-slider-full":["https:\/\/veritasinfo.org\/wp-content\/uploads\/2026\/05\/auto_shaip-kamberi1779190921-1.jpg",900,536,false],"kreeti-featured":["https:\/\/veritasinfo.org\/wp-content\/uploads\/2026\/05\/auto_shaip-kamberi1779190921-1.jpg",900,536,false],"kreeti-medium":["https:\/\/veritasinfo.org\/wp-content\/uploads\/2026\/05\/auto_shaip-kamberi1779190921-1-720x530.jpg",720,530,true],"kreeti-medium-square":["https:\/\/veritasinfo.org\/wp-content\/uploads\/2026\/05\/auto_shaip-kamberi1779190921-1-350x350.jpg",350,350,true]},"author_info":{"info":["US6"]},"category_info":"<a href=\"https:\/\/veritasinfo.org\/?cat=28&#038;lang=sr\" rel=\"category\">Politika<\/a>","tag_info":"Politika","comment_count":"0","_links":{"self":[{"href":"https:\/\/veritasinfo.org\/index.php?rest_route=\/wp\/v2\/posts\/63798","targetHints":{"allow":["GET"]}}],"collection":[{"href":"https:\/\/veritasinfo.org\/index.php?rest_route=\/wp\/v2\/posts"}],"about":[{"href":"https:\/\/veritasinfo.org\/index.php?rest_route=\/wp\/v2\/types\/post"}],"author":[{"embeddable":true,"href":"https:\/\/veritasinfo.org\/index.php?rest_route=\/wp\/v2\/users\/7"}],"replies":[{"embeddable":true,"href":"https:\/\/veritasinfo.org\/index.php?rest_route=%2Fwp%2Fv2%2Fcomments&post=63798"}],"version-history":[{"count":1,"href":"https:\/\/veritasinfo.org\/index.php?rest_route=\/wp\/v2\/posts\/63798\/revisions"}],"predecessor-version":[{"id":63799,"href":"https:\/\/veritasinfo.org\/index.php?rest_route=\/wp\/v2\/posts\/63798\/revisions\/63799"}],"wp:featuredmedia":[{"embeddable":true,"href":"https:\/\/veritasinfo.org\/index.php?rest_route=\/wp\/v2\/media\/48998"}],"wp:attachment":[{"href":"https:\/\/veritasinfo.org\/index.php?rest_route=%2Fwp%2Fv2%2Fmedia&parent=63798"}],"wp:term":[{"taxonomy":"category","embeddable":true,"href":"https:\/\/veritasinfo.org\/index.php?rest_route=%2Fwp%2Fv2%2Fcategories&post=63798"},{"taxonomy":"post_tag","embeddable":true,"href":"https:\/\/veritasinfo.org\/index.php?rest_route=%2Fwp%2Fv2%2Ftags&post=63798"}],"curies":[{"name":"wp","href":"https:\/\/api.w.org\/{rel}","templated":true}]}}