{"id":63795,"date":"2026-09-01T14:47:08","date_gmt":"2026-09-01T12:47:08","guid":{"rendered":"https:\/\/veritasinfo.org\/?p=63795"},"modified":"2026-09-01T14:47:08","modified_gmt":"2026-09-01T12:47:08","slug":"kamberi-serbia-po-ndjek-politike-te-diskriminimit-institucional-ndaj-shqiptareve","status":"publish","type":"post","link":"https:\/\/veritasinfo.org\/?p=63795","title":{"rendered":"Kamberi: Serbia po ndjek politik\u00eb t\u00eb diskriminimit institucional ndaj shqiptar\u00ebve"},"content":{"rendered":"<p>Preshev\u00eb, 1 shtator 2026 14:42<\/p>\n<p>Deputeti shqiptar n\u00eb Kuvendin e Serbis\u00eb, Shaip Kamberi, ka kritikuar politik\u00ebn e Beogradit ndaj shqiptar\u00ebve n\u00eb Lugin\u00ebn e Preshev\u00ebs, duke e cil\u00ebsuar at\u00eb si diskriminim institucional q\u00eb po ngushton hap\u00ebsir\u00ebn p\u00ebr nj\u00eb jet\u00eb normale.<\/p>\n<p>N\u00eb nj\u00eb prononcim p\u00ebr Veritasinfo, Kamberi ka th\u00ebn\u00eb se p\u00ebrmes masave administrative dhe politike, shqiptar\u00ebt po p\u00ebrballen me nj\u00eb s\u00ebr\u00eb pengesash, p\u00ebrfshir\u00eb pasivizimin e adresave, mosnjohjen e diplomave, n\u00ebnp\u00ebrfaq\u00ebsimin institucional dhe, s\u00eb fundmi, edhe pengesat q\u00eb prekin f\u00ebmij\u00ebt e shkollave fillore.<\/p>\n<p>Sipas tij, k\u00ebto praktika ndikojn\u00eb drejtp\u00ebrdrejt n\u00eb largimin e njer\u00ebzve nga Lugina e Preshev\u00ebs.<\/p>\n<p>\u201c\u00cbsht\u00eb pjes\u00eb e politik\u00ebs s\u00eb diskriminimit institucional q\u00eb Serbia po e b\u00ebn ndaj shqiptar\u00ebve\u201d, ka deklaruar Kamberi, duke shtuar se k\u00ebto metoda administrative mund t\u00eb konsiderohen si forma t\u00eb \u201cpastrimit etnik\u201d.<\/p>\n<p>Ai ka kritikuar ve\u00e7an\u00ebrisht bllokimin e mjeteve t\u00eb dedikuara p\u00ebr shqiptar\u00ebt, duke theksuar se kjo po b\u00ebhet pa nj\u00eb vendim konkret institucional, por, sipas tij, p\u00ebrmes nj\u00eb \u201cdiktati politik\u201d.<\/p>\n<p>Kamberi ka vler\u00ebsuar se vazhdimi i k\u00ebtyre politikave e v\u00ebshtir\u00ebson edhe m\u00eb shum\u00eb jet\u00ebn e shqiptar\u00ebve n\u00eb Lugin\u00ebn e Preshev\u00ebs dhe nxit migrimin e tyre.<br \/>\n<!--\/data\/user\/0\/com.samsung.android.app.notes\/files\/clipdata\/clipdata_bodytext_260901_144234_605.sdocx--><\/p>\n","protected":false},"excerpt":{"rendered":"<p>Preshev\u00eb, 1 shtator 2026 14:42 Deputeti shqiptar n\u00eb Kuvendin e Serbis\u00eb, Shaip Kamberi, ka kritikuar politik\u00ebn e Beogradit ndaj shqiptar\u00ebve n\u00eb Lugin\u00ebn e Preshev\u00ebs, duke<\/p>\n","protected":false},"author":7,"featured_media":48994,"comment_status":"open","ping_status":"open","sticky":false,"template":"","format":"standard","meta":{"footnotes":""},"categories":[58],"tags":[],"class_list":["post-63795","post","type-post","status-publish","format-standard","has-post-thumbnail","hentry","category-politike-sq"],"yoast_head":"<!-- This site is optimized with the Yoast SEO plugin v25.3.1 - https:\/\/yoast.com\/wordpress\/plugins\/seo\/ -->\n<title>Kamberi: Serbia po ndjek politik\u00eb t\u00eb diskriminimit institucional ndaj shqiptar\u00ebve -<\/title>\n<meta name=\"robots\" content=\"index, follow, max-snippet:-1, max-image-preview:large, max-video-preview:-1\" \/>\n<link rel=\"canonical\" href=\"https:\/\/veritasinfo.org\/?p=63795\" \/>\n<meta property=\"og:locale\" content=\"en_US\" \/>\n<meta property=\"og:type\" content=\"article\" \/>\n<meta property=\"og:title\" content=\"Kamberi: Serbia po ndjek politik\u00eb t\u00eb diskriminimit institucional ndaj shqiptar\u00ebve -\" \/>\n<meta property=\"og:description\" content=\"Preshev\u00eb, 1 shtator 2026 14:42 Deputeti shqiptar n\u00eb Kuvendin e Serbis\u00eb, Shaip Kamberi, ka kritikuar politik\u00ebn e Beogradit ndaj shqiptar\u00ebve n\u00eb Lugin\u00ebn e Preshev\u00ebs, duke\" \/>\n<meta property=\"og:url\" content=\"https:\/\/veritasinfo.org\/?p=63795\" \/>\n<meta property=\"article:published_time\" content=\"2026-09-01T12:47:08+00:00\" \/>\n<meta property=\"og:image\" content=\"https:\/\/veritasinfo.org\/wp-content\/uploads\/2026\/05\/auto_shaip-kamberi1779190921.jpg\" \/>\n\t<meta property=\"og:image:width\" content=\"900\" \/>\n\t<meta property=\"og:image:height\" content=\"536\" \/>\n\t<meta property=\"og:image:type\" content=\"image\/jpeg\" \/>\n<meta name=\"author\" content=\"US6\" \/>\n<meta name=\"twitter:card\" content=\"summary_large_image\" \/>\n<meta name=\"twitter:label1\" content=\"Written by\" \/>\n\t<meta name=\"twitter:data1\" content=\"US6\" \/>\n\t<meta name=\"twitter:label2\" content=\"Est. reading time\" \/>\n\t<meta name=\"twitter:data2\" content=\"1 minute\" \/>\n<script type=\"application\/ld+json\" class=\"yoast-schema-graph\">{\"@context\":\"https:\/\/schema.org\",\"@graph\":[{\"@type\":\"WebPage\",\"@id\":\"https:\/\/veritasinfo.org\/?p=63795\",\"url\":\"https:\/\/veritasinfo.org\/?p=63795\",\"name\":\"Kamberi: Serbia po ndjek politik\u00eb t\u00eb diskriminimit institucional ndaj shqiptar\u00ebve -\",\"isPartOf\":{\"@id\":\"https:\/\/veritasinfo.org\/#website\"},\"primaryImageOfPage\":{\"@id\":\"https:\/\/veritasinfo.org\/?p=63795#primaryimage\"},\"image\":{\"@id\":\"https:\/\/veritasinfo.org\/?p=63795#primaryimage\"},\"thumbnailUrl\":\"https:\/\/veritasinfo.org\/wp-content\/uploads\/2026\/05\/auto_shaip-kamberi1779190921.jpg\",\"datePublished\":\"2026-09-01T12:47:08+00:00\",\"author\":{\"@id\":\"https:\/\/veritasinfo.org\/#\/schema\/person\/fe199eede04c3937362892b7444747cc\"},\"breadcrumb\":{\"@id\":\"https:\/\/veritasinfo.org\/?p=63795#breadcrumb\"},\"inLanguage\":\"en-US\",\"potentialAction\":[{\"@type\":\"ReadAction\",\"target\":[\"https:\/\/veritasinfo.org\/?p=63795\"]}]},{\"@type\":\"ImageObject\",\"inLanguage\":\"en-US\",\"@id\":\"https:\/\/veritasinfo.org\/?p=63795#primaryimage\",\"url\":\"https:\/\/veritasinfo.org\/wp-content\/uploads\/2026\/05\/auto_shaip-kamberi1779190921.jpg\",\"contentUrl\":\"https:\/\/veritasinfo.org\/wp-content\/uploads\/2026\/05\/auto_shaip-kamberi1779190921.jpg\",\"width\":900,\"height\":536},{\"@type\":\"BreadcrumbList\",\"@id\":\"https:\/\/veritasinfo.org\/?p=63795#breadcrumb\",\"itemListElement\":[{\"@type\":\"ListItem\",\"position\":1,\"name\":\"Home\",\"item\":\"https:\/\/veritasinfo.org\/\"},{\"@type\":\"ListItem\",\"position\":2,\"name\":\"Kamberi: Serbia po ndjek politik\u00eb t\u00eb diskriminimit institucional ndaj shqiptar\u00ebve\"}]},{\"@type\":\"WebSite\",\"@id\":\"https:\/\/veritasinfo.org\/#website\",\"url\":\"https:\/\/veritasinfo.org\/\",\"name\":\"\",\"description\":\"\",\"potentialAction\":[{\"@type\":\"SearchAction\",\"target\":{\"@type\":\"EntryPoint\",\"urlTemplate\":\"https:\/\/veritasinfo.org\/?s={search_term_string}\"},\"query-input\":{\"@type\":\"PropertyValueSpecification\",\"valueRequired\":true,\"valueName\":\"search_term_string\"}}],\"inLanguage\":\"en-US\"},{\"@type\":\"Person\",\"@id\":\"https:\/\/veritasinfo.org\/#\/schema\/person\/fe199eede04c3937362892b7444747cc\",\"name\":\"US6\",\"image\":{\"@type\":\"ImageObject\",\"inLanguage\":\"en-US\",\"@id\":\"https:\/\/veritasinfo.org\/#\/schema\/person\/image\/\",\"url\":\"https:\/\/secure.gravatar.com\/avatar\/cb16c3c31c9d23b9b8c705964598220b3014e42ff51eb540ff23cefa3ae8c15f?s=96&d=mm&r=g\",\"contentUrl\":\"https:\/\/secure.gravatar.com\/avatar\/cb16c3c31c9d23b9b8c705964598220b3014e42ff51eb540ff23cefa3ae8c15f?s=96&d=mm&r=g\",\"caption\":\"US6\"},\"url\":\"https:\/\/veritasinfo.org\/?author=7\"}]}<\/script>\n<!-- \/ Yoast SEO plugin. -->","yoast_head_json":{"title":"Kamberi: Serbia po ndjek politik\u00eb t\u00eb diskriminimit institucional ndaj shqiptar\u00ebve -","robots":{"index":"index","follow":"follow","max-snippet":"max-snippet:-1","max-image-preview":"max-image-preview:large","max-video-preview":"max-video-preview:-1"},"canonical":"https:\/\/veritasinfo.org\/?p=63795","og_locale":"en_US","og_type":"article","og_title":"Kamberi: Serbia po ndjek politik\u00eb t\u00eb diskriminimit institucional ndaj shqiptar\u00ebve -","og_description":"Preshev\u00eb, 1 shtator 2026 14:42 Deputeti shqiptar n\u00eb Kuvendin e Serbis\u00eb, Shaip Kamberi, ka kritikuar politik\u00ebn e Beogradit ndaj shqiptar\u00ebve n\u00eb Lugin\u00ebn e Preshev\u00ebs, duke","og_url":"https:\/\/veritasinfo.org\/?p=63795","article_published_time":"2026-09-01T12:47:08+00:00","og_image":[{"width":900,"height":536,"url":"https:\/\/veritasinfo.org\/wp-content\/uploads\/2026\/05\/auto_shaip-kamberi1779190921.jpg","type":"image\/jpeg"}],"author":"US6","twitter_card":"summary_large_image","twitter_misc":{"Written by":"US6","Est. reading time":"1 minute"},"schema":{"@context":"https:\/\/schema.org","@graph":[{"@type":"WebPage","@id":"https:\/\/veritasinfo.org\/?p=63795","url":"https:\/\/veritasinfo.org\/?p=63795","name":"Kamberi: Serbia po ndjek politik\u00eb t\u00eb diskriminimit institucional ndaj shqiptar\u00ebve -","isPartOf":{"@id":"https:\/\/veritasinfo.org\/#website"},"primaryImageOfPage":{"@id":"https:\/\/veritasinfo.org\/?p=63795#primaryimage"},"image":{"@id":"https:\/\/veritasinfo.org\/?p=63795#primaryimage"},"thumbnailUrl":"https:\/\/veritasinfo.org\/wp-content\/uploads\/2026\/05\/auto_shaip-kamberi1779190921.jpg","datePublished":"2026-09-01T12:47:08+00:00","author":{"@id":"https:\/\/veritasinfo.org\/#\/schema\/person\/fe199eede04c3937362892b7444747cc"},"breadcrumb":{"@id":"https:\/\/veritasinfo.org\/?p=63795#breadcrumb"},"inLanguage":"en-US","potentialAction":[{"@type":"ReadAction","target":["https:\/\/veritasinfo.org\/?p=63795"]}]},{"@type":"ImageObject","inLanguage":"en-US","@id":"https:\/\/veritasinfo.org\/?p=63795#primaryimage","url":"https:\/\/veritasinfo.org\/wp-content\/uploads\/2026\/05\/auto_shaip-kamberi1779190921.jpg","contentUrl":"https:\/\/veritasinfo.org\/wp-content\/uploads\/2026\/05\/auto_shaip-kamberi1779190921.jpg","width":900,"height":536},{"@type":"BreadcrumbList","@id":"https:\/\/veritasinfo.org\/?p=63795#breadcrumb","itemListElement":[{"@type":"ListItem","position":1,"name":"Home","item":"https:\/\/veritasinfo.org\/"},{"@type":"ListItem","position":2,"name":"Kamberi: Serbia po ndjek politik\u00eb t\u00eb diskriminimit institucional ndaj shqiptar\u00ebve"}]},{"@type":"WebSite","@id":"https:\/\/veritasinfo.org\/#website","url":"https:\/\/veritasinfo.org\/","name":"","description":"","potentialAction":[{"@type":"SearchAction","target":{"@type":"EntryPoint","urlTemplate":"https:\/\/veritasinfo.org\/?s={search_term_string}"},"query-input":{"@type":"PropertyValueSpecification","valueRequired":true,"valueName":"search_term_string"}}],"inLanguage":"en-US"},{"@type":"Person","@id":"https:\/\/veritasinfo.org\/#\/schema\/person\/fe199eede04c3937362892b7444747cc","name":"US6","image":{"@type":"ImageObject","inLanguage":"en-US","@id":"https:\/\/veritasinfo.org\/#\/schema\/person\/image\/","url":"https:\/\/secure.gravatar.com\/avatar\/cb16c3c31c9d23b9b8c705964598220b3014e42ff51eb540ff23cefa3ae8c15f?s=96&d=mm&r=g","contentUrl":"https:\/\/secure.gravatar.com\/avatar\/cb16c3c31c9d23b9b8c705964598220b3014e42ff51eb540ff23cefa3ae8c15f?s=96&d=mm&r=g","caption":"US6"},"url":"https:\/\/veritasinfo.org\/?author=7"}]}},"featured_image_urls":{"full":["https:\/\/veritasinfo.org\/wp-content\/uploads\/2026\/05\/auto_shaip-kamberi1779190921.jpg",900,536,false],"thumbnail":["https:\/\/veritasinfo.org\/wp-content\/uploads\/2026\/05\/auto_shaip-kamberi1779190921-150x150.jpg",150,150,true],"medium":["https:\/\/veritasinfo.org\/wp-content\/uploads\/2026\/05\/auto_shaip-kamberi1779190921-300x179.jpg",300,179,true],"medium_large":["https:\/\/veritasinfo.org\/wp-content\/uploads\/2026\/05\/auto_shaip-kamberi1779190921-768x457.jpg",640,381,true],"large":["https:\/\/veritasinfo.org\/wp-content\/uploads\/2026\/05\/auto_shaip-kamberi1779190921.jpg",640,381,false],"1536x1536":["https:\/\/veritasinfo.org\/wp-content\/uploads\/2026\/05\/auto_shaip-kamberi1779190921.jpg",900,536,false],"2048x2048":["https:\/\/veritasinfo.org\/wp-content\/uploads\/2026\/05\/auto_shaip-kamberi1779190921.jpg",900,536,false],"kreeti-slider-full":["https:\/\/veritasinfo.org\/wp-content\/uploads\/2026\/05\/auto_shaip-kamberi1779190921.jpg",900,536,false],"kreeti-featured":["https:\/\/veritasinfo.org\/wp-content\/uploads\/2026\/05\/auto_shaip-kamberi1779190921.jpg",900,536,false],"kreeti-medium":["https:\/\/veritasinfo.org\/wp-content\/uploads\/2026\/05\/auto_shaip-kamberi1779190921-720x530.jpg",720,530,true],"kreeti-medium-square":["https:\/\/veritasinfo.org\/wp-content\/uploads\/2026\/05\/auto_shaip-kamberi1779190921-350x350.jpg",350,350,true]},"author_info":{"info":["US6"]},"category_info":"<a href=\"https:\/\/veritasinfo.org\/?cat=58\" rel=\"category\">Politik\u00eb<\/a>","tag_info":"Politik\u00eb","comment_count":"0","_links":{"self":[{"href":"https:\/\/veritasinfo.org\/index.php?rest_route=\/wp\/v2\/posts\/63795","targetHints":{"allow":["GET"]}}],"collection":[{"href":"https:\/\/veritasinfo.org\/index.php?rest_route=\/wp\/v2\/posts"}],"about":[{"href":"https:\/\/veritasinfo.org\/index.php?rest_route=\/wp\/v2\/types\/post"}],"author":[{"embeddable":true,"href":"https:\/\/veritasinfo.org\/index.php?rest_route=\/wp\/v2\/users\/7"}],"replies":[{"embeddable":true,"href":"https:\/\/veritasinfo.org\/index.php?rest_route=%2Fwp%2Fv2%2Fcomments&post=63795"}],"version-history":[{"count":2,"href":"https:\/\/veritasinfo.org\/index.php?rest_route=\/wp\/v2\/posts\/63795\/revisions"}],"predecessor-version":[{"id":63797,"href":"https:\/\/veritasinfo.org\/index.php?rest_route=\/wp\/v2\/posts\/63795\/revisions\/63797"}],"wp:featuredmedia":[{"embeddable":true,"href":"https:\/\/veritasinfo.org\/index.php?rest_route=\/wp\/v2\/media\/48994"}],"wp:attachment":[{"href":"https:\/\/veritasinfo.org\/index.php?rest_route=%2Fwp%2Fv2%2Fmedia&parent=63795"}],"wp:term":[{"taxonomy":"category","embeddable":true,"href":"https:\/\/veritasinfo.org\/index.php?rest_route=%2Fwp%2Fv2%2Fcategories&post=63795"},{"taxonomy":"post_tag","embeddable":true,"href":"https:\/\/veritasinfo.org\/index.php?rest_route=%2Fwp%2Fv2%2Ftags&post=63795"}],"curies":[{"name":"wp","href":"https:\/\/api.w.org\/{rel}","templated":true}]}}