{"id":63789,"date":"2026-09-01T13:57:48","date_gmt":"2026-09-01T11:57:48","guid":{"rendered":"https:\/\/veritasinfo.org\/?p=63789"},"modified":"2026-09-01T13:57:48","modified_gmt":"2026-09-01T11:57:48","slug":"serbia-bllokon-mjetet-e-kosoves-nxenesit-shqiptare-ne-lugine-mbesin-pa-libra","status":"publish","type":"post","link":"https:\/\/veritasinfo.org\/?p=63789","title":{"rendered":"Serbia bllokon mjetet e Kosov\u00ebs, nx\u00ebn\u00ebsit shqiptar\u00eb n\u00eb Lugin\u00eb mbesin pa libra"},"content":{"rendered":"<p>Prishtin\u00eb, 1 shtator 2026 13:56<\/p>\n<p>Ish-kryetari i K\u00ebshillit Komb\u00ebtar Shqiptar, Ragmi Mustafa ka th\u00ebn\u00eb se nx\u00ebn\u00ebsit shqiptar n\u00eb Lugin\u00ebn e Preshev\u00ebs nuk kan\u00eb nisur sot vitin shkollor me libra falas, pas bllokimit nga ana e Qeveris\u00eb s\u00eb Serbis\u00eb t\u00eb mjeteve t\u00eb ndara nga Qeveria e Kosov\u00ebs.<\/p>\n<p>Ai ka th\u00ebn\u00eb se rreth 2.000 nx\u00ebn\u00ebs shqiptar\u00eb t\u00eb tri shkollave t\u00eb mesme n\u00eb Preshev\u00eb dhe Bujanoc vazhdojn\u00eb t\u00eb m\u00ebsojn\u00eb pa asnj\u00eb komplet tekstesh n\u00eb gjuh\u00ebn shqipe sipas programeve t\u00eb reformuara.<\/p>\n<p>\u201cSot, m\u00eb 1 shtator 2026, 3.686 nx\u00ebn\u00ebs shqiptar\u00eb t\u00eb shkollave fillore n\u00eb Preshev\u00eb, Bujanoc dhe Medvegj\u00eb e nisin vitin shkollor pa librat falas q\u00eb u takojn\u00eb. Jo sepse librat mungojn\u00eb. Jo sepse Kosova nuk i ka ndar\u00eb mjetet. Jo sepse K\u00ebshilli Komb\u00ebtar Shqiptar dhe shkollat nuk jan\u00eb p\u00ebrgatitur. Por sepse institucionet e Serbis\u00eb kan\u00eb bllokuar mjetet e Qeveris\u00eb s\u00eb Republik\u00ebs s\u00eb Kosov\u00ebs t\u00eb dedikuara p\u00ebr tekstet m\u00ebsimore t\u00eb f\u00ebmij\u00ebve shqiptar\u00eb\u201d, ka shkruar ai n\u00eb Facebook.<\/p>\n<p>Ai ka th\u00ebn\u00eb se veprimi i Serbis\u00eb \u00ebsht\u00eb nd\u00ebrhyrje n\u00eb drejt\u00ebn p\u00ebr arsim.<\/p>\n<p>\u201cKur nj\u00eb shtet bllokon financimin e librave p\u00ebr f\u00ebmij\u00eb p\u00ebr shkak t\u00eb prejardhjes s\u00eb mjeteve, ai nd\u00ebrhyn drejtp\u00ebrdrejt n\u00eb t\u00eb drejt\u00ebn p\u00ebr arsim, n\u00eb barazin\u00eb e qytetar\u00ebve dhe n\u00eb ruajtjen e gjuh\u00ebs e t\u00eb identitetit. Nd\u00ebrkoh\u00eb, rreth 2.000 nx\u00ebn\u00ebs shqiptar\u00eb t\u00eb tri shkollave t\u00eb mesme n\u00eb Preshev\u00eb dhe Bujanoc vazhdojn\u00eb t\u00eb m\u00ebsojn\u00eb pa asnj\u00eb komplet tekstesh n\u00eb gjuh\u00ebn shqipe sipas programeve t\u00eb reformuara. Tani po rrezikohet edhe nj\u00ebra prej arritjeve m\u00eb t\u00eb r\u00ebnd\u00ebsishme t\u00eb viteve t\u00eb fundit \u2013 pajisja falas e \u00e7do filloristi shqiptar me libra n\u00eb gjuh\u00ebn amtare. Mund t\u2019i bllokoni mjetet, por nuk mund ta bllokoni t\u00eb drejt\u00ebn ton\u00eb p\u00ebr librin shqip. Libra shqip. Libra falas. Barazi p\u00ebr \u00e7do nx\u00ebn\u00ebs\u201d, ka shkruar ai<\/p>\n","protected":false},"excerpt":{"rendered":"<p>Prishtin\u00eb, 1 shtator 2026 13:56 Ish-kryetari i K\u00ebshillit Komb\u00ebtar Shqiptar, Ragmi Mustafa ka th\u00ebn\u00eb se nx\u00ebn\u00ebsit shqiptar n\u00eb Lugin\u00ebn e Preshev\u00ebs nuk kan\u00eb nisur sot<\/p>\n","protected":false},"author":7,"featured_media":63790,"comment_status":"open","ping_status":"open","sticky":false,"template":"","format":"standard","meta":{"footnotes":""},"categories":[60],"tags":[],"class_list":["post-63789","post","type-post","status-publish","format-standard","has-post-thumbnail","hentry","category-shoqerore-sq"],"yoast_head":"<!-- This site is optimized with the Yoast SEO plugin v25.3.1 - https:\/\/yoast.com\/wordpress\/plugins\/seo\/ -->\n<title>Serbia bllokon mjetet e Kosov\u00ebs, nx\u00ebn\u00ebsit shqiptar\u00eb n\u00eb Lugin\u00eb mbesin pa libra -<\/title>\n<meta name=\"robots\" content=\"index, follow, max-snippet:-1, max-image-preview:large, max-video-preview:-1\" \/>\n<link rel=\"canonical\" href=\"https:\/\/veritasinfo.org\/?p=63789\" \/>\n<meta property=\"og:locale\" content=\"en_US\" \/>\n<meta property=\"og:type\" content=\"article\" \/>\n<meta property=\"og:title\" content=\"Serbia bllokon mjetet e Kosov\u00ebs, nx\u00ebn\u00ebsit shqiptar\u00eb n\u00eb Lugin\u00eb mbesin pa libra -\" \/>\n<meta property=\"og:description\" content=\"Prishtin\u00eb, 1 shtator 2026 13:56 Ish-kryetari i K\u00ebshillit Komb\u00ebtar Shqiptar, Ragmi Mustafa ka th\u00ebn\u00eb se nx\u00ebn\u00ebsit shqiptar n\u00eb Lugin\u00ebn e Preshev\u00ebs nuk kan\u00eb nisur sot\" \/>\n<meta property=\"og:url\" content=\"https:\/\/veritasinfo.org\/?p=63789\" \/>\n<meta property=\"article:published_time\" content=\"2026-09-01T11:57:48+00:00\" \/>\n<meta property=\"og:image\" content=\"https:\/\/veritasinfo.org\/wp-content\/uploads\/2026\/09\/Screenshot_20260901_135726_Chrome.jpg\" \/>\n\t<meta property=\"og:image:width\" content=\"1006\" \/>\n\t<meta property=\"og:image:height\" content=\"698\" \/>\n\t<meta property=\"og:image:type\" content=\"image\/jpeg\" \/>\n<meta name=\"author\" content=\"US6\" \/>\n<meta name=\"twitter:card\" content=\"summary_large_image\" \/>\n<meta name=\"twitter:label1\" content=\"Written by\" \/>\n\t<meta name=\"twitter:data1\" content=\"US6\" \/>\n\t<meta name=\"twitter:label2\" content=\"Est. reading time\" \/>\n\t<meta name=\"twitter:data2\" content=\"2 minutes\" \/>\n<script type=\"application\/ld+json\" class=\"yoast-schema-graph\">{\"@context\":\"https:\/\/schema.org\",\"@graph\":[{\"@type\":\"WebPage\",\"@id\":\"https:\/\/veritasinfo.org\/?p=63789\",\"url\":\"https:\/\/veritasinfo.org\/?p=63789\",\"name\":\"Serbia bllokon mjetet e Kosov\u00ebs, nx\u00ebn\u00ebsit shqiptar\u00eb n\u00eb Lugin\u00eb mbesin pa libra -\",\"isPartOf\":{\"@id\":\"https:\/\/veritasinfo.org\/#website\"},\"primaryImageOfPage\":{\"@id\":\"https:\/\/veritasinfo.org\/?p=63789#primaryimage\"},\"image\":{\"@id\":\"https:\/\/veritasinfo.org\/?p=63789#primaryimage\"},\"thumbnailUrl\":\"https:\/\/veritasinfo.org\/wp-content\/uploads\/2026\/09\/Screenshot_20260901_135726_Chrome.jpg\",\"datePublished\":\"2026-09-01T11:57:48+00:00\",\"author\":{\"@id\":\"https:\/\/veritasinfo.org\/#\/schema\/person\/fe199eede04c3937362892b7444747cc\"},\"breadcrumb\":{\"@id\":\"https:\/\/veritasinfo.org\/?p=63789#breadcrumb\"},\"inLanguage\":\"en-US\",\"potentialAction\":[{\"@type\":\"ReadAction\",\"target\":[\"https:\/\/veritasinfo.org\/?p=63789\"]}]},{\"@type\":\"ImageObject\",\"inLanguage\":\"en-US\",\"@id\":\"https:\/\/veritasinfo.org\/?p=63789#primaryimage\",\"url\":\"https:\/\/veritasinfo.org\/wp-content\/uploads\/2026\/09\/Screenshot_20260901_135726_Chrome.jpg\",\"contentUrl\":\"https:\/\/veritasinfo.org\/wp-content\/uploads\/2026\/09\/Screenshot_20260901_135726_Chrome.jpg\",\"width\":1006,\"height\":698},{\"@type\":\"BreadcrumbList\",\"@id\":\"https:\/\/veritasinfo.org\/?p=63789#breadcrumb\",\"itemListElement\":[{\"@type\":\"ListItem\",\"position\":1,\"name\":\"Home\",\"item\":\"https:\/\/veritasinfo.org\/\"},{\"@type\":\"ListItem\",\"position\":2,\"name\":\"Serbia bllokon mjetet e Kosov\u00ebs, nx\u00ebn\u00ebsit shqiptar\u00eb n\u00eb Lugin\u00eb mbesin pa libra\"}]},{\"@type\":\"WebSite\",\"@id\":\"https:\/\/veritasinfo.org\/#website\",\"url\":\"https:\/\/veritasinfo.org\/\",\"name\":\"\",\"description\":\"\",\"potentialAction\":[{\"@type\":\"SearchAction\",\"target\":{\"@type\":\"EntryPoint\",\"urlTemplate\":\"https:\/\/veritasinfo.org\/?s={search_term_string}\"},\"query-input\":{\"@type\":\"PropertyValueSpecification\",\"valueRequired\":true,\"valueName\":\"search_term_string\"}}],\"inLanguage\":\"en-US\"},{\"@type\":\"Person\",\"@id\":\"https:\/\/veritasinfo.org\/#\/schema\/person\/fe199eede04c3937362892b7444747cc\",\"name\":\"US6\",\"image\":{\"@type\":\"ImageObject\",\"inLanguage\":\"en-US\",\"@id\":\"https:\/\/veritasinfo.org\/#\/schema\/person\/image\/\",\"url\":\"https:\/\/secure.gravatar.com\/avatar\/cb16c3c31c9d23b9b8c705964598220b3014e42ff51eb540ff23cefa3ae8c15f?s=96&d=mm&r=g\",\"contentUrl\":\"https:\/\/secure.gravatar.com\/avatar\/cb16c3c31c9d23b9b8c705964598220b3014e42ff51eb540ff23cefa3ae8c15f?s=96&d=mm&r=g\",\"caption\":\"US6\"},\"url\":\"https:\/\/veritasinfo.org\/?author=7\"}]}<\/script>\n<!-- \/ Yoast SEO plugin. -->","yoast_head_json":{"title":"Serbia bllokon mjetet e Kosov\u00ebs, nx\u00ebn\u00ebsit shqiptar\u00eb n\u00eb Lugin\u00eb mbesin pa libra -","robots":{"index":"index","follow":"follow","max-snippet":"max-snippet:-1","max-image-preview":"max-image-preview:large","max-video-preview":"max-video-preview:-1"},"canonical":"https:\/\/veritasinfo.org\/?p=63789","og_locale":"en_US","og_type":"article","og_title":"Serbia bllokon mjetet e Kosov\u00ebs, nx\u00ebn\u00ebsit shqiptar\u00eb n\u00eb Lugin\u00eb mbesin pa libra -","og_description":"Prishtin\u00eb, 1 shtator 2026 13:56 Ish-kryetari i K\u00ebshillit Komb\u00ebtar Shqiptar, Ragmi Mustafa ka th\u00ebn\u00eb se nx\u00ebn\u00ebsit shqiptar n\u00eb Lugin\u00ebn e Preshev\u00ebs nuk kan\u00eb nisur sot","og_url":"https:\/\/veritasinfo.org\/?p=63789","article_published_time":"2026-09-01T11:57:48+00:00","og_image":[{"width":1006,"height":698,"url":"https:\/\/veritasinfo.org\/wp-content\/uploads\/2026\/09\/Screenshot_20260901_135726_Chrome.jpg","type":"image\/jpeg"}],"author":"US6","twitter_card":"summary_large_image","twitter_misc":{"Written by":"US6","Est. reading time":"2 minutes"},"schema":{"@context":"https:\/\/schema.org","@graph":[{"@type":"WebPage","@id":"https:\/\/veritasinfo.org\/?p=63789","url":"https:\/\/veritasinfo.org\/?p=63789","name":"Serbia bllokon mjetet e Kosov\u00ebs, nx\u00ebn\u00ebsit shqiptar\u00eb n\u00eb Lugin\u00eb mbesin pa libra -","isPartOf":{"@id":"https:\/\/veritasinfo.org\/#website"},"primaryImageOfPage":{"@id":"https:\/\/veritasinfo.org\/?p=63789#primaryimage"},"image":{"@id":"https:\/\/veritasinfo.org\/?p=63789#primaryimage"},"thumbnailUrl":"https:\/\/veritasinfo.org\/wp-content\/uploads\/2026\/09\/Screenshot_20260901_135726_Chrome.jpg","datePublished":"2026-09-01T11:57:48+00:00","author":{"@id":"https:\/\/veritasinfo.org\/#\/schema\/person\/fe199eede04c3937362892b7444747cc"},"breadcrumb":{"@id":"https:\/\/veritasinfo.org\/?p=63789#breadcrumb"},"inLanguage":"en-US","potentialAction":[{"@type":"ReadAction","target":["https:\/\/veritasinfo.org\/?p=63789"]}]},{"@type":"ImageObject","inLanguage":"en-US","@id":"https:\/\/veritasinfo.org\/?p=63789#primaryimage","url":"https:\/\/veritasinfo.org\/wp-content\/uploads\/2026\/09\/Screenshot_20260901_135726_Chrome.jpg","contentUrl":"https:\/\/veritasinfo.org\/wp-content\/uploads\/2026\/09\/Screenshot_20260901_135726_Chrome.jpg","width":1006,"height":698},{"@type":"BreadcrumbList","@id":"https:\/\/veritasinfo.org\/?p=63789#breadcrumb","itemListElement":[{"@type":"ListItem","position":1,"name":"Home","item":"https:\/\/veritasinfo.org\/"},{"@type":"ListItem","position":2,"name":"Serbia bllokon mjetet e Kosov\u00ebs, nx\u00ebn\u00ebsit shqiptar\u00eb n\u00eb Lugin\u00eb mbesin pa libra"}]},{"@type":"WebSite","@id":"https:\/\/veritasinfo.org\/#website","url":"https:\/\/veritasinfo.org\/","name":"","description":"","potentialAction":[{"@type":"SearchAction","target":{"@type":"EntryPoint","urlTemplate":"https:\/\/veritasinfo.org\/?s={search_term_string}"},"query-input":{"@type":"PropertyValueSpecification","valueRequired":true,"valueName":"search_term_string"}}],"inLanguage":"en-US"},{"@type":"Person","@id":"https:\/\/veritasinfo.org\/#\/schema\/person\/fe199eede04c3937362892b7444747cc","name":"US6","image":{"@type":"ImageObject","inLanguage":"en-US","@id":"https:\/\/veritasinfo.org\/#\/schema\/person\/image\/","url":"https:\/\/secure.gravatar.com\/avatar\/cb16c3c31c9d23b9b8c705964598220b3014e42ff51eb540ff23cefa3ae8c15f?s=96&d=mm&r=g","contentUrl":"https:\/\/secure.gravatar.com\/avatar\/cb16c3c31c9d23b9b8c705964598220b3014e42ff51eb540ff23cefa3ae8c15f?s=96&d=mm&r=g","caption":"US6"},"url":"https:\/\/veritasinfo.org\/?author=7"}]}},"featured_image_urls":{"full":["https:\/\/veritasinfo.org\/wp-content\/uploads\/2026\/09\/Screenshot_20260901_135726_Chrome.jpg",1006,698,false],"thumbnail":["https:\/\/veritasinfo.org\/wp-content\/uploads\/2026\/09\/Screenshot_20260901_135726_Chrome-150x150.jpg",150,150,true],"medium":["https:\/\/veritasinfo.org\/wp-content\/uploads\/2026\/09\/Screenshot_20260901_135726_Chrome-300x208.jpg",300,208,true],"medium_large":["https:\/\/veritasinfo.org\/wp-content\/uploads\/2026\/09\/Screenshot_20260901_135726_Chrome-768x533.jpg",640,444,true],"large":["https:\/\/veritasinfo.org\/wp-content\/uploads\/2026\/09\/Screenshot_20260901_135726_Chrome.jpg",640,444,false],"1536x1536":["https:\/\/veritasinfo.org\/wp-content\/uploads\/2026\/09\/Screenshot_20260901_135726_Chrome.jpg",1006,698,false],"2048x2048":["https:\/\/veritasinfo.org\/wp-content\/uploads\/2026\/09\/Screenshot_20260901_135726_Chrome.jpg",1006,698,false],"kreeti-slider-full":["https:\/\/veritasinfo.org\/wp-content\/uploads\/2026\/09\/Screenshot_20260901_135726_Chrome.jpg",1006,698,false],"kreeti-featured":["https:\/\/veritasinfo.org\/wp-content\/uploads\/2026\/09\/Screenshot_20260901_135726_Chrome.jpg",1006,698,false],"kreeti-medium":["https:\/\/veritasinfo.org\/wp-content\/uploads\/2026\/09\/Screenshot_20260901_135726_Chrome-720x530.jpg",720,530,true],"kreeti-medium-square":["https:\/\/veritasinfo.org\/wp-content\/uploads\/2026\/09\/Screenshot_20260901_135726_Chrome-350x350.jpg",350,350,true]},"author_info":{"info":["US6"]},"category_info":"<a href=\"https:\/\/veritasinfo.org\/?cat=60\" rel=\"category\">Shoq\u00ebrore<\/a>","tag_info":"Shoq\u00ebrore","comment_count":"0","_links":{"self":[{"href":"https:\/\/veritasinfo.org\/index.php?rest_route=\/wp\/v2\/posts\/63789","targetHints":{"allow":["GET"]}}],"collection":[{"href":"https:\/\/veritasinfo.org\/index.php?rest_route=\/wp\/v2\/posts"}],"about":[{"href":"https:\/\/veritasinfo.org\/index.php?rest_route=\/wp\/v2\/types\/post"}],"author":[{"embeddable":true,"href":"https:\/\/veritasinfo.org\/index.php?rest_route=\/wp\/v2\/users\/7"}],"replies":[{"embeddable":true,"href":"https:\/\/veritasinfo.org\/index.php?rest_route=%2Fwp%2Fv2%2Fcomments&post=63789"}],"version-history":[{"count":1,"href":"https:\/\/veritasinfo.org\/index.php?rest_route=\/wp\/v2\/posts\/63789\/revisions"}],"predecessor-version":[{"id":63791,"href":"https:\/\/veritasinfo.org\/index.php?rest_route=\/wp\/v2\/posts\/63789\/revisions\/63791"}],"wp:featuredmedia":[{"embeddable":true,"href":"https:\/\/veritasinfo.org\/index.php?rest_route=\/wp\/v2\/media\/63790"}],"wp:attachment":[{"href":"https:\/\/veritasinfo.org\/index.php?rest_route=%2Fwp%2Fv2%2Fmedia&parent=63789"}],"wp:term":[{"taxonomy":"category","embeddable":true,"href":"https:\/\/veritasinfo.org\/index.php?rest_route=%2Fwp%2Fv2%2Fcategories&post=63789"},{"taxonomy":"post_tag","embeddable":true,"href":"https:\/\/veritasinfo.org\/index.php?rest_route=%2Fwp%2Fv2%2Ftags&post=63789"}],"curies":[{"name":"wp","href":"https:\/\/api.w.org\/{rel}","templated":true}]}}