{"id":63782,"date":"2026-09-01T13:27:18","date_gmt":"2026-09-01T11:27:18","guid":{"rendered":"https:\/\/veritasinfo.org\/?p=63782"},"modified":"2026-09-01T13:27:30","modified_gmt":"2026-09-01T11:27:30","slug":"63782","status":"publish","type":"post","link":"https:\/\/veritasinfo.org\/?p=63782","title":{"rendered":"Zjarr i madh n\u00eb kodr\u00ebn mbi Mitrovic\u00ebn e Veriut, flak\u00ebt i afrohen banesave"},"content":{"rendered":"<p>Mitrovic\u00eb, 1 shtator 2026 13:27<\/p>\n<p>Nj\u00eb zjarr i madh ka shp\u00ebrthyer sot n\u00eb kodr\u00ebn mbi Mitrovic\u00ebn e Veriut, pran\u00eb monumentit t\u00eb minator\u00ebve, duke shkaktuar nj\u00eb re t\u00eb dendur tymi q\u00eb \u00ebsht\u00eb par\u00eb mbi qytet, raporton Veritasinfo.<\/p>\n<p>Sipas informacioneve nga terreni, zjarri po p\u00ebrhapet me shpejt\u00ebsi, nd\u00ebrsa ekipet e zjarrfik\u00ebsve kan\u00eb dal\u00eb n\u00eb vendin e ngjarjes dhe po punojn\u00eb p\u00ebr ta v\u00ebn\u00eb situat\u00ebn n\u00ebn kontroll.<\/p>\n<p>Nd\u00ebrhyrja po v\u00ebshtir\u00ebsohet nga terreni i paarritsh\u00ebm, nd\u00ebrsa flak\u00ebt po afrohen drejt sht\u00ebpive dhe nj\u00eb zone t\u00eb banuar.<\/p>\n<p>Fotografit\u00eb nga vendi i ngjarjes tregojn\u00eb p\u00ebrmasat e tymit q\u00eb ka mbuluar pjes\u00ebn e sip\u00ebrme t\u00eb qytetit.<\/p>\n<p>Deri m\u00eb tani nuk dihet shkaku i zjarrit, nd\u00ebrsa nuk ka t\u00eb dh\u00ebna p\u00ebr persona t\u00eb l\u00ebnduar.<\/p>\n<p>M\u00eb shum\u00eb informacione priten pas p\u00ebrfundimit t\u00eb nd\u00ebrhyrjes s\u00eb ekipeve t\u00eb zjarrfik\u00ebsve.<\/p>\n<p>&nbsp;<\/p>\n","protected":false},"excerpt":{"rendered":"<p>Mitrovic\u00eb, 1 shtator 2026 13:27 Nj\u00eb zjarr i madh ka shp\u00ebrthyer sot n\u00eb kodr\u00ebn mbi Mitrovic\u00ebn e Veriut, pran\u00eb monumentit t\u00eb minator\u00ebve, duke shkaktuar nj\u00eb<\/p>\n","protected":false},"author":7,"featured_media":63783,"comment_status":"open","ping_status":"open","sticky":false,"template":"","format":"standard","meta":{"footnotes":""},"categories":[52],"tags":[],"class_list":["post-63782","post","type-post","status-publish","format-standard","has-post-thumbnail","hentry","category-komunat-sq"],"yoast_head":"<!-- This site is optimized with the Yoast SEO plugin v25.3.1 - https:\/\/yoast.com\/wordpress\/plugins\/seo\/ -->\n<title>Zjarr i madh n\u00eb kodr\u00ebn mbi Mitrovic\u00ebn e Veriut, flak\u00ebt i afrohen banesave -<\/title>\n<meta name=\"robots\" content=\"index, follow, max-snippet:-1, max-image-preview:large, max-video-preview:-1\" \/>\n<link rel=\"canonical\" href=\"https:\/\/veritasinfo.org\/?p=63782\" \/>\n<meta property=\"og:locale\" content=\"en_US\" \/>\n<meta property=\"og:type\" content=\"article\" \/>\n<meta property=\"og:title\" content=\"Zjarr i madh n\u00eb kodr\u00ebn mbi Mitrovic\u00ebn e Veriut, flak\u00ebt i afrohen banesave -\" \/>\n<meta property=\"og:description\" content=\"Mitrovic\u00eb, 1 shtator 2026 13:27 Nj\u00eb zjarr i madh ka shp\u00ebrthyer sot n\u00eb kodr\u00ebn mbi Mitrovic\u00ebn e Veriut, pran\u00eb monumentit t\u00eb minator\u00ebve, duke shkaktuar nj\u00eb\" \/>\n<meta property=\"og:url\" content=\"https:\/\/veritasinfo.org\/?p=63782\" \/>\n<meta property=\"article:published_time\" content=\"2026-09-01T11:27:18+00:00\" \/>\n<meta property=\"article:modified_time\" content=\"2026-09-01T11:27:30+00:00\" \/>\n<meta property=\"og:image\" content=\"https:\/\/veritasinfo.org\/wp-content\/uploads\/2026\/09\/IMG-20260901-WA0001.jpg\" \/>\n\t<meta property=\"og:image:width\" content=\"1156\" \/>\n\t<meta property=\"og:image:height\" content=\"520\" \/>\n\t<meta property=\"og:image:type\" content=\"image\/jpeg\" \/>\n<meta name=\"author\" content=\"US6\" \/>\n<meta name=\"twitter:card\" content=\"summary_large_image\" \/>\n<meta name=\"twitter:label1\" content=\"Written by\" \/>\n\t<meta name=\"twitter:data1\" content=\"US6\" \/>\n\t<meta name=\"twitter:label2\" content=\"Est. reading time\" \/>\n\t<meta name=\"twitter:data2\" content=\"1 minute\" \/>\n<script type=\"application\/ld+json\" class=\"yoast-schema-graph\">{\"@context\":\"https:\/\/schema.org\",\"@graph\":[{\"@type\":\"WebPage\",\"@id\":\"https:\/\/veritasinfo.org\/?p=63782\",\"url\":\"https:\/\/veritasinfo.org\/?p=63782\",\"name\":\"Zjarr i madh n\u00eb kodr\u00ebn mbi Mitrovic\u00ebn e Veriut, flak\u00ebt i afrohen banesave -\",\"isPartOf\":{\"@id\":\"https:\/\/veritasinfo.org\/#website\"},\"primaryImageOfPage\":{\"@id\":\"https:\/\/veritasinfo.org\/?p=63782#primaryimage\"},\"image\":{\"@id\":\"https:\/\/veritasinfo.org\/?p=63782#primaryimage\"},\"thumbnailUrl\":\"https:\/\/veritasinfo.org\/wp-content\/uploads\/2026\/09\/IMG-20260901-WA0001.jpg\",\"datePublished\":\"2026-09-01T11:27:18+00:00\",\"dateModified\":\"2026-09-01T11:27:30+00:00\",\"author\":{\"@id\":\"https:\/\/veritasinfo.org\/#\/schema\/person\/fe199eede04c3937362892b7444747cc\"},\"breadcrumb\":{\"@id\":\"https:\/\/veritasinfo.org\/?p=63782#breadcrumb\"},\"inLanguage\":\"en-US\",\"potentialAction\":[{\"@type\":\"ReadAction\",\"target\":[\"https:\/\/veritasinfo.org\/?p=63782\"]}]},{\"@type\":\"ImageObject\",\"inLanguage\":\"en-US\",\"@id\":\"https:\/\/veritasinfo.org\/?p=63782#primaryimage\",\"url\":\"https:\/\/veritasinfo.org\/wp-content\/uploads\/2026\/09\/IMG-20260901-WA0001.jpg\",\"contentUrl\":\"https:\/\/veritasinfo.org\/wp-content\/uploads\/2026\/09\/IMG-20260901-WA0001.jpg\",\"width\":1156,\"height\":520},{\"@type\":\"BreadcrumbList\",\"@id\":\"https:\/\/veritasinfo.org\/?p=63782#breadcrumb\",\"itemListElement\":[{\"@type\":\"ListItem\",\"position\":1,\"name\":\"Home\",\"item\":\"https:\/\/veritasinfo.org\/\"},{\"@type\":\"ListItem\",\"position\":2,\"name\":\"Zjarr i madh n\u00eb kodr\u00ebn mbi Mitrovic\u00ebn e Veriut, flak\u00ebt i afrohen banesave\"}]},{\"@type\":\"WebSite\",\"@id\":\"https:\/\/veritasinfo.org\/#website\",\"url\":\"https:\/\/veritasinfo.org\/\",\"name\":\"\",\"description\":\"\",\"potentialAction\":[{\"@type\":\"SearchAction\",\"target\":{\"@type\":\"EntryPoint\",\"urlTemplate\":\"https:\/\/veritasinfo.org\/?s={search_term_string}\"},\"query-input\":{\"@type\":\"PropertyValueSpecification\",\"valueRequired\":true,\"valueName\":\"search_term_string\"}}],\"inLanguage\":\"en-US\"},{\"@type\":\"Person\",\"@id\":\"https:\/\/veritasinfo.org\/#\/schema\/person\/fe199eede04c3937362892b7444747cc\",\"name\":\"US6\",\"image\":{\"@type\":\"ImageObject\",\"inLanguage\":\"en-US\",\"@id\":\"https:\/\/veritasinfo.org\/#\/schema\/person\/image\/\",\"url\":\"https:\/\/secure.gravatar.com\/avatar\/cb16c3c31c9d23b9b8c705964598220b3014e42ff51eb540ff23cefa3ae8c15f?s=96&d=mm&r=g\",\"contentUrl\":\"https:\/\/secure.gravatar.com\/avatar\/cb16c3c31c9d23b9b8c705964598220b3014e42ff51eb540ff23cefa3ae8c15f?s=96&d=mm&r=g\",\"caption\":\"US6\"},\"url\":\"https:\/\/veritasinfo.org\/?author=7\"}]}<\/script>\n<!-- \/ Yoast SEO plugin. -->","yoast_head_json":{"title":"Zjarr i madh n\u00eb kodr\u00ebn mbi Mitrovic\u00ebn e Veriut, flak\u00ebt i afrohen banesave -","robots":{"index":"index","follow":"follow","max-snippet":"max-snippet:-1","max-image-preview":"max-image-preview:large","max-video-preview":"max-video-preview:-1"},"canonical":"https:\/\/veritasinfo.org\/?p=63782","og_locale":"en_US","og_type":"article","og_title":"Zjarr i madh n\u00eb kodr\u00ebn mbi Mitrovic\u00ebn e Veriut, flak\u00ebt i afrohen banesave -","og_description":"Mitrovic\u00eb, 1 shtator 2026 13:27 Nj\u00eb zjarr i madh ka shp\u00ebrthyer sot n\u00eb kodr\u00ebn mbi Mitrovic\u00ebn e Veriut, pran\u00eb monumentit t\u00eb minator\u00ebve, duke shkaktuar nj\u00eb","og_url":"https:\/\/veritasinfo.org\/?p=63782","article_published_time":"2026-09-01T11:27:18+00:00","article_modified_time":"2026-09-01T11:27:30+00:00","og_image":[{"width":1156,"height":520,"url":"https:\/\/veritasinfo.org\/wp-content\/uploads\/2026\/09\/IMG-20260901-WA0001.jpg","type":"image\/jpeg"}],"author":"US6","twitter_card":"summary_large_image","twitter_misc":{"Written by":"US6","Est. reading time":"1 minute"},"schema":{"@context":"https:\/\/schema.org","@graph":[{"@type":"WebPage","@id":"https:\/\/veritasinfo.org\/?p=63782","url":"https:\/\/veritasinfo.org\/?p=63782","name":"Zjarr i madh n\u00eb kodr\u00ebn mbi Mitrovic\u00ebn e Veriut, flak\u00ebt i afrohen banesave -","isPartOf":{"@id":"https:\/\/veritasinfo.org\/#website"},"primaryImageOfPage":{"@id":"https:\/\/veritasinfo.org\/?p=63782#primaryimage"},"image":{"@id":"https:\/\/veritasinfo.org\/?p=63782#primaryimage"},"thumbnailUrl":"https:\/\/veritasinfo.org\/wp-content\/uploads\/2026\/09\/IMG-20260901-WA0001.jpg","datePublished":"2026-09-01T11:27:18+00:00","dateModified":"2026-09-01T11:27:30+00:00","author":{"@id":"https:\/\/veritasinfo.org\/#\/schema\/person\/fe199eede04c3937362892b7444747cc"},"breadcrumb":{"@id":"https:\/\/veritasinfo.org\/?p=63782#breadcrumb"},"inLanguage":"en-US","potentialAction":[{"@type":"ReadAction","target":["https:\/\/veritasinfo.org\/?p=63782"]}]},{"@type":"ImageObject","inLanguage":"en-US","@id":"https:\/\/veritasinfo.org\/?p=63782#primaryimage","url":"https:\/\/veritasinfo.org\/wp-content\/uploads\/2026\/09\/IMG-20260901-WA0001.jpg","contentUrl":"https:\/\/veritasinfo.org\/wp-content\/uploads\/2026\/09\/IMG-20260901-WA0001.jpg","width":1156,"height":520},{"@type":"BreadcrumbList","@id":"https:\/\/veritasinfo.org\/?p=63782#breadcrumb","itemListElement":[{"@type":"ListItem","position":1,"name":"Home","item":"https:\/\/veritasinfo.org\/"},{"@type":"ListItem","position":2,"name":"Zjarr i madh n\u00eb kodr\u00ebn mbi Mitrovic\u00ebn e Veriut, flak\u00ebt i afrohen banesave"}]},{"@type":"WebSite","@id":"https:\/\/veritasinfo.org\/#website","url":"https:\/\/veritasinfo.org\/","name":"","description":"","potentialAction":[{"@type":"SearchAction","target":{"@type":"EntryPoint","urlTemplate":"https:\/\/veritasinfo.org\/?s={search_term_string}"},"query-input":{"@type":"PropertyValueSpecification","valueRequired":true,"valueName":"search_term_string"}}],"inLanguage":"en-US"},{"@type":"Person","@id":"https:\/\/veritasinfo.org\/#\/schema\/person\/fe199eede04c3937362892b7444747cc","name":"US6","image":{"@type":"ImageObject","inLanguage":"en-US","@id":"https:\/\/veritasinfo.org\/#\/schema\/person\/image\/","url":"https:\/\/secure.gravatar.com\/avatar\/cb16c3c31c9d23b9b8c705964598220b3014e42ff51eb540ff23cefa3ae8c15f?s=96&d=mm&r=g","contentUrl":"https:\/\/secure.gravatar.com\/avatar\/cb16c3c31c9d23b9b8c705964598220b3014e42ff51eb540ff23cefa3ae8c15f?s=96&d=mm&r=g","caption":"US6"},"url":"https:\/\/veritasinfo.org\/?author=7"}]}},"featured_image_urls":{"full":["https:\/\/veritasinfo.org\/wp-content\/uploads\/2026\/09\/IMG-20260901-WA0001.jpg",1156,520,false],"thumbnail":["https:\/\/veritasinfo.org\/wp-content\/uploads\/2026\/09\/IMG-20260901-WA0001-150x150.jpg",150,150,true],"medium":["https:\/\/veritasinfo.org\/wp-content\/uploads\/2026\/09\/IMG-20260901-WA0001-300x135.jpg",300,135,true],"medium_large":["https:\/\/veritasinfo.org\/wp-content\/uploads\/2026\/09\/IMG-20260901-WA0001-768x345.jpg",640,288,true],"large":["https:\/\/veritasinfo.org\/wp-content\/uploads\/2026\/09\/IMG-20260901-WA0001-1024x461.jpg",640,288,true],"1536x1536":["https:\/\/veritasinfo.org\/wp-content\/uploads\/2026\/09\/IMG-20260901-WA0001.jpg",1156,520,false],"2048x2048":["https:\/\/veritasinfo.org\/wp-content\/uploads\/2026\/09\/IMG-20260901-WA0001.jpg",1156,520,false],"kreeti-slider-full":["https:\/\/veritasinfo.org\/wp-content\/uploads\/2026\/09\/IMG-20260901-WA0001.jpg",1156,520,false],"kreeti-featured":["https:\/\/veritasinfo.org\/wp-content\/uploads\/2026\/09\/IMG-20260901-WA0001-1024x461.jpg",1024,461,true],"kreeti-medium":["https:\/\/veritasinfo.org\/wp-content\/uploads\/2026\/09\/IMG-20260901-WA0001-720x520.jpg",720,520,true],"kreeti-medium-square":["https:\/\/veritasinfo.org\/wp-content\/uploads\/2026\/09\/IMG-20260901-WA0001-350x350.jpg",350,350,true]},"author_info":{"info":["US6"]},"category_info":"<a href=\"https:\/\/veritasinfo.org\/?cat=52\" rel=\"category\">Komunat<\/a>","tag_info":"Komunat","comment_count":"0","_links":{"self":[{"href":"https:\/\/veritasinfo.org\/index.php?rest_route=\/wp\/v2\/posts\/63782","targetHints":{"allow":["GET"]}}],"collection":[{"href":"https:\/\/veritasinfo.org\/index.php?rest_route=\/wp\/v2\/posts"}],"about":[{"href":"https:\/\/veritasinfo.org\/index.php?rest_route=\/wp\/v2\/types\/post"}],"author":[{"embeddable":true,"href":"https:\/\/veritasinfo.org\/index.php?rest_route=\/wp\/v2\/users\/7"}],"replies":[{"embeddable":true,"href":"https:\/\/veritasinfo.org\/index.php?rest_route=%2Fwp%2Fv2%2Fcomments&post=63782"}],"version-history":[{"count":2,"href":"https:\/\/veritasinfo.org\/index.php?rest_route=\/wp\/v2\/posts\/63782\/revisions"}],"predecessor-version":[{"id":63785,"href":"https:\/\/veritasinfo.org\/index.php?rest_route=\/wp\/v2\/posts\/63782\/revisions\/63785"}],"wp:featuredmedia":[{"embeddable":true,"href":"https:\/\/veritasinfo.org\/index.php?rest_route=\/wp\/v2\/media\/63783"}],"wp:attachment":[{"href":"https:\/\/veritasinfo.org\/index.php?rest_route=%2Fwp%2Fv2%2Fmedia&parent=63782"}],"wp:term":[{"taxonomy":"category","embeddable":true,"href":"https:\/\/veritasinfo.org\/index.php?rest_route=%2Fwp%2Fv2%2Fcategories&post=63782"},{"taxonomy":"post_tag","embeddable":true,"href":"https:\/\/veritasinfo.org\/index.php?rest_route=%2Fwp%2Fv2%2Ftags&post=63782"}],"curies":[{"name":"wp","href":"https:\/\/api.w.org\/{rel}","templated":true}]}}