{"id":63769,"date":"2026-09-01T12:18:13","date_gmt":"2026-09-01T10:18:13","guid":{"rendered":"https:\/\/veritasinfo.org\/?p=63769"},"modified":"2026-09-01T12:18:13","modified_gmt":"2026-09-01T10:18:13","slug":"islami-bashkepunimi-i-qytetareve-me-institucionet-eshte-kyc-ne-luften-kunder-spiunazhit","status":"publish","type":"post","link":"https:\/\/veritasinfo.org\/?p=63769","title":{"rendered":"Islami: Bashk\u00ebpunimi i qytetar\u00ebve me institucionet \u00ebsht\u00eb ky\u00e7 n\u00eb luft\u00ebn kund\u00ebr spiunazhit"},"content":{"rendered":"<p>Prishtin\u00eb, 1 shtator 2026 12:18<\/p>\n<p>Njoh\u00ebsi i \u00e7\u00ebshtjeve t\u00eb siguris\u00eb, Avni Islami e ka vler\u00ebsuar si shum\u00eb t\u00eb r\u00ebnd\u00ebsishme bashk\u00ebpunimin e qytetar\u00ebve me institucionet n\u00eb luft\u00ebn kund\u00ebr spiunazhit.<\/p>\n<p>Ai ka th\u00ebn\u00eb se shtetet armike jan\u00eb t\u00eb interesuar t\u00eb ken\u00eb bashk\u00ebpun\u00ebtor\u00eb n\u00eb fusha t\u00eb ndryshme dhe p\u00ebr k\u00ebt\u00eb ka b\u00ebr\u00eb thirrje t\u00eb ket\u00eb edhe vigjilenc\u00eb.<\/p>\n<p>\u201cN\u00ebse v\u00ebreni di\u00e7ka t\u00eb dyshimt\u00eb nga persona t\u00eb caktuar q\u00eb tentojn\u00eb t\u00eb marrin informacione nga ju, apo q\u00eb ju orientojn\u00eb drejt vendeve me r\u00ebnd\u00ebsi vitale e strategjike p\u00ebr Kosov\u00ebn, mos hezitoni dhe lajm\u00ebroni menj\u00ebher\u00eb autoritetet!Duke raportuar, ju i ndihmoni vendit dhe ua leht\u00ebsoni pun\u00ebn institucioneve tona t\u00eb siguris\u00eb p\u00ebr t\u00eb neutralizuar agjenturat e huaja. \u00c7do individ q\u00eb dyshohet p\u00ebr spiunazh dhe rrezikon sigurin\u00eb komb\u00ebtare do t\u00eb dal\u00eb para drejt\u00ebsis\u00eb dhe do t\u00eb marr\u00eb d\u00ebnimin e merituar\u201d, ka shkruar Islami.<\/p>\n<p>Ai ka th\u00ebn\u00eb se shtetit i Kosov\u00ebs ka d\u00ebshmuar gjat\u00eb dy viteve se po e lufton spiunazhin, p\u00ebr t\u00eb cilin ka th\u00ebn\u00eb ka th\u00ebn\u00eb se \u00ebsht\u00eb nj\u00eb rrezik i madh.<\/p>\n<p>Arrestimet dhe d\u00ebnimet p\u00ebr spiunazh gjat\u00eb dy viteve t\u00eb fundit tregojn\u00eb qart\u00eb dy gj\u00ebra: Shteti i Kosov\u00ebs po i lufton pa m\u00ebshir\u00eb t\u00eb gjith\u00eb ata q\u00eb orientohen kund\u00ebr interesit ton\u00eb komb\u00ebtar. Veprimtaria e spiunazhit \u00ebsht\u00eb nj\u00eb rrezik real dhe tejet i madh p\u00ebr sigurin\u00eb tone komb\u00ebtare sepse mund t\u00eb b\u00ebheni bashk\u00ebpun\u00ebtor pa e ditur as vet\u201d, ka shkruar ai n\u00eb Facebook.<\/p>\n","protected":false},"excerpt":{"rendered":"<p>Prishtin\u00eb, 1 shtator 2026 12:18 Njoh\u00ebsi i \u00e7\u00ebshtjeve t\u00eb siguris\u00eb, Avni Islami e ka vler\u00ebsuar si shum\u00eb t\u00eb r\u00ebnd\u00ebsishme bashk\u00ebpunimin e qytetar\u00ebve me institucionet n\u00eb<\/p>\n","protected":false},"author":7,"featured_media":63770,"comment_status":"open","ping_status":"open","sticky":false,"template":"","format":"standard","meta":{"footnotes":""},"categories":[60],"tags":[],"class_list":["post-63769","post","type-post","status-publish","format-standard","has-post-thumbnail","hentry","category-shoqerore-sq"],"yoast_head":"<!-- This site is optimized with the Yoast SEO plugin v25.3.1 - https:\/\/yoast.com\/wordpress\/plugins\/seo\/ -->\n<title>Islami: Bashk\u00ebpunimi i qytetar\u00ebve me institucionet \u00ebsht\u00eb ky\u00e7 n\u00eb luft\u00ebn kund\u00ebr spiunazhit -<\/title>\n<meta name=\"robots\" content=\"index, follow, max-snippet:-1, max-image-preview:large, max-video-preview:-1\" \/>\n<link rel=\"canonical\" href=\"https:\/\/veritasinfo.org\/?p=63769\" \/>\n<meta property=\"og:locale\" content=\"en_US\" \/>\n<meta property=\"og:type\" content=\"article\" \/>\n<meta property=\"og:title\" content=\"Islami: Bashk\u00ebpunimi i qytetar\u00ebve me institucionet \u00ebsht\u00eb ky\u00e7 n\u00eb luft\u00ebn kund\u00ebr spiunazhit -\" \/>\n<meta property=\"og:description\" content=\"Prishtin\u00eb, 1 shtator 2026 12:18 Njoh\u00ebsi i \u00e7\u00ebshtjeve t\u00eb siguris\u00eb, Avni Islami e ka vler\u00ebsuar si shum\u00eb t\u00eb r\u00ebnd\u00ebsishme bashk\u00ebpunimin e qytetar\u00ebve me institucionet n\u00eb\" \/>\n<meta property=\"og:url\" content=\"https:\/\/veritasinfo.org\/?p=63769\" \/>\n<meta property=\"article:published_time\" content=\"2026-09-01T10:18:13+00:00\" \/>\n<meta property=\"og:image\" content=\"https:\/\/veritasinfo.org\/wp-content\/uploads\/2026\/09\/Screenshot_20260901_121749_Chrome.jpg\" \/>\n\t<meta property=\"og:image:width\" content=\"955\" \/>\n\t<meta property=\"og:image:height\" content=\"523\" \/>\n\t<meta property=\"og:image:type\" content=\"image\/jpeg\" \/>\n<meta name=\"author\" content=\"US6\" \/>\n<meta name=\"twitter:card\" content=\"summary_large_image\" \/>\n<meta name=\"twitter:label1\" content=\"Written by\" \/>\n\t<meta name=\"twitter:data1\" content=\"US6\" \/>\n\t<meta name=\"twitter:label2\" content=\"Est. reading time\" \/>\n\t<meta name=\"twitter:data2\" content=\"2 minutes\" \/>\n<script type=\"application\/ld+json\" class=\"yoast-schema-graph\">{\"@context\":\"https:\/\/schema.org\",\"@graph\":[{\"@type\":\"WebPage\",\"@id\":\"https:\/\/veritasinfo.org\/?p=63769\",\"url\":\"https:\/\/veritasinfo.org\/?p=63769\",\"name\":\"Islami: Bashk\u00ebpunimi i qytetar\u00ebve me institucionet \u00ebsht\u00eb ky\u00e7 n\u00eb luft\u00ebn kund\u00ebr spiunazhit -\",\"isPartOf\":{\"@id\":\"https:\/\/veritasinfo.org\/#website\"},\"primaryImageOfPage\":{\"@id\":\"https:\/\/veritasinfo.org\/?p=63769#primaryimage\"},\"image\":{\"@id\":\"https:\/\/veritasinfo.org\/?p=63769#primaryimage\"},\"thumbnailUrl\":\"https:\/\/veritasinfo.org\/wp-content\/uploads\/2026\/09\/Screenshot_20260901_121749_Chrome.jpg\",\"datePublished\":\"2026-09-01T10:18:13+00:00\",\"author\":{\"@id\":\"https:\/\/veritasinfo.org\/#\/schema\/person\/fe199eede04c3937362892b7444747cc\"},\"breadcrumb\":{\"@id\":\"https:\/\/veritasinfo.org\/?p=63769#breadcrumb\"},\"inLanguage\":\"en-US\",\"potentialAction\":[{\"@type\":\"ReadAction\",\"target\":[\"https:\/\/veritasinfo.org\/?p=63769\"]}]},{\"@type\":\"ImageObject\",\"inLanguage\":\"en-US\",\"@id\":\"https:\/\/veritasinfo.org\/?p=63769#primaryimage\",\"url\":\"https:\/\/veritasinfo.org\/wp-content\/uploads\/2026\/09\/Screenshot_20260901_121749_Chrome.jpg\",\"contentUrl\":\"https:\/\/veritasinfo.org\/wp-content\/uploads\/2026\/09\/Screenshot_20260901_121749_Chrome.jpg\",\"width\":955,\"height\":523},{\"@type\":\"BreadcrumbList\",\"@id\":\"https:\/\/veritasinfo.org\/?p=63769#breadcrumb\",\"itemListElement\":[{\"@type\":\"ListItem\",\"position\":1,\"name\":\"Home\",\"item\":\"https:\/\/veritasinfo.org\/\"},{\"@type\":\"ListItem\",\"position\":2,\"name\":\"Islami: Bashk\u00ebpunimi i qytetar\u00ebve me institucionet \u00ebsht\u00eb ky\u00e7 n\u00eb luft\u00ebn kund\u00ebr spiunazhit\"}]},{\"@type\":\"WebSite\",\"@id\":\"https:\/\/veritasinfo.org\/#website\",\"url\":\"https:\/\/veritasinfo.org\/\",\"name\":\"\",\"description\":\"\",\"potentialAction\":[{\"@type\":\"SearchAction\",\"target\":{\"@type\":\"EntryPoint\",\"urlTemplate\":\"https:\/\/veritasinfo.org\/?s={search_term_string}\"},\"query-input\":{\"@type\":\"PropertyValueSpecification\",\"valueRequired\":true,\"valueName\":\"search_term_string\"}}],\"inLanguage\":\"en-US\"},{\"@type\":\"Person\",\"@id\":\"https:\/\/veritasinfo.org\/#\/schema\/person\/fe199eede04c3937362892b7444747cc\",\"name\":\"US6\",\"image\":{\"@type\":\"ImageObject\",\"inLanguage\":\"en-US\",\"@id\":\"https:\/\/veritasinfo.org\/#\/schema\/person\/image\/\",\"url\":\"https:\/\/secure.gravatar.com\/avatar\/cb16c3c31c9d23b9b8c705964598220b3014e42ff51eb540ff23cefa3ae8c15f?s=96&d=mm&r=g\",\"contentUrl\":\"https:\/\/secure.gravatar.com\/avatar\/cb16c3c31c9d23b9b8c705964598220b3014e42ff51eb540ff23cefa3ae8c15f?s=96&d=mm&r=g\",\"caption\":\"US6\"},\"url\":\"https:\/\/veritasinfo.org\/?author=7\"}]}<\/script>\n<!-- \/ Yoast SEO plugin. -->","yoast_head_json":{"title":"Islami: Bashk\u00ebpunimi i qytetar\u00ebve me institucionet \u00ebsht\u00eb ky\u00e7 n\u00eb luft\u00ebn kund\u00ebr spiunazhit -","robots":{"index":"index","follow":"follow","max-snippet":"max-snippet:-1","max-image-preview":"max-image-preview:large","max-video-preview":"max-video-preview:-1"},"canonical":"https:\/\/veritasinfo.org\/?p=63769","og_locale":"en_US","og_type":"article","og_title":"Islami: Bashk\u00ebpunimi i qytetar\u00ebve me institucionet \u00ebsht\u00eb ky\u00e7 n\u00eb luft\u00ebn kund\u00ebr spiunazhit -","og_description":"Prishtin\u00eb, 1 shtator 2026 12:18 Njoh\u00ebsi i \u00e7\u00ebshtjeve t\u00eb siguris\u00eb, Avni Islami e ka vler\u00ebsuar si shum\u00eb t\u00eb r\u00ebnd\u00ebsishme bashk\u00ebpunimin e qytetar\u00ebve me institucionet n\u00eb","og_url":"https:\/\/veritasinfo.org\/?p=63769","article_published_time":"2026-09-01T10:18:13+00:00","og_image":[{"width":955,"height":523,"url":"https:\/\/veritasinfo.org\/wp-content\/uploads\/2026\/09\/Screenshot_20260901_121749_Chrome.jpg","type":"image\/jpeg"}],"author":"US6","twitter_card":"summary_large_image","twitter_misc":{"Written by":"US6","Est. reading time":"2 minutes"},"schema":{"@context":"https:\/\/schema.org","@graph":[{"@type":"WebPage","@id":"https:\/\/veritasinfo.org\/?p=63769","url":"https:\/\/veritasinfo.org\/?p=63769","name":"Islami: Bashk\u00ebpunimi i qytetar\u00ebve me institucionet \u00ebsht\u00eb ky\u00e7 n\u00eb luft\u00ebn kund\u00ebr spiunazhit -","isPartOf":{"@id":"https:\/\/veritasinfo.org\/#website"},"primaryImageOfPage":{"@id":"https:\/\/veritasinfo.org\/?p=63769#primaryimage"},"image":{"@id":"https:\/\/veritasinfo.org\/?p=63769#primaryimage"},"thumbnailUrl":"https:\/\/veritasinfo.org\/wp-content\/uploads\/2026\/09\/Screenshot_20260901_121749_Chrome.jpg","datePublished":"2026-09-01T10:18:13+00:00","author":{"@id":"https:\/\/veritasinfo.org\/#\/schema\/person\/fe199eede04c3937362892b7444747cc"},"breadcrumb":{"@id":"https:\/\/veritasinfo.org\/?p=63769#breadcrumb"},"inLanguage":"en-US","potentialAction":[{"@type":"ReadAction","target":["https:\/\/veritasinfo.org\/?p=63769"]}]},{"@type":"ImageObject","inLanguage":"en-US","@id":"https:\/\/veritasinfo.org\/?p=63769#primaryimage","url":"https:\/\/veritasinfo.org\/wp-content\/uploads\/2026\/09\/Screenshot_20260901_121749_Chrome.jpg","contentUrl":"https:\/\/veritasinfo.org\/wp-content\/uploads\/2026\/09\/Screenshot_20260901_121749_Chrome.jpg","width":955,"height":523},{"@type":"BreadcrumbList","@id":"https:\/\/veritasinfo.org\/?p=63769#breadcrumb","itemListElement":[{"@type":"ListItem","position":1,"name":"Home","item":"https:\/\/veritasinfo.org\/"},{"@type":"ListItem","position":2,"name":"Islami: Bashk\u00ebpunimi i qytetar\u00ebve me institucionet \u00ebsht\u00eb ky\u00e7 n\u00eb luft\u00ebn kund\u00ebr spiunazhit"}]},{"@type":"WebSite","@id":"https:\/\/veritasinfo.org\/#website","url":"https:\/\/veritasinfo.org\/","name":"","description":"","potentialAction":[{"@type":"SearchAction","target":{"@type":"EntryPoint","urlTemplate":"https:\/\/veritasinfo.org\/?s={search_term_string}"},"query-input":{"@type":"PropertyValueSpecification","valueRequired":true,"valueName":"search_term_string"}}],"inLanguage":"en-US"},{"@type":"Person","@id":"https:\/\/veritasinfo.org\/#\/schema\/person\/fe199eede04c3937362892b7444747cc","name":"US6","image":{"@type":"ImageObject","inLanguage":"en-US","@id":"https:\/\/veritasinfo.org\/#\/schema\/person\/image\/","url":"https:\/\/secure.gravatar.com\/avatar\/cb16c3c31c9d23b9b8c705964598220b3014e42ff51eb540ff23cefa3ae8c15f?s=96&d=mm&r=g","contentUrl":"https:\/\/secure.gravatar.com\/avatar\/cb16c3c31c9d23b9b8c705964598220b3014e42ff51eb540ff23cefa3ae8c15f?s=96&d=mm&r=g","caption":"US6"},"url":"https:\/\/veritasinfo.org\/?author=7"}]}},"featured_image_urls":{"full":["https:\/\/veritasinfo.org\/wp-content\/uploads\/2026\/09\/Screenshot_20260901_121749_Chrome.jpg",955,523,false],"thumbnail":["https:\/\/veritasinfo.org\/wp-content\/uploads\/2026\/09\/Screenshot_20260901_121749_Chrome-150x150.jpg",150,150,true],"medium":["https:\/\/veritasinfo.org\/wp-content\/uploads\/2026\/09\/Screenshot_20260901_121749_Chrome-300x164.jpg",300,164,true],"medium_large":["https:\/\/veritasinfo.org\/wp-content\/uploads\/2026\/09\/Screenshot_20260901_121749_Chrome-768x421.jpg",640,351,true],"large":["https:\/\/veritasinfo.org\/wp-content\/uploads\/2026\/09\/Screenshot_20260901_121749_Chrome.jpg",640,350,false],"1536x1536":["https:\/\/veritasinfo.org\/wp-content\/uploads\/2026\/09\/Screenshot_20260901_121749_Chrome.jpg",955,523,false],"2048x2048":["https:\/\/veritasinfo.org\/wp-content\/uploads\/2026\/09\/Screenshot_20260901_121749_Chrome.jpg",955,523,false],"kreeti-slider-full":["https:\/\/veritasinfo.org\/wp-content\/uploads\/2026\/09\/Screenshot_20260901_121749_Chrome.jpg",955,523,false],"kreeti-featured":["https:\/\/veritasinfo.org\/wp-content\/uploads\/2026\/09\/Screenshot_20260901_121749_Chrome.jpg",955,523,false],"kreeti-medium":["https:\/\/veritasinfo.org\/wp-content\/uploads\/2026\/09\/Screenshot_20260901_121749_Chrome-720x523.jpg",720,523,true],"kreeti-medium-square":["https:\/\/veritasinfo.org\/wp-content\/uploads\/2026\/09\/Screenshot_20260901_121749_Chrome-350x350.jpg",350,350,true]},"author_info":{"info":["US6"]},"category_info":"<a href=\"https:\/\/veritasinfo.org\/?cat=60\" rel=\"category\">Shoq\u00ebrore<\/a>","tag_info":"Shoq\u00ebrore","comment_count":"0","_links":{"self":[{"href":"https:\/\/veritasinfo.org\/index.php?rest_route=\/wp\/v2\/posts\/63769","targetHints":{"allow":["GET"]}}],"collection":[{"href":"https:\/\/veritasinfo.org\/index.php?rest_route=\/wp\/v2\/posts"}],"about":[{"href":"https:\/\/veritasinfo.org\/index.php?rest_route=\/wp\/v2\/types\/post"}],"author":[{"embeddable":true,"href":"https:\/\/veritasinfo.org\/index.php?rest_route=\/wp\/v2\/users\/7"}],"replies":[{"embeddable":true,"href":"https:\/\/veritasinfo.org\/index.php?rest_route=%2Fwp%2Fv2%2Fcomments&post=63769"}],"version-history":[{"count":1,"href":"https:\/\/veritasinfo.org\/index.php?rest_route=\/wp\/v2\/posts\/63769\/revisions"}],"predecessor-version":[{"id":63771,"href":"https:\/\/veritasinfo.org\/index.php?rest_route=\/wp\/v2\/posts\/63769\/revisions\/63771"}],"wp:featuredmedia":[{"embeddable":true,"href":"https:\/\/veritasinfo.org\/index.php?rest_route=\/wp\/v2\/media\/63770"}],"wp:attachment":[{"href":"https:\/\/veritasinfo.org\/index.php?rest_route=%2Fwp%2Fv2%2Fmedia&parent=63769"}],"wp:term":[{"taxonomy":"category","embeddable":true,"href":"https:\/\/veritasinfo.org\/index.php?rest_route=%2Fwp%2Fv2%2Fcategories&post=63769"},{"taxonomy":"post_tag","embeddable":true,"href":"https:\/\/veritasinfo.org\/index.php?rest_route=%2Fwp%2Fv2%2Ftags&post=63769"}],"curies":[{"name":"wp","href":"https:\/\/api.w.org\/{rel}","templated":true}]}}