{"id":63753,"date":"2026-09-01T11:19:58","date_gmt":"2026-09-01T09:19:58","guid":{"rendered":"https:\/\/veritasinfo.org\/?p=63753"},"modified":"2026-09-01T11:19:58","modified_gmt":"2026-09-01T09:19:58","slug":"thirrje-nga-perfaqesuesit-shqiptare-ne-shbavotojeni-bekim-sejdiun-per-president","status":"publish","type":"post","link":"https:\/\/veritasinfo.org\/?p=63753","title":{"rendered":"Thirrje nga p\u00ebrfaq\u00ebsuesit shqiptar\u00eb n\u00eb SHBA:Votojeni Bekim Sejdiun p\u00ebr president"},"content":{"rendered":"<p>Prishtin\u00eb, 1 shtator 2026 11:20<\/p>\n<p>P\u00ebrfaq\u00ebsues t\u00eb komunitetit shqiptar n\u00eb Shtetet e Bashkuara t\u00eb Amerik\u00ebs u kan\u00eb b\u00ebr\u00eb thirrje lider\u00ebve politik\u00eb dhe deputet\u00ebve t\u00eb Kuvendit t\u00eb Kosov\u00ebs q\u00eb t\u00eb mb\u00ebshtesin kandidatur\u00ebn e Bekim Sejdiut p\u00ebr president t\u00eb Republik\u00ebs s\u00eb Kosov\u00ebs.<\/p>\n<p>N\u00eb nj\u00eb let\u00ebr drejtuar institucioneve dhe partive politike, p\u00ebrfaq\u00ebsuesit shqiptar n\u00eb SHBA shprehin mb\u00ebshtetjen e tyre p\u00ebr zgjedhjen e Sejdiut, duke e cil\u00ebsuar at\u00eb si nj\u00eb kandidat me p\u00ebrvoj\u00eb t\u00eb gjer\u00eb diplomatike, juridike dhe institucionale.<\/p>\n<p>N\u00eb let\u00ebr ata theksojn\u00eb se Sejdiu, si ish-diplomat dhe ish-gjyqtar i Gjykat\u00ebs Kushtetuese, ka integritetin dhe p\u00ebrvoj\u00ebn e nevojshme p\u00ebr t\u00eb kontribuar n\u00eb bashkimin e vendit dhe forcimin e marr\u00ebdh\u00ebnieve t\u00eb Kosov\u00ebs me Shtetet e Bashkuara.<\/p>\n<p>\u201cN\u00eb k\u00ebt\u00eb koh\u00eb kritike, Kosova k\u00ebrkon nj\u00eb kryetar shteti q\u00eb g\u00ebzon respekt t\u00eb thell\u00eb institucional dhe zot\u00ebron nj\u00eb bilanc t\u00eb d\u00ebshmuar t\u00eb sh\u00ebrbimit publik. P\u00ebrgatitja e tij e shquar juridike dhe p\u00ebrvoja diplomatike e b\u00ebjn\u00eb Dr. Sejdiun jasht\u00ebzakonisht t\u00eb kualifikuar p\u00ebr t\u00eb p\u00ebrfaq\u00ebsuar shtetin me dinjitet n\u00eb sken\u00ebn globale\u201d, thuhet n\u00eb let\u00ebr.<\/p>\n<p>N\u00ebnshkruesit kujtojn\u00eb edhe bashk\u00ebpunimin me Sejdiun gjat\u00eb koh\u00ebs kur ai sh\u00ebrbeu si Konsull i P\u00ebrgjithsh\u00ebm i Kosov\u00ebs n\u00eb Nju Jork. Sipas tyre, ai kishte nj\u00eb rol t\u00eb r\u00ebnd\u00ebsish\u00ebm n\u00eb lidhjen e diaspor\u00ebs shqiptare n\u00eb SHBA me Kosov\u00ebn, p\u00ebrmes organizimit t\u00eb aktiviteteve kulturore, hapjes s\u00eb shkollave t\u00eb gjuh\u00ebs shqipe dhe angazhimit p\u00ebr Kosov\u00ebn n\u00eb qarqet politike n\u00eb Nju Jork dhe Uashington.<\/p>\n<p>\u201cP\u00ebr t\u00eb siguruar nj\u00eb t\u00eb ardhme t\u00eb q\u00ebndrueshme dhe t\u00eb begat\u00eb p\u00ebr atdheun ton\u00eb u b\u00ebjm\u00eb thirrje me respekt t\u00eb gjitha partive politike brenda Kuvendit q\u00eb t\u00eb bashkohen dhe t\u00eb mb\u00ebshtesin kandidatur\u00ebn e Dr. Bekim Sejdiut p\u00ebr President t\u00eb Kosov\u00ebs\u201d, p\u00ebrfundon letra e n\u00ebnshkruar nga 28 p\u00ebrfaq\u00ebsues t\u00eb komunitetit shqiptar n\u00eb SHBA, nd\u00ebr ta Elio Ahmetaj, Harry Bajraktari, Vehbi Bajrami, Ekrem Bardha, Mark Gjonaj, Richard Lukaj, Gani Shehu, Beqir Sina, Jim Xhema etj.<\/p>\n<p>L\u00ebvizja Vet\u00ebvendosje dhe Lidhja Demokratike e Kosov\u00ebs dje kan\u00eb zytarizuar marr\u00ebveshjen q\u00eb profesori dhe diplomati Bekim Sejdiu t\u00eb jet\u00eb kandidat konsensual p\u00ebr president t\u00eb Republik\u00ebs s\u00eb Kosov\u00ebs.<\/p>\n","protected":false},"excerpt":{"rendered":"<p>Prishtin\u00eb, 1 shtator 2026 11:20 P\u00ebrfaq\u00ebsues t\u00eb komunitetit shqiptar n\u00eb Shtetet e Bashkuara t\u00eb Amerik\u00ebs u kan\u00eb b\u00ebr\u00eb thirrje lider\u00ebve politik\u00eb dhe deputet\u00ebve t\u00eb Kuvendit<\/p>\n","protected":false},"author":7,"featured_media":63658,"comment_status":"open","ping_status":"open","sticky":false,"template":"","format":"standard","meta":{"footnotes":""},"categories":[58],"tags":[],"class_list":["post-63753","post","type-post","status-publish","format-standard","has-post-thumbnail","hentry","category-politike-sq"],"yoast_head":"<!-- This site is optimized with the Yoast SEO plugin v25.3.1 - https:\/\/yoast.com\/wordpress\/plugins\/seo\/ -->\n<title>Thirrje nga p\u00ebrfaq\u00ebsuesit shqiptar\u00eb n\u00eb SHBA:Votojeni Bekim Sejdiun p\u00ebr president -<\/title>\n<meta name=\"robots\" content=\"index, follow, max-snippet:-1, max-image-preview:large, max-video-preview:-1\" \/>\n<link rel=\"canonical\" href=\"https:\/\/veritasinfo.org\/?p=63753\" \/>\n<meta property=\"og:locale\" content=\"en_US\" \/>\n<meta property=\"og:type\" content=\"article\" \/>\n<meta property=\"og:title\" content=\"Thirrje nga p\u00ebrfaq\u00ebsuesit shqiptar\u00eb n\u00eb SHBA:Votojeni Bekim Sejdiun p\u00ebr president -\" \/>\n<meta property=\"og:description\" content=\"Prishtin\u00eb, 1 shtator 2026 11:20 P\u00ebrfaq\u00ebsues t\u00eb komunitetit shqiptar n\u00eb Shtetet e Bashkuara t\u00eb Amerik\u00ebs u kan\u00eb b\u00ebr\u00eb thirrje lider\u00ebve politik\u00eb dhe deputet\u00ebve t\u00eb Kuvendit\" \/>\n<meta property=\"og:url\" content=\"https:\/\/veritasinfo.org\/?p=63753\" \/>\n<meta property=\"article:published_time\" content=\"2026-09-01T09:19:58+00:00\" \/>\n<meta property=\"og:image\" content=\"https:\/\/veritasinfo.org\/wp-content\/uploads\/2026\/08\/HQ7w-S4WYAALDlL.webp\" \/>\n\t<meta property=\"og:image:width\" content=\"960\" \/>\n\t<meta property=\"og:image:height\" content=\"1200\" \/>\n\t<meta property=\"og:image:type\" content=\"image\/webp\" \/>\n<meta name=\"author\" content=\"US6\" \/>\n<meta name=\"twitter:card\" content=\"summary_large_image\" \/>\n<meta name=\"twitter:label1\" content=\"Written by\" \/>\n\t<meta name=\"twitter:data1\" content=\"US6\" \/>\n\t<meta name=\"twitter:label2\" content=\"Est. reading time\" \/>\n\t<meta name=\"twitter:data2\" content=\"2 minutes\" \/>\n<script type=\"application\/ld+json\" class=\"yoast-schema-graph\">{\"@context\":\"https:\/\/schema.org\",\"@graph\":[{\"@type\":\"WebPage\",\"@id\":\"https:\/\/veritasinfo.org\/?p=63753\",\"url\":\"https:\/\/veritasinfo.org\/?p=63753\",\"name\":\"Thirrje nga p\u00ebrfaq\u00ebsuesit shqiptar\u00eb n\u00eb SHBA:Votojeni Bekim Sejdiun p\u00ebr president -\",\"isPartOf\":{\"@id\":\"https:\/\/veritasinfo.org\/#website\"},\"primaryImageOfPage\":{\"@id\":\"https:\/\/veritasinfo.org\/?p=63753#primaryimage\"},\"image\":{\"@id\":\"https:\/\/veritasinfo.org\/?p=63753#primaryimage\"},\"thumbnailUrl\":\"https:\/\/veritasinfo.org\/wp-content\/uploads\/2026\/08\/HQ7w-S4WYAALDlL.webp\",\"datePublished\":\"2026-09-01T09:19:58+00:00\",\"author\":{\"@id\":\"https:\/\/veritasinfo.org\/#\/schema\/person\/fe199eede04c3937362892b7444747cc\"},\"breadcrumb\":{\"@id\":\"https:\/\/veritasinfo.org\/?p=63753#breadcrumb\"},\"inLanguage\":\"en-US\",\"potentialAction\":[{\"@type\":\"ReadAction\",\"target\":[\"https:\/\/veritasinfo.org\/?p=63753\"]}]},{\"@type\":\"ImageObject\",\"inLanguage\":\"en-US\",\"@id\":\"https:\/\/veritasinfo.org\/?p=63753#primaryimage\",\"url\":\"https:\/\/veritasinfo.org\/wp-content\/uploads\/2026\/08\/HQ7w-S4WYAALDlL.webp\",\"contentUrl\":\"https:\/\/veritasinfo.org\/wp-content\/uploads\/2026\/08\/HQ7w-S4WYAALDlL.webp\",\"width\":960,\"height\":1200},{\"@type\":\"BreadcrumbList\",\"@id\":\"https:\/\/veritasinfo.org\/?p=63753#breadcrumb\",\"itemListElement\":[{\"@type\":\"ListItem\",\"position\":1,\"name\":\"Home\",\"item\":\"https:\/\/veritasinfo.org\/\"},{\"@type\":\"ListItem\",\"position\":2,\"name\":\"Thirrje nga p\u00ebrfaq\u00ebsuesit shqiptar\u00eb n\u00eb SHBA:Votojeni Bekim Sejdiun p\u00ebr president\"}]},{\"@type\":\"WebSite\",\"@id\":\"https:\/\/veritasinfo.org\/#website\",\"url\":\"https:\/\/veritasinfo.org\/\",\"name\":\"\",\"description\":\"\",\"potentialAction\":[{\"@type\":\"SearchAction\",\"target\":{\"@type\":\"EntryPoint\",\"urlTemplate\":\"https:\/\/veritasinfo.org\/?s={search_term_string}\"},\"query-input\":{\"@type\":\"PropertyValueSpecification\",\"valueRequired\":true,\"valueName\":\"search_term_string\"}}],\"inLanguage\":\"en-US\"},{\"@type\":\"Person\",\"@id\":\"https:\/\/veritasinfo.org\/#\/schema\/person\/fe199eede04c3937362892b7444747cc\",\"name\":\"US6\",\"image\":{\"@type\":\"ImageObject\",\"inLanguage\":\"en-US\",\"@id\":\"https:\/\/veritasinfo.org\/#\/schema\/person\/image\/\",\"url\":\"https:\/\/secure.gravatar.com\/avatar\/cb16c3c31c9d23b9b8c705964598220b3014e42ff51eb540ff23cefa3ae8c15f?s=96&d=mm&r=g\",\"contentUrl\":\"https:\/\/secure.gravatar.com\/avatar\/cb16c3c31c9d23b9b8c705964598220b3014e42ff51eb540ff23cefa3ae8c15f?s=96&d=mm&r=g\",\"caption\":\"US6\"},\"url\":\"https:\/\/veritasinfo.org\/?author=7\"}]}<\/script>\n<!-- \/ Yoast SEO plugin. -->","yoast_head_json":{"title":"Thirrje nga p\u00ebrfaq\u00ebsuesit shqiptar\u00eb n\u00eb SHBA:Votojeni Bekim Sejdiun p\u00ebr president -","robots":{"index":"index","follow":"follow","max-snippet":"max-snippet:-1","max-image-preview":"max-image-preview:large","max-video-preview":"max-video-preview:-1"},"canonical":"https:\/\/veritasinfo.org\/?p=63753","og_locale":"en_US","og_type":"article","og_title":"Thirrje nga p\u00ebrfaq\u00ebsuesit shqiptar\u00eb n\u00eb SHBA:Votojeni Bekim Sejdiun p\u00ebr president -","og_description":"Prishtin\u00eb, 1 shtator 2026 11:20 P\u00ebrfaq\u00ebsues t\u00eb komunitetit shqiptar n\u00eb Shtetet e Bashkuara t\u00eb Amerik\u00ebs u kan\u00eb b\u00ebr\u00eb thirrje lider\u00ebve politik\u00eb dhe deputet\u00ebve t\u00eb Kuvendit","og_url":"https:\/\/veritasinfo.org\/?p=63753","article_published_time":"2026-09-01T09:19:58+00:00","og_image":[{"width":960,"height":1200,"url":"https:\/\/veritasinfo.org\/wp-content\/uploads\/2026\/08\/HQ7w-S4WYAALDlL.webp","type":"image\/webp"}],"author":"US6","twitter_card":"summary_large_image","twitter_misc":{"Written by":"US6","Est. reading time":"2 minutes"},"schema":{"@context":"https:\/\/schema.org","@graph":[{"@type":"WebPage","@id":"https:\/\/veritasinfo.org\/?p=63753","url":"https:\/\/veritasinfo.org\/?p=63753","name":"Thirrje nga p\u00ebrfaq\u00ebsuesit shqiptar\u00eb n\u00eb SHBA:Votojeni Bekim Sejdiun p\u00ebr president -","isPartOf":{"@id":"https:\/\/veritasinfo.org\/#website"},"primaryImageOfPage":{"@id":"https:\/\/veritasinfo.org\/?p=63753#primaryimage"},"image":{"@id":"https:\/\/veritasinfo.org\/?p=63753#primaryimage"},"thumbnailUrl":"https:\/\/veritasinfo.org\/wp-content\/uploads\/2026\/08\/HQ7w-S4WYAALDlL.webp","datePublished":"2026-09-01T09:19:58+00:00","author":{"@id":"https:\/\/veritasinfo.org\/#\/schema\/person\/fe199eede04c3937362892b7444747cc"},"breadcrumb":{"@id":"https:\/\/veritasinfo.org\/?p=63753#breadcrumb"},"inLanguage":"en-US","potentialAction":[{"@type":"ReadAction","target":["https:\/\/veritasinfo.org\/?p=63753"]}]},{"@type":"ImageObject","inLanguage":"en-US","@id":"https:\/\/veritasinfo.org\/?p=63753#primaryimage","url":"https:\/\/veritasinfo.org\/wp-content\/uploads\/2026\/08\/HQ7w-S4WYAALDlL.webp","contentUrl":"https:\/\/veritasinfo.org\/wp-content\/uploads\/2026\/08\/HQ7w-S4WYAALDlL.webp","width":960,"height":1200},{"@type":"BreadcrumbList","@id":"https:\/\/veritasinfo.org\/?p=63753#breadcrumb","itemListElement":[{"@type":"ListItem","position":1,"name":"Home","item":"https:\/\/veritasinfo.org\/"},{"@type":"ListItem","position":2,"name":"Thirrje nga p\u00ebrfaq\u00ebsuesit shqiptar\u00eb n\u00eb SHBA:Votojeni Bekim Sejdiun p\u00ebr president"}]},{"@type":"WebSite","@id":"https:\/\/veritasinfo.org\/#website","url":"https:\/\/veritasinfo.org\/","name":"","description":"","potentialAction":[{"@type":"SearchAction","target":{"@type":"EntryPoint","urlTemplate":"https:\/\/veritasinfo.org\/?s={search_term_string}"},"query-input":{"@type":"PropertyValueSpecification","valueRequired":true,"valueName":"search_term_string"}}],"inLanguage":"en-US"},{"@type":"Person","@id":"https:\/\/veritasinfo.org\/#\/schema\/person\/fe199eede04c3937362892b7444747cc","name":"US6","image":{"@type":"ImageObject","inLanguage":"en-US","@id":"https:\/\/veritasinfo.org\/#\/schema\/person\/image\/","url":"https:\/\/secure.gravatar.com\/avatar\/cb16c3c31c9d23b9b8c705964598220b3014e42ff51eb540ff23cefa3ae8c15f?s=96&d=mm&r=g","contentUrl":"https:\/\/secure.gravatar.com\/avatar\/cb16c3c31c9d23b9b8c705964598220b3014e42ff51eb540ff23cefa3ae8c15f?s=96&d=mm&r=g","caption":"US6"},"url":"https:\/\/veritasinfo.org\/?author=7"}]}},"featured_image_urls":{"full":["https:\/\/veritasinfo.org\/wp-content\/uploads\/2026\/08\/HQ7w-S4WYAALDlL.webp",960,1200,false],"thumbnail":["https:\/\/veritasinfo.org\/wp-content\/uploads\/2026\/08\/HQ7w-S4WYAALDlL-150x150.webp",150,150,true],"medium":["https:\/\/veritasinfo.org\/wp-content\/uploads\/2026\/08\/HQ7w-S4WYAALDlL-240x300.webp",240,300,true],"medium_large":["https:\/\/veritasinfo.org\/wp-content\/uploads\/2026\/08\/HQ7w-S4WYAALDlL-768x960.webp",640,800,true],"large":["https:\/\/veritasinfo.org\/wp-content\/uploads\/2026\/08\/HQ7w-S4WYAALDlL-819x1024.webp",640,800,true],"1536x1536":["https:\/\/veritasinfo.org\/wp-content\/uploads\/2026\/08\/HQ7w-S4WYAALDlL.webp",960,1200,false],"2048x2048":["https:\/\/veritasinfo.org\/wp-content\/uploads\/2026\/08\/HQ7w-S4WYAALDlL.webp",960,1200,false],"kreeti-slider-full":["https:\/\/veritasinfo.org\/wp-content\/uploads\/2026\/08\/HQ7w-S4WYAALDlL-960x720.webp",960,720,true],"kreeti-featured":["https:\/\/veritasinfo.org\/wp-content\/uploads\/2026\/08\/HQ7w-S4WYAALDlL.webp",960,1200,false],"kreeti-medium":["https:\/\/veritasinfo.org\/wp-content\/uploads\/2026\/08\/HQ7w-S4WYAALDlL-720x530.webp",720,530,true],"kreeti-medium-square":["https:\/\/veritasinfo.org\/wp-content\/uploads\/2026\/08\/HQ7w-S4WYAALDlL-350x350.webp",350,350,true]},"author_info":{"info":["US6"]},"category_info":"<a href=\"https:\/\/veritasinfo.org\/?cat=58\" rel=\"category\">Politik\u00eb<\/a>","tag_info":"Politik\u00eb","comment_count":"0","_links":{"self":[{"href":"https:\/\/veritasinfo.org\/index.php?rest_route=\/wp\/v2\/posts\/63753","targetHints":{"allow":["GET"]}}],"collection":[{"href":"https:\/\/veritasinfo.org\/index.php?rest_route=\/wp\/v2\/posts"}],"about":[{"href":"https:\/\/veritasinfo.org\/index.php?rest_route=\/wp\/v2\/types\/post"}],"author":[{"embeddable":true,"href":"https:\/\/veritasinfo.org\/index.php?rest_route=\/wp\/v2\/users\/7"}],"replies":[{"embeddable":true,"href":"https:\/\/veritasinfo.org\/index.php?rest_route=%2Fwp%2Fv2%2Fcomments&post=63753"}],"version-history":[{"count":1,"href":"https:\/\/veritasinfo.org\/index.php?rest_route=\/wp\/v2\/posts\/63753\/revisions"}],"predecessor-version":[{"id":63757,"href":"https:\/\/veritasinfo.org\/index.php?rest_route=\/wp\/v2\/posts\/63753\/revisions\/63757"}],"wp:featuredmedia":[{"embeddable":true,"href":"https:\/\/veritasinfo.org\/index.php?rest_route=\/wp\/v2\/media\/63658"}],"wp:attachment":[{"href":"https:\/\/veritasinfo.org\/index.php?rest_route=%2Fwp%2Fv2%2Fmedia&parent=63753"}],"wp:term":[{"taxonomy":"category","embeddable":true,"href":"https:\/\/veritasinfo.org\/index.php?rest_route=%2Fwp%2Fv2%2Fcategories&post=63753"},{"taxonomy":"post_tag","embeddable":true,"href":"https:\/\/veritasinfo.org\/index.php?rest_route=%2Fwp%2Fv2%2Ftags&post=63753"}],"curies":[{"name":"wp","href":"https:\/\/api.w.org\/{rel}","templated":true}]}}