{"id":63752,"date":"2026-09-01T11:19:20","date_gmt":"2026-09-01T09:19:20","guid":{"rendered":"https:\/\/veritasinfo.org\/?p=63752"},"modified":"2026-09-01T11:19:20","modified_gmt":"2026-09-01T09:19:20","slug":"ne-mitrovice-u-shfaq-premiera-e-dokumentarit-shtepia-e-kombit","status":"publish","type":"post","link":"https:\/\/veritasinfo.org\/?p=63752","title":{"rendered":"N\u00eb Mitrovic\u00eb u shfaq premiera e dokumentarit \u201cSht\u00ebpia e Kombit\u201d"},"content":{"rendered":"<p><strong>Mitrovic\u00eb, 01 Shtator 2026 11:18<\/strong><br \/>\nT\u00eb H\u00ebn\u00ebn n\u00eb mbr\u00ebmje n\u00eb hyrje t\u00eb sh\u00ebtitores \u201cKej\u201d n\u00eb Mitrovic\u00eb, u shfaq premiera e dokumentarit \u201cSht\u00ebpia e Kombit\u201d, me regji t\u00eb Burim Halitit dhe producente Helena Halilaj.Dokumentari trajton eksodin e mij\u00ebra shqiptar\u00ebve t\u00eb Kosov\u00ebs gjat\u00eb vitit 1999, si dhe mikpritjen dhe solidaritetin e qytetar\u00ebve t\u00eb Kuk\u00ebsit ndaj familjeve t\u00eb d\u00ebbuara nga Kosova.<br \/>\nP\u00ebrmes k\u00ebtij dokumentari synohet t\u00eb rikujtohet periudha e luft\u00ebs dhe d\u00ebbimit t\u00eb shqiptar\u00ebve t\u00eb Kosov\u00ebs, si dhe kontributi human i qytetar\u00ebve t\u00eb Kuk\u00ebsit, t\u00eb cil\u00ebt gjat\u00eb dit\u00ebve m\u00eb t\u00eb v\u00ebshtira hap\u00ebn dyert e sht\u00ebpive t\u00eb tyre dhe ndan\u00eb gjith\u00e7ka me familjet e ardhura nga Kosova.<\/p>\n","protected":false},"excerpt":{"rendered":"<p>Mitrovic\u00eb, 01 Shtator 2026 11:18 T\u00eb H\u00ebn\u00ebn n\u00eb mbr\u00ebmje n\u00eb hyrje t\u00eb sh\u00ebtitores \u201cKej\u201d n\u00eb Mitrovic\u00eb, u shfaq premiera e dokumentarit \u201cSht\u00ebpia e Kombit\u201d, me<\/p>\n","protected":false},"author":2,"featured_media":63754,"comment_status":"open","ping_status":"open","sticky":false,"template":"","format":"standard","meta":{"footnotes":""},"categories":[54],"tags":[],"class_list":["post-63752","post","type-post","status-publish","format-standard","has-post-thumbnail","hentry","category-kulture-sq"],"yoast_head":"<!-- This site is optimized with the Yoast SEO plugin v25.3.1 - https:\/\/yoast.com\/wordpress\/plugins\/seo\/ -->\n<title>N\u00eb Mitrovic\u00eb u shfaq premiera e dokumentarit \u201cSht\u00ebpia e Kombit\u201d -<\/title>\n<meta name=\"robots\" content=\"index, follow, max-snippet:-1, max-image-preview:large, max-video-preview:-1\" \/>\n<link rel=\"canonical\" href=\"https:\/\/veritasinfo.org\/?p=63752\" \/>\n<meta property=\"og:locale\" content=\"en_US\" \/>\n<meta property=\"og:type\" content=\"article\" \/>\n<meta property=\"og:title\" content=\"N\u00eb Mitrovic\u00eb u shfaq premiera e dokumentarit \u201cSht\u00ebpia e Kombit\u201d -\" \/>\n<meta property=\"og:description\" content=\"Mitrovic\u00eb, 01 Shtator 2026 11:18 T\u00eb H\u00ebn\u00ebn n\u00eb mbr\u00ebmje n\u00eb hyrje t\u00eb sh\u00ebtitores \u201cKej\u201d n\u00eb Mitrovic\u00eb, u shfaq premiera e dokumentarit \u201cSht\u00ebpia e Kombit\u201d, me\" \/>\n<meta property=\"og:url\" content=\"https:\/\/veritasinfo.org\/?p=63752\" \/>\n<meta property=\"article:published_time\" content=\"2026-09-01T09:19:20+00:00\" \/>\n<meta property=\"og:image\" content=\"https:\/\/veritasinfo.org\/wp-content\/uploads\/2026\/09\/kultura.jpeg\" \/>\n\t<meta property=\"og:image:width\" content=\"900\" \/>\n\t<meta property=\"og:image:height\" content=\"577\" \/>\n\t<meta property=\"og:image:type\" content=\"image\/jpeg\" \/>\n<meta name=\"author\" content=\"US1\" \/>\n<meta name=\"twitter:card\" content=\"summary_large_image\" \/>\n<meta name=\"twitter:label1\" content=\"Written by\" \/>\n\t<meta name=\"twitter:data1\" content=\"US1\" \/>\n\t<meta name=\"twitter:label2\" content=\"Est. reading time\" \/>\n\t<meta name=\"twitter:data2\" content=\"1 minute\" \/>\n<script type=\"application\/ld+json\" class=\"yoast-schema-graph\">{\"@context\":\"https:\/\/schema.org\",\"@graph\":[{\"@type\":\"WebPage\",\"@id\":\"https:\/\/veritasinfo.org\/?p=63752\",\"url\":\"https:\/\/veritasinfo.org\/?p=63752\",\"name\":\"N\u00eb Mitrovic\u00eb u shfaq premiera e dokumentarit \u201cSht\u00ebpia e Kombit\u201d -\",\"isPartOf\":{\"@id\":\"https:\/\/veritasinfo.org\/#website\"},\"primaryImageOfPage\":{\"@id\":\"https:\/\/veritasinfo.org\/?p=63752#primaryimage\"},\"image\":{\"@id\":\"https:\/\/veritasinfo.org\/?p=63752#primaryimage\"},\"thumbnailUrl\":\"https:\/\/veritasinfo.org\/wp-content\/uploads\/2026\/09\/kultura.jpeg\",\"datePublished\":\"2026-09-01T09:19:20+00:00\",\"author\":{\"@id\":\"https:\/\/veritasinfo.org\/#\/schema\/person\/c2b8be262ea994d0995addca692c5e98\"},\"breadcrumb\":{\"@id\":\"https:\/\/veritasinfo.org\/?p=63752#breadcrumb\"},\"inLanguage\":\"en-US\",\"potentialAction\":[{\"@type\":\"ReadAction\",\"target\":[\"https:\/\/veritasinfo.org\/?p=63752\"]}]},{\"@type\":\"ImageObject\",\"inLanguage\":\"en-US\",\"@id\":\"https:\/\/veritasinfo.org\/?p=63752#primaryimage\",\"url\":\"https:\/\/veritasinfo.org\/wp-content\/uploads\/2026\/09\/kultura.jpeg\",\"contentUrl\":\"https:\/\/veritasinfo.org\/wp-content\/uploads\/2026\/09\/kultura.jpeg\",\"width\":900,\"height\":577},{\"@type\":\"BreadcrumbList\",\"@id\":\"https:\/\/veritasinfo.org\/?p=63752#breadcrumb\",\"itemListElement\":[{\"@type\":\"ListItem\",\"position\":1,\"name\":\"Home\",\"item\":\"https:\/\/veritasinfo.org\/\"},{\"@type\":\"ListItem\",\"position\":2,\"name\":\"N\u00eb Mitrovic\u00eb u shfaq premiera e dokumentarit \u201cSht\u00ebpia e Kombit\u201d\"}]},{\"@type\":\"WebSite\",\"@id\":\"https:\/\/veritasinfo.org\/#website\",\"url\":\"https:\/\/veritasinfo.org\/\",\"name\":\"\",\"description\":\"\",\"potentialAction\":[{\"@type\":\"SearchAction\",\"target\":{\"@type\":\"EntryPoint\",\"urlTemplate\":\"https:\/\/veritasinfo.org\/?s={search_term_string}\"},\"query-input\":{\"@type\":\"PropertyValueSpecification\",\"valueRequired\":true,\"valueName\":\"search_term_string\"}}],\"inLanguage\":\"en-US\"},{\"@type\":\"Person\",\"@id\":\"https:\/\/veritasinfo.org\/#\/schema\/person\/c2b8be262ea994d0995addca692c5e98\",\"name\":\"US1\",\"image\":{\"@type\":\"ImageObject\",\"inLanguage\":\"en-US\",\"@id\":\"https:\/\/veritasinfo.org\/#\/schema\/person\/image\/\",\"url\":\"https:\/\/secure.gravatar.com\/avatar\/4e96a59bd256abf9956eb9963ac891a47461ffb364d47b0e9aab113328fdb75b?s=96&d=mm&r=g\",\"contentUrl\":\"https:\/\/secure.gravatar.com\/avatar\/4e96a59bd256abf9956eb9963ac891a47461ffb364d47b0e9aab113328fdb75b?s=96&d=mm&r=g\",\"caption\":\"US1\"},\"url\":\"https:\/\/veritasinfo.org\/?author=2\"}]}<\/script>\n<!-- \/ Yoast SEO plugin. -->","yoast_head_json":{"title":"N\u00eb Mitrovic\u00eb u shfaq premiera e dokumentarit \u201cSht\u00ebpia e Kombit\u201d -","robots":{"index":"index","follow":"follow","max-snippet":"max-snippet:-1","max-image-preview":"max-image-preview:large","max-video-preview":"max-video-preview:-1"},"canonical":"https:\/\/veritasinfo.org\/?p=63752","og_locale":"en_US","og_type":"article","og_title":"N\u00eb Mitrovic\u00eb u shfaq premiera e dokumentarit \u201cSht\u00ebpia e Kombit\u201d -","og_description":"Mitrovic\u00eb, 01 Shtator 2026 11:18 T\u00eb H\u00ebn\u00ebn n\u00eb mbr\u00ebmje n\u00eb hyrje t\u00eb sh\u00ebtitores \u201cKej\u201d n\u00eb Mitrovic\u00eb, u shfaq premiera e dokumentarit \u201cSht\u00ebpia e Kombit\u201d, me","og_url":"https:\/\/veritasinfo.org\/?p=63752","article_published_time":"2026-09-01T09:19:20+00:00","og_image":[{"width":900,"height":577,"url":"https:\/\/veritasinfo.org\/wp-content\/uploads\/2026\/09\/kultura.jpeg","type":"image\/jpeg"}],"author":"US1","twitter_card":"summary_large_image","twitter_misc":{"Written by":"US1","Est. reading time":"1 minute"},"schema":{"@context":"https:\/\/schema.org","@graph":[{"@type":"WebPage","@id":"https:\/\/veritasinfo.org\/?p=63752","url":"https:\/\/veritasinfo.org\/?p=63752","name":"N\u00eb Mitrovic\u00eb u shfaq premiera e dokumentarit \u201cSht\u00ebpia e Kombit\u201d -","isPartOf":{"@id":"https:\/\/veritasinfo.org\/#website"},"primaryImageOfPage":{"@id":"https:\/\/veritasinfo.org\/?p=63752#primaryimage"},"image":{"@id":"https:\/\/veritasinfo.org\/?p=63752#primaryimage"},"thumbnailUrl":"https:\/\/veritasinfo.org\/wp-content\/uploads\/2026\/09\/kultura.jpeg","datePublished":"2026-09-01T09:19:20+00:00","author":{"@id":"https:\/\/veritasinfo.org\/#\/schema\/person\/c2b8be262ea994d0995addca692c5e98"},"breadcrumb":{"@id":"https:\/\/veritasinfo.org\/?p=63752#breadcrumb"},"inLanguage":"en-US","potentialAction":[{"@type":"ReadAction","target":["https:\/\/veritasinfo.org\/?p=63752"]}]},{"@type":"ImageObject","inLanguage":"en-US","@id":"https:\/\/veritasinfo.org\/?p=63752#primaryimage","url":"https:\/\/veritasinfo.org\/wp-content\/uploads\/2026\/09\/kultura.jpeg","contentUrl":"https:\/\/veritasinfo.org\/wp-content\/uploads\/2026\/09\/kultura.jpeg","width":900,"height":577},{"@type":"BreadcrumbList","@id":"https:\/\/veritasinfo.org\/?p=63752#breadcrumb","itemListElement":[{"@type":"ListItem","position":1,"name":"Home","item":"https:\/\/veritasinfo.org\/"},{"@type":"ListItem","position":2,"name":"N\u00eb Mitrovic\u00eb u shfaq premiera e dokumentarit \u201cSht\u00ebpia e Kombit\u201d"}]},{"@type":"WebSite","@id":"https:\/\/veritasinfo.org\/#website","url":"https:\/\/veritasinfo.org\/","name":"","description":"","potentialAction":[{"@type":"SearchAction","target":{"@type":"EntryPoint","urlTemplate":"https:\/\/veritasinfo.org\/?s={search_term_string}"},"query-input":{"@type":"PropertyValueSpecification","valueRequired":true,"valueName":"search_term_string"}}],"inLanguage":"en-US"},{"@type":"Person","@id":"https:\/\/veritasinfo.org\/#\/schema\/person\/c2b8be262ea994d0995addca692c5e98","name":"US1","image":{"@type":"ImageObject","inLanguage":"en-US","@id":"https:\/\/veritasinfo.org\/#\/schema\/person\/image\/","url":"https:\/\/secure.gravatar.com\/avatar\/4e96a59bd256abf9956eb9963ac891a47461ffb364d47b0e9aab113328fdb75b?s=96&d=mm&r=g","contentUrl":"https:\/\/secure.gravatar.com\/avatar\/4e96a59bd256abf9956eb9963ac891a47461ffb364d47b0e9aab113328fdb75b?s=96&d=mm&r=g","caption":"US1"},"url":"https:\/\/veritasinfo.org\/?author=2"}]}},"featured_image_urls":{"full":["https:\/\/veritasinfo.org\/wp-content\/uploads\/2026\/09\/kultura.jpeg",900,577,false],"thumbnail":["https:\/\/veritasinfo.org\/wp-content\/uploads\/2026\/09\/kultura-150x150.jpeg",150,150,true],"medium":["https:\/\/veritasinfo.org\/wp-content\/uploads\/2026\/09\/kultura-300x192.jpeg",300,192,true],"medium_large":["https:\/\/veritasinfo.org\/wp-content\/uploads\/2026\/09\/kultura-768x492.jpeg",640,410,true],"large":["https:\/\/veritasinfo.org\/wp-content\/uploads\/2026\/09\/kultura.jpeg",640,410,false],"1536x1536":["https:\/\/veritasinfo.org\/wp-content\/uploads\/2026\/09\/kultura.jpeg",900,577,false],"2048x2048":["https:\/\/veritasinfo.org\/wp-content\/uploads\/2026\/09\/kultura.jpeg",900,577,false],"kreeti-slider-full":["https:\/\/veritasinfo.org\/wp-content\/uploads\/2026\/09\/kultura.jpeg",900,577,false],"kreeti-featured":["https:\/\/veritasinfo.org\/wp-content\/uploads\/2026\/09\/kultura.jpeg",900,577,false],"kreeti-medium":["https:\/\/veritasinfo.org\/wp-content\/uploads\/2026\/09\/kultura-720x530.jpeg",720,530,true],"kreeti-medium-square":["https:\/\/veritasinfo.org\/wp-content\/uploads\/2026\/09\/kultura-350x350.jpeg",350,350,true]},"author_info":{"info":["US1"]},"category_info":"<a href=\"https:\/\/veritasinfo.org\/?cat=54\" rel=\"category\">Kultur\u00eb<\/a>","tag_info":"Kultur\u00eb","comment_count":"0","_links":{"self":[{"href":"https:\/\/veritasinfo.org\/index.php?rest_route=\/wp\/v2\/posts\/63752","targetHints":{"allow":["GET"]}}],"collection":[{"href":"https:\/\/veritasinfo.org\/index.php?rest_route=\/wp\/v2\/posts"}],"about":[{"href":"https:\/\/veritasinfo.org\/index.php?rest_route=\/wp\/v2\/types\/post"}],"author":[{"embeddable":true,"href":"https:\/\/veritasinfo.org\/index.php?rest_route=\/wp\/v2\/users\/2"}],"replies":[{"embeddable":true,"href":"https:\/\/veritasinfo.org\/index.php?rest_route=%2Fwp%2Fv2%2Fcomments&post=63752"}],"version-history":[{"count":1,"href":"https:\/\/veritasinfo.org\/index.php?rest_route=\/wp\/v2\/posts\/63752\/revisions"}],"predecessor-version":[{"id":63755,"href":"https:\/\/veritasinfo.org\/index.php?rest_route=\/wp\/v2\/posts\/63752\/revisions\/63755"}],"wp:featuredmedia":[{"embeddable":true,"href":"https:\/\/veritasinfo.org\/index.php?rest_route=\/wp\/v2\/media\/63754"}],"wp:attachment":[{"href":"https:\/\/veritasinfo.org\/index.php?rest_route=%2Fwp%2Fv2%2Fmedia&parent=63752"}],"wp:term":[{"taxonomy":"category","embeddable":true,"href":"https:\/\/veritasinfo.org\/index.php?rest_route=%2Fwp%2Fv2%2Fcategories&post=63752"},{"taxonomy":"post_tag","embeddable":true,"href":"https:\/\/veritasinfo.org\/index.php?rest_route=%2Fwp%2Fv2%2Ftags&post=63752"}],"curies":[{"name":"wp","href":"https:\/\/api.w.org\/{rel}","templated":true}]}}