{"id":63745,"date":"2026-09-01T08:46:48","date_gmt":"2026-09-01T06:46:48","guid":{"rendered":"https:\/\/veritasinfo.org\/?p=63745"},"modified":"2026-09-01T08:46:48","modified_gmt":"2026-09-01T06:46:48","slug":"kula-srbija-cilja-na-versku-podelu-albanaca-niko-drugi-nema-interes-za-to","status":"publish","type":"post","link":"https:\/\/veritasinfo.org\/?p=63745&lang=sr","title":{"rendered":"Kula: Srbija cilja na versku podelu Albanaca, niko drugi nema interes za to"},"content":{"rendered":"<p><strong>Pri\u0161tina, 01. septembar 2026. 08:46<\/strong><br \/>\nDirektor \u201eGlobalne krizne grupe\u201c, Iljir Kula, izjavio je da su verska verovanja i domovina usko povezani jedno sa drugim, dok je govorio i o riziku od verskih podela na Kosovu.<br \/>\nKula je izjavio da \u201ebez religije nema domovine\u201c, povezujuc\u0301i pitanje vere sa identitetom i o\u010duvanjem domovine.<br \/>\nTako\u0111e je govorio o pitanju koje zemlje mogu imati interes da do\u0111e do podele na Kosovu na verskoj osnovi. Prema Kulinim re\u010dima, Srbija ima takav interes, dok druge zemlje nemaju interes da Albanci budu podeljeni na verskoj osnovi.<br \/>\n\u201eSamo bi Srbi, niko drugi, bio zainteresovan za podelu Albanaca po verama, jer je Srbija to imala u svojim istorijskim planovima, od po\u010detka, otkako je odlu\u010dila da osnuje sopstvenu dr\u017eavu na ra\u010dun Albanaca, da etni\u010dki o\u010disti Albance.\u201c Kula je rekao da su ove teme vec\u0301 analizirane i povezao istoriju sukoba u biv\u0161oj Jugoslaviji sa upotrebom religije u politi\u010dke svrhe. \u201eAnalizirali smo ove teme. Samo su Srbi \u017eeleli versku doktrinarnu dr\u017eavu i oni su bili jedini koji su uspeli da vode verski rat u biv\u0161oj Jugoslaviji, koristec\u0301i veru u politi\u010dke svrhe&#8221;.<\/p>\n","protected":false},"excerpt":{"rendered":"<p>Pri\u0161tina, 01. septembar 2026. 08:46 Direktor \u201eGlobalne krizne grupe\u201c, Iljir Kula, izjavio je da su verska verovanja i domovina usko povezani jedno sa drugim, dok<\/p>\n","protected":false},"author":2,"featured_media":63746,"comment_status":"open","ping_status":"open","sticky":false,"template":"","format":"standard","meta":{"footnotes":""},"categories":[28],"tags":[],"class_list":["post-63745","post","type-post","status-publish","format-standard","has-post-thumbnail","hentry","category-politika"],"yoast_head":"<!-- This site is optimized with the Yoast SEO plugin v25.3.1 - https:\/\/yoast.com\/wordpress\/plugins\/seo\/ -->\n<title>Kula: Srbija cilja na versku podelu Albanaca, niko drugi nema interes za to -<\/title>\n<meta name=\"robots\" content=\"index, follow, max-snippet:-1, max-image-preview:large, max-video-preview:-1\" \/>\n<link rel=\"canonical\" href=\"https:\/\/veritasinfo.org\/?p=63745&lang=sr\" \/>\n<meta property=\"og:locale\" content=\"en_US\" \/>\n<meta property=\"og:type\" content=\"article\" \/>\n<meta property=\"og:title\" content=\"Kula: Srbija cilja na versku podelu Albanaca, niko drugi nema interes za to -\" \/>\n<meta property=\"og:description\" content=\"Pri\u0161tina, 01. septembar 2026. 08:46 Direktor \u201eGlobalne krizne grupe\u201c, Iljir Kula, izjavio je da su verska verovanja i domovina usko povezani jedno sa drugim, dok\" \/>\n<meta property=\"og:url\" content=\"https:\/\/veritasinfo.org\/?p=63745&amp;lang=sr\" \/>\n<meta property=\"article:published_time\" content=\"2026-09-01T06:46:48+00:00\" \/>\n<meta property=\"og:image\" content=\"https:\/\/veritasinfo.org\/wp-content\/uploads\/2026\/09\/Ilir-Kulla-1.jpeg\" \/>\n\t<meta property=\"og:image:width\" content=\"548\" \/>\n\t<meta property=\"og:image:height\" content=\"364\" \/>\n\t<meta property=\"og:image:type\" content=\"image\/jpeg\" \/>\n<meta name=\"author\" content=\"US1\" \/>\n<meta name=\"twitter:card\" content=\"summary_large_image\" \/>\n<meta name=\"twitter:label1\" content=\"Written by\" \/>\n\t<meta name=\"twitter:data1\" content=\"US1\" \/>\n\t<meta name=\"twitter:label2\" content=\"Est. reading time\" \/>\n\t<meta name=\"twitter:data2\" content=\"1 minute\" \/>\n<script type=\"application\/ld+json\" class=\"yoast-schema-graph\">{\"@context\":\"https:\/\/schema.org\",\"@graph\":[{\"@type\":\"WebPage\",\"@id\":\"https:\/\/veritasinfo.org\/?p=63745&lang=sr\",\"url\":\"https:\/\/veritasinfo.org\/?p=63745&lang=sr\",\"name\":\"Kula: Srbija cilja na versku podelu Albanaca, niko drugi nema interes za to -\",\"isPartOf\":{\"@id\":\"https:\/\/veritasinfo.org\/#website\"},\"primaryImageOfPage\":{\"@id\":\"https:\/\/veritasinfo.org\/?p=63745&lang=sr#primaryimage\"},\"image\":{\"@id\":\"https:\/\/veritasinfo.org\/?p=63745&lang=sr#primaryimage\"},\"thumbnailUrl\":\"https:\/\/veritasinfo.org\/wp-content\/uploads\/2026\/09\/Ilir-Kulla-1.jpeg\",\"datePublished\":\"2026-09-01T06:46:48+00:00\",\"author\":{\"@id\":\"https:\/\/veritasinfo.org\/#\/schema\/person\/c2b8be262ea994d0995addca692c5e98\"},\"breadcrumb\":{\"@id\":\"https:\/\/veritasinfo.org\/?p=63745&lang=sr#breadcrumb\"},\"inLanguage\":\"en-US\",\"potentialAction\":[{\"@type\":\"ReadAction\",\"target\":[\"https:\/\/veritasinfo.org\/?p=63745&lang=sr\"]}]},{\"@type\":\"ImageObject\",\"inLanguage\":\"en-US\",\"@id\":\"https:\/\/veritasinfo.org\/?p=63745&lang=sr#primaryimage\",\"url\":\"https:\/\/veritasinfo.org\/wp-content\/uploads\/2026\/09\/Ilir-Kulla-1.jpeg\",\"contentUrl\":\"https:\/\/veritasinfo.org\/wp-content\/uploads\/2026\/09\/Ilir-Kulla-1.jpeg\",\"width\":548,\"height\":364},{\"@type\":\"BreadcrumbList\",\"@id\":\"https:\/\/veritasinfo.org\/?p=63745&lang=sr#breadcrumb\",\"itemListElement\":[{\"@type\":\"ListItem\",\"position\":1,\"name\":\"Home\",\"item\":\"https:\/\/veritasinfo.org\/\"},{\"@type\":\"ListItem\",\"position\":2,\"name\":\"Kula: Srbija cilja na versku podelu Albanaca, niko drugi nema interes za to\"}]},{\"@type\":\"WebSite\",\"@id\":\"https:\/\/veritasinfo.org\/#website\",\"url\":\"https:\/\/veritasinfo.org\/\",\"name\":\"\",\"description\":\"\",\"potentialAction\":[{\"@type\":\"SearchAction\",\"target\":{\"@type\":\"EntryPoint\",\"urlTemplate\":\"https:\/\/veritasinfo.org\/?s={search_term_string}\"},\"query-input\":{\"@type\":\"PropertyValueSpecification\",\"valueRequired\":true,\"valueName\":\"search_term_string\"}}],\"inLanguage\":\"en-US\"},{\"@type\":\"Person\",\"@id\":\"https:\/\/veritasinfo.org\/#\/schema\/person\/c2b8be262ea994d0995addca692c5e98\",\"name\":\"US1\",\"image\":{\"@type\":\"ImageObject\",\"inLanguage\":\"en-US\",\"@id\":\"https:\/\/veritasinfo.org\/#\/schema\/person\/image\/\",\"url\":\"https:\/\/secure.gravatar.com\/avatar\/4e96a59bd256abf9956eb9963ac891a47461ffb364d47b0e9aab113328fdb75b?s=96&d=mm&r=g\",\"contentUrl\":\"https:\/\/secure.gravatar.com\/avatar\/4e96a59bd256abf9956eb9963ac891a47461ffb364d47b0e9aab113328fdb75b?s=96&d=mm&r=g\",\"caption\":\"US1\"},\"url\":\"https:\/\/veritasinfo.org\/?author=2\"}]}<\/script>\n<!-- \/ Yoast SEO plugin. -->","yoast_head_json":{"title":"Kula: Srbija cilja na versku podelu Albanaca, niko drugi nema interes za to -","robots":{"index":"index","follow":"follow","max-snippet":"max-snippet:-1","max-image-preview":"max-image-preview:large","max-video-preview":"max-video-preview:-1"},"canonical":"https:\/\/veritasinfo.org\/?p=63745&lang=sr","og_locale":"en_US","og_type":"article","og_title":"Kula: Srbija cilja na versku podelu Albanaca, niko drugi nema interes za to -","og_description":"Pri\u0161tina, 01. septembar 2026. 08:46 Direktor \u201eGlobalne krizne grupe\u201c, Iljir Kula, izjavio je da su verska verovanja i domovina usko povezani jedno sa drugim, dok","og_url":"https:\/\/veritasinfo.org\/?p=63745&lang=sr","article_published_time":"2026-09-01T06:46:48+00:00","og_image":[{"width":548,"height":364,"url":"https:\/\/veritasinfo.org\/wp-content\/uploads\/2026\/09\/Ilir-Kulla-1.jpeg","type":"image\/jpeg"}],"author":"US1","twitter_card":"summary_large_image","twitter_misc":{"Written by":"US1","Est. reading time":"1 minute"},"schema":{"@context":"https:\/\/schema.org","@graph":[{"@type":"WebPage","@id":"https:\/\/veritasinfo.org\/?p=63745&lang=sr","url":"https:\/\/veritasinfo.org\/?p=63745&lang=sr","name":"Kula: Srbija cilja na versku podelu Albanaca, niko drugi nema interes za to -","isPartOf":{"@id":"https:\/\/veritasinfo.org\/#website"},"primaryImageOfPage":{"@id":"https:\/\/veritasinfo.org\/?p=63745&lang=sr#primaryimage"},"image":{"@id":"https:\/\/veritasinfo.org\/?p=63745&lang=sr#primaryimage"},"thumbnailUrl":"https:\/\/veritasinfo.org\/wp-content\/uploads\/2026\/09\/Ilir-Kulla-1.jpeg","datePublished":"2026-09-01T06:46:48+00:00","author":{"@id":"https:\/\/veritasinfo.org\/#\/schema\/person\/c2b8be262ea994d0995addca692c5e98"},"breadcrumb":{"@id":"https:\/\/veritasinfo.org\/?p=63745&lang=sr#breadcrumb"},"inLanguage":"en-US","potentialAction":[{"@type":"ReadAction","target":["https:\/\/veritasinfo.org\/?p=63745&lang=sr"]}]},{"@type":"ImageObject","inLanguage":"en-US","@id":"https:\/\/veritasinfo.org\/?p=63745&lang=sr#primaryimage","url":"https:\/\/veritasinfo.org\/wp-content\/uploads\/2026\/09\/Ilir-Kulla-1.jpeg","contentUrl":"https:\/\/veritasinfo.org\/wp-content\/uploads\/2026\/09\/Ilir-Kulla-1.jpeg","width":548,"height":364},{"@type":"BreadcrumbList","@id":"https:\/\/veritasinfo.org\/?p=63745&lang=sr#breadcrumb","itemListElement":[{"@type":"ListItem","position":1,"name":"Home","item":"https:\/\/veritasinfo.org\/"},{"@type":"ListItem","position":2,"name":"Kula: Srbija cilja na versku podelu Albanaca, niko drugi nema interes za to"}]},{"@type":"WebSite","@id":"https:\/\/veritasinfo.org\/#website","url":"https:\/\/veritasinfo.org\/","name":"","description":"","potentialAction":[{"@type":"SearchAction","target":{"@type":"EntryPoint","urlTemplate":"https:\/\/veritasinfo.org\/?s={search_term_string}"},"query-input":{"@type":"PropertyValueSpecification","valueRequired":true,"valueName":"search_term_string"}}],"inLanguage":"en-US"},{"@type":"Person","@id":"https:\/\/veritasinfo.org\/#\/schema\/person\/c2b8be262ea994d0995addca692c5e98","name":"US1","image":{"@type":"ImageObject","inLanguage":"en-US","@id":"https:\/\/veritasinfo.org\/#\/schema\/person\/image\/","url":"https:\/\/secure.gravatar.com\/avatar\/4e96a59bd256abf9956eb9963ac891a47461ffb364d47b0e9aab113328fdb75b?s=96&d=mm&r=g","contentUrl":"https:\/\/secure.gravatar.com\/avatar\/4e96a59bd256abf9956eb9963ac891a47461ffb364d47b0e9aab113328fdb75b?s=96&d=mm&r=g","caption":"US1"},"url":"https:\/\/veritasinfo.org\/?author=2"}]}},"featured_image_urls":{"full":["https:\/\/veritasinfo.org\/wp-content\/uploads\/2026\/09\/Ilir-Kulla-1.jpeg",548,364,false],"thumbnail":["https:\/\/veritasinfo.org\/wp-content\/uploads\/2026\/09\/Ilir-Kulla-1-150x150.jpeg",150,150,true],"medium":["https:\/\/veritasinfo.org\/wp-content\/uploads\/2026\/09\/Ilir-Kulla-1-300x199.jpeg",300,199,true],"medium_large":["https:\/\/veritasinfo.org\/wp-content\/uploads\/2026\/09\/Ilir-Kulla-1.jpeg",548,364,false],"large":["https:\/\/veritasinfo.org\/wp-content\/uploads\/2026\/09\/Ilir-Kulla-1.jpeg",548,364,false],"1536x1536":["https:\/\/veritasinfo.org\/wp-content\/uploads\/2026\/09\/Ilir-Kulla-1.jpeg",548,364,false],"2048x2048":["https:\/\/veritasinfo.org\/wp-content\/uploads\/2026\/09\/Ilir-Kulla-1.jpeg",548,364,false],"kreeti-slider-full":["https:\/\/veritasinfo.org\/wp-content\/uploads\/2026\/09\/Ilir-Kulla-1.jpeg",548,364,false],"kreeti-featured":["https:\/\/veritasinfo.org\/wp-content\/uploads\/2026\/09\/Ilir-Kulla-1.jpeg",548,364,false],"kreeti-medium":["https:\/\/veritasinfo.org\/wp-content\/uploads\/2026\/09\/Ilir-Kulla-1.jpeg",548,364,false],"kreeti-medium-square":["https:\/\/veritasinfo.org\/wp-content\/uploads\/2026\/09\/Ilir-Kulla-1-350x350.jpeg",350,350,true]},"author_info":{"info":["US1"]},"category_info":"<a href=\"https:\/\/veritasinfo.org\/?cat=28&#038;lang=sr\" rel=\"category\">Politika<\/a>","tag_info":"Politika","comment_count":"0","_links":{"self":[{"href":"https:\/\/veritasinfo.org\/index.php?rest_route=\/wp\/v2\/posts\/63745","targetHints":{"allow":["GET"]}}],"collection":[{"href":"https:\/\/veritasinfo.org\/index.php?rest_route=\/wp\/v2\/posts"}],"about":[{"href":"https:\/\/veritasinfo.org\/index.php?rest_route=\/wp\/v2\/types\/post"}],"author":[{"embeddable":true,"href":"https:\/\/veritasinfo.org\/index.php?rest_route=\/wp\/v2\/users\/2"}],"replies":[{"embeddable":true,"href":"https:\/\/veritasinfo.org\/index.php?rest_route=%2Fwp%2Fv2%2Fcomments&post=63745"}],"version-history":[{"count":1,"href":"https:\/\/veritasinfo.org\/index.php?rest_route=\/wp\/v2\/posts\/63745\/revisions"}],"predecessor-version":[{"id":63747,"href":"https:\/\/veritasinfo.org\/index.php?rest_route=\/wp\/v2\/posts\/63745\/revisions\/63747"}],"wp:featuredmedia":[{"embeddable":true,"href":"https:\/\/veritasinfo.org\/index.php?rest_route=\/wp\/v2\/media\/63746"}],"wp:attachment":[{"href":"https:\/\/veritasinfo.org\/index.php?rest_route=%2Fwp%2Fv2%2Fmedia&parent=63745"}],"wp:term":[{"taxonomy":"category","embeddable":true,"href":"https:\/\/veritasinfo.org\/index.php?rest_route=%2Fwp%2Fv2%2Fcategories&post=63745"},{"taxonomy":"post_tag","embeddable":true,"href":"https:\/\/veritasinfo.org\/index.php?rest_route=%2Fwp%2Fv2%2Ftags&post=63745"}],"curies":[{"name":"wp","href":"https:\/\/api.w.org\/{rel}","templated":true}]}}