{"id":63742,"date":"2026-09-01T08:45:06","date_gmt":"2026-09-01T06:45:06","guid":{"rendered":"https:\/\/veritasinfo.org\/?p=63742"},"modified":"2026-09-01T08:47:13","modified_gmt":"2026-09-01T06:47:13","slug":"kulla-serbia-synon-percarjen-fetare-te-shqiptareve-askush-tjeter-nuk-ka-interes-per-kete","status":"publish","type":"post","link":"https:\/\/veritasinfo.org\/?p=63742","title":{"rendered":"Kulla: Serbia synon p\u00ebr\u00e7arjen fetare t\u00eb shqiptar\u00ebve, askush tjet\u00ebr nuk ka interes p\u00ebr k\u00ebt\u00eb"},"content":{"rendered":"<p><strong>Prishtin\u00eb, 01 Shtator 2026 08:46<\/strong><br \/>\nDrejtori i \u201cGlobal Crisis Group\u201d, Ilir Kulla, ka deklaruar se besimi fetar dhe atdheu jan\u00eb t\u00eb lidhura ngusht\u00eb me nj\u00ebra-tjetr\u00ebn, nd\u00ebrsa ka folur edhe p\u00ebr rrezikun e p\u00ebr\u00e7arjeve fetare n\u00eb Kosov\u00eb.<br \/>\nKulla u shpreh se \u201cpa fe nuk ka atdhe\u201d, duke e lidhur \u00e7\u00ebshtjen e besimit me identitetin dhe ruajtjen e atdheut.<br \/>\nAi foli edhe p\u00ebr pyetjen se cilat vende mund t\u00eb ken\u00eb interes q\u00eb n\u00eb Kosov\u00eb t\u00eb ket\u00eb p\u00ebr\u00e7arje mbi baza fetare. Sipas Kull\u00ebs, nj\u00eb interes t\u00eb till\u00eb e ka Serbia, nd\u00ebrsa shtetet e tjera nuk kan\u00eb interes q\u00eb shqiptar\u00ebt t\u00eb ndahen mbi baza fetare.<br \/>\n\u201cVet\u00ebm serb\u00ebt, askujt tjet\u00ebr nuk do t\u2019i interesonte q\u00eb t\u00eb p\u00ebr\u00e7ahen shqiptar\u00ebt n\u00eb fe, sepse Serbia e ka n\u00eb planet e saj historike, q\u00eb n\u00eb krye t\u00eb her\u00ebs, q\u00eb kur ka vendosur t\u00eb themeloj\u00eb shtetin e vet n\u00eb kurriz t\u00eb shqiptar\u00ebve, edhe t\u2019i pastroj\u00eb shqiptar\u00ebt etnikisht&#8221;.<br \/>\nKulla tha se k\u00ebto tema jan\u00eb analizuar edhe m\u00eb her\u00ebt dhe e lidhi historin\u00eb e konfliktit n\u00eb ish-Jugosllavi me p\u00ebrdorimin e fes\u00eb p\u00ebr q\u00ebllime politike.<br \/>\n\u201cNe kemi analizuar k\u00ebto tema. Vet\u00ebm serb\u00ebt kan\u00eb dashur nj\u00eb shtet doktrinar fetar dhe ata kan\u00eb qen\u00eb t\u00eb vetmit q\u00eb kan\u00eb arritur t\u00eb b\u00ebjn\u00eb edhe nj\u00eb luft\u00eb fetare n\u00eb ish-Jugosllavi, duke p\u00ebrdorur besimin p\u00ebr q\u00ebllime politike&#8221;.<\/p>\n","protected":false},"excerpt":{"rendered":"<p>Prishtin\u00eb, 01 Shtator 2026 08:46 Drejtori i \u201cGlobal Crisis Group\u201d, Ilir Kulla, ka deklaruar se besimi fetar dhe atdheu jan\u00eb t\u00eb lidhura ngusht\u00eb me nj\u00ebra-tjetr\u00ebn,<\/p>\n","protected":false},"author":2,"featured_media":63743,"comment_status":"open","ping_status":"open","sticky":false,"template":"","format":"standard","meta":{"footnotes":""},"categories":[58],"tags":[],"class_list":["post-63742","post","type-post","status-publish","format-standard","has-post-thumbnail","hentry","category-politike-sq"],"yoast_head":"<!-- This site is optimized with the Yoast SEO plugin v25.3.1 - https:\/\/yoast.com\/wordpress\/plugins\/seo\/ -->\n<title>Kulla: Serbia synon p\u00ebr\u00e7arjen fetare t\u00eb shqiptar\u00ebve, askush tjet\u00ebr nuk ka interes p\u00ebr k\u00ebt\u00eb -<\/title>\n<meta name=\"robots\" content=\"index, follow, max-snippet:-1, max-image-preview:large, max-video-preview:-1\" \/>\n<link rel=\"canonical\" href=\"https:\/\/veritasinfo.org\/?p=63742\" \/>\n<meta property=\"og:locale\" content=\"en_US\" \/>\n<meta property=\"og:type\" content=\"article\" \/>\n<meta property=\"og:title\" content=\"Kulla: Serbia synon p\u00ebr\u00e7arjen fetare t\u00eb shqiptar\u00ebve, askush tjet\u00ebr nuk ka interes p\u00ebr k\u00ebt\u00eb -\" \/>\n<meta property=\"og:description\" content=\"Prishtin\u00eb, 01 Shtator 2026 08:46 Drejtori i \u201cGlobal Crisis Group\u201d, Ilir Kulla, ka deklaruar se besimi fetar dhe atdheu jan\u00eb t\u00eb lidhura ngusht\u00eb me nj\u00ebra-tjetr\u00ebn,\" \/>\n<meta property=\"og:url\" content=\"https:\/\/veritasinfo.org\/?p=63742\" \/>\n<meta property=\"article:published_time\" content=\"2026-09-01T06:45:06+00:00\" \/>\n<meta property=\"article:modified_time\" content=\"2026-09-01T06:47:13+00:00\" \/>\n<meta property=\"og:image\" content=\"https:\/\/veritasinfo.org\/wp-content\/uploads\/2026\/09\/Ilir-Kulla.jpeg\" \/>\n\t<meta property=\"og:image:width\" content=\"548\" \/>\n\t<meta property=\"og:image:height\" content=\"364\" \/>\n\t<meta property=\"og:image:type\" content=\"image\/jpeg\" \/>\n<meta name=\"author\" content=\"US1\" \/>\n<meta name=\"twitter:card\" content=\"summary_large_image\" \/>\n<meta name=\"twitter:label1\" content=\"Written by\" \/>\n\t<meta name=\"twitter:data1\" content=\"US1\" \/>\n\t<meta name=\"twitter:label2\" content=\"Est. reading time\" \/>\n\t<meta name=\"twitter:data2\" content=\"2 minutes\" \/>\n<script type=\"application\/ld+json\" class=\"yoast-schema-graph\">{\"@context\":\"https:\/\/schema.org\",\"@graph\":[{\"@type\":\"WebPage\",\"@id\":\"https:\/\/veritasinfo.org\/?p=63742\",\"url\":\"https:\/\/veritasinfo.org\/?p=63742\",\"name\":\"Kulla: Serbia synon p\u00ebr\u00e7arjen fetare t\u00eb shqiptar\u00ebve, askush tjet\u00ebr nuk ka interes p\u00ebr k\u00ebt\u00eb -\",\"isPartOf\":{\"@id\":\"https:\/\/veritasinfo.org\/#website\"},\"primaryImageOfPage\":{\"@id\":\"https:\/\/veritasinfo.org\/?p=63742#primaryimage\"},\"image\":{\"@id\":\"https:\/\/veritasinfo.org\/?p=63742#primaryimage\"},\"thumbnailUrl\":\"https:\/\/veritasinfo.org\/wp-content\/uploads\/2026\/09\/Ilir-Kulla.jpeg\",\"datePublished\":\"2026-09-01T06:45:06+00:00\",\"dateModified\":\"2026-09-01T06:47:13+00:00\",\"author\":{\"@id\":\"https:\/\/veritasinfo.org\/#\/schema\/person\/c2b8be262ea994d0995addca692c5e98\"},\"breadcrumb\":{\"@id\":\"https:\/\/veritasinfo.org\/?p=63742#breadcrumb\"},\"inLanguage\":\"en-US\",\"potentialAction\":[{\"@type\":\"ReadAction\",\"target\":[\"https:\/\/veritasinfo.org\/?p=63742\"]}]},{\"@type\":\"ImageObject\",\"inLanguage\":\"en-US\",\"@id\":\"https:\/\/veritasinfo.org\/?p=63742#primaryimage\",\"url\":\"https:\/\/veritasinfo.org\/wp-content\/uploads\/2026\/09\/Ilir-Kulla.jpeg\",\"contentUrl\":\"https:\/\/veritasinfo.org\/wp-content\/uploads\/2026\/09\/Ilir-Kulla.jpeg\",\"width\":548,\"height\":364},{\"@type\":\"BreadcrumbList\",\"@id\":\"https:\/\/veritasinfo.org\/?p=63742#breadcrumb\",\"itemListElement\":[{\"@type\":\"ListItem\",\"position\":1,\"name\":\"Home\",\"item\":\"https:\/\/veritasinfo.org\/\"},{\"@type\":\"ListItem\",\"position\":2,\"name\":\"Kulla: Serbia synon p\u00ebr\u00e7arjen fetare t\u00eb shqiptar\u00ebve, askush tjet\u00ebr nuk ka interes p\u00ebr k\u00ebt\u00eb\"}]},{\"@type\":\"WebSite\",\"@id\":\"https:\/\/veritasinfo.org\/#website\",\"url\":\"https:\/\/veritasinfo.org\/\",\"name\":\"\",\"description\":\"\",\"potentialAction\":[{\"@type\":\"SearchAction\",\"target\":{\"@type\":\"EntryPoint\",\"urlTemplate\":\"https:\/\/veritasinfo.org\/?s={search_term_string}\"},\"query-input\":{\"@type\":\"PropertyValueSpecification\",\"valueRequired\":true,\"valueName\":\"search_term_string\"}}],\"inLanguage\":\"en-US\"},{\"@type\":\"Person\",\"@id\":\"https:\/\/veritasinfo.org\/#\/schema\/person\/c2b8be262ea994d0995addca692c5e98\",\"name\":\"US1\",\"image\":{\"@type\":\"ImageObject\",\"inLanguage\":\"en-US\",\"@id\":\"https:\/\/veritasinfo.org\/#\/schema\/person\/image\/\",\"url\":\"https:\/\/secure.gravatar.com\/avatar\/4e96a59bd256abf9956eb9963ac891a47461ffb364d47b0e9aab113328fdb75b?s=96&d=mm&r=g\",\"contentUrl\":\"https:\/\/secure.gravatar.com\/avatar\/4e96a59bd256abf9956eb9963ac891a47461ffb364d47b0e9aab113328fdb75b?s=96&d=mm&r=g\",\"caption\":\"US1\"},\"url\":\"https:\/\/veritasinfo.org\/?author=2\"}]}<\/script>\n<!-- \/ Yoast SEO plugin. -->","yoast_head_json":{"title":"Kulla: Serbia synon p\u00ebr\u00e7arjen fetare t\u00eb shqiptar\u00ebve, askush tjet\u00ebr nuk ka interes p\u00ebr k\u00ebt\u00eb -","robots":{"index":"index","follow":"follow","max-snippet":"max-snippet:-1","max-image-preview":"max-image-preview:large","max-video-preview":"max-video-preview:-1"},"canonical":"https:\/\/veritasinfo.org\/?p=63742","og_locale":"en_US","og_type":"article","og_title":"Kulla: Serbia synon p\u00ebr\u00e7arjen fetare t\u00eb shqiptar\u00ebve, askush tjet\u00ebr nuk ka interes p\u00ebr k\u00ebt\u00eb -","og_description":"Prishtin\u00eb, 01 Shtator 2026 08:46 Drejtori i \u201cGlobal Crisis Group\u201d, Ilir Kulla, ka deklaruar se besimi fetar dhe atdheu jan\u00eb t\u00eb lidhura ngusht\u00eb me nj\u00ebra-tjetr\u00ebn,","og_url":"https:\/\/veritasinfo.org\/?p=63742","article_published_time":"2026-09-01T06:45:06+00:00","article_modified_time":"2026-09-01T06:47:13+00:00","og_image":[{"width":548,"height":364,"url":"https:\/\/veritasinfo.org\/wp-content\/uploads\/2026\/09\/Ilir-Kulla.jpeg","type":"image\/jpeg"}],"author":"US1","twitter_card":"summary_large_image","twitter_misc":{"Written by":"US1","Est. reading time":"2 minutes"},"schema":{"@context":"https:\/\/schema.org","@graph":[{"@type":"WebPage","@id":"https:\/\/veritasinfo.org\/?p=63742","url":"https:\/\/veritasinfo.org\/?p=63742","name":"Kulla: Serbia synon p\u00ebr\u00e7arjen fetare t\u00eb shqiptar\u00ebve, askush tjet\u00ebr nuk ka interes p\u00ebr k\u00ebt\u00eb -","isPartOf":{"@id":"https:\/\/veritasinfo.org\/#website"},"primaryImageOfPage":{"@id":"https:\/\/veritasinfo.org\/?p=63742#primaryimage"},"image":{"@id":"https:\/\/veritasinfo.org\/?p=63742#primaryimage"},"thumbnailUrl":"https:\/\/veritasinfo.org\/wp-content\/uploads\/2026\/09\/Ilir-Kulla.jpeg","datePublished":"2026-09-01T06:45:06+00:00","dateModified":"2026-09-01T06:47:13+00:00","author":{"@id":"https:\/\/veritasinfo.org\/#\/schema\/person\/c2b8be262ea994d0995addca692c5e98"},"breadcrumb":{"@id":"https:\/\/veritasinfo.org\/?p=63742#breadcrumb"},"inLanguage":"en-US","potentialAction":[{"@type":"ReadAction","target":["https:\/\/veritasinfo.org\/?p=63742"]}]},{"@type":"ImageObject","inLanguage":"en-US","@id":"https:\/\/veritasinfo.org\/?p=63742#primaryimage","url":"https:\/\/veritasinfo.org\/wp-content\/uploads\/2026\/09\/Ilir-Kulla.jpeg","contentUrl":"https:\/\/veritasinfo.org\/wp-content\/uploads\/2026\/09\/Ilir-Kulla.jpeg","width":548,"height":364},{"@type":"BreadcrumbList","@id":"https:\/\/veritasinfo.org\/?p=63742#breadcrumb","itemListElement":[{"@type":"ListItem","position":1,"name":"Home","item":"https:\/\/veritasinfo.org\/"},{"@type":"ListItem","position":2,"name":"Kulla: Serbia synon p\u00ebr\u00e7arjen fetare t\u00eb shqiptar\u00ebve, askush tjet\u00ebr nuk ka interes p\u00ebr k\u00ebt\u00eb"}]},{"@type":"WebSite","@id":"https:\/\/veritasinfo.org\/#website","url":"https:\/\/veritasinfo.org\/","name":"","description":"","potentialAction":[{"@type":"SearchAction","target":{"@type":"EntryPoint","urlTemplate":"https:\/\/veritasinfo.org\/?s={search_term_string}"},"query-input":{"@type":"PropertyValueSpecification","valueRequired":true,"valueName":"search_term_string"}}],"inLanguage":"en-US"},{"@type":"Person","@id":"https:\/\/veritasinfo.org\/#\/schema\/person\/c2b8be262ea994d0995addca692c5e98","name":"US1","image":{"@type":"ImageObject","inLanguage":"en-US","@id":"https:\/\/veritasinfo.org\/#\/schema\/person\/image\/","url":"https:\/\/secure.gravatar.com\/avatar\/4e96a59bd256abf9956eb9963ac891a47461ffb364d47b0e9aab113328fdb75b?s=96&d=mm&r=g","contentUrl":"https:\/\/secure.gravatar.com\/avatar\/4e96a59bd256abf9956eb9963ac891a47461ffb364d47b0e9aab113328fdb75b?s=96&d=mm&r=g","caption":"US1"},"url":"https:\/\/veritasinfo.org\/?author=2"}]}},"featured_image_urls":{"full":["https:\/\/veritasinfo.org\/wp-content\/uploads\/2026\/09\/Ilir-Kulla.jpeg",548,364,false],"thumbnail":["https:\/\/veritasinfo.org\/wp-content\/uploads\/2026\/09\/Ilir-Kulla-150x150.jpeg",150,150,true],"medium":["https:\/\/veritasinfo.org\/wp-content\/uploads\/2026\/09\/Ilir-Kulla-300x199.jpeg",300,199,true],"medium_large":["https:\/\/veritasinfo.org\/wp-content\/uploads\/2026\/09\/Ilir-Kulla.jpeg",548,364,false],"large":["https:\/\/veritasinfo.org\/wp-content\/uploads\/2026\/09\/Ilir-Kulla.jpeg",548,364,false],"1536x1536":["https:\/\/veritasinfo.org\/wp-content\/uploads\/2026\/09\/Ilir-Kulla.jpeg",548,364,false],"2048x2048":["https:\/\/veritasinfo.org\/wp-content\/uploads\/2026\/09\/Ilir-Kulla.jpeg",548,364,false],"kreeti-slider-full":["https:\/\/veritasinfo.org\/wp-content\/uploads\/2026\/09\/Ilir-Kulla.jpeg",548,364,false],"kreeti-featured":["https:\/\/veritasinfo.org\/wp-content\/uploads\/2026\/09\/Ilir-Kulla.jpeg",548,364,false],"kreeti-medium":["https:\/\/veritasinfo.org\/wp-content\/uploads\/2026\/09\/Ilir-Kulla.jpeg",548,364,false],"kreeti-medium-square":["https:\/\/veritasinfo.org\/wp-content\/uploads\/2026\/09\/Ilir-Kulla-350x350.jpeg",350,350,true]},"author_info":{"info":["US1"]},"category_info":"<a href=\"https:\/\/veritasinfo.org\/?cat=58\" rel=\"category\">Politik\u00eb<\/a>","tag_info":"Politik\u00eb","comment_count":"0","_links":{"self":[{"href":"https:\/\/veritasinfo.org\/index.php?rest_route=\/wp\/v2\/posts\/63742","targetHints":{"allow":["GET"]}}],"collection":[{"href":"https:\/\/veritasinfo.org\/index.php?rest_route=\/wp\/v2\/posts"}],"about":[{"href":"https:\/\/veritasinfo.org\/index.php?rest_route=\/wp\/v2\/types\/post"}],"author":[{"embeddable":true,"href":"https:\/\/veritasinfo.org\/index.php?rest_route=\/wp\/v2\/users\/2"}],"replies":[{"embeddable":true,"href":"https:\/\/veritasinfo.org\/index.php?rest_route=%2Fwp%2Fv2%2Fcomments&post=63742"}],"version-history":[{"count":2,"href":"https:\/\/veritasinfo.org\/index.php?rest_route=\/wp\/v2\/posts\/63742\/revisions"}],"predecessor-version":[{"id":63748,"href":"https:\/\/veritasinfo.org\/index.php?rest_route=\/wp\/v2\/posts\/63742\/revisions\/63748"}],"wp:featuredmedia":[{"embeddable":true,"href":"https:\/\/veritasinfo.org\/index.php?rest_route=\/wp\/v2\/media\/63743"}],"wp:attachment":[{"href":"https:\/\/veritasinfo.org\/index.php?rest_route=%2Fwp%2Fv2%2Fmedia&parent=63742"}],"wp:term":[{"taxonomy":"category","embeddable":true,"href":"https:\/\/veritasinfo.org\/index.php?rest_route=%2Fwp%2Fv2%2Fcategories&post=63742"},{"taxonomy":"post_tag","embeddable":true,"href":"https:\/\/veritasinfo.org\/index.php?rest_route=%2Fwp%2Fv2%2Ftags&post=63742"}],"curies":[{"name":"wp","href":"https:\/\/api.w.org\/{rel}","templated":true}]}}