{"id":63739,"date":"2026-09-01T08:36:14","date_gmt":"2026-09-01T06:36:14","guid":{"rendered":"https:\/\/veritasinfo.org\/?p=63739"},"modified":"2026-09-01T08:36:14","modified_gmt":"2026-09-01T06:36:14","slug":"kosova-forcon-gjithnje-e-me-shume-kunderzbulimin-arrestimi-dhe-aktakuza-ndaj-shehollit-deshmojne-perballjen-me-spiunazhin","status":"publish","type":"post","link":"https:\/\/veritasinfo.org\/?p=63739","title":{"rendered":"Kosova forcon gjithnj\u00eb e m\u00eb shum\u00eb kund\u00ebrzbulimin, arrestimi dhe aktakuza ndaj Shehollit d\u00ebshmojn\u00eb p\u00ebrballjen me spiunazhin"},"content":{"rendered":"<p>Prishtin\u00eb, 1 shtator 2026 08:06<\/p>\n<p>Aktivitetet e dyshuara t\u00eb sh\u00ebrbimeve t\u00eb huaja t\u00eb inteligjenc\u00ebs, ve\u00e7an\u00ebrisht t\u00eb strukturave t\u00eb siguris\u00eb s\u00eb Serbis\u00eb, mbeten nj\u00eb nga sfidat me t\u00eb cilat p\u00ebrballen institucionet e Kosov\u00ebs.<\/p>\n<p>Eksperti i siguris\u00eb, Drizan Shala, thot\u00eb se institucionet vendore kan\u00eb krijuar kapacitete t\u00eb r\u00ebnd\u00ebsishme kund\u00ebrzbulimi dhe se, n\u00eb raste t\u00eb caktuara, kan\u00eb arritur t\u00eb identifikojn\u00eb dhe nd\u00ebrpresin veprimtari t\u00eb dyshuara t\u00eb aktor\u00ebve t\u00eb huaj, shkruan Veritasinfo.<\/p>\n<p>Sipas Shal\u00ebs, rezultatet e kund\u00ebrzbulimit nuk mund t\u00eb maten vet\u00ebm p\u00ebrmes rasteve q\u00eb b\u00ebhen publike, pasi nj\u00eb pjes\u00eb e konsiderueshme e operacioneve zhvillohet n\u00eb m\u00ebnyr\u00eb konfidenciale.<\/p>\n<p>Nj\u00eb nga rastet m\u00eb t\u00eb fundit q\u00eb ka nxjerr\u00eb n\u00eb pah p\u00ebrballjen e institucioneve t\u00eb Kosov\u00ebs me dyshimet p\u00ebr veprimtari t\u00eb spiunazhit \u00ebsht\u00eb ai i Fatmir Shehollit. Ai u arrestua n\u00eb tetor t\u00eb vitit 2025 n\u00ebn dyshimin p\u00ebr spiunazh, nd\u00ebrsa m\u00eb 25 gusht 2026, Prokuroria Speciale ngriti ndaj tij aktakuz\u00eb p\u00ebr veprat penale \u201cspiunazh\u201d dhe \u201cshantazh\u201d.<\/p>\n<p>Sipas aktakuz\u00ebs, Sheholli dyshohet se ishte rekrutuar nga Agjencia e Siguris\u00eb dhe Informacionit t\u00eb Serbis\u00eb (BIA) dhe se kishte vepruar sipas udh\u00ebzimeve t\u00eb zyrtar\u00ebve t\u00eb k\u00ebtij sh\u00ebrbimi. Prokuroria pretendon se ai kishte mbledhur dhe p\u00ebrcjell\u00eb informacione e dokumente lidhur me zhvillimet politike, situat\u00ebn e siguris\u00eb dhe funksionimin e institucioneve t\u00eb Kosov\u00ebs.<\/p>\n<p>P\u00ebr Shal\u00ebn, raste t\u00eb tilla d\u00ebshmojn\u00eb se kund\u00ebrzbulimi mbetet nj\u00eb komponent i r\u00ebnd\u00ebsish\u00ebm i siguris\u00eb komb\u00ebtare dhe se institucionet duhet t\u00eb vazhdojn\u00eb forcimin e kapaciteteve p\u00ebr identifikimin, p\u00ebrcjelljen dhe neutralizimin e k\u00ebrc\u00ebnimeve q\u00eb vijn\u00eb nga aktor\u00eb t\u00eb jasht\u00ebm.<\/p>\n","protected":false},"excerpt":{"rendered":"<p>Prishtin\u00eb, 1 shtator 2026 08:06 Aktivitetet e dyshuara t\u00eb sh\u00ebrbimeve t\u00eb huaja t\u00eb inteligjenc\u00ebs, ve\u00e7an\u00ebrisht t\u00eb strukturave t\u00eb siguris\u00eb s\u00eb Serbis\u00eb, mbeten nj\u00eb nga sfidat<\/p>\n","protected":false},"author":7,"featured_media":63740,"comment_status":"open","ping_status":"open","sticky":false,"template":"","format":"standard","meta":{"footnotes":""},"categories":[60],"tags":[],"class_list":["post-63739","post","type-post","status-publish","format-standard","has-post-thumbnail","hentry","category-shoqerore-sq"],"yoast_head":"<!-- This site is optimized with the Yoast SEO plugin v25.3.1 - https:\/\/yoast.com\/wordpress\/plugins\/seo\/ -->\n<title>Kosova forcon gjithnj\u00eb e m\u00eb shum\u00eb kund\u00ebrzbulimin, arrestimi dhe aktakuza ndaj Shehollit d\u00ebshmojn\u00eb p\u00ebrballjen me spiunazhin -<\/title>\n<meta name=\"robots\" content=\"index, follow, max-snippet:-1, max-image-preview:large, max-video-preview:-1\" \/>\n<link rel=\"canonical\" href=\"https:\/\/veritasinfo.org\/?p=63739\" \/>\n<meta property=\"og:locale\" content=\"en_US\" \/>\n<meta property=\"og:type\" content=\"article\" \/>\n<meta property=\"og:title\" content=\"Kosova forcon gjithnj\u00eb e m\u00eb shum\u00eb kund\u00ebrzbulimin, arrestimi dhe aktakuza ndaj Shehollit d\u00ebshmojn\u00eb p\u00ebrballjen me spiunazhin -\" \/>\n<meta property=\"og:description\" content=\"Prishtin\u00eb, 1 shtator 2026 08:06 Aktivitetet e dyshuara t\u00eb sh\u00ebrbimeve t\u00eb huaja t\u00eb inteligjenc\u00ebs, ve\u00e7an\u00ebrisht t\u00eb strukturave t\u00eb siguris\u00eb s\u00eb Serbis\u00eb, mbeten nj\u00eb nga sfidat\" \/>\n<meta property=\"og:url\" content=\"https:\/\/veritasinfo.org\/?p=63739\" \/>\n<meta property=\"article:published_time\" content=\"2026-09-01T06:36:14+00:00\" \/>\n<meta property=\"og:image\" content=\"https:\/\/veritasinfo.org\/wp-content\/uploads\/2026\/09\/images-1-4.jpeg\" \/>\n\t<meta property=\"og:image:width\" content=\"398\" \/>\n\t<meta property=\"og:image:height\" content=\"325\" \/>\n\t<meta property=\"og:image:type\" content=\"image\/jpeg\" \/>\n<meta name=\"author\" content=\"US6\" \/>\n<meta name=\"twitter:card\" content=\"summary_large_image\" \/>\n<meta name=\"twitter:label1\" content=\"Written by\" \/>\n\t<meta name=\"twitter:data1\" content=\"US6\" \/>\n\t<meta name=\"twitter:label2\" content=\"Est. reading time\" \/>\n\t<meta name=\"twitter:data2\" content=\"2 minutes\" \/>\n<script type=\"application\/ld+json\" class=\"yoast-schema-graph\">{\"@context\":\"https:\/\/schema.org\",\"@graph\":[{\"@type\":\"WebPage\",\"@id\":\"https:\/\/veritasinfo.org\/?p=63739\",\"url\":\"https:\/\/veritasinfo.org\/?p=63739\",\"name\":\"Kosova forcon gjithnj\u00eb e m\u00eb shum\u00eb kund\u00ebrzbulimin, arrestimi dhe aktakuza ndaj Shehollit d\u00ebshmojn\u00eb p\u00ebrballjen me spiunazhin -\",\"isPartOf\":{\"@id\":\"https:\/\/veritasinfo.org\/#website\"},\"primaryImageOfPage\":{\"@id\":\"https:\/\/veritasinfo.org\/?p=63739#primaryimage\"},\"image\":{\"@id\":\"https:\/\/veritasinfo.org\/?p=63739#primaryimage\"},\"thumbnailUrl\":\"https:\/\/veritasinfo.org\/wp-content\/uploads\/2026\/09\/images-1-4.jpeg\",\"datePublished\":\"2026-09-01T06:36:14+00:00\",\"author\":{\"@id\":\"https:\/\/veritasinfo.org\/#\/schema\/person\/fe199eede04c3937362892b7444747cc\"},\"breadcrumb\":{\"@id\":\"https:\/\/veritasinfo.org\/?p=63739#breadcrumb\"},\"inLanguage\":\"en-US\",\"potentialAction\":[{\"@type\":\"ReadAction\",\"target\":[\"https:\/\/veritasinfo.org\/?p=63739\"]}]},{\"@type\":\"ImageObject\",\"inLanguage\":\"en-US\",\"@id\":\"https:\/\/veritasinfo.org\/?p=63739#primaryimage\",\"url\":\"https:\/\/veritasinfo.org\/wp-content\/uploads\/2026\/09\/images-1-4.jpeg\",\"contentUrl\":\"https:\/\/veritasinfo.org\/wp-content\/uploads\/2026\/09\/images-1-4.jpeg\",\"width\":398,\"height\":325},{\"@type\":\"BreadcrumbList\",\"@id\":\"https:\/\/veritasinfo.org\/?p=63739#breadcrumb\",\"itemListElement\":[{\"@type\":\"ListItem\",\"position\":1,\"name\":\"Home\",\"item\":\"https:\/\/veritasinfo.org\/\"},{\"@type\":\"ListItem\",\"position\":2,\"name\":\"Kosova forcon gjithnj\u00eb e m\u00eb shum\u00eb kund\u00ebrzbulimin, arrestimi dhe aktakuza ndaj Shehollit d\u00ebshmojn\u00eb p\u00ebrballjen me spiunazhin\"}]},{\"@type\":\"WebSite\",\"@id\":\"https:\/\/veritasinfo.org\/#website\",\"url\":\"https:\/\/veritasinfo.org\/\",\"name\":\"\",\"description\":\"\",\"potentialAction\":[{\"@type\":\"SearchAction\",\"target\":{\"@type\":\"EntryPoint\",\"urlTemplate\":\"https:\/\/veritasinfo.org\/?s={search_term_string}\"},\"query-input\":{\"@type\":\"PropertyValueSpecification\",\"valueRequired\":true,\"valueName\":\"search_term_string\"}}],\"inLanguage\":\"en-US\"},{\"@type\":\"Person\",\"@id\":\"https:\/\/veritasinfo.org\/#\/schema\/person\/fe199eede04c3937362892b7444747cc\",\"name\":\"US6\",\"image\":{\"@type\":\"ImageObject\",\"inLanguage\":\"en-US\",\"@id\":\"https:\/\/veritasinfo.org\/#\/schema\/person\/image\/\",\"url\":\"https:\/\/secure.gravatar.com\/avatar\/cb16c3c31c9d23b9b8c705964598220b3014e42ff51eb540ff23cefa3ae8c15f?s=96&d=mm&r=g\",\"contentUrl\":\"https:\/\/secure.gravatar.com\/avatar\/cb16c3c31c9d23b9b8c705964598220b3014e42ff51eb540ff23cefa3ae8c15f?s=96&d=mm&r=g\",\"caption\":\"US6\"},\"url\":\"https:\/\/veritasinfo.org\/?author=7\"}]}<\/script>\n<!-- \/ Yoast SEO plugin. -->","yoast_head_json":{"title":"Kosova forcon gjithnj\u00eb e m\u00eb shum\u00eb kund\u00ebrzbulimin, arrestimi dhe aktakuza ndaj Shehollit d\u00ebshmojn\u00eb p\u00ebrballjen me spiunazhin -","robots":{"index":"index","follow":"follow","max-snippet":"max-snippet:-1","max-image-preview":"max-image-preview:large","max-video-preview":"max-video-preview:-1"},"canonical":"https:\/\/veritasinfo.org\/?p=63739","og_locale":"en_US","og_type":"article","og_title":"Kosova forcon gjithnj\u00eb e m\u00eb shum\u00eb kund\u00ebrzbulimin, arrestimi dhe aktakuza ndaj Shehollit d\u00ebshmojn\u00eb p\u00ebrballjen me spiunazhin -","og_description":"Prishtin\u00eb, 1 shtator 2026 08:06 Aktivitetet e dyshuara t\u00eb sh\u00ebrbimeve t\u00eb huaja t\u00eb inteligjenc\u00ebs, ve\u00e7an\u00ebrisht t\u00eb strukturave t\u00eb siguris\u00eb s\u00eb Serbis\u00eb, mbeten nj\u00eb nga sfidat","og_url":"https:\/\/veritasinfo.org\/?p=63739","article_published_time":"2026-09-01T06:36:14+00:00","og_image":[{"width":398,"height":325,"url":"https:\/\/veritasinfo.org\/wp-content\/uploads\/2026\/09\/images-1-4.jpeg","type":"image\/jpeg"}],"author":"US6","twitter_card":"summary_large_image","twitter_misc":{"Written by":"US6","Est. reading time":"2 minutes"},"schema":{"@context":"https:\/\/schema.org","@graph":[{"@type":"WebPage","@id":"https:\/\/veritasinfo.org\/?p=63739","url":"https:\/\/veritasinfo.org\/?p=63739","name":"Kosova forcon gjithnj\u00eb e m\u00eb shum\u00eb kund\u00ebrzbulimin, arrestimi dhe aktakuza ndaj Shehollit d\u00ebshmojn\u00eb p\u00ebrballjen me spiunazhin -","isPartOf":{"@id":"https:\/\/veritasinfo.org\/#website"},"primaryImageOfPage":{"@id":"https:\/\/veritasinfo.org\/?p=63739#primaryimage"},"image":{"@id":"https:\/\/veritasinfo.org\/?p=63739#primaryimage"},"thumbnailUrl":"https:\/\/veritasinfo.org\/wp-content\/uploads\/2026\/09\/images-1-4.jpeg","datePublished":"2026-09-01T06:36:14+00:00","author":{"@id":"https:\/\/veritasinfo.org\/#\/schema\/person\/fe199eede04c3937362892b7444747cc"},"breadcrumb":{"@id":"https:\/\/veritasinfo.org\/?p=63739#breadcrumb"},"inLanguage":"en-US","potentialAction":[{"@type":"ReadAction","target":["https:\/\/veritasinfo.org\/?p=63739"]}]},{"@type":"ImageObject","inLanguage":"en-US","@id":"https:\/\/veritasinfo.org\/?p=63739#primaryimage","url":"https:\/\/veritasinfo.org\/wp-content\/uploads\/2026\/09\/images-1-4.jpeg","contentUrl":"https:\/\/veritasinfo.org\/wp-content\/uploads\/2026\/09\/images-1-4.jpeg","width":398,"height":325},{"@type":"BreadcrumbList","@id":"https:\/\/veritasinfo.org\/?p=63739#breadcrumb","itemListElement":[{"@type":"ListItem","position":1,"name":"Home","item":"https:\/\/veritasinfo.org\/"},{"@type":"ListItem","position":2,"name":"Kosova forcon gjithnj\u00eb e m\u00eb shum\u00eb kund\u00ebrzbulimin, arrestimi dhe aktakuza ndaj Shehollit d\u00ebshmojn\u00eb p\u00ebrballjen me spiunazhin"}]},{"@type":"WebSite","@id":"https:\/\/veritasinfo.org\/#website","url":"https:\/\/veritasinfo.org\/","name":"","description":"","potentialAction":[{"@type":"SearchAction","target":{"@type":"EntryPoint","urlTemplate":"https:\/\/veritasinfo.org\/?s={search_term_string}"},"query-input":{"@type":"PropertyValueSpecification","valueRequired":true,"valueName":"search_term_string"}}],"inLanguage":"en-US"},{"@type":"Person","@id":"https:\/\/veritasinfo.org\/#\/schema\/person\/fe199eede04c3937362892b7444747cc","name":"US6","image":{"@type":"ImageObject","inLanguage":"en-US","@id":"https:\/\/veritasinfo.org\/#\/schema\/person\/image\/","url":"https:\/\/secure.gravatar.com\/avatar\/cb16c3c31c9d23b9b8c705964598220b3014e42ff51eb540ff23cefa3ae8c15f?s=96&d=mm&r=g","contentUrl":"https:\/\/secure.gravatar.com\/avatar\/cb16c3c31c9d23b9b8c705964598220b3014e42ff51eb540ff23cefa3ae8c15f?s=96&d=mm&r=g","caption":"US6"},"url":"https:\/\/veritasinfo.org\/?author=7"}]}},"featured_image_urls":{"full":["https:\/\/veritasinfo.org\/wp-content\/uploads\/2026\/09\/images-1-4.jpeg",398,325,false],"thumbnail":["https:\/\/veritasinfo.org\/wp-content\/uploads\/2026\/09\/images-1-4-150x150.jpeg",150,150,true],"medium":["https:\/\/veritasinfo.org\/wp-content\/uploads\/2026\/09\/images-1-4-300x245.jpeg",300,245,true],"medium_large":["https:\/\/veritasinfo.org\/wp-content\/uploads\/2026\/09\/images-1-4.jpeg",398,325,false],"large":["https:\/\/veritasinfo.org\/wp-content\/uploads\/2026\/09\/images-1-4.jpeg",398,325,false],"1536x1536":["https:\/\/veritasinfo.org\/wp-content\/uploads\/2026\/09\/images-1-4.jpeg",398,325,false],"2048x2048":["https:\/\/veritasinfo.org\/wp-content\/uploads\/2026\/09\/images-1-4.jpeg",398,325,false],"kreeti-slider-full":["https:\/\/veritasinfo.org\/wp-content\/uploads\/2026\/09\/images-1-4.jpeg",398,325,false],"kreeti-featured":["https:\/\/veritasinfo.org\/wp-content\/uploads\/2026\/09\/images-1-4.jpeg",398,325,false],"kreeti-medium":["https:\/\/veritasinfo.org\/wp-content\/uploads\/2026\/09\/images-1-4.jpeg",398,325,false],"kreeti-medium-square":["https:\/\/veritasinfo.org\/wp-content\/uploads\/2026\/09\/images-1-4-350x325.jpeg",350,325,true]},"author_info":{"info":["US6"]},"category_info":"<a href=\"https:\/\/veritasinfo.org\/?cat=60\" rel=\"category\">Shoq\u00ebrore<\/a>","tag_info":"Shoq\u00ebrore","comment_count":"0","_links":{"self":[{"href":"https:\/\/veritasinfo.org\/index.php?rest_route=\/wp\/v2\/posts\/63739","targetHints":{"allow":["GET"]}}],"collection":[{"href":"https:\/\/veritasinfo.org\/index.php?rest_route=\/wp\/v2\/posts"}],"about":[{"href":"https:\/\/veritasinfo.org\/index.php?rest_route=\/wp\/v2\/types\/post"}],"author":[{"embeddable":true,"href":"https:\/\/veritasinfo.org\/index.php?rest_route=\/wp\/v2\/users\/7"}],"replies":[{"embeddable":true,"href":"https:\/\/veritasinfo.org\/index.php?rest_route=%2Fwp%2Fv2%2Fcomments&post=63739"}],"version-history":[{"count":1,"href":"https:\/\/veritasinfo.org\/index.php?rest_route=\/wp\/v2\/posts\/63739\/revisions"}],"predecessor-version":[{"id":63741,"href":"https:\/\/veritasinfo.org\/index.php?rest_route=\/wp\/v2\/posts\/63739\/revisions\/63741"}],"wp:featuredmedia":[{"embeddable":true,"href":"https:\/\/veritasinfo.org\/index.php?rest_route=\/wp\/v2\/media\/63740"}],"wp:attachment":[{"href":"https:\/\/veritasinfo.org\/index.php?rest_route=%2Fwp%2Fv2%2Fmedia&parent=63739"}],"wp:term":[{"taxonomy":"category","embeddable":true,"href":"https:\/\/veritasinfo.org\/index.php?rest_route=%2Fwp%2Fv2%2Fcategories&post=63739"},{"taxonomy":"post_tag","embeddable":true,"href":"https:\/\/veritasinfo.org\/index.php?rest_route=%2Fwp%2Fv2%2Ftags&post=63739"}],"curies":[{"name":"wp","href":"https:\/\/api.w.org\/{rel}","templated":true}]}}