{"id":63707,"date":"2026-09-01T06:59:24","date_gmt":"2026-09-01T04:59:24","guid":{"rendered":"https:\/\/veritasinfo.org\/?p=63707"},"modified":"2026-09-01T06:59:24","modified_gmt":"2026-09-01T04:59:24","slug":"hoti-serbia-te-mbahet-pergjegjese-per-te-zhdukurit-e-luftes-ne-kosove","status":"publish","type":"post","link":"https:\/\/veritasinfo.org\/?p=63707","title":{"rendered":"Hoti: Serbia t\u00eb mbahet p\u00ebrgjegj\u00ebse p\u00ebr t\u00eb zhdukurit e luft\u00ebs n\u00eb Kosov\u00eb"},"content":{"rendered":"<p>Prishtin\u00eb, 1 shtator 2026 06:58<\/p>\n<p>Ministri n\u00eb detyr\u00eb p\u00ebr Pun\u00eb, Familje dhe Vlerat e Luft\u00ebs \u00c7lirimtare, Andin Hoti, ka zhvilluar takim n\u00eb selin\u00eb e Kombeve t\u00eb Bashkuara n\u00eb Gjenev\u00eb, ku ka ngritur \u00e7\u00ebshtjen e personave t\u00eb zhdukur me dhun\u00eb gjat\u00eb luft\u00ebs n\u00eb Kosov\u00eb.<\/p>\n<p>Hoti ka b\u00ebr\u00eb t\u00eb ditur se n\u00eb takim me p\u00ebrfaq\u00ebsues t\u00eb sekretariatit t\u00eb Komitetit t\u00eb OKB-s\u00eb p\u00ebr Zhdukjet me Forc\u00eb dhe t\u00eb Zyr\u00ebs s\u00eb Komisionerit t\u00eb Lart\u00eb t\u00eb OKB-s\u00eb p\u00ebr t\u00eb Drejtat e Njeriut, ka k\u00ebrkuar angazhim m\u00eb t\u00eb fuqish\u00ebm nd\u00ebrkomb\u00ebtar p\u00ebr zbardhjen e fatit t\u00eb t\u00eb zhdukurve.<\/p>\n<p>\u201cN\u00eb takim ngrit\u00ebm \u00e7\u00ebshtjen e personave t\u00eb zhdukur me dhun\u00eb gjat\u00eb luft\u00ebs n\u00eb Kosov\u00eb dhe k\u00ebrkuam angazhim m\u00eb t\u00eb fuqish\u00ebm nd\u00ebrkomb\u00ebtar p\u00ebr zbardhjen e fatit t\u00eb tyre\u201d, ka shkruar Hoti.<\/p>\n<p>Ai ka k\u00ebrkuar q\u00eb Serbia t\u00eb mbahet p\u00ebrgjegj\u00ebse p\u00ebr detyrimet q\u00eb rrjedhin nga Konventa Nd\u00ebrkomb\u00ebtare p\u00ebr Mbrojtjen e t\u00eb Gjith\u00eb Personave nga Zhdukja me Forc\u00eb.<\/p>\n<p>\u201cDuke pasur parasysh se Serbia \u00ebsht\u00eb shtet pal\u00eb n\u00eb Konvent\u00ebn Nd\u00ebrkomb\u00ebtare p\u00ebr Mbrojtjen e t\u00eb Gjith\u00eb Personave nga Zhdukja me Forc\u00eb, k\u00ebrkuam q\u00eb ajo t\u00eb mbahet p\u00ebrgjegj\u00ebse p\u00ebr p\u00ebrmbushjen e detyrimeve q\u00eb burojn\u00eb nga kjo Konvent\u00eb\u201d, ka deklaruar ai.<\/p>\n<p>\u201cP\u00ebrfaq\u00ebsuesve t\u00eb OKB-s\u00eb u dor\u00ebzuam edhe nj\u00eb k\u00ebrkes\u00eb zyrtare, p\u00ebrmes s\u00eb cil\u00ebs k\u00ebrkuam intensifikimin e p\u00ebrpjekjeve nd\u00ebrkomb\u00ebtare p\u00ebr sigurimin e informacionit dhe dokumentacionit q\u00eb mund t\u00eb ndihmoj\u00eb n\u00eb lokalizimin e personave t\u00eb zhdukur, zbardhjen e rrethanave t\u00eb zhdukjes s\u00eb tyre dhe avancimin e drejt\u00ebsis\u00eb\u201d, ka shkruar Hoti.<\/p>\n<p>Ministri n\u00eb detyr\u00eb ka theksuar se familjet e personave t\u00eb zhdukur kan\u00eb t\u00eb drejt\u00eb ta din\u00eb t\u00eb v\u00ebrtet\u00ebn, pavar\u00ebsisht koh\u00ebs q\u00eb ka kaluar nga lufta.<\/p>\n<p>\u201c\u00c7\u00ebshtja e personave t\u00eb zhdukur me dhun\u00eb nuk mund t\u00eb mbetet peng i koh\u00ebs apo i vullnetit politik. Familjet kan\u00eb t\u00eb drejt\u00eb t\u00eb din\u00eb t\u00eb v\u00ebrtet\u00ebn. Drejt\u00ebsia dhe p\u00ebrgjegj\u00ebsia nuk kan\u00eb afat\u201d, ka th\u00ebn\u00eb Hoti.<\/p>\n<p>N\u00eb delegacionin q\u00eb mori pjes\u00eb n\u00eb takimet n\u00eb Gjenev\u00eb ishin edhe Mirishahe Limani Hiller, themeluese e Shoqat\u00ebs Kulturore n\u00eb Gjenev\u00eb \u201cDora d\u2019Istria\u201d, Lisa Mazzone, kryetare e Partis\u00eb s\u00eb t\u00eb Gjelb\u00ebrve t\u00eb Zvicr\u00ebs, Sebastien Gricourt, ish-an\u00ebtar i KNKK-s\u00eb, si dhe p\u00ebrfaq\u00ebsues t\u00eb komunitetit shqiptar dhe ukrainas.<\/p>\n","protected":false},"excerpt":{"rendered":"<p>Prishtin\u00eb, 1 shtator 2026 06:58 Ministri n\u00eb detyr\u00eb p\u00ebr Pun\u00eb, Familje dhe Vlerat e Luft\u00ebs \u00c7lirimtare, Andin Hoti, ka zhvilluar takim n\u00eb selin\u00eb e Kombeve<\/p>\n","protected":false},"author":7,"featured_media":63708,"comment_status":"open","ping_status":"open","sticky":false,"template":"","format":"standard","meta":{"footnotes":""},"categories":[60],"tags":[],"class_list":["post-63707","post","type-post","status-publish","format-standard","has-post-thumbnail","hentry","category-shoqerore-sq"],"yoast_head":"<!-- This site is optimized with the Yoast SEO plugin v25.3.1 - https:\/\/yoast.com\/wordpress\/plugins\/seo\/ -->\n<title>Hoti: Serbia t\u00eb mbahet p\u00ebrgjegj\u00ebse p\u00ebr t\u00eb zhdukurit e luft\u00ebs n\u00eb Kosov\u00eb -<\/title>\n<meta name=\"robots\" content=\"index, follow, max-snippet:-1, max-image-preview:large, max-video-preview:-1\" \/>\n<link rel=\"canonical\" href=\"https:\/\/veritasinfo.org\/?p=63707\" \/>\n<meta property=\"og:locale\" content=\"en_US\" \/>\n<meta property=\"og:type\" content=\"article\" \/>\n<meta property=\"og:title\" content=\"Hoti: Serbia t\u00eb mbahet p\u00ebrgjegj\u00ebse p\u00ebr t\u00eb zhdukurit e luft\u00ebs n\u00eb Kosov\u00eb -\" \/>\n<meta property=\"og:description\" content=\"Prishtin\u00eb, 1 shtator 2026 06:58 Ministri n\u00eb detyr\u00eb p\u00ebr Pun\u00eb, Familje dhe Vlerat e Luft\u00ebs \u00c7lirimtare, Andin Hoti, ka zhvilluar takim n\u00eb selin\u00eb e Kombeve\" \/>\n<meta property=\"og:url\" content=\"https:\/\/veritasinfo.org\/?p=63707\" \/>\n<meta property=\"article:published_time\" content=\"2026-09-01T04:59:24+00:00\" \/>\n<meta property=\"og:image\" content=\"https:\/\/veritasinfo.org\/wp-content\/uploads\/2026\/09\/732639-WNj24i79RX.jpg\" \/>\n\t<meta property=\"og:image:width\" content=\"780\" \/>\n\t<meta property=\"og:image:height\" content=\"500\" \/>\n\t<meta property=\"og:image:type\" content=\"image\/jpeg\" \/>\n<meta name=\"author\" content=\"US6\" \/>\n<meta name=\"twitter:card\" content=\"summary_large_image\" \/>\n<meta name=\"twitter:label1\" content=\"Written by\" \/>\n\t<meta name=\"twitter:data1\" content=\"US6\" \/>\n\t<meta name=\"twitter:label2\" content=\"Est. reading time\" \/>\n\t<meta name=\"twitter:data2\" content=\"2 minutes\" \/>\n<script type=\"application\/ld+json\" class=\"yoast-schema-graph\">{\"@context\":\"https:\/\/schema.org\",\"@graph\":[{\"@type\":\"WebPage\",\"@id\":\"https:\/\/veritasinfo.org\/?p=63707\",\"url\":\"https:\/\/veritasinfo.org\/?p=63707\",\"name\":\"Hoti: Serbia t\u00eb mbahet p\u00ebrgjegj\u00ebse p\u00ebr t\u00eb zhdukurit e luft\u00ebs n\u00eb Kosov\u00eb -\",\"isPartOf\":{\"@id\":\"https:\/\/veritasinfo.org\/#website\"},\"primaryImageOfPage\":{\"@id\":\"https:\/\/veritasinfo.org\/?p=63707#primaryimage\"},\"image\":{\"@id\":\"https:\/\/veritasinfo.org\/?p=63707#primaryimage\"},\"thumbnailUrl\":\"https:\/\/veritasinfo.org\/wp-content\/uploads\/2026\/09\/732639-WNj24i79RX.jpg\",\"datePublished\":\"2026-09-01T04:59:24+00:00\",\"author\":{\"@id\":\"https:\/\/veritasinfo.org\/#\/schema\/person\/fe199eede04c3937362892b7444747cc\"},\"breadcrumb\":{\"@id\":\"https:\/\/veritasinfo.org\/?p=63707#breadcrumb\"},\"inLanguage\":\"en-US\",\"potentialAction\":[{\"@type\":\"ReadAction\",\"target\":[\"https:\/\/veritasinfo.org\/?p=63707\"]}]},{\"@type\":\"ImageObject\",\"inLanguage\":\"en-US\",\"@id\":\"https:\/\/veritasinfo.org\/?p=63707#primaryimage\",\"url\":\"https:\/\/veritasinfo.org\/wp-content\/uploads\/2026\/09\/732639-WNj24i79RX.jpg\",\"contentUrl\":\"https:\/\/veritasinfo.org\/wp-content\/uploads\/2026\/09\/732639-WNj24i79RX.jpg\",\"width\":780,\"height\":500},{\"@type\":\"BreadcrumbList\",\"@id\":\"https:\/\/veritasinfo.org\/?p=63707#breadcrumb\",\"itemListElement\":[{\"@type\":\"ListItem\",\"position\":1,\"name\":\"Home\",\"item\":\"https:\/\/veritasinfo.org\/\"},{\"@type\":\"ListItem\",\"position\":2,\"name\":\"Hoti: Serbia t\u00eb mbahet p\u00ebrgjegj\u00ebse p\u00ebr t\u00eb zhdukurit e luft\u00ebs n\u00eb Kosov\u00eb\"}]},{\"@type\":\"WebSite\",\"@id\":\"https:\/\/veritasinfo.org\/#website\",\"url\":\"https:\/\/veritasinfo.org\/\",\"name\":\"\",\"description\":\"\",\"potentialAction\":[{\"@type\":\"SearchAction\",\"target\":{\"@type\":\"EntryPoint\",\"urlTemplate\":\"https:\/\/veritasinfo.org\/?s={search_term_string}\"},\"query-input\":{\"@type\":\"PropertyValueSpecification\",\"valueRequired\":true,\"valueName\":\"search_term_string\"}}],\"inLanguage\":\"en-US\"},{\"@type\":\"Person\",\"@id\":\"https:\/\/veritasinfo.org\/#\/schema\/person\/fe199eede04c3937362892b7444747cc\",\"name\":\"US6\",\"image\":{\"@type\":\"ImageObject\",\"inLanguage\":\"en-US\",\"@id\":\"https:\/\/veritasinfo.org\/#\/schema\/person\/image\/\",\"url\":\"https:\/\/secure.gravatar.com\/avatar\/cb16c3c31c9d23b9b8c705964598220b3014e42ff51eb540ff23cefa3ae8c15f?s=96&d=mm&r=g\",\"contentUrl\":\"https:\/\/secure.gravatar.com\/avatar\/cb16c3c31c9d23b9b8c705964598220b3014e42ff51eb540ff23cefa3ae8c15f?s=96&d=mm&r=g\",\"caption\":\"US6\"},\"url\":\"https:\/\/veritasinfo.org\/?author=7\"}]}<\/script>\n<!-- \/ Yoast SEO plugin. -->","yoast_head_json":{"title":"Hoti: Serbia t\u00eb mbahet p\u00ebrgjegj\u00ebse p\u00ebr t\u00eb zhdukurit e luft\u00ebs n\u00eb Kosov\u00eb -","robots":{"index":"index","follow":"follow","max-snippet":"max-snippet:-1","max-image-preview":"max-image-preview:large","max-video-preview":"max-video-preview:-1"},"canonical":"https:\/\/veritasinfo.org\/?p=63707","og_locale":"en_US","og_type":"article","og_title":"Hoti: Serbia t\u00eb mbahet p\u00ebrgjegj\u00ebse p\u00ebr t\u00eb zhdukurit e luft\u00ebs n\u00eb Kosov\u00eb -","og_description":"Prishtin\u00eb, 1 shtator 2026 06:58 Ministri n\u00eb detyr\u00eb p\u00ebr Pun\u00eb, Familje dhe Vlerat e Luft\u00ebs \u00c7lirimtare, Andin Hoti, ka zhvilluar takim n\u00eb selin\u00eb e Kombeve","og_url":"https:\/\/veritasinfo.org\/?p=63707","article_published_time":"2026-09-01T04:59:24+00:00","og_image":[{"width":780,"height":500,"url":"https:\/\/veritasinfo.org\/wp-content\/uploads\/2026\/09\/732639-WNj24i79RX.jpg","type":"image\/jpeg"}],"author":"US6","twitter_card":"summary_large_image","twitter_misc":{"Written by":"US6","Est. reading time":"2 minutes"},"schema":{"@context":"https:\/\/schema.org","@graph":[{"@type":"WebPage","@id":"https:\/\/veritasinfo.org\/?p=63707","url":"https:\/\/veritasinfo.org\/?p=63707","name":"Hoti: Serbia t\u00eb mbahet p\u00ebrgjegj\u00ebse p\u00ebr t\u00eb zhdukurit e luft\u00ebs n\u00eb Kosov\u00eb -","isPartOf":{"@id":"https:\/\/veritasinfo.org\/#website"},"primaryImageOfPage":{"@id":"https:\/\/veritasinfo.org\/?p=63707#primaryimage"},"image":{"@id":"https:\/\/veritasinfo.org\/?p=63707#primaryimage"},"thumbnailUrl":"https:\/\/veritasinfo.org\/wp-content\/uploads\/2026\/09\/732639-WNj24i79RX.jpg","datePublished":"2026-09-01T04:59:24+00:00","author":{"@id":"https:\/\/veritasinfo.org\/#\/schema\/person\/fe199eede04c3937362892b7444747cc"},"breadcrumb":{"@id":"https:\/\/veritasinfo.org\/?p=63707#breadcrumb"},"inLanguage":"en-US","potentialAction":[{"@type":"ReadAction","target":["https:\/\/veritasinfo.org\/?p=63707"]}]},{"@type":"ImageObject","inLanguage":"en-US","@id":"https:\/\/veritasinfo.org\/?p=63707#primaryimage","url":"https:\/\/veritasinfo.org\/wp-content\/uploads\/2026\/09\/732639-WNj24i79RX.jpg","contentUrl":"https:\/\/veritasinfo.org\/wp-content\/uploads\/2026\/09\/732639-WNj24i79RX.jpg","width":780,"height":500},{"@type":"BreadcrumbList","@id":"https:\/\/veritasinfo.org\/?p=63707#breadcrumb","itemListElement":[{"@type":"ListItem","position":1,"name":"Home","item":"https:\/\/veritasinfo.org\/"},{"@type":"ListItem","position":2,"name":"Hoti: Serbia t\u00eb mbahet p\u00ebrgjegj\u00ebse p\u00ebr t\u00eb zhdukurit e luft\u00ebs n\u00eb Kosov\u00eb"}]},{"@type":"WebSite","@id":"https:\/\/veritasinfo.org\/#website","url":"https:\/\/veritasinfo.org\/","name":"","description":"","potentialAction":[{"@type":"SearchAction","target":{"@type":"EntryPoint","urlTemplate":"https:\/\/veritasinfo.org\/?s={search_term_string}"},"query-input":{"@type":"PropertyValueSpecification","valueRequired":true,"valueName":"search_term_string"}}],"inLanguage":"en-US"},{"@type":"Person","@id":"https:\/\/veritasinfo.org\/#\/schema\/person\/fe199eede04c3937362892b7444747cc","name":"US6","image":{"@type":"ImageObject","inLanguage":"en-US","@id":"https:\/\/veritasinfo.org\/#\/schema\/person\/image\/","url":"https:\/\/secure.gravatar.com\/avatar\/cb16c3c31c9d23b9b8c705964598220b3014e42ff51eb540ff23cefa3ae8c15f?s=96&d=mm&r=g","contentUrl":"https:\/\/secure.gravatar.com\/avatar\/cb16c3c31c9d23b9b8c705964598220b3014e42ff51eb540ff23cefa3ae8c15f?s=96&d=mm&r=g","caption":"US6"},"url":"https:\/\/veritasinfo.org\/?author=7"}]}},"featured_image_urls":{"full":["https:\/\/veritasinfo.org\/wp-content\/uploads\/2026\/09\/732639-WNj24i79RX.jpg",780,500,false],"thumbnail":["https:\/\/veritasinfo.org\/wp-content\/uploads\/2026\/09\/732639-WNj24i79RX-150x150.jpg",150,150,true],"medium":["https:\/\/veritasinfo.org\/wp-content\/uploads\/2026\/09\/732639-WNj24i79RX-300x192.jpg",300,192,true],"medium_large":["https:\/\/veritasinfo.org\/wp-content\/uploads\/2026\/09\/732639-WNj24i79RX-768x492.jpg",640,410,true],"large":["https:\/\/veritasinfo.org\/wp-content\/uploads\/2026\/09\/732639-WNj24i79RX.jpg",640,410,false],"1536x1536":["https:\/\/veritasinfo.org\/wp-content\/uploads\/2026\/09\/732639-WNj24i79RX.jpg",780,500,false],"2048x2048":["https:\/\/veritasinfo.org\/wp-content\/uploads\/2026\/09\/732639-WNj24i79RX.jpg",780,500,false],"kreeti-slider-full":["https:\/\/veritasinfo.org\/wp-content\/uploads\/2026\/09\/732639-WNj24i79RX.jpg",780,500,false],"kreeti-featured":["https:\/\/veritasinfo.org\/wp-content\/uploads\/2026\/09\/732639-WNj24i79RX.jpg",780,500,false],"kreeti-medium":["https:\/\/veritasinfo.org\/wp-content\/uploads\/2026\/09\/732639-WNj24i79RX-720x500.jpg",720,500,true],"kreeti-medium-square":["https:\/\/veritasinfo.org\/wp-content\/uploads\/2026\/09\/732639-WNj24i79RX-350x350.jpg",350,350,true]},"author_info":{"info":["US6"]},"category_info":"<a href=\"https:\/\/veritasinfo.org\/?cat=60\" rel=\"category\">Shoq\u00ebrore<\/a>","tag_info":"Shoq\u00ebrore","comment_count":"0","_links":{"self":[{"href":"https:\/\/veritasinfo.org\/index.php?rest_route=\/wp\/v2\/posts\/63707","targetHints":{"allow":["GET"]}}],"collection":[{"href":"https:\/\/veritasinfo.org\/index.php?rest_route=\/wp\/v2\/posts"}],"about":[{"href":"https:\/\/veritasinfo.org\/index.php?rest_route=\/wp\/v2\/types\/post"}],"author":[{"embeddable":true,"href":"https:\/\/veritasinfo.org\/index.php?rest_route=\/wp\/v2\/users\/7"}],"replies":[{"embeddable":true,"href":"https:\/\/veritasinfo.org\/index.php?rest_route=%2Fwp%2Fv2%2Fcomments&post=63707"}],"version-history":[{"count":1,"href":"https:\/\/veritasinfo.org\/index.php?rest_route=\/wp\/v2\/posts\/63707\/revisions"}],"predecessor-version":[{"id":63709,"href":"https:\/\/veritasinfo.org\/index.php?rest_route=\/wp\/v2\/posts\/63707\/revisions\/63709"}],"wp:featuredmedia":[{"embeddable":true,"href":"https:\/\/veritasinfo.org\/index.php?rest_route=\/wp\/v2\/media\/63708"}],"wp:attachment":[{"href":"https:\/\/veritasinfo.org\/index.php?rest_route=%2Fwp%2Fv2%2Fmedia&parent=63707"}],"wp:term":[{"taxonomy":"category","embeddable":true,"href":"https:\/\/veritasinfo.org\/index.php?rest_route=%2Fwp%2Fv2%2Fcategories&post=63707"},{"taxonomy":"post_tag","embeddable":true,"href":"https:\/\/veritasinfo.org\/index.php?rest_route=%2Fwp%2Fv2%2Ftags&post=63707"}],"curies":[{"name":"wp","href":"https:\/\/api.w.org\/{rel}","templated":true}]}}