{"id":63704,"date":"2026-08-31T21:59:54","date_gmt":"2026-08-31T19:59:54","guid":{"rendered":"https:\/\/veritasinfo.org\/?p=63704"},"modified":"2026-08-31T21:59:54","modified_gmt":"2026-08-31T19:59:54","slug":"ukrajina-vraticemo-se-temi-priznavanja-kosova-kada-izadjemo-iz-plamena-ruskog-rata","status":"publish","type":"post","link":"https:\/\/veritasinfo.org\/?p=63704&lang=sr","title":{"rendered":"Ukrajina: Vratic\u0301emo se temi priznavanja Kosova kada iza\u0111emo iz plamena ruskog rata"},"content":{"rendered":"<p>Pri\u0161tina, 31. avgust 2026. 21:53<\/p>\n<p>Odgovor predsednika Ukrajine, Volodimira Zelenskog, da stav Ukrajine o nepriznavanju Kosova ostaje nepromenjen, izazvao je nezadovoljstvo na Kosovu i kulminirao uklanjanjem zastave \u201eSloboda za Ukrajinu\u201c koja je visila na Grand hotelu u centru Pri\u0161tine od po\u010detka ruske agresije. Ova iritacija u zemlji bila je opravdana stavom Kosova protiv ruske agresije i pomoc\u0301i koja je pru\u017eena Ukrajini od po\u010detka rata.<\/p>\n<p>Povodom ovog razvoja doga\u0111aja u izve\u0161tajima Pri\u0161tina-Kijev, Ambasada Ukrajine u Albaniji je op\u0161irno govorila za Gazetu Ekspres.<\/p>\n<p>Ova ambasada ka\u017ee da stav Zelenskog izra\u017een u Beogradu nije ni\u0161ta novo i da je ukrajinski predsednik samo odgovorio na pitanje novinara u Beogradu.<\/p>\n<p>\u201eAmbasada Ukrajine \u017eeli da vam skrene pa\u017enju na \u010dinjenicu da, tokom svoje nedavne posete Srbiji, predsednik Ukrajine Volodimir Zelenski nije dao nikakve izjave kojima bi najavio promenu stava Ukrajine o Kosovu. On je jednostavno odgovorio na pitanje novinara u vezi sa priznanjem ili nepriznavanjem Kosova od strane Ukrajine. Ni\u0161ta u predsednikovom odgovoru nije se razlikovalo od doslednog stava Ukrajine po ovom pitanju\u201c, saop\u0161tila je Ambasada Ukrajine u Tirani.<\/p>\n<p>Takav stav o nepriznavanju dr\u017eavnosti Kosova od strane zvani\u010dnog Kijeva nikako ne treba tuma\u010diti kao nedostatak zahvalnosti za pomoc\u0301 Kosova i svrstavanje zvani\u010dne Pri\u0161tine uz demokratske zemlje u sankcionisanju Rusije.<\/p>\n<p>\u201eUkrajina visoko ceni solidarnost i podr\u0161ku koju su narod i institucije Kosova pru\u017eili Ukrajini od po\u010detka ruske agresije punih razmera. Iskreno smo zahvalni na pomoc\u0301i Kosova Ukrajini i podr\u0161ci ukrajinskim gra\u0111anima. Tako\u0111e visoko cenimo po\u0161tovanje me\u0111unarodnih sankcija protiv Rusije od strane Kosova i njegovu kontinuiranu podr\u0161ku suverenitetu, nezavisnosti i teritorijalnom integritetu Ukrajine. Istovremeno, stav Ukrajine u vezi sa statusom Kosova ostaje nepromenjen. Me\u0111utim, ovo ne treba tuma\u010diti kao umanjivanje zahvalnosti Ukrajine za podr\u0161ku i solidarnost koju je narod Kosova pokazao Ukrajini\u201c, saop\u0161tila je ukrajinska ambasada.<\/p>\n<p>U vezi sa moguc\u0301no\u0161c\u0301u ponovnog razmatranja stava o nezavisnosti Kosova, ukrajinska ambasada u Tirani ka\u017ee da ovu odluku donose centralne vlasti Ukrajine, u skladu sa nacionalnim interesom, me\u0111unarodnim pravom i uzimajuc\u0301i u obzir kontekst de\u0161avanja na me\u0111unarodnom nivou.<\/p>\n<p>\u201e\u0160to se ti\u010de moguc\u0301nosti ponovnog razmatranja ovog stava, svaku odluku u vezi sa spoljnom politikom Ukrajine odre\u0111uju nadle\u017eni dr\u017eavni organi u skladu sa nacionalnim interesima Ukrajine, Ustavom i zakonodavstvom Ukrajine, kao i me\u0111unarodnim pravom, u kontekstu relevantnih de\u0161avanja na me\u0111unarodnom nivou\u201c, objasnila je Ambasada Ukrajine u Tirani.<\/p>\n<p>Ambasada dalje nagla\u0161ava da c\u0301e se vratiti temi Kosova kada se zavr\u0161i ruska agresija i kada Ukrajina iza\u0111e iz plamena rata.<\/p>\n<p>\u201eKao \u0161to je vec\u0301 napomenuto, stav Ukrajine o politi\u010dkom priznanju Kosova ostaje nepromenjen. Pitanje priznanja nije zatvoreno niti uklonjeno sa agende spoljne politike Ukrajine; me\u0111utim, Ukrajina c\u0301e moc\u0301i da se vrati ovom i drugim va\u017enim me\u0111unarodnim pitanjima kada iza\u0111e iz plamena stra\u0161nog rata koji joj je nametnula Rusija. Trenutno je apsolutni prioritet Ukrajine da za\u0161titi svoj narod, suverenitet i teritorijalni integritet i da okon\u010da ovaj destruktivni rat\u201c, naglasila je Ambasada.<\/p>\n<p>Ambasada obja\u0161njava da ovoj temi ne mo\u017ee dati prioritet zbog stra\u0161nog rata koji Rusija vodi vi\u0161e od \u010detiri godine.<\/p>\n<p>\u201eUvereni smo da narod Kosova ovo posebno dobro razume, s obzirom na svoje tragi\u010dno iskustvo rata, patnje i ljudskih gubitaka\u201c, dodaje Ambasada u odgovoru.<\/p>\n<p>Ukrajinska diplomatska misija podsec\u0301a da je preduzela nekoliko koraka u vezi sa narodom Kosova, nagla\u0161avajuc\u0301i priznavanje kosovskih paso\u0161a.<\/p>\n<p>Od 25. marta 2019. godine, Ukrajina prihvata obi\u010dne (civilne) paso\u0161e koje je izdalo Kosovo u svrhu obrade viza. Ovaj mehanizam je uveden sa ciljem olak\u0161avanja i normalizacije putovanja stanovnika Kosova u Ukrajinu, uglavnom iz humanitarnih razloga, bez de jure priznanja Kosova od strane Ukrajine. Ukrajinske vlasti su vi\u0161e puta isticale da takve konzularne mere ne predstavljaju priznanje me\u0111unarodnopravnog subjektiviteta Kosova\u201c, zaklju\u010dila je ukrajinska ambasada u Tirani. Ukrajinski predsednik Volodimir Zelenski je po\u010detkom avgusta tokom konferencije za novinare nakon posete Srbiji izjavio<\/p>\n","protected":false},"excerpt":{"rendered":"<p>Pri\u0161tina, 31. avgust 2026. 21:53 Odgovor predsednika Ukrajine, Volodimira Zelenskog, da stav Ukrajine o nepriznavanju Kosova ostaje nepromenjen, izazvao je nezadovoljstvo na Kosovu i kulminirao<\/p>\n","protected":false},"author":7,"featured_media":63705,"comment_status":"open","ping_status":"open","sticky":false,"template":"","format":"standard","meta":{"footnotes":""},"categories":[28],"tags":[],"class_list":["post-63704","post","type-post","status-publish","format-standard","has-post-thumbnail","hentry","category-politika"],"yoast_head":"<!-- This site is optimized with the Yoast SEO plugin v25.3.1 - https:\/\/yoast.com\/wordpress\/plugins\/seo\/ -->\n<title>Ukrajina: Vratic\u0301emo se temi priznavanja Kosova kada iza\u0111emo iz plamena ruskog rata -<\/title>\n<meta name=\"robots\" content=\"index, follow, max-snippet:-1, max-image-preview:large, max-video-preview:-1\" \/>\n<link rel=\"canonical\" href=\"https:\/\/veritasinfo.org\/?p=63704&lang=sr\" \/>\n<meta property=\"og:locale\" content=\"en_US\" \/>\n<meta property=\"og:type\" content=\"article\" \/>\n<meta property=\"og:title\" content=\"Ukrajina: Vratic\u0301emo se temi priznavanja Kosova kada iza\u0111emo iz plamena ruskog rata -\" \/>\n<meta property=\"og:description\" content=\"Pri\u0161tina, 31. avgust 2026. 21:53 Odgovor predsednika Ukrajine, Volodimira Zelenskog, da stav Ukrajine o nepriznavanju Kosova ostaje nepromenjen, izazvao je nezadovoljstvo na Kosovu i kulminirao\" \/>\n<meta property=\"og:url\" content=\"https:\/\/veritasinfo.org\/?p=63704&amp;lang=sr\" \/>\n<meta property=\"article:published_time\" content=\"2026-08-31T19:59:54+00:00\" \/>\n<meta property=\"og:image\" content=\"https:\/\/veritasinfo.org\/wp-content\/uploads\/2026\/08\/Zelensky-1.webp\" \/>\n\t<meta property=\"og:image:width\" content=\"864\" \/>\n\t<meta property=\"og:image:height\" content=\"486\" \/>\n\t<meta property=\"og:image:type\" content=\"image\/webp\" \/>\n<meta name=\"author\" content=\"US6\" \/>\n<meta name=\"twitter:card\" content=\"summary_large_image\" \/>\n<meta name=\"twitter:label1\" content=\"Written by\" \/>\n\t<meta name=\"twitter:data1\" content=\"US6\" \/>\n\t<meta name=\"twitter:label2\" content=\"Est. reading time\" \/>\n\t<meta name=\"twitter:data2\" content=\"3 minutes\" \/>\n<script type=\"application\/ld+json\" class=\"yoast-schema-graph\">{\"@context\":\"https:\/\/schema.org\",\"@graph\":[{\"@type\":\"WebPage\",\"@id\":\"https:\/\/veritasinfo.org\/?p=63704&lang=sr\",\"url\":\"https:\/\/veritasinfo.org\/?p=63704&lang=sr\",\"name\":\"Ukrajina: Vratic\u0301emo se temi priznavanja Kosova kada iza\u0111emo iz plamena ruskog rata -\",\"isPartOf\":{\"@id\":\"https:\/\/veritasinfo.org\/#website\"},\"primaryImageOfPage\":{\"@id\":\"https:\/\/veritasinfo.org\/?p=63704&lang=sr#primaryimage\"},\"image\":{\"@id\":\"https:\/\/veritasinfo.org\/?p=63704&lang=sr#primaryimage\"},\"thumbnailUrl\":\"https:\/\/veritasinfo.org\/wp-content\/uploads\/2026\/08\/Zelensky-1.webp\",\"datePublished\":\"2026-08-31T19:59:54+00:00\",\"author\":{\"@id\":\"https:\/\/veritasinfo.org\/#\/schema\/person\/fe199eede04c3937362892b7444747cc\"},\"breadcrumb\":{\"@id\":\"https:\/\/veritasinfo.org\/?p=63704&lang=sr#breadcrumb\"},\"inLanguage\":\"en-US\",\"potentialAction\":[{\"@type\":\"ReadAction\",\"target\":[\"https:\/\/veritasinfo.org\/?p=63704&lang=sr\"]}]},{\"@type\":\"ImageObject\",\"inLanguage\":\"en-US\",\"@id\":\"https:\/\/veritasinfo.org\/?p=63704&lang=sr#primaryimage\",\"url\":\"https:\/\/veritasinfo.org\/wp-content\/uploads\/2026\/08\/Zelensky-1.webp\",\"contentUrl\":\"https:\/\/veritasinfo.org\/wp-content\/uploads\/2026\/08\/Zelensky-1.webp\",\"width\":864,\"height\":486},{\"@type\":\"BreadcrumbList\",\"@id\":\"https:\/\/veritasinfo.org\/?p=63704&lang=sr#breadcrumb\",\"itemListElement\":[{\"@type\":\"ListItem\",\"position\":1,\"name\":\"Home\",\"item\":\"https:\/\/veritasinfo.org\/\"},{\"@type\":\"ListItem\",\"position\":2,\"name\":\"Ukrajina: Vratic\u0301emo se temi priznavanja Kosova kada iza\u0111emo iz plamena ruskog rata\"}]},{\"@type\":\"WebSite\",\"@id\":\"https:\/\/veritasinfo.org\/#website\",\"url\":\"https:\/\/veritasinfo.org\/\",\"name\":\"\",\"description\":\"\",\"potentialAction\":[{\"@type\":\"SearchAction\",\"target\":{\"@type\":\"EntryPoint\",\"urlTemplate\":\"https:\/\/veritasinfo.org\/?s={search_term_string}\"},\"query-input\":{\"@type\":\"PropertyValueSpecification\",\"valueRequired\":true,\"valueName\":\"search_term_string\"}}],\"inLanguage\":\"en-US\"},{\"@type\":\"Person\",\"@id\":\"https:\/\/veritasinfo.org\/#\/schema\/person\/fe199eede04c3937362892b7444747cc\",\"name\":\"US6\",\"image\":{\"@type\":\"ImageObject\",\"inLanguage\":\"en-US\",\"@id\":\"https:\/\/veritasinfo.org\/#\/schema\/person\/image\/\",\"url\":\"https:\/\/secure.gravatar.com\/avatar\/cb16c3c31c9d23b9b8c705964598220b3014e42ff51eb540ff23cefa3ae8c15f?s=96&d=mm&r=g\",\"contentUrl\":\"https:\/\/secure.gravatar.com\/avatar\/cb16c3c31c9d23b9b8c705964598220b3014e42ff51eb540ff23cefa3ae8c15f?s=96&d=mm&r=g\",\"caption\":\"US6\"},\"url\":\"https:\/\/veritasinfo.org\/?author=7\"}]}<\/script>\n<!-- \/ Yoast SEO plugin. -->","yoast_head_json":{"title":"Ukrajina: Vratic\u0301emo se temi priznavanja Kosova kada iza\u0111emo iz plamena ruskog rata -","robots":{"index":"index","follow":"follow","max-snippet":"max-snippet:-1","max-image-preview":"max-image-preview:large","max-video-preview":"max-video-preview:-1"},"canonical":"https:\/\/veritasinfo.org\/?p=63704&lang=sr","og_locale":"en_US","og_type":"article","og_title":"Ukrajina: Vratic\u0301emo se temi priznavanja Kosova kada iza\u0111emo iz plamena ruskog rata -","og_description":"Pri\u0161tina, 31. avgust 2026. 21:53 Odgovor predsednika Ukrajine, Volodimira Zelenskog, da stav Ukrajine o nepriznavanju Kosova ostaje nepromenjen, izazvao je nezadovoljstvo na Kosovu i kulminirao","og_url":"https:\/\/veritasinfo.org\/?p=63704&lang=sr","article_published_time":"2026-08-31T19:59:54+00:00","og_image":[{"width":864,"height":486,"url":"https:\/\/veritasinfo.org\/wp-content\/uploads\/2026\/08\/Zelensky-1.webp","type":"image\/webp"}],"author":"US6","twitter_card":"summary_large_image","twitter_misc":{"Written by":"US6","Est. reading time":"3 minutes"},"schema":{"@context":"https:\/\/schema.org","@graph":[{"@type":"WebPage","@id":"https:\/\/veritasinfo.org\/?p=63704&lang=sr","url":"https:\/\/veritasinfo.org\/?p=63704&lang=sr","name":"Ukrajina: Vratic\u0301emo se temi priznavanja Kosova kada iza\u0111emo iz plamena ruskog rata -","isPartOf":{"@id":"https:\/\/veritasinfo.org\/#website"},"primaryImageOfPage":{"@id":"https:\/\/veritasinfo.org\/?p=63704&lang=sr#primaryimage"},"image":{"@id":"https:\/\/veritasinfo.org\/?p=63704&lang=sr#primaryimage"},"thumbnailUrl":"https:\/\/veritasinfo.org\/wp-content\/uploads\/2026\/08\/Zelensky-1.webp","datePublished":"2026-08-31T19:59:54+00:00","author":{"@id":"https:\/\/veritasinfo.org\/#\/schema\/person\/fe199eede04c3937362892b7444747cc"},"breadcrumb":{"@id":"https:\/\/veritasinfo.org\/?p=63704&lang=sr#breadcrumb"},"inLanguage":"en-US","potentialAction":[{"@type":"ReadAction","target":["https:\/\/veritasinfo.org\/?p=63704&lang=sr"]}]},{"@type":"ImageObject","inLanguage":"en-US","@id":"https:\/\/veritasinfo.org\/?p=63704&lang=sr#primaryimage","url":"https:\/\/veritasinfo.org\/wp-content\/uploads\/2026\/08\/Zelensky-1.webp","contentUrl":"https:\/\/veritasinfo.org\/wp-content\/uploads\/2026\/08\/Zelensky-1.webp","width":864,"height":486},{"@type":"BreadcrumbList","@id":"https:\/\/veritasinfo.org\/?p=63704&lang=sr#breadcrumb","itemListElement":[{"@type":"ListItem","position":1,"name":"Home","item":"https:\/\/veritasinfo.org\/"},{"@type":"ListItem","position":2,"name":"Ukrajina: Vratic\u0301emo se temi priznavanja Kosova kada iza\u0111emo iz plamena ruskog rata"}]},{"@type":"WebSite","@id":"https:\/\/veritasinfo.org\/#website","url":"https:\/\/veritasinfo.org\/","name":"","description":"","potentialAction":[{"@type":"SearchAction","target":{"@type":"EntryPoint","urlTemplate":"https:\/\/veritasinfo.org\/?s={search_term_string}"},"query-input":{"@type":"PropertyValueSpecification","valueRequired":true,"valueName":"search_term_string"}}],"inLanguage":"en-US"},{"@type":"Person","@id":"https:\/\/veritasinfo.org\/#\/schema\/person\/fe199eede04c3937362892b7444747cc","name":"US6","image":{"@type":"ImageObject","inLanguage":"en-US","@id":"https:\/\/veritasinfo.org\/#\/schema\/person\/image\/","url":"https:\/\/secure.gravatar.com\/avatar\/cb16c3c31c9d23b9b8c705964598220b3014e42ff51eb540ff23cefa3ae8c15f?s=96&d=mm&r=g","contentUrl":"https:\/\/secure.gravatar.com\/avatar\/cb16c3c31c9d23b9b8c705964598220b3014e42ff51eb540ff23cefa3ae8c15f?s=96&d=mm&r=g","caption":"US6"},"url":"https:\/\/veritasinfo.org\/?author=7"}]}},"featured_image_urls":{"full":["https:\/\/veritasinfo.org\/wp-content\/uploads\/2026\/08\/Zelensky-1.webp",864,486,false],"thumbnail":["https:\/\/veritasinfo.org\/wp-content\/uploads\/2026\/08\/Zelensky-1-150x150.webp",150,150,true],"medium":["https:\/\/veritasinfo.org\/wp-content\/uploads\/2026\/08\/Zelensky-1-300x169.webp",300,169,true],"medium_large":["https:\/\/veritasinfo.org\/wp-content\/uploads\/2026\/08\/Zelensky-1-768x432.webp",640,360,true],"large":["https:\/\/veritasinfo.org\/wp-content\/uploads\/2026\/08\/Zelensky-1.webp",640,360,false],"1536x1536":["https:\/\/veritasinfo.org\/wp-content\/uploads\/2026\/08\/Zelensky-1.webp",864,486,false],"2048x2048":["https:\/\/veritasinfo.org\/wp-content\/uploads\/2026\/08\/Zelensky-1.webp",864,486,false],"kreeti-slider-full":["https:\/\/veritasinfo.org\/wp-content\/uploads\/2026\/08\/Zelensky-1.webp",864,486,false],"kreeti-featured":["https:\/\/veritasinfo.org\/wp-content\/uploads\/2026\/08\/Zelensky-1.webp",864,486,false],"kreeti-medium":["https:\/\/veritasinfo.org\/wp-content\/uploads\/2026\/08\/Zelensky-1-720x486.webp",720,486,true],"kreeti-medium-square":["https:\/\/veritasinfo.org\/wp-content\/uploads\/2026\/08\/Zelensky-1-350x350.webp",350,350,true]},"author_info":{"info":["US6"]},"category_info":"<a href=\"https:\/\/veritasinfo.org\/?cat=28&#038;lang=sr\" rel=\"category\">Politika<\/a>","tag_info":"Politika","comment_count":"0","_links":{"self":[{"href":"https:\/\/veritasinfo.org\/index.php?rest_route=\/wp\/v2\/posts\/63704","targetHints":{"allow":["GET"]}}],"collection":[{"href":"https:\/\/veritasinfo.org\/index.php?rest_route=\/wp\/v2\/posts"}],"about":[{"href":"https:\/\/veritasinfo.org\/index.php?rest_route=\/wp\/v2\/types\/post"}],"author":[{"embeddable":true,"href":"https:\/\/veritasinfo.org\/index.php?rest_route=\/wp\/v2\/users\/7"}],"replies":[{"embeddable":true,"href":"https:\/\/veritasinfo.org\/index.php?rest_route=%2Fwp%2Fv2%2Fcomments&post=63704"}],"version-history":[{"count":1,"href":"https:\/\/veritasinfo.org\/index.php?rest_route=\/wp\/v2\/posts\/63704\/revisions"}],"predecessor-version":[{"id":63706,"href":"https:\/\/veritasinfo.org\/index.php?rest_route=\/wp\/v2\/posts\/63704\/revisions\/63706"}],"wp:featuredmedia":[{"embeddable":true,"href":"https:\/\/veritasinfo.org\/index.php?rest_route=\/wp\/v2\/media\/63705"}],"wp:attachment":[{"href":"https:\/\/veritasinfo.org\/index.php?rest_route=%2Fwp%2Fv2%2Fmedia&parent=63704"}],"wp:term":[{"taxonomy":"category","embeddable":true,"href":"https:\/\/veritasinfo.org\/index.php?rest_route=%2Fwp%2Fv2%2Fcategories&post=63704"},{"taxonomy":"post_tag","embeddable":true,"href":"https:\/\/veritasinfo.org\/index.php?rest_route=%2Fwp%2Fv2%2Ftags&post=63704"}],"curies":[{"name":"wp","href":"https:\/\/api.w.org\/{rel}","templated":true}]}}