{"id":63701,"date":"2026-08-31T21:57:16","date_gmt":"2026-08-31T19:57:16","guid":{"rendered":"https:\/\/veritasinfo.org\/?p=63701"},"modified":"2026-08-31T21:57:16","modified_gmt":"2026-08-31T19:57:16","slug":"ukraina-do-ti-kthehemi-temes-se-njohjes-se-kosoves-kur-te-dalim-nga-flaket-e-luftes-ruse","status":"publish","type":"post","link":"https:\/\/veritasinfo.org\/?p=63701","title":{"rendered":"Ukraina: Do t\u2019i kthehemi tem\u00ebs s\u00eb njohjes s\u00eb Kosov\u00ebs kur t\u00eb dalim nga flak\u00ebt e luft\u00ebs ruse"},"content":{"rendered":"<p>Prishtin\u00eb, 31 gusht 2026 21:53<\/p>\n<p>Nj\u00eb p\u00ebrgjigje e presidentit t\u00eb Ukrain\u00ebs, Volodymyr Zelenskyy, se q\u00ebndrimi i Ukrain\u00ebs p\u00ebr mosnjohjen e Kosov\u00ebs mbetet i pandryshuar, nxiti pak\u00ebnaq\u00ebsi n\u00eb Kosov\u00eb dhe kulmoi me heqjen e flamurit \u201cLiri p\u00ebr Ukrain\u00ebn\u201d q\u00eb q\u00ebndronte varur n\u00eb objektin Hotel Grand n\u00eb qend\u00ebr t\u00eb Prishtin\u00ebs q\u00eb kur Rusia nisi agresionin e saj. Ky acarim n\u00eb vend, u arsyetua me pozicionin e Kosov\u00ebs kund\u00ebr agresionit rus dhe ndihm\u00ebn e dh\u00ebn\u00eb p\u00ebr Ukrain\u00ebn q\u00eb nga nisja e luft\u00ebs.<\/p>\n<p>Lidhur me k\u00ebt\u00eb zhvillim n\u00eb raportet Prishtin\u00eb-Kyiv kan\u00eb folur gjat\u00eb p\u00ebr Gazet\u00ebn Express nga Ambasada e Ukrain\u00ebs n\u00eb Shqip\u00ebri.<\/p>\n<p>Nga kjo Ambasad\u00eb thon\u00eb se q\u00ebndrimi i Zelenskyt i shprehur n\u00eb Beograd s\u2019\u00ebsht\u00eb asgj\u00eb e re dhe se presidenti ukrainas thjesht\u00eb i \u00ebsht\u00eb p\u00ebrgjigjur nj\u00eb pyetjeje t\u00eb nj\u00eb gazetari n\u00eb Beograd.<\/p>\n<p>\u201cAmbasada e Ukrain\u00ebs d\u00ebshiron t\u2019ju t\u00ebrheq\u00eb v\u00ebmendjen p\u00ebr faktin se, gjat\u00eb vizit\u00ebs s\u00eb tij t\u00eb fundit n\u00eb Serbi, Presidenti i Ukrain\u00ebs Volodymyr Zelenskyy nuk b\u00ebri asnj\u00eb deklarat\u00eb q\u00eb njoftonte nj\u00eb ndryshim n\u00eb q\u00ebndrimin e Ukrain\u00ebs ndaj Kosov\u00ebs. Ai thjesht iu p\u00ebrgjigj pyetjes s\u00eb nj\u00eb gazetari n\u00eb lidhje me njohjen ose mosnjohjen e Kosov\u00ebs nga Ukraina. Asgj\u00eb n\u00eb p\u00ebrgjigjen e Presidentit nuk ndryshonte nga q\u00ebndrimi konsistent i Ukrain\u00ebs p\u00ebr k\u00ebt\u00eb \u00e7\u00ebshtje.\u201d, kan\u00eb th\u00ebn\u00eb nga Ambasada e Ukrain\u00ebs n\u00eb Tiran\u00eb.<\/p>\n<p>Nj\u00eb pozicion i till\u00eb p\u00ebr mosnjohjen e shtet\u00ebsis\u00eb s\u00eb Kosov\u00ebs nga Kievi zyrtar thon\u00eb se n\u00eb asnj\u00eb form\u00eb nuk duhet t\u00eb interpretohet si mosvler\u00ebsim p\u00ebr ndihm\u00ebn e Kosov\u00ebs dhe rreshtimin e Prishtin\u00ebs zyrtare krahas vendeve demokratike n\u00eb sanksionimin e Rusis\u00eb.<\/p>\n<p>\u201cUkraina e vler\u00ebson shum\u00eb solidaritetin dhe mb\u00ebshtetjen e ofruar nga populli dhe institucionet e Kosov\u00ebs ndaj Ukrain\u00ebs q\u00eb nga fillimi i agresionit n\u00eb shkall\u00eb t\u00eb plot\u00eb t\u00eb Rusis\u00eb. Ne jemi sinqerisht mir\u00ebnjoh\u00ebs p\u00ebr ndihm\u00ebn e Kosov\u00ebs ndaj Ukrain\u00ebs dhe mb\u00ebshtetjen p\u00ebr qytetar\u00ebt ukrainas. Ne gjithashtu e vler\u00ebsojm\u00eb shum\u00eb p\u00ebrputhjen e Kosov\u00ebs me sanksionet nd\u00ebrkomb\u00ebtare kund\u00ebr Rusis\u00eb dhe mb\u00ebshtetjen e saj t\u00eb vazhdueshme p\u00ebr sovranitetin, pavar\u00ebsin\u00eb dhe integritetin territorial t\u00eb Ukrain\u00ebs. N\u00eb t\u00eb nj\u00ebjt\u00ebn koh\u00eb, q\u00ebndrimi i Ukrain\u00ebs n\u00eb lidhje me statusin e Kosov\u00ebs mbetet i pandryshuar. Megjithat\u00eb, kjo nuk duhet t\u00eb interpretohet si minimizim i vler\u00ebsimit t\u00eb Ukrain\u00ebs p\u00ebr mb\u00ebshtetjen dhe solidaritetin e demonstruar nga populli i Kosov\u00ebs ndaj Ukrain\u00ebs.\u201d, kan\u00eb th\u00ebn\u00eb nga Ambasada e Ukrain\u00ebs.<\/p>\n<p>Sa i p\u00ebrket mund\u00ebsis\u00eb s\u00eb rikonsiderimit t\u00eb q\u00ebndrimit p\u00ebr pavar\u00ebsin\u00eb e Kosov\u00ebs, Ambasada ukrainase n\u00eb Tiran\u00eb thot\u00eb se ky vendim merret nga autoritetet qendrore t\u00eb Ukrain\u00ebs, n\u00eb p\u00ebrputhje me interesin komb\u00ebtar, ligjin nd\u00ebrkomb\u00ebtar dhe duke marr\u00eb parasysh kontekstin e zhvillimeve n\u00eb nivel nd\u00ebrkomb\u00ebtar.<\/p>\n<p>\u201cLidhur me mund\u00ebsin\u00eb e rishqyrtimit t\u00eb k\u00ebtij q\u00ebndrimi, \u00e7do vendim q\u00eb ka t\u00eb b\u00ebj\u00eb me politik\u00ebn e jashtme t\u00eb Ukrain\u00ebs p\u00ebrcaktohet nga autoritetet shtet\u00ebrore p\u00ebrkat\u00ebse n\u00eb p\u00ebrputhje me interesat komb\u00ebtare t\u00eb Ukrain\u00ebs, Kushtetut\u00ebn dhe legjislacionin e Ukrain\u00ebs, si dhe t\u00eb drejt\u00ebn nd\u00ebrkomb\u00ebtare, brenda kontekstit t\u00eb zhvillimeve p\u00ebrkat\u00ebse n\u00eb nivel nd\u00ebrkomb\u00ebtar\u201d, kan\u00eb sqaruar nga Ambasada e Ukrain\u00ebs n\u00eb Tiran\u00eb.<\/p>\n<p>Nga Ambasada tutje theksojn\u00eb se do t\u2019i kthehen tem\u00ebs s\u00eb Kosov\u00ebs, kur t\u00eb p\u00ebrfundoj\u00eb agresioni rus dhe kur Ukraina t\u00eb dal\u00eb nga flak\u00ebt e luft\u00ebs.<\/p>\n<p>\u201cSi\u00e7 \u00ebsht\u00eb v\u00ebn\u00eb re tashm\u00eb, q\u00ebndrimi i Ukrain\u00ebs p\u00ebr njohjen politike t\u00eb Kosov\u00ebs mbetet i pandryshuar. \u00c7\u00ebshtja e njohjes nuk \u00ebsht\u00eb mbyllur ose hequr nga axhenda e politik\u00ebs s\u00eb jashtme t\u00eb Ukrain\u00ebs; megjithat\u00eb, Ukraina do t\u00eb jet\u00eb n\u00eb gjendje t\u2019i rikthehet k\u00ebsaj dhe \u00e7\u00ebshtjeve t\u00eb tjera t\u00eb r\u00ebnd\u00ebsishme nd\u00ebrkomb\u00ebtare kur t\u00eb dal\u00eb nga flak\u00ebt e luft\u00ebs s\u00eb tmerrshme q\u00eb i \u00ebsht\u00eb imponuar nga Rusia. P\u00ebr momentin, p\u00ebrpar\u00ebsia absolute e Ukrain\u00ebs \u00ebsht\u00eb t\u00eb mbroj\u00eb popullin e saj, sovranitetin dhe integritetin e saj territorial dhe t\u2019i jap\u00eb fund k\u00ebsaj lufte shkat\u00ebrruese\u201d, kan\u00eb potencuar nga Ambasada.<\/p>\n<p>Nga Ambasada sqarojn\u00eb se k\u00ebsaj teme nuk mund t\u2019i japin p\u00ebr\u00ebpar\u00ebsi p\u00ebr shkak t\u00eb luft\u00ebs s\u00eb tmerrshme q\u00eb Rusia ka nisur p\u00ebr m\u00eb shum\u00eb se kat\u00ebr vitesh.<\/p>\n<p>\u201cJemi t\u00eb bindur se populli i Kosov\u00ebs e kupton k\u00ebt\u00eb ve\u00e7an\u00ebrisht mir\u00eb, duke pasur parasysh p\u00ebrvoj\u00ebn e tyre tragjike t\u00eb luft\u00ebs, vuajtjeve dhe humbjeve njer\u00ebzore\u201d, shton Ambasada n\u00eb p\u00ebrgjigje.<\/p>\n<p>Nga p\u00ebrfaq\u00ebsia diplomatike e Ukrain\u00ebs, kujtojn\u00eb se kan\u00eb nd\u00ebrmarr\u00eb disa hapa lidhur me popullin e Kosov\u00ebs, duke theksuar njohjen e pasaportave t\u00eb Kosov\u00ebs.<\/p>\n<p>Q\u00eb nga 25 marsi 2019, Ukraina ka pranuar pasaportat e zakonshme (civile) t\u00eb l\u00ebshuara nga Kosova p\u00ebr q\u00ebllime t\u00eb p\u00ebrpunimit t\u00eb vizave. Ky mekaniz\u00ebm u prezantua me q\u00ebllim leht\u00ebsimin dhe normalizimin e udh\u00ebtimit n\u00eb Ukrain\u00eb nga banor\u00ebt e Kosov\u00ebs, kryesisht p\u00ebr arsye humanitare, pa p\u00ebrb\u00ebr\u00eb njohje de jure t\u00eb Kosov\u00ebs nga Ukraina. Autoritetet ukrainase kan\u00eb theksuar vazhdimisht se masa t\u00eb tilla konsullore nuk p\u00ebrb\u00ebjn\u00eb njohje t\u00eb personalitetit juridik nd\u00ebrkomb\u00ebtar t\u00eb Kosov\u00ebs\u201d, kan\u00eb p\u00ebrfunduar nga Ambasada e Ukrain\u00ebs n\u00eb Tiran\u00eb.Presidenti ukrainas, Volodymyr Zelensky, n\u00eb fillim t\u00eb muajit gusht gjat\u00eb nj\u00eb konference p\u00ebr media pas vizit\u00ebs n\u00eb Serbi ka deklaruar se politika e Ukrain\u00ebs nuk ka ndryshuar sa i p\u00ebrket mosnjohjes s\u00eb pavar\u00ebsis\u00eb s\u00eb Kosov\u00ebs.<\/p>\n<p>Ne respektojm\u00eb integritetin territorial t\u00eb partner\u00ebve tan\u00eb dhe t\u00eb drejt\u00ebn nd\u00ebrkomb\u00ebtare. Sa i p\u00ebrket Kosov\u00ebs, q\u00ebndrimi yn\u00eb mbetet i pandryshuar. Jemi mir\u00ebnjoh\u00ebs ndaj Serbis\u00eb p\u00ebr respektimin e integritetit territorial t\u00eb Ukrain\u00ebs, p\u00ebrfshir\u00eb Krimen\u00eb\u201d, ka th\u00ebn\u00eb Zelensky.<!--\/data\/user\/0\/com.samsung.android.app.notes\/files\/clipdata\/clipdata_bodytext_260831_215404_165.sdocx--><\/p>\n","protected":false},"excerpt":{"rendered":"<p>Prishtin\u00eb, 31 gusht 2026 21:53 Nj\u00eb p\u00ebrgjigje e presidentit t\u00eb Ukrain\u00ebs, Volodymyr Zelenskyy, se q\u00ebndrimi i Ukrain\u00ebs p\u00ebr mosnjohjen e Kosov\u00ebs mbetet i pandryshuar, nxiti<\/p>\n","protected":false},"author":7,"featured_media":63702,"comment_status":"open","ping_status":"open","sticky":false,"template":"","format":"standard","meta":{"footnotes":""},"categories":[58],"tags":[],"class_list":["post-63701","post","type-post","status-publish","format-standard","has-post-thumbnail","hentry","category-politike-sq"],"yoast_head":"<!-- This site is optimized with the Yoast SEO plugin v25.3.1 - https:\/\/yoast.com\/wordpress\/plugins\/seo\/ -->\n<title>Ukraina: Do t\u2019i kthehemi tem\u00ebs s\u00eb njohjes s\u00eb Kosov\u00ebs kur t\u00eb dalim nga flak\u00ebt e luft\u00ebs ruse -<\/title>\n<meta name=\"robots\" content=\"index, follow, max-snippet:-1, max-image-preview:large, max-video-preview:-1\" \/>\n<link rel=\"canonical\" href=\"https:\/\/veritasinfo.org\/?p=63701\" \/>\n<meta property=\"og:locale\" content=\"en_US\" \/>\n<meta property=\"og:type\" content=\"article\" \/>\n<meta property=\"og:title\" content=\"Ukraina: Do t\u2019i kthehemi tem\u00ebs s\u00eb njohjes s\u00eb Kosov\u00ebs kur t\u00eb dalim nga flak\u00ebt e luft\u00ebs ruse -\" \/>\n<meta property=\"og:description\" content=\"Prishtin\u00eb, 31 gusht 2026 21:53 Nj\u00eb p\u00ebrgjigje e presidentit t\u00eb Ukrain\u00ebs, Volodymyr Zelenskyy, se q\u00ebndrimi i Ukrain\u00ebs p\u00ebr mosnjohjen e Kosov\u00ebs mbetet i pandryshuar, nxiti\" \/>\n<meta property=\"og:url\" content=\"https:\/\/veritasinfo.org\/?p=63701\" \/>\n<meta property=\"article:published_time\" content=\"2026-08-31T19:57:16+00:00\" \/>\n<meta property=\"og:image\" content=\"https:\/\/veritasinfo.org\/wp-content\/uploads\/2026\/08\/Zelensky.webp\" \/>\n\t<meta property=\"og:image:width\" content=\"864\" \/>\n\t<meta property=\"og:image:height\" content=\"486\" \/>\n\t<meta property=\"og:image:type\" content=\"image\/webp\" \/>\n<meta name=\"author\" content=\"US6\" \/>\n<meta name=\"twitter:card\" content=\"summary_large_image\" \/>\n<meta name=\"twitter:label1\" content=\"Written by\" \/>\n\t<meta name=\"twitter:data1\" content=\"US6\" \/>\n\t<meta name=\"twitter:label2\" content=\"Est. reading time\" \/>\n\t<meta name=\"twitter:data2\" content=\"4 minutes\" \/>\n<script type=\"application\/ld+json\" class=\"yoast-schema-graph\">{\"@context\":\"https:\/\/schema.org\",\"@graph\":[{\"@type\":\"WebPage\",\"@id\":\"https:\/\/veritasinfo.org\/?p=63701\",\"url\":\"https:\/\/veritasinfo.org\/?p=63701\",\"name\":\"Ukraina: Do t\u2019i kthehemi tem\u00ebs s\u00eb njohjes s\u00eb Kosov\u00ebs kur t\u00eb dalim nga flak\u00ebt e luft\u00ebs ruse -\",\"isPartOf\":{\"@id\":\"https:\/\/veritasinfo.org\/#website\"},\"primaryImageOfPage\":{\"@id\":\"https:\/\/veritasinfo.org\/?p=63701#primaryimage\"},\"image\":{\"@id\":\"https:\/\/veritasinfo.org\/?p=63701#primaryimage\"},\"thumbnailUrl\":\"https:\/\/veritasinfo.org\/wp-content\/uploads\/2026\/08\/Zelensky.webp\",\"datePublished\":\"2026-08-31T19:57:16+00:00\",\"author\":{\"@id\":\"https:\/\/veritasinfo.org\/#\/schema\/person\/fe199eede04c3937362892b7444747cc\"},\"breadcrumb\":{\"@id\":\"https:\/\/veritasinfo.org\/?p=63701#breadcrumb\"},\"inLanguage\":\"en-US\",\"potentialAction\":[{\"@type\":\"ReadAction\",\"target\":[\"https:\/\/veritasinfo.org\/?p=63701\"]}]},{\"@type\":\"ImageObject\",\"inLanguage\":\"en-US\",\"@id\":\"https:\/\/veritasinfo.org\/?p=63701#primaryimage\",\"url\":\"https:\/\/veritasinfo.org\/wp-content\/uploads\/2026\/08\/Zelensky.webp\",\"contentUrl\":\"https:\/\/veritasinfo.org\/wp-content\/uploads\/2026\/08\/Zelensky.webp\",\"width\":864,\"height\":486},{\"@type\":\"BreadcrumbList\",\"@id\":\"https:\/\/veritasinfo.org\/?p=63701#breadcrumb\",\"itemListElement\":[{\"@type\":\"ListItem\",\"position\":1,\"name\":\"Home\",\"item\":\"https:\/\/veritasinfo.org\/\"},{\"@type\":\"ListItem\",\"position\":2,\"name\":\"Ukraina: Do t\u2019i kthehemi tem\u00ebs s\u00eb njohjes s\u00eb Kosov\u00ebs kur t\u00eb dalim nga flak\u00ebt e luft\u00ebs ruse\"}]},{\"@type\":\"WebSite\",\"@id\":\"https:\/\/veritasinfo.org\/#website\",\"url\":\"https:\/\/veritasinfo.org\/\",\"name\":\"\",\"description\":\"\",\"potentialAction\":[{\"@type\":\"SearchAction\",\"target\":{\"@type\":\"EntryPoint\",\"urlTemplate\":\"https:\/\/veritasinfo.org\/?s={search_term_string}\"},\"query-input\":{\"@type\":\"PropertyValueSpecification\",\"valueRequired\":true,\"valueName\":\"search_term_string\"}}],\"inLanguage\":\"en-US\"},{\"@type\":\"Person\",\"@id\":\"https:\/\/veritasinfo.org\/#\/schema\/person\/fe199eede04c3937362892b7444747cc\",\"name\":\"US6\",\"image\":{\"@type\":\"ImageObject\",\"inLanguage\":\"en-US\",\"@id\":\"https:\/\/veritasinfo.org\/#\/schema\/person\/image\/\",\"url\":\"https:\/\/secure.gravatar.com\/avatar\/cb16c3c31c9d23b9b8c705964598220b3014e42ff51eb540ff23cefa3ae8c15f?s=96&d=mm&r=g\",\"contentUrl\":\"https:\/\/secure.gravatar.com\/avatar\/cb16c3c31c9d23b9b8c705964598220b3014e42ff51eb540ff23cefa3ae8c15f?s=96&d=mm&r=g\",\"caption\":\"US6\"},\"url\":\"https:\/\/veritasinfo.org\/?author=7\"}]}<\/script>\n<!-- \/ Yoast SEO plugin. -->","yoast_head_json":{"title":"Ukraina: Do t\u2019i kthehemi tem\u00ebs s\u00eb njohjes s\u00eb Kosov\u00ebs kur t\u00eb dalim nga flak\u00ebt e luft\u00ebs ruse -","robots":{"index":"index","follow":"follow","max-snippet":"max-snippet:-1","max-image-preview":"max-image-preview:large","max-video-preview":"max-video-preview:-1"},"canonical":"https:\/\/veritasinfo.org\/?p=63701","og_locale":"en_US","og_type":"article","og_title":"Ukraina: Do t\u2019i kthehemi tem\u00ebs s\u00eb njohjes s\u00eb Kosov\u00ebs kur t\u00eb dalim nga flak\u00ebt e luft\u00ebs ruse -","og_description":"Prishtin\u00eb, 31 gusht 2026 21:53 Nj\u00eb p\u00ebrgjigje e presidentit t\u00eb Ukrain\u00ebs, Volodymyr Zelenskyy, se q\u00ebndrimi i Ukrain\u00ebs p\u00ebr mosnjohjen e Kosov\u00ebs mbetet i pandryshuar, nxiti","og_url":"https:\/\/veritasinfo.org\/?p=63701","article_published_time":"2026-08-31T19:57:16+00:00","og_image":[{"width":864,"height":486,"url":"https:\/\/veritasinfo.org\/wp-content\/uploads\/2026\/08\/Zelensky.webp","type":"image\/webp"}],"author":"US6","twitter_card":"summary_large_image","twitter_misc":{"Written by":"US6","Est. reading time":"4 minutes"},"schema":{"@context":"https:\/\/schema.org","@graph":[{"@type":"WebPage","@id":"https:\/\/veritasinfo.org\/?p=63701","url":"https:\/\/veritasinfo.org\/?p=63701","name":"Ukraina: Do t\u2019i kthehemi tem\u00ebs s\u00eb njohjes s\u00eb Kosov\u00ebs kur t\u00eb dalim nga flak\u00ebt e luft\u00ebs ruse -","isPartOf":{"@id":"https:\/\/veritasinfo.org\/#website"},"primaryImageOfPage":{"@id":"https:\/\/veritasinfo.org\/?p=63701#primaryimage"},"image":{"@id":"https:\/\/veritasinfo.org\/?p=63701#primaryimage"},"thumbnailUrl":"https:\/\/veritasinfo.org\/wp-content\/uploads\/2026\/08\/Zelensky.webp","datePublished":"2026-08-31T19:57:16+00:00","author":{"@id":"https:\/\/veritasinfo.org\/#\/schema\/person\/fe199eede04c3937362892b7444747cc"},"breadcrumb":{"@id":"https:\/\/veritasinfo.org\/?p=63701#breadcrumb"},"inLanguage":"en-US","potentialAction":[{"@type":"ReadAction","target":["https:\/\/veritasinfo.org\/?p=63701"]}]},{"@type":"ImageObject","inLanguage":"en-US","@id":"https:\/\/veritasinfo.org\/?p=63701#primaryimage","url":"https:\/\/veritasinfo.org\/wp-content\/uploads\/2026\/08\/Zelensky.webp","contentUrl":"https:\/\/veritasinfo.org\/wp-content\/uploads\/2026\/08\/Zelensky.webp","width":864,"height":486},{"@type":"BreadcrumbList","@id":"https:\/\/veritasinfo.org\/?p=63701#breadcrumb","itemListElement":[{"@type":"ListItem","position":1,"name":"Home","item":"https:\/\/veritasinfo.org\/"},{"@type":"ListItem","position":2,"name":"Ukraina: Do t\u2019i kthehemi tem\u00ebs s\u00eb njohjes s\u00eb Kosov\u00ebs kur t\u00eb dalim nga flak\u00ebt e luft\u00ebs ruse"}]},{"@type":"WebSite","@id":"https:\/\/veritasinfo.org\/#website","url":"https:\/\/veritasinfo.org\/","name":"","description":"","potentialAction":[{"@type":"SearchAction","target":{"@type":"EntryPoint","urlTemplate":"https:\/\/veritasinfo.org\/?s={search_term_string}"},"query-input":{"@type":"PropertyValueSpecification","valueRequired":true,"valueName":"search_term_string"}}],"inLanguage":"en-US"},{"@type":"Person","@id":"https:\/\/veritasinfo.org\/#\/schema\/person\/fe199eede04c3937362892b7444747cc","name":"US6","image":{"@type":"ImageObject","inLanguage":"en-US","@id":"https:\/\/veritasinfo.org\/#\/schema\/person\/image\/","url":"https:\/\/secure.gravatar.com\/avatar\/cb16c3c31c9d23b9b8c705964598220b3014e42ff51eb540ff23cefa3ae8c15f?s=96&d=mm&r=g","contentUrl":"https:\/\/secure.gravatar.com\/avatar\/cb16c3c31c9d23b9b8c705964598220b3014e42ff51eb540ff23cefa3ae8c15f?s=96&d=mm&r=g","caption":"US6"},"url":"https:\/\/veritasinfo.org\/?author=7"}]}},"featured_image_urls":{"full":["https:\/\/veritasinfo.org\/wp-content\/uploads\/2026\/08\/Zelensky.webp",864,486,false],"thumbnail":["https:\/\/veritasinfo.org\/wp-content\/uploads\/2026\/08\/Zelensky-150x150.webp",150,150,true],"medium":["https:\/\/veritasinfo.org\/wp-content\/uploads\/2026\/08\/Zelensky-300x169.webp",300,169,true],"medium_large":["https:\/\/veritasinfo.org\/wp-content\/uploads\/2026\/08\/Zelensky-768x432.webp",640,360,true],"large":["https:\/\/veritasinfo.org\/wp-content\/uploads\/2026\/08\/Zelensky.webp",640,360,false],"1536x1536":["https:\/\/veritasinfo.org\/wp-content\/uploads\/2026\/08\/Zelensky.webp",864,486,false],"2048x2048":["https:\/\/veritasinfo.org\/wp-content\/uploads\/2026\/08\/Zelensky.webp",864,486,false],"kreeti-slider-full":["https:\/\/veritasinfo.org\/wp-content\/uploads\/2026\/08\/Zelensky.webp",864,486,false],"kreeti-featured":["https:\/\/veritasinfo.org\/wp-content\/uploads\/2026\/08\/Zelensky.webp",864,486,false],"kreeti-medium":["https:\/\/veritasinfo.org\/wp-content\/uploads\/2026\/08\/Zelensky-720x486.webp",720,486,true],"kreeti-medium-square":["https:\/\/veritasinfo.org\/wp-content\/uploads\/2026\/08\/Zelensky-350x350.webp",350,350,true]},"author_info":{"info":["US6"]},"category_info":"<a href=\"https:\/\/veritasinfo.org\/?cat=58\" rel=\"category\">Politik\u00eb<\/a>","tag_info":"Politik\u00eb","comment_count":"0","_links":{"self":[{"href":"https:\/\/veritasinfo.org\/index.php?rest_route=\/wp\/v2\/posts\/63701","targetHints":{"allow":["GET"]}}],"collection":[{"href":"https:\/\/veritasinfo.org\/index.php?rest_route=\/wp\/v2\/posts"}],"about":[{"href":"https:\/\/veritasinfo.org\/index.php?rest_route=\/wp\/v2\/types\/post"}],"author":[{"embeddable":true,"href":"https:\/\/veritasinfo.org\/index.php?rest_route=\/wp\/v2\/users\/7"}],"replies":[{"embeddable":true,"href":"https:\/\/veritasinfo.org\/index.php?rest_route=%2Fwp%2Fv2%2Fcomments&post=63701"}],"version-history":[{"count":1,"href":"https:\/\/veritasinfo.org\/index.php?rest_route=\/wp\/v2\/posts\/63701\/revisions"}],"predecessor-version":[{"id":63703,"href":"https:\/\/veritasinfo.org\/index.php?rest_route=\/wp\/v2\/posts\/63701\/revisions\/63703"}],"wp:featuredmedia":[{"embeddable":true,"href":"https:\/\/veritasinfo.org\/index.php?rest_route=\/wp\/v2\/media\/63702"}],"wp:attachment":[{"href":"https:\/\/veritasinfo.org\/index.php?rest_route=%2Fwp%2Fv2%2Fmedia&parent=63701"}],"wp:term":[{"taxonomy":"category","embeddable":true,"href":"https:\/\/veritasinfo.org\/index.php?rest_route=%2Fwp%2Fv2%2Fcategories&post=63701"},{"taxonomy":"post_tag","embeddable":true,"href":"https:\/\/veritasinfo.org\/index.php?rest_route=%2Fwp%2Fv2%2Ftags&post=63701"}],"curies":[{"name":"wp","href":"https:\/\/api.w.org\/{rel}","templated":true}]}}