{"id":63693,"date":"2026-08-31T21:49:07","date_gmt":"2026-08-31T19:49:07","guid":{"rendered":"https:\/\/veritasinfo.org\/?p=63693"},"modified":"2026-08-31T21:49:07","modified_gmt":"2026-08-31T19:49:07","slug":"kuci-per-propaganden-serbe-kerkimi-i-te-zhdukurve-nuk-eshte-politizim-por-zbardhje-e-krimit","status":"publish","type":"post","link":"https:\/\/veritasinfo.org\/?p=63693","title":{"rendered":"Ku\u00e7i p\u00ebr propagand\u00ebn serbe: K\u00ebrkimi i t\u00eb zhdukurve nuk \u00ebsht\u00eb politizim, por zbardhje e krimit"},"content":{"rendered":"<p>Prishtin\u00eb, 31 gusht 2026 21:47<\/p>\n<p>Eksperti i \u00e7\u00ebshtjeve t\u00eb siguris\u00eb, Guraku\u00e7 Ku\u00e7i, ka reaguar lidhur me k\u00ebrkesat e familjeve t\u00eb personave t\u00eb zhdukur gjat\u00eb luft\u00ebs n\u00eb Kosov\u00eb p\u00ebr zbardhjen e fatit t\u00eb t\u00eb af\u00ebrmve t\u00eb tyre dhe hapjen e arkivave q\u00eb mund t\u00eb p\u00ebrmbajn\u00eb informacione p\u00ebr personat e pagjetur.<\/p>\n<p>N\u00eb nj\u00eb reagim t\u00eb tij, Ku\u00e7i ka th\u00ebn\u00eb se k\u00ebrkimi i personave t\u00eb zhdukur nuk duhet t\u00eb konsiderohet si proces politik, por si p\u00ebrpjekje p\u00ebr zbardhjen e krimeve t\u00eb kryera gjat\u00eb luft\u00ebs.<\/p>\n<p>\u201cK\u00ebrkimi i t\u00eb zhdukurve nuk \u00ebsht\u00eb politizim. \u00cbsht\u00eb zbardhje e krimit\u201d, ka shkruar Ku\u00e7i.<\/p>\n<p>Sipas tij, nd\u00ebrsa familjar\u00ebt dhe organizatat nd\u00ebrkomb\u00ebtare k\u00ebrkojn\u00eb hapjen e varrezave masive dhe zbardhjen e fatit t\u00eb m\u00eb shum\u00eb se 1,500 personave ende t\u00eb zhdukur nga lufta n\u00eb Kosov\u00eb, nga Beogradi vjen nj\u00eb narrativ\u00eb tjet\u00ebr.<\/p>\n<p>\u201cNuk \u00ebsht\u00eb thjesht kund\u00ebrshtim ndaj institucioneve t\u00eb Kosov\u00ebs. \u00cbsht\u00eb nj\u00eb p\u00ebrpjekje e kalkuluar p\u00ebr t\u00eb relativizuar p\u00ebrgjegj\u00ebsin\u00eb e shtetit serb. \u00cbsht\u00eb tentativ\u00eb p\u00ebr t\u00eb ndryshuar m\u00ebnyr\u00ebn se si interpretohet lufta e viteve \u201990\u201d, ka deklaruar ai.<\/p>\n<p>Eksperti i siguris\u00eb ka theksuar se zbulimi i mbetjeve mortore, ekzaminimet forenzike dhe dokumentimi i viktimave nuk mund t\u00eb cil\u00ebsohen si propagand\u00eb.<\/p>\n<p>\u201cPropagand\u00eb \u00ebsht\u00eb p\u00ebrpjekja p\u00ebr t\u2019i p\u00ebrdorur k\u00ebto zbulime p\u00ebr t\u00eb rishkruar t\u00eb v\u00ebrtet\u00ebn e historis\u00eb\u201d, ka shkruar Ku\u00e7i n\u00eb Facebook, duke iu referuar edhe zbulimeve t\u00eb fundit t\u00eb mbetjeve mortore n\u00eb zon\u00ebn e Zubin Potokut.<\/p>\n","protected":false},"excerpt":{"rendered":"<p>Prishtin\u00eb, 31 gusht 2026 21:47 Eksperti i \u00e7\u00ebshtjeve t\u00eb siguris\u00eb, Guraku\u00e7 Ku\u00e7i, ka reaguar lidhur me k\u00ebrkesat e familjeve t\u00eb personave t\u00eb zhdukur gjat\u00eb luft\u00ebs<\/p>\n","protected":false},"author":7,"featured_media":63696,"comment_status":"open","ping_status":"open","sticky":false,"template":"","format":"standard","meta":{"footnotes":""},"categories":[58],"tags":[],"class_list":["post-63693","post","type-post","status-publish","format-standard","has-post-thumbnail","hentry","category-politike-sq"],"yoast_head":"<!-- This site is optimized with the Yoast SEO plugin v25.3.1 - https:\/\/yoast.com\/wordpress\/plugins\/seo\/ -->\n<title>Ku\u00e7i p\u00ebr propagand\u00ebn serbe: K\u00ebrkimi i t\u00eb zhdukurve nuk \u00ebsht\u00eb politizim, por zbardhje e krimit -<\/title>\n<meta name=\"robots\" content=\"index, follow, max-snippet:-1, max-image-preview:large, max-video-preview:-1\" \/>\n<link rel=\"canonical\" href=\"https:\/\/veritasinfo.org\/?p=63693\" \/>\n<meta property=\"og:locale\" content=\"en_US\" \/>\n<meta property=\"og:type\" content=\"article\" \/>\n<meta property=\"og:title\" content=\"Ku\u00e7i p\u00ebr propagand\u00ebn serbe: K\u00ebrkimi i t\u00eb zhdukurve nuk \u00ebsht\u00eb politizim, por zbardhje e krimit -\" \/>\n<meta property=\"og:description\" content=\"Prishtin\u00eb, 31 gusht 2026 21:47 Eksperti i \u00e7\u00ebshtjeve t\u00eb siguris\u00eb, Guraku\u00e7 Ku\u00e7i, ka reaguar lidhur me k\u00ebrkesat e familjeve t\u00eb personave t\u00eb zhdukur gjat\u00eb luft\u00ebs\" \/>\n<meta property=\"og:url\" content=\"https:\/\/veritasinfo.org\/?p=63693\" \/>\n<meta property=\"article:published_time\" content=\"2026-08-31T19:49:07+00:00\" \/>\n<meta property=\"og:image\" content=\"https:\/\/veritasinfo.org\/wp-content\/uploads\/2026\/08\/Screenshot_20260831_214648_Chrome.jpg\" \/>\n\t<meta property=\"og:image:width\" content=\"892\" \/>\n\t<meta property=\"og:image:height\" content=\"529\" \/>\n\t<meta property=\"og:image:type\" content=\"image\/jpeg\" \/>\n<meta name=\"author\" content=\"US6\" \/>\n<meta name=\"twitter:card\" content=\"summary_large_image\" \/>\n<meta name=\"twitter:label1\" content=\"Written by\" \/>\n\t<meta name=\"twitter:data1\" content=\"US6\" \/>\n\t<meta name=\"twitter:label2\" content=\"Est. reading time\" \/>\n\t<meta name=\"twitter:data2\" content=\"1 minute\" \/>\n<script type=\"application\/ld+json\" class=\"yoast-schema-graph\">{\"@context\":\"https:\/\/schema.org\",\"@graph\":[{\"@type\":\"WebPage\",\"@id\":\"https:\/\/veritasinfo.org\/?p=63693\",\"url\":\"https:\/\/veritasinfo.org\/?p=63693\",\"name\":\"Ku\u00e7i p\u00ebr propagand\u00ebn serbe: K\u00ebrkimi i t\u00eb zhdukurve nuk \u00ebsht\u00eb politizim, por zbardhje e krimit -\",\"isPartOf\":{\"@id\":\"https:\/\/veritasinfo.org\/#website\"},\"primaryImageOfPage\":{\"@id\":\"https:\/\/veritasinfo.org\/?p=63693#primaryimage\"},\"image\":{\"@id\":\"https:\/\/veritasinfo.org\/?p=63693#primaryimage\"},\"thumbnailUrl\":\"https:\/\/veritasinfo.org\/wp-content\/uploads\/2026\/08\/Screenshot_20260831_214648_Chrome.jpg\",\"datePublished\":\"2026-08-31T19:49:07+00:00\",\"author\":{\"@id\":\"https:\/\/veritasinfo.org\/#\/schema\/person\/fe199eede04c3937362892b7444747cc\"},\"breadcrumb\":{\"@id\":\"https:\/\/veritasinfo.org\/?p=63693#breadcrumb\"},\"inLanguage\":\"en-US\",\"potentialAction\":[{\"@type\":\"ReadAction\",\"target\":[\"https:\/\/veritasinfo.org\/?p=63693\"]}]},{\"@type\":\"ImageObject\",\"inLanguage\":\"en-US\",\"@id\":\"https:\/\/veritasinfo.org\/?p=63693#primaryimage\",\"url\":\"https:\/\/veritasinfo.org\/wp-content\/uploads\/2026\/08\/Screenshot_20260831_214648_Chrome.jpg\",\"contentUrl\":\"https:\/\/veritasinfo.org\/wp-content\/uploads\/2026\/08\/Screenshot_20260831_214648_Chrome.jpg\",\"width\":892,\"height\":529},{\"@type\":\"BreadcrumbList\",\"@id\":\"https:\/\/veritasinfo.org\/?p=63693#breadcrumb\",\"itemListElement\":[{\"@type\":\"ListItem\",\"position\":1,\"name\":\"Home\",\"item\":\"https:\/\/veritasinfo.org\/\"},{\"@type\":\"ListItem\",\"position\":2,\"name\":\"Ku\u00e7i p\u00ebr propagand\u00ebn serbe: K\u00ebrkimi i t\u00eb zhdukurve nuk \u00ebsht\u00eb politizim, por zbardhje e krimit\"}]},{\"@type\":\"WebSite\",\"@id\":\"https:\/\/veritasinfo.org\/#website\",\"url\":\"https:\/\/veritasinfo.org\/\",\"name\":\"\",\"description\":\"\",\"potentialAction\":[{\"@type\":\"SearchAction\",\"target\":{\"@type\":\"EntryPoint\",\"urlTemplate\":\"https:\/\/veritasinfo.org\/?s={search_term_string}\"},\"query-input\":{\"@type\":\"PropertyValueSpecification\",\"valueRequired\":true,\"valueName\":\"search_term_string\"}}],\"inLanguage\":\"en-US\"},{\"@type\":\"Person\",\"@id\":\"https:\/\/veritasinfo.org\/#\/schema\/person\/fe199eede04c3937362892b7444747cc\",\"name\":\"US6\",\"image\":{\"@type\":\"ImageObject\",\"inLanguage\":\"en-US\",\"@id\":\"https:\/\/veritasinfo.org\/#\/schema\/person\/image\/\",\"url\":\"https:\/\/secure.gravatar.com\/avatar\/cb16c3c31c9d23b9b8c705964598220b3014e42ff51eb540ff23cefa3ae8c15f?s=96&d=mm&r=g\",\"contentUrl\":\"https:\/\/secure.gravatar.com\/avatar\/cb16c3c31c9d23b9b8c705964598220b3014e42ff51eb540ff23cefa3ae8c15f?s=96&d=mm&r=g\",\"caption\":\"US6\"},\"url\":\"https:\/\/veritasinfo.org\/?author=7\"}]}<\/script>\n<!-- \/ Yoast SEO plugin. -->","yoast_head_json":{"title":"Ku\u00e7i p\u00ebr propagand\u00ebn serbe: K\u00ebrkimi i t\u00eb zhdukurve nuk \u00ebsht\u00eb politizim, por zbardhje e krimit -","robots":{"index":"index","follow":"follow","max-snippet":"max-snippet:-1","max-image-preview":"max-image-preview:large","max-video-preview":"max-video-preview:-1"},"canonical":"https:\/\/veritasinfo.org\/?p=63693","og_locale":"en_US","og_type":"article","og_title":"Ku\u00e7i p\u00ebr propagand\u00ebn serbe: K\u00ebrkimi i t\u00eb zhdukurve nuk \u00ebsht\u00eb politizim, por zbardhje e krimit -","og_description":"Prishtin\u00eb, 31 gusht 2026 21:47 Eksperti i \u00e7\u00ebshtjeve t\u00eb siguris\u00eb, Guraku\u00e7 Ku\u00e7i, ka reaguar lidhur me k\u00ebrkesat e familjeve t\u00eb personave t\u00eb zhdukur gjat\u00eb luft\u00ebs","og_url":"https:\/\/veritasinfo.org\/?p=63693","article_published_time":"2026-08-31T19:49:07+00:00","og_image":[{"width":892,"height":529,"url":"https:\/\/veritasinfo.org\/wp-content\/uploads\/2026\/08\/Screenshot_20260831_214648_Chrome.jpg","type":"image\/jpeg"}],"author":"US6","twitter_card":"summary_large_image","twitter_misc":{"Written by":"US6","Est. reading time":"1 minute"},"schema":{"@context":"https:\/\/schema.org","@graph":[{"@type":"WebPage","@id":"https:\/\/veritasinfo.org\/?p=63693","url":"https:\/\/veritasinfo.org\/?p=63693","name":"Ku\u00e7i p\u00ebr propagand\u00ebn serbe: K\u00ebrkimi i t\u00eb zhdukurve nuk \u00ebsht\u00eb politizim, por zbardhje e krimit -","isPartOf":{"@id":"https:\/\/veritasinfo.org\/#website"},"primaryImageOfPage":{"@id":"https:\/\/veritasinfo.org\/?p=63693#primaryimage"},"image":{"@id":"https:\/\/veritasinfo.org\/?p=63693#primaryimage"},"thumbnailUrl":"https:\/\/veritasinfo.org\/wp-content\/uploads\/2026\/08\/Screenshot_20260831_214648_Chrome.jpg","datePublished":"2026-08-31T19:49:07+00:00","author":{"@id":"https:\/\/veritasinfo.org\/#\/schema\/person\/fe199eede04c3937362892b7444747cc"},"breadcrumb":{"@id":"https:\/\/veritasinfo.org\/?p=63693#breadcrumb"},"inLanguage":"en-US","potentialAction":[{"@type":"ReadAction","target":["https:\/\/veritasinfo.org\/?p=63693"]}]},{"@type":"ImageObject","inLanguage":"en-US","@id":"https:\/\/veritasinfo.org\/?p=63693#primaryimage","url":"https:\/\/veritasinfo.org\/wp-content\/uploads\/2026\/08\/Screenshot_20260831_214648_Chrome.jpg","contentUrl":"https:\/\/veritasinfo.org\/wp-content\/uploads\/2026\/08\/Screenshot_20260831_214648_Chrome.jpg","width":892,"height":529},{"@type":"BreadcrumbList","@id":"https:\/\/veritasinfo.org\/?p=63693#breadcrumb","itemListElement":[{"@type":"ListItem","position":1,"name":"Home","item":"https:\/\/veritasinfo.org\/"},{"@type":"ListItem","position":2,"name":"Ku\u00e7i p\u00ebr propagand\u00ebn serbe: K\u00ebrkimi i t\u00eb zhdukurve nuk \u00ebsht\u00eb politizim, por zbardhje e krimit"}]},{"@type":"WebSite","@id":"https:\/\/veritasinfo.org\/#website","url":"https:\/\/veritasinfo.org\/","name":"","description":"","potentialAction":[{"@type":"SearchAction","target":{"@type":"EntryPoint","urlTemplate":"https:\/\/veritasinfo.org\/?s={search_term_string}"},"query-input":{"@type":"PropertyValueSpecification","valueRequired":true,"valueName":"search_term_string"}}],"inLanguage":"en-US"},{"@type":"Person","@id":"https:\/\/veritasinfo.org\/#\/schema\/person\/fe199eede04c3937362892b7444747cc","name":"US6","image":{"@type":"ImageObject","inLanguage":"en-US","@id":"https:\/\/veritasinfo.org\/#\/schema\/person\/image\/","url":"https:\/\/secure.gravatar.com\/avatar\/cb16c3c31c9d23b9b8c705964598220b3014e42ff51eb540ff23cefa3ae8c15f?s=96&d=mm&r=g","contentUrl":"https:\/\/secure.gravatar.com\/avatar\/cb16c3c31c9d23b9b8c705964598220b3014e42ff51eb540ff23cefa3ae8c15f?s=96&d=mm&r=g","caption":"US6"},"url":"https:\/\/veritasinfo.org\/?author=7"}]}},"featured_image_urls":{"full":["https:\/\/veritasinfo.org\/wp-content\/uploads\/2026\/08\/Screenshot_20260831_214648_Chrome.jpg",892,529,false],"thumbnail":["https:\/\/veritasinfo.org\/wp-content\/uploads\/2026\/08\/Screenshot_20260831_214648_Chrome-150x150.jpg",150,150,true],"medium":["https:\/\/veritasinfo.org\/wp-content\/uploads\/2026\/08\/Screenshot_20260831_214648_Chrome-300x178.jpg",300,178,true],"medium_large":["https:\/\/veritasinfo.org\/wp-content\/uploads\/2026\/08\/Screenshot_20260831_214648_Chrome-768x455.jpg",640,379,true],"large":["https:\/\/veritasinfo.org\/wp-content\/uploads\/2026\/08\/Screenshot_20260831_214648_Chrome.jpg",640,380,false],"1536x1536":["https:\/\/veritasinfo.org\/wp-content\/uploads\/2026\/08\/Screenshot_20260831_214648_Chrome.jpg",892,529,false],"2048x2048":["https:\/\/veritasinfo.org\/wp-content\/uploads\/2026\/08\/Screenshot_20260831_214648_Chrome.jpg",892,529,false],"kreeti-slider-full":["https:\/\/veritasinfo.org\/wp-content\/uploads\/2026\/08\/Screenshot_20260831_214648_Chrome.jpg",892,529,false],"kreeti-featured":["https:\/\/veritasinfo.org\/wp-content\/uploads\/2026\/08\/Screenshot_20260831_214648_Chrome.jpg",892,529,false],"kreeti-medium":["https:\/\/veritasinfo.org\/wp-content\/uploads\/2026\/08\/Screenshot_20260831_214648_Chrome-720x529.jpg",720,529,true],"kreeti-medium-square":["https:\/\/veritasinfo.org\/wp-content\/uploads\/2026\/08\/Screenshot_20260831_214648_Chrome-350x350.jpg",350,350,true]},"author_info":{"info":["US6"]},"category_info":"<a href=\"https:\/\/veritasinfo.org\/?cat=58\" rel=\"category\">Politik\u00eb<\/a>","tag_info":"Politik\u00eb","comment_count":"0","_links":{"self":[{"href":"https:\/\/veritasinfo.org\/index.php?rest_route=\/wp\/v2\/posts\/63693","targetHints":{"allow":["GET"]}}],"collection":[{"href":"https:\/\/veritasinfo.org\/index.php?rest_route=\/wp\/v2\/posts"}],"about":[{"href":"https:\/\/veritasinfo.org\/index.php?rest_route=\/wp\/v2\/types\/post"}],"author":[{"embeddable":true,"href":"https:\/\/veritasinfo.org\/index.php?rest_route=\/wp\/v2\/users\/7"}],"replies":[{"embeddable":true,"href":"https:\/\/veritasinfo.org\/index.php?rest_route=%2Fwp%2Fv2%2Fcomments&post=63693"}],"version-history":[{"count":1,"href":"https:\/\/veritasinfo.org\/index.php?rest_route=\/wp\/v2\/posts\/63693\/revisions"}],"predecessor-version":[{"id":63697,"href":"https:\/\/veritasinfo.org\/index.php?rest_route=\/wp\/v2\/posts\/63693\/revisions\/63697"}],"wp:featuredmedia":[{"embeddable":true,"href":"https:\/\/veritasinfo.org\/index.php?rest_route=\/wp\/v2\/media\/63696"}],"wp:attachment":[{"href":"https:\/\/veritasinfo.org\/index.php?rest_route=%2Fwp%2Fv2%2Fmedia&parent=63693"}],"wp:term":[{"taxonomy":"category","embeddable":true,"href":"https:\/\/veritasinfo.org\/index.php?rest_route=%2Fwp%2Fv2%2Fcategories&post=63693"},{"taxonomy":"post_tag","embeddable":true,"href":"https:\/\/veritasinfo.org\/index.php?rest_route=%2Fwp%2Fv2%2Ftags&post=63693"}],"curies":[{"name":"wp","href":"https:\/\/api.w.org\/{rel}","templated":true}]}}