{"id":63687,"date":"2026-08-31T20:19:28","date_gmt":"2026-08-31T18:19:28","guid":{"rendered":"https:\/\/veritasinfo.org\/?p=63687"},"modified":"2026-08-31T20:19:28","modified_gmt":"2026-08-31T18:19:28","slug":"familjaret-e-te-zhdukurve-kerkojne-hapjen-e-arkivave-te-serbise","status":"publish","type":"post","link":"https:\/\/veritasinfo.org\/?p=63687","title":{"rendered":"Familjar\u00ebt e t\u00eb zhdukurve k\u00ebrkojn\u00eb hapjen e arkivave t\u00eb Serbis\u00eb"},"content":{"rendered":"<p>Prishtin\u00eb, 31 gusht 2026 20:18<\/p>\n<p>N\u00eb vendin ton\u00eb, jan\u00eb edhe rreth 1600 persona t\u00eb zhdukur me forc\u00eb gjat\u00eb luft\u00ebs, t\u00eb cil\u00ebt \u00e7do dit\u00eb k\u00ebrkohen nga familjar\u00ebt e tyre.<\/p>\n<p>N\u00eb Dit\u00ebn Nd\u00ebrkomb\u00ebtare t\u00eb Viktimave t\u00eb Zhdukura me Forc\u00eb, gjat\u00eb nj\u00eb diskutimi publik t\u00eb mbajtur nga organizatat nd\u00ebrkomb\u00ebtare me familjar\u00ebt e personave t\u00eb zhdukur, u k\u00ebrkua hapja e arkivave t\u00eb Serbis\u00eb p\u00ebr gjetjen e k\u00ebtyre personave.<\/p>\n<p>Bekim Gashi nga fshati T\u00ebrrnje i Suharek\u00ebs, tash e 27 vjet, n\u00eb \u00e7do varrez\u00eb masive t\u00eb hapur ka k\u00ebrkuar kat\u00ebr motrat dhe n\u00ebn\u00ebn e tij. Ai ka ndjekur \u00e7do gjurm\u00eb t\u00eb tyre dhe ka rendur pas \u00e7do lajmi p\u00ebr t\u00eb zhdukurit.<\/p>\n<p>\u201cT\u00eb vetmen adres\u00eb p\u00ebr zbardhjen e personave t\u00eb pagjetur e k\u00ebrkojm\u00eb n\u00eb hapjen e arkivave n\u00eb Serbi. Personalisht po flas p\u00ebr rastin ton\u00eb, dihet se kush e ka kryer krimin, \u00ebsht\u00eb Brigada 549 dhe ajo i ka sh\u00ebnimet ku ndodhen trupat e m\u00eb t\u00eb dashurve tan\u00eb\u201d, ka th\u00ebn\u00eb Bekim Gashi, familjar i personave t\u00eb zhdukur.<\/p>\n<p>Gashi u b\u00ebn thirrje institucioneve dhe organizatave joqeveritare q\u00eb t\u00eb mos japin emra t\u00eb pakonfirmuar, pasi sipas tij, p\u00ebr familjar\u00ebt e personave t\u00eb zhdukur, m\u00eb i r\u00ebndi \u00ebsht\u00eb nj\u00eb lajm i pav\u00ebrtet\u00eb.<\/p>\n<p>Nd\u00ebrkoh\u00eb, mjeku ligjor Dritor Haliti sqaron se p\u00ebr ekzaminimin e ADN-s\u00eb duhen s\u00eb paku tre muaj.<\/p>\n<p>\u201cFaza e par\u00eb q\u00eb e b\u00ebjm\u00eb n\u00eb institut \u00ebsht\u00eb q\u00eb menj\u00ebher\u00eb e marrim nj\u00eb most\u00ebr dhe e d\u00ebrgojm\u00eb n\u00eb Komisionin Nd\u00ebrkomb\u00ebtar p\u00ebr Persona t\u00eb Zhdukur, ku ajo i n\u00ebnshtrohet analizave sistematike me q\u00ebllim q\u00eb t\u00eb nxirret profili i ADN-s\u00eb, i cili pastaj do t\u00eb krahasohet me t\u00eb dh\u00ebnat dhe gjakun e dh\u00ebn\u00eb t\u00eb familjar\u00ebve dhe pastaj dalim me konstatim\u201d, ka th\u00ebn\u00eb Haliti.<\/p>\n<p>Bekim Blakaj nga Fondi p\u00ebr t\u00eb Drejt\u00ebn Humanitare n\u00eb Kosov\u00eb deklaroi se familjar\u00ebt kan\u00eb t\u00eb drejt\u00eb t\u00eb din\u00eb \u00e7do gj\u00eb rreth procesit.<\/p>\n<p>\u201cFamiljar\u00ebt kan\u00eb t\u00eb drejt\u00eb q\u00eb jo vet\u00ebm t\u2019i varrosin t\u00eb af\u00ebrmit e tyre me nderime t\u00eb larta, por edhe kan\u00eb t\u00eb drejt\u00eb q\u00eb t\u00eb din\u00eb \u00e7do gj\u00eb rreth procesit dhe pse jan\u00eb vonuar deri tash gjetja e familjarit t\u00eb tyre\u201d, ka th\u00ebn\u00eb Blakaj.<\/p>\n<p>N\u00eb sh\u00ebnim t\u00eb Dit\u00ebs Nd\u00ebrkomb\u00ebtare t\u00eb Viktimave t\u00eb Zhdukjeve me Forc\u00eb, organizatat joqeveritare mbajt\u00ebn diskutim publik, ku u tha se p\u00ebr vendndodhjen e rreth 1600 personave t\u00eb zhdukur gjat\u00eb luft\u00ebs s\u00eb fundit duhet t\u00eb hapen arkivat n\u00eb Serbi.<\/p>\n","protected":false},"excerpt":{"rendered":"<p>Prishtin\u00eb, 31 gusht 2026 20:18 N\u00eb vendin ton\u00eb, jan\u00eb edhe rreth 1600 persona t\u00eb zhdukur me forc\u00eb gjat\u00eb luft\u00ebs, t\u00eb cil\u00ebt \u00e7do dit\u00eb k\u00ebrkohen nga<\/p>\n","protected":false},"author":7,"featured_media":63688,"comment_status":"open","ping_status":"open","sticky":false,"template":"","format":"standard","meta":{"footnotes":""},"categories":[60],"tags":[],"class_list":["post-63687","post","type-post","status-publish","format-standard","has-post-thumbnail","hentry","category-shoqerore-sq"],"yoast_head":"<!-- This site is optimized with the Yoast SEO plugin v25.3.1 - https:\/\/yoast.com\/wordpress\/plugins\/seo\/ -->\n<title>Familjar\u00ebt e t\u00eb zhdukurve k\u00ebrkojn\u00eb hapjen e arkivave t\u00eb Serbis\u00eb -<\/title>\n<meta name=\"robots\" content=\"index, follow, max-snippet:-1, max-image-preview:large, max-video-preview:-1\" \/>\n<link rel=\"canonical\" href=\"https:\/\/veritasinfo.org\/?p=63687\" \/>\n<meta property=\"og:locale\" content=\"en_US\" \/>\n<meta property=\"og:type\" content=\"article\" \/>\n<meta property=\"og:title\" content=\"Familjar\u00ebt e t\u00eb zhdukurve k\u00ebrkojn\u00eb hapjen e arkivave t\u00eb Serbis\u00eb -\" \/>\n<meta property=\"og:description\" content=\"Prishtin\u00eb, 31 gusht 2026 20:18 N\u00eb vendin ton\u00eb, jan\u00eb edhe rreth 1600 persona t\u00eb zhdukur me forc\u00eb gjat\u00eb luft\u00ebs, t\u00eb cil\u00ebt \u00e7do dit\u00eb k\u00ebrkohen nga\" \/>\n<meta property=\"og:url\" content=\"https:\/\/veritasinfo.org\/?p=63687\" \/>\n<meta property=\"article:published_time\" content=\"2026-08-31T18:19:28+00:00\" \/>\n<meta property=\"og:image\" content=\"https:\/\/veritasinfo.org\/wp-content\/uploads\/2026\/08\/1-91.jpg\" \/>\n\t<meta property=\"og:image:width\" content=\"694\" \/>\n\t<meta property=\"og:image:height\" content=\"348\" \/>\n\t<meta property=\"og:image:type\" content=\"image\/jpeg\" \/>\n<meta name=\"author\" content=\"US6\" \/>\n<meta name=\"twitter:card\" content=\"summary_large_image\" \/>\n<meta name=\"twitter:label1\" content=\"Written by\" \/>\n\t<meta name=\"twitter:data1\" content=\"US6\" \/>\n\t<meta name=\"twitter:label2\" content=\"Est. reading time\" \/>\n\t<meta name=\"twitter:data2\" content=\"2 minutes\" \/>\n<script type=\"application\/ld+json\" class=\"yoast-schema-graph\">{\"@context\":\"https:\/\/schema.org\",\"@graph\":[{\"@type\":\"WebPage\",\"@id\":\"https:\/\/veritasinfo.org\/?p=63687\",\"url\":\"https:\/\/veritasinfo.org\/?p=63687\",\"name\":\"Familjar\u00ebt e t\u00eb zhdukurve k\u00ebrkojn\u00eb hapjen e arkivave t\u00eb Serbis\u00eb -\",\"isPartOf\":{\"@id\":\"https:\/\/veritasinfo.org\/#website\"},\"primaryImageOfPage\":{\"@id\":\"https:\/\/veritasinfo.org\/?p=63687#primaryimage\"},\"image\":{\"@id\":\"https:\/\/veritasinfo.org\/?p=63687#primaryimage\"},\"thumbnailUrl\":\"https:\/\/veritasinfo.org\/wp-content\/uploads\/2026\/08\/1-91.jpg\",\"datePublished\":\"2026-08-31T18:19:28+00:00\",\"author\":{\"@id\":\"https:\/\/veritasinfo.org\/#\/schema\/person\/fe199eede04c3937362892b7444747cc\"},\"breadcrumb\":{\"@id\":\"https:\/\/veritasinfo.org\/?p=63687#breadcrumb\"},\"inLanguage\":\"en-US\",\"potentialAction\":[{\"@type\":\"ReadAction\",\"target\":[\"https:\/\/veritasinfo.org\/?p=63687\"]}]},{\"@type\":\"ImageObject\",\"inLanguage\":\"en-US\",\"@id\":\"https:\/\/veritasinfo.org\/?p=63687#primaryimage\",\"url\":\"https:\/\/veritasinfo.org\/wp-content\/uploads\/2026\/08\/1-91.jpg\",\"contentUrl\":\"https:\/\/veritasinfo.org\/wp-content\/uploads\/2026\/08\/1-91.jpg\",\"width\":694,\"height\":348},{\"@type\":\"BreadcrumbList\",\"@id\":\"https:\/\/veritasinfo.org\/?p=63687#breadcrumb\",\"itemListElement\":[{\"@type\":\"ListItem\",\"position\":1,\"name\":\"Home\",\"item\":\"https:\/\/veritasinfo.org\/\"},{\"@type\":\"ListItem\",\"position\":2,\"name\":\"Familjar\u00ebt e t\u00eb zhdukurve k\u00ebrkojn\u00eb hapjen e arkivave t\u00eb Serbis\u00eb\"}]},{\"@type\":\"WebSite\",\"@id\":\"https:\/\/veritasinfo.org\/#website\",\"url\":\"https:\/\/veritasinfo.org\/\",\"name\":\"\",\"description\":\"\",\"potentialAction\":[{\"@type\":\"SearchAction\",\"target\":{\"@type\":\"EntryPoint\",\"urlTemplate\":\"https:\/\/veritasinfo.org\/?s={search_term_string}\"},\"query-input\":{\"@type\":\"PropertyValueSpecification\",\"valueRequired\":true,\"valueName\":\"search_term_string\"}}],\"inLanguage\":\"en-US\"},{\"@type\":\"Person\",\"@id\":\"https:\/\/veritasinfo.org\/#\/schema\/person\/fe199eede04c3937362892b7444747cc\",\"name\":\"US6\",\"image\":{\"@type\":\"ImageObject\",\"inLanguage\":\"en-US\",\"@id\":\"https:\/\/veritasinfo.org\/#\/schema\/person\/image\/\",\"url\":\"https:\/\/secure.gravatar.com\/avatar\/cb16c3c31c9d23b9b8c705964598220b3014e42ff51eb540ff23cefa3ae8c15f?s=96&d=mm&r=g\",\"contentUrl\":\"https:\/\/secure.gravatar.com\/avatar\/cb16c3c31c9d23b9b8c705964598220b3014e42ff51eb540ff23cefa3ae8c15f?s=96&d=mm&r=g\",\"caption\":\"US6\"},\"url\":\"https:\/\/veritasinfo.org\/?author=7\"}]}<\/script>\n<!-- \/ Yoast SEO plugin. -->","yoast_head_json":{"title":"Familjar\u00ebt e t\u00eb zhdukurve k\u00ebrkojn\u00eb hapjen e arkivave t\u00eb Serbis\u00eb -","robots":{"index":"index","follow":"follow","max-snippet":"max-snippet:-1","max-image-preview":"max-image-preview:large","max-video-preview":"max-video-preview:-1"},"canonical":"https:\/\/veritasinfo.org\/?p=63687","og_locale":"en_US","og_type":"article","og_title":"Familjar\u00ebt e t\u00eb zhdukurve k\u00ebrkojn\u00eb hapjen e arkivave t\u00eb Serbis\u00eb -","og_description":"Prishtin\u00eb, 31 gusht 2026 20:18 N\u00eb vendin ton\u00eb, jan\u00eb edhe rreth 1600 persona t\u00eb zhdukur me forc\u00eb gjat\u00eb luft\u00ebs, t\u00eb cil\u00ebt \u00e7do dit\u00eb k\u00ebrkohen nga","og_url":"https:\/\/veritasinfo.org\/?p=63687","article_published_time":"2026-08-31T18:19:28+00:00","og_image":[{"width":694,"height":348,"url":"https:\/\/veritasinfo.org\/wp-content\/uploads\/2026\/08\/1-91.jpg","type":"image\/jpeg"}],"author":"US6","twitter_card":"summary_large_image","twitter_misc":{"Written by":"US6","Est. reading time":"2 minutes"},"schema":{"@context":"https:\/\/schema.org","@graph":[{"@type":"WebPage","@id":"https:\/\/veritasinfo.org\/?p=63687","url":"https:\/\/veritasinfo.org\/?p=63687","name":"Familjar\u00ebt e t\u00eb zhdukurve k\u00ebrkojn\u00eb hapjen e arkivave t\u00eb Serbis\u00eb -","isPartOf":{"@id":"https:\/\/veritasinfo.org\/#website"},"primaryImageOfPage":{"@id":"https:\/\/veritasinfo.org\/?p=63687#primaryimage"},"image":{"@id":"https:\/\/veritasinfo.org\/?p=63687#primaryimage"},"thumbnailUrl":"https:\/\/veritasinfo.org\/wp-content\/uploads\/2026\/08\/1-91.jpg","datePublished":"2026-08-31T18:19:28+00:00","author":{"@id":"https:\/\/veritasinfo.org\/#\/schema\/person\/fe199eede04c3937362892b7444747cc"},"breadcrumb":{"@id":"https:\/\/veritasinfo.org\/?p=63687#breadcrumb"},"inLanguage":"en-US","potentialAction":[{"@type":"ReadAction","target":["https:\/\/veritasinfo.org\/?p=63687"]}]},{"@type":"ImageObject","inLanguage":"en-US","@id":"https:\/\/veritasinfo.org\/?p=63687#primaryimage","url":"https:\/\/veritasinfo.org\/wp-content\/uploads\/2026\/08\/1-91.jpg","contentUrl":"https:\/\/veritasinfo.org\/wp-content\/uploads\/2026\/08\/1-91.jpg","width":694,"height":348},{"@type":"BreadcrumbList","@id":"https:\/\/veritasinfo.org\/?p=63687#breadcrumb","itemListElement":[{"@type":"ListItem","position":1,"name":"Home","item":"https:\/\/veritasinfo.org\/"},{"@type":"ListItem","position":2,"name":"Familjar\u00ebt e t\u00eb zhdukurve k\u00ebrkojn\u00eb hapjen e arkivave t\u00eb Serbis\u00eb"}]},{"@type":"WebSite","@id":"https:\/\/veritasinfo.org\/#website","url":"https:\/\/veritasinfo.org\/","name":"","description":"","potentialAction":[{"@type":"SearchAction","target":{"@type":"EntryPoint","urlTemplate":"https:\/\/veritasinfo.org\/?s={search_term_string}"},"query-input":{"@type":"PropertyValueSpecification","valueRequired":true,"valueName":"search_term_string"}}],"inLanguage":"en-US"},{"@type":"Person","@id":"https:\/\/veritasinfo.org\/#\/schema\/person\/fe199eede04c3937362892b7444747cc","name":"US6","image":{"@type":"ImageObject","inLanguage":"en-US","@id":"https:\/\/veritasinfo.org\/#\/schema\/person\/image\/","url":"https:\/\/secure.gravatar.com\/avatar\/cb16c3c31c9d23b9b8c705964598220b3014e42ff51eb540ff23cefa3ae8c15f?s=96&d=mm&r=g","contentUrl":"https:\/\/secure.gravatar.com\/avatar\/cb16c3c31c9d23b9b8c705964598220b3014e42ff51eb540ff23cefa3ae8c15f?s=96&d=mm&r=g","caption":"US6"},"url":"https:\/\/veritasinfo.org\/?author=7"}]}},"featured_image_urls":{"full":["https:\/\/veritasinfo.org\/wp-content\/uploads\/2026\/08\/1-91.jpg",694,348,false],"thumbnail":["https:\/\/veritasinfo.org\/wp-content\/uploads\/2026\/08\/1-91-150x150.jpg",150,150,true],"medium":["https:\/\/veritasinfo.org\/wp-content\/uploads\/2026\/08\/1-91-300x150.jpg",300,150,true],"medium_large":["https:\/\/veritasinfo.org\/wp-content\/uploads\/2026\/08\/1-91.jpg",640,321,false],"large":["https:\/\/veritasinfo.org\/wp-content\/uploads\/2026\/08\/1-91.jpg",640,321,false],"1536x1536":["https:\/\/veritasinfo.org\/wp-content\/uploads\/2026\/08\/1-91.jpg",694,348,false],"2048x2048":["https:\/\/veritasinfo.org\/wp-content\/uploads\/2026\/08\/1-91.jpg",694,348,false],"kreeti-slider-full":["https:\/\/veritasinfo.org\/wp-content\/uploads\/2026\/08\/1-91.jpg",694,348,false],"kreeti-featured":["https:\/\/veritasinfo.org\/wp-content\/uploads\/2026\/08\/1-91.jpg",694,348,false],"kreeti-medium":["https:\/\/veritasinfo.org\/wp-content\/uploads\/2026\/08\/1-91.jpg",694,348,false],"kreeti-medium-square":["https:\/\/veritasinfo.org\/wp-content\/uploads\/2026\/08\/1-91-350x348.jpg",350,348,true]},"author_info":{"info":["US6"]},"category_info":"<a href=\"https:\/\/veritasinfo.org\/?cat=60\" rel=\"category\">Shoq\u00ebrore<\/a>","tag_info":"Shoq\u00ebrore","comment_count":"0","_links":{"self":[{"href":"https:\/\/veritasinfo.org\/index.php?rest_route=\/wp\/v2\/posts\/63687","targetHints":{"allow":["GET"]}}],"collection":[{"href":"https:\/\/veritasinfo.org\/index.php?rest_route=\/wp\/v2\/posts"}],"about":[{"href":"https:\/\/veritasinfo.org\/index.php?rest_route=\/wp\/v2\/types\/post"}],"author":[{"embeddable":true,"href":"https:\/\/veritasinfo.org\/index.php?rest_route=\/wp\/v2\/users\/7"}],"replies":[{"embeddable":true,"href":"https:\/\/veritasinfo.org\/index.php?rest_route=%2Fwp%2Fv2%2Fcomments&post=63687"}],"version-history":[{"count":1,"href":"https:\/\/veritasinfo.org\/index.php?rest_route=\/wp\/v2\/posts\/63687\/revisions"}],"predecessor-version":[{"id":63689,"href":"https:\/\/veritasinfo.org\/index.php?rest_route=\/wp\/v2\/posts\/63687\/revisions\/63689"}],"wp:featuredmedia":[{"embeddable":true,"href":"https:\/\/veritasinfo.org\/index.php?rest_route=\/wp\/v2\/media\/63688"}],"wp:attachment":[{"href":"https:\/\/veritasinfo.org\/index.php?rest_route=%2Fwp%2Fv2%2Fmedia&parent=63687"}],"wp:term":[{"taxonomy":"category","embeddable":true,"href":"https:\/\/veritasinfo.org\/index.php?rest_route=%2Fwp%2Fv2%2Fcategories&post=63687"},{"taxonomy":"post_tag","embeddable":true,"href":"https:\/\/veritasinfo.org\/index.php?rest_route=%2Fwp%2Fv2%2Ftags&post=63687"}],"curies":[{"name":"wp","href":"https:\/\/api.w.org\/{rel}","templated":true}]}}