{"id":63660,"date":"2026-08-31T16:19:37","date_gmt":"2026-08-31T14:19:37","guid":{"rendered":"https:\/\/veritasinfo.org\/?p=63660"},"modified":"2026-08-31T16:19:37","modified_gmt":"2026-08-31T14:19:37","slug":"od-diplomatije-do-ustavnog-suda-profil-predsednickog-kandidata-bekima-sejdiua","status":"publish","type":"post","link":"https:\/\/veritasinfo.org\/?p=63660&lang=sr","title":{"rendered":"Od diplomatije do Ustavnog suda: Profil predsedni\u010dkog kandidata Bekima Sejdiua"},"content":{"rendered":"<p>Pri\u0161tina, 31. avgust 2026. 16:05<\/p>\n<p>Bekim Sejdiu je zajedni\u010dki kandidat Pokreta Samoopredeljenje i Demokratske Savez Kosova za mesto predsednika Kosova.<\/p>\n<p>Prema biografskim podacima koje je objavio Ustavni sud, Sejdiu, ro\u0111en 1974. godine, trenutno obavlja funkciju sudije u Ustavnom sudu Republike Kosovo.<\/p>\n<p>Pre nego \u0161to je imenovan za sudiju Ustavnog suda (april 2015. godine), sudija Sejdiu je radio kao diplomata u Ministarstvu spoljnih poslova Republike Kosovo. Pripada prvoj generaciji ambasadora Republike Kosovo. U tom svojstvu, obavljao je funkciju ambasadora Republike Kosovo u Republici Turskoj (2008-2012) i generalnog konzula Republike Kosovo u Njujorku (2012-2014). Pre imenovanja za ambasadora, sudija Sejdiu je bio politi\u010dki savetnik u kabinetu prvog ministra Ministarstva spoljnih poslova Republike Kosovo.<\/p>\n<p>Od 2002. godine, sudija Sejdiu je vanredni profesor na Katedri za me\u0111unarodno pravo Pravnog fakulteta Univerziteta u Pri\u0161tini.<\/p>\n<p>Sudija Sejdiu je zavr\u0161io studije prava na Pravnom fakultetu Univerziteta u Pri\u0161tini (1999). Zavr\u0161io je dva master studija: iz oblasti me\u0111unarodnih odnosa, na Univerzitetu Bilkent (2005), i iz oblasti demokratije i ljudskih prava, na Univerzitetu u Sarajevu i Univerzitetu u Bolonji (2001). Sudija Sejdiu je doktorirao me\u0111unarodne i diplomatske studije na Fakultetu za dr\u017eavne i evropske studije \u2013 Nova Univerzitet, Slovenija.<\/p>\n<p>U svim svojim javnim anga\u017emanima, sudija Sejdiu je bio usko povezan sa naporima za promociju dru\u0161tvene tolerancije, vladavine prava, ljudskih prava i rodne ravnopravnosti, buduc\u0301i deo osniva\u010dke grupe i istovremeno \u010dlan Saveta profesionalnih istra\u017eiva\u010da Kosovskog instituta za istra\u017eivanje i razvoj politika \u2013 KIPRED (2002-2008). U periodu 2000-2002. bio je i programski direktor Kosovske fondacije za civilno dru\u0161tvo \u2013 FKSHC.<\/p>\n<p>Tokom svoje javne aktivnosti, sudija Sejdiu je odlikovan brojnim odlikovanjima i priznanjima, kao \u0161to su: Odlikovanje Skup\u0161tine dr\u017eave Njujork (SAD), Klju\u010d grada Vustera (Masa\u010dusets, SAD) i Medalja ministra spoljnih poslova Republike Turske.<\/p>\n<p>Kao aktivan u\u010desnik u univerzitetskoj nastavi, sudija Sejdiu je prisustvovao studijskim posetama raznim univerzitetima u Evropi i SAD. Objavio je brojne akademske radove u raznim nau\u010dnim \u010dasopisima, me\u0111unarodnim i lokalnim.<\/p>\n<p>Sudija Sejdiu je o\u017eenjen Alberie Sejdiu (Rraci), u\u010diteljicom u osnovnoj \u0161koli \u201cHasan Pri\u0161tina\u201d u Pri\u0161tini, sa kojom ima troje dece: Melissu, Samiru i Jonija.<\/p>\n","protected":false},"excerpt":{"rendered":"<p>Pri\u0161tina, 31. avgust 2026. 16:05 Bekim Sejdiu je zajedni\u010dki kandidat Pokreta Samoopredeljenje i Demokratske Savez Kosova za mesto predsednika Kosova. Prema biografskim podacima koje je<\/p>\n","protected":false},"author":7,"featured_media":63661,"comment_status":"open","ping_status":"open","sticky":false,"template":"","format":"standard","meta":{"footnotes":""},"categories":[28],"tags":[],"class_list":["post-63660","post","type-post","status-publish","format-standard","has-post-thumbnail","hentry","category-politika"],"yoast_head":"<!-- This site is optimized with the Yoast SEO plugin v25.3.1 - https:\/\/yoast.com\/wordpress\/plugins\/seo\/ -->\n<title>Od diplomatije do Ustavnog suda: Profil predsedni\u010dkog kandidata Bekima Sejdiua -<\/title>\n<meta name=\"robots\" content=\"index, follow, max-snippet:-1, max-image-preview:large, max-video-preview:-1\" \/>\n<link rel=\"canonical\" href=\"https:\/\/veritasinfo.org\/?p=63660&lang=sr\" \/>\n<meta property=\"og:locale\" content=\"en_US\" \/>\n<meta property=\"og:type\" content=\"article\" \/>\n<meta property=\"og:title\" content=\"Od diplomatije do Ustavnog suda: Profil predsedni\u010dkog kandidata Bekima Sejdiua -\" \/>\n<meta property=\"og:description\" content=\"Pri\u0161tina, 31. avgust 2026. 16:05 Bekim Sejdiu je zajedni\u010dki kandidat Pokreta Samoopredeljenje i Demokratske Savez Kosova za mesto predsednika Kosova. Prema biografskim podacima koje je\" \/>\n<meta property=\"og:url\" content=\"https:\/\/veritasinfo.org\/?p=63660&amp;lang=sr\" \/>\n<meta property=\"article:published_time\" content=\"2026-08-31T14:19:37+00:00\" \/>\n<meta property=\"og:image\" content=\"https:\/\/veritasinfo.org\/wp-content\/uploads\/2026\/08\/HQ7w-S4WYAALDlL-1.webp\" \/>\n\t<meta property=\"og:image:width\" content=\"960\" \/>\n\t<meta property=\"og:image:height\" content=\"1200\" \/>\n\t<meta property=\"og:image:type\" content=\"image\/webp\" \/>\n<meta name=\"author\" content=\"US6\" \/>\n<meta name=\"twitter:card\" content=\"summary_large_image\" \/>\n<meta name=\"twitter:label1\" content=\"Written by\" \/>\n\t<meta name=\"twitter:data1\" content=\"US6\" \/>\n\t<meta name=\"twitter:label2\" content=\"Est. reading time\" \/>\n\t<meta name=\"twitter:data2\" content=\"2 minutes\" \/>\n<script type=\"application\/ld+json\" class=\"yoast-schema-graph\">{\"@context\":\"https:\/\/schema.org\",\"@graph\":[{\"@type\":\"WebPage\",\"@id\":\"https:\/\/veritasinfo.org\/?p=63660&lang=sr\",\"url\":\"https:\/\/veritasinfo.org\/?p=63660&lang=sr\",\"name\":\"Od diplomatije do Ustavnog suda: Profil predsedni\u010dkog kandidata Bekima Sejdiua -\",\"isPartOf\":{\"@id\":\"https:\/\/veritasinfo.org\/#website\"},\"primaryImageOfPage\":{\"@id\":\"https:\/\/veritasinfo.org\/?p=63660&lang=sr#primaryimage\"},\"image\":{\"@id\":\"https:\/\/veritasinfo.org\/?p=63660&lang=sr#primaryimage\"},\"thumbnailUrl\":\"https:\/\/veritasinfo.org\/wp-content\/uploads\/2026\/08\/HQ7w-S4WYAALDlL-1.webp\",\"datePublished\":\"2026-08-31T14:19:37+00:00\",\"author\":{\"@id\":\"https:\/\/veritasinfo.org\/#\/schema\/person\/fe199eede04c3937362892b7444747cc\"},\"breadcrumb\":{\"@id\":\"https:\/\/veritasinfo.org\/?p=63660&lang=sr#breadcrumb\"},\"inLanguage\":\"en-US\",\"potentialAction\":[{\"@type\":\"ReadAction\",\"target\":[\"https:\/\/veritasinfo.org\/?p=63660&lang=sr\"]}]},{\"@type\":\"ImageObject\",\"inLanguage\":\"en-US\",\"@id\":\"https:\/\/veritasinfo.org\/?p=63660&lang=sr#primaryimage\",\"url\":\"https:\/\/veritasinfo.org\/wp-content\/uploads\/2026\/08\/HQ7w-S4WYAALDlL-1.webp\",\"contentUrl\":\"https:\/\/veritasinfo.org\/wp-content\/uploads\/2026\/08\/HQ7w-S4WYAALDlL-1.webp\",\"width\":960,\"height\":1200},{\"@type\":\"BreadcrumbList\",\"@id\":\"https:\/\/veritasinfo.org\/?p=63660&lang=sr#breadcrumb\",\"itemListElement\":[{\"@type\":\"ListItem\",\"position\":1,\"name\":\"Home\",\"item\":\"https:\/\/veritasinfo.org\/\"},{\"@type\":\"ListItem\",\"position\":2,\"name\":\"Od diplomatije do Ustavnog suda: Profil predsedni\u010dkog kandidata Bekima Sejdiua\"}]},{\"@type\":\"WebSite\",\"@id\":\"https:\/\/veritasinfo.org\/#website\",\"url\":\"https:\/\/veritasinfo.org\/\",\"name\":\"\",\"description\":\"\",\"potentialAction\":[{\"@type\":\"SearchAction\",\"target\":{\"@type\":\"EntryPoint\",\"urlTemplate\":\"https:\/\/veritasinfo.org\/?s={search_term_string}\"},\"query-input\":{\"@type\":\"PropertyValueSpecification\",\"valueRequired\":true,\"valueName\":\"search_term_string\"}}],\"inLanguage\":\"en-US\"},{\"@type\":\"Person\",\"@id\":\"https:\/\/veritasinfo.org\/#\/schema\/person\/fe199eede04c3937362892b7444747cc\",\"name\":\"US6\",\"image\":{\"@type\":\"ImageObject\",\"inLanguage\":\"en-US\",\"@id\":\"https:\/\/veritasinfo.org\/#\/schema\/person\/image\/\",\"url\":\"https:\/\/secure.gravatar.com\/avatar\/cb16c3c31c9d23b9b8c705964598220b3014e42ff51eb540ff23cefa3ae8c15f?s=96&d=mm&r=g\",\"contentUrl\":\"https:\/\/secure.gravatar.com\/avatar\/cb16c3c31c9d23b9b8c705964598220b3014e42ff51eb540ff23cefa3ae8c15f?s=96&d=mm&r=g\",\"caption\":\"US6\"},\"url\":\"https:\/\/veritasinfo.org\/?author=7\"}]}<\/script>\n<!-- \/ Yoast SEO plugin. -->","yoast_head_json":{"title":"Od diplomatije do Ustavnog suda: Profil predsedni\u010dkog kandidata Bekima Sejdiua -","robots":{"index":"index","follow":"follow","max-snippet":"max-snippet:-1","max-image-preview":"max-image-preview:large","max-video-preview":"max-video-preview:-1"},"canonical":"https:\/\/veritasinfo.org\/?p=63660&lang=sr","og_locale":"en_US","og_type":"article","og_title":"Od diplomatije do Ustavnog suda: Profil predsedni\u010dkog kandidata Bekima Sejdiua -","og_description":"Pri\u0161tina, 31. avgust 2026. 16:05 Bekim Sejdiu je zajedni\u010dki kandidat Pokreta Samoopredeljenje i Demokratske Savez Kosova za mesto predsednika Kosova. Prema biografskim podacima koje je","og_url":"https:\/\/veritasinfo.org\/?p=63660&lang=sr","article_published_time":"2026-08-31T14:19:37+00:00","og_image":[{"width":960,"height":1200,"url":"https:\/\/veritasinfo.org\/wp-content\/uploads\/2026\/08\/HQ7w-S4WYAALDlL-1.webp","type":"image\/webp"}],"author":"US6","twitter_card":"summary_large_image","twitter_misc":{"Written by":"US6","Est. reading time":"2 minutes"},"schema":{"@context":"https:\/\/schema.org","@graph":[{"@type":"WebPage","@id":"https:\/\/veritasinfo.org\/?p=63660&lang=sr","url":"https:\/\/veritasinfo.org\/?p=63660&lang=sr","name":"Od diplomatije do Ustavnog suda: Profil predsedni\u010dkog kandidata Bekima Sejdiua -","isPartOf":{"@id":"https:\/\/veritasinfo.org\/#website"},"primaryImageOfPage":{"@id":"https:\/\/veritasinfo.org\/?p=63660&lang=sr#primaryimage"},"image":{"@id":"https:\/\/veritasinfo.org\/?p=63660&lang=sr#primaryimage"},"thumbnailUrl":"https:\/\/veritasinfo.org\/wp-content\/uploads\/2026\/08\/HQ7w-S4WYAALDlL-1.webp","datePublished":"2026-08-31T14:19:37+00:00","author":{"@id":"https:\/\/veritasinfo.org\/#\/schema\/person\/fe199eede04c3937362892b7444747cc"},"breadcrumb":{"@id":"https:\/\/veritasinfo.org\/?p=63660&lang=sr#breadcrumb"},"inLanguage":"en-US","potentialAction":[{"@type":"ReadAction","target":["https:\/\/veritasinfo.org\/?p=63660&lang=sr"]}]},{"@type":"ImageObject","inLanguage":"en-US","@id":"https:\/\/veritasinfo.org\/?p=63660&lang=sr#primaryimage","url":"https:\/\/veritasinfo.org\/wp-content\/uploads\/2026\/08\/HQ7w-S4WYAALDlL-1.webp","contentUrl":"https:\/\/veritasinfo.org\/wp-content\/uploads\/2026\/08\/HQ7w-S4WYAALDlL-1.webp","width":960,"height":1200},{"@type":"BreadcrumbList","@id":"https:\/\/veritasinfo.org\/?p=63660&lang=sr#breadcrumb","itemListElement":[{"@type":"ListItem","position":1,"name":"Home","item":"https:\/\/veritasinfo.org\/"},{"@type":"ListItem","position":2,"name":"Od diplomatije do Ustavnog suda: Profil predsedni\u010dkog kandidata Bekima Sejdiua"}]},{"@type":"WebSite","@id":"https:\/\/veritasinfo.org\/#website","url":"https:\/\/veritasinfo.org\/","name":"","description":"","potentialAction":[{"@type":"SearchAction","target":{"@type":"EntryPoint","urlTemplate":"https:\/\/veritasinfo.org\/?s={search_term_string}"},"query-input":{"@type":"PropertyValueSpecification","valueRequired":true,"valueName":"search_term_string"}}],"inLanguage":"en-US"},{"@type":"Person","@id":"https:\/\/veritasinfo.org\/#\/schema\/person\/fe199eede04c3937362892b7444747cc","name":"US6","image":{"@type":"ImageObject","inLanguage":"en-US","@id":"https:\/\/veritasinfo.org\/#\/schema\/person\/image\/","url":"https:\/\/secure.gravatar.com\/avatar\/cb16c3c31c9d23b9b8c705964598220b3014e42ff51eb540ff23cefa3ae8c15f?s=96&d=mm&r=g","contentUrl":"https:\/\/secure.gravatar.com\/avatar\/cb16c3c31c9d23b9b8c705964598220b3014e42ff51eb540ff23cefa3ae8c15f?s=96&d=mm&r=g","caption":"US6"},"url":"https:\/\/veritasinfo.org\/?author=7"}]}},"featured_image_urls":{"full":["https:\/\/veritasinfo.org\/wp-content\/uploads\/2026\/08\/HQ7w-S4WYAALDlL-1.webp",960,1200,false],"thumbnail":["https:\/\/veritasinfo.org\/wp-content\/uploads\/2026\/08\/HQ7w-S4WYAALDlL-1-150x150.webp",150,150,true],"medium":["https:\/\/veritasinfo.org\/wp-content\/uploads\/2026\/08\/HQ7w-S4WYAALDlL-1-240x300.webp",240,300,true],"medium_large":["https:\/\/veritasinfo.org\/wp-content\/uploads\/2026\/08\/HQ7w-S4WYAALDlL-1-768x960.webp",640,800,true],"large":["https:\/\/veritasinfo.org\/wp-content\/uploads\/2026\/08\/HQ7w-S4WYAALDlL-1-819x1024.webp",640,800,true],"1536x1536":["https:\/\/veritasinfo.org\/wp-content\/uploads\/2026\/08\/HQ7w-S4WYAALDlL-1.webp",960,1200,false],"2048x2048":["https:\/\/veritasinfo.org\/wp-content\/uploads\/2026\/08\/HQ7w-S4WYAALDlL-1.webp",960,1200,false],"kreeti-slider-full":["https:\/\/veritasinfo.org\/wp-content\/uploads\/2026\/08\/HQ7w-S4WYAALDlL-1-960x720.webp",960,720,true],"kreeti-featured":["https:\/\/veritasinfo.org\/wp-content\/uploads\/2026\/08\/HQ7w-S4WYAALDlL-1.webp",960,1200,false],"kreeti-medium":["https:\/\/veritasinfo.org\/wp-content\/uploads\/2026\/08\/HQ7w-S4WYAALDlL-1-720x530.webp",720,530,true],"kreeti-medium-square":["https:\/\/veritasinfo.org\/wp-content\/uploads\/2026\/08\/HQ7w-S4WYAALDlL-1-350x350.webp",350,350,true]},"author_info":{"info":["US6"]},"category_info":"<a href=\"https:\/\/veritasinfo.org\/?cat=28&#038;lang=sr\" rel=\"category\">Politika<\/a>","tag_info":"Politika","comment_count":"0","_links":{"self":[{"href":"https:\/\/veritasinfo.org\/index.php?rest_route=\/wp\/v2\/posts\/63660","targetHints":{"allow":["GET"]}}],"collection":[{"href":"https:\/\/veritasinfo.org\/index.php?rest_route=\/wp\/v2\/posts"}],"about":[{"href":"https:\/\/veritasinfo.org\/index.php?rest_route=\/wp\/v2\/types\/post"}],"author":[{"embeddable":true,"href":"https:\/\/veritasinfo.org\/index.php?rest_route=\/wp\/v2\/users\/7"}],"replies":[{"embeddable":true,"href":"https:\/\/veritasinfo.org\/index.php?rest_route=%2Fwp%2Fv2%2Fcomments&post=63660"}],"version-history":[{"count":1,"href":"https:\/\/veritasinfo.org\/index.php?rest_route=\/wp\/v2\/posts\/63660\/revisions"}],"predecessor-version":[{"id":63662,"href":"https:\/\/veritasinfo.org\/index.php?rest_route=\/wp\/v2\/posts\/63660\/revisions\/63662"}],"wp:featuredmedia":[{"embeddable":true,"href":"https:\/\/veritasinfo.org\/index.php?rest_route=\/wp\/v2\/media\/63661"}],"wp:attachment":[{"href":"https:\/\/veritasinfo.org\/index.php?rest_route=%2Fwp%2Fv2%2Fmedia&parent=63660"}],"wp:term":[{"taxonomy":"category","embeddable":true,"href":"https:\/\/veritasinfo.org\/index.php?rest_route=%2Fwp%2Fv2%2Fcategories&post=63660"},{"taxonomy":"post_tag","embeddable":true,"href":"https:\/\/veritasinfo.org\/index.php?rest_route=%2Fwp%2Fv2%2Ftags&post=63660"}],"curies":[{"name":"wp","href":"https:\/\/api.w.org\/{rel}","templated":true}]}}