{"id":63637,"date":"2026-08-31T12:59:50","date_gmt":"2026-08-31T10:59:50","guid":{"rendered":"https:\/\/veritasinfo.org\/?p=63637"},"modified":"2026-08-31T12:59:50","modified_gmt":"2026-08-31T10:59:50","slug":"gjykimi-per-barrikadad-ne-veri-dobrac-denohet-me-1-vit-burgim-kurse-radosavljeviq-9-muaj","status":"publish","type":"post","link":"https:\/\/veritasinfo.org\/?p=63637","title":{"rendered":"Gjykimi p\u00ebr barrikadad n\u00eb veri: Dobrac d\u00ebnohet me 1 vit burgim, kurse Radosavljeviq 9 muaj"},"content":{"rendered":"<p><strong>Prishtin\u00eb, 31 Gusht 2026 13:00<\/strong><br \/>\nPas arritjes s\u00eb marr\u00ebveshjes p\u00ebr pranim faj\u00ebsie me Prokurorin\u00eb Speciale, Gjykata Themelore n\u00eb Prishtin\u00eb ka shpallur aktgjykim d\u00ebnues ndaj t\u00eb akuzuarve Millosh Radosavljeviq dhe Dushan Dobrac, t\u00eb akuzuar lidhur me barrikadat m\u00eb 2022 n\u00eb Komun\u00ebn e Zve\u00e7anit. Radosavljeviq u d\u00ebnua me 9 muaj burgim, kurse Dobrac me 1 vit burgim.<br \/>\nAktgjykimi u shpall t\u00eb h\u00ebn\u00ebn nga gjykat\u00ebsi i rastit, Rrahman Beqiri.<br \/>\nP\u00ebr vepr\u00ebn penale \u201cBashkim p\u00ebr veprimtari kund\u00ebrkushtetuese me q\u00ebllim t\u00eb sulmit kund\u00ebr rendit kushtetues\u201d, i akuzuari Radosavljeviq u shpall fajtor dhe u d\u00ebnua me 9 muaj burgim.<br \/>\nKurse, i akuzuari Dobrac u shpall fajtor p\u00ebr veprat penale \u201cBashkimi n\u00eb veprimtari kund\u00ebrkushtetuese me q\u00ebllim t\u00eb sulmit kund\u00ebr rendit kushtetues\u201d dhe \u201cPengim i personit zyrtar n\u00eb kryerjen e detyrave zyrtare\u201d. P\u00ebr vepr\u00ebn e par\u00eb, u d\u00ebnua me 6 muaj burgim, kurse p\u00ebr t\u00eb dyt\u00ebn u d\u00ebnua me 6 muaj burgim. Ndaj tij, Gjykata shqiptoi d\u00ebnim unik me 12 muaj burgim.<\/p>\n","protected":false},"excerpt":{"rendered":"<p>Prishtin\u00eb, 31 Gusht 2026 13:00 Pas arritjes s\u00eb marr\u00ebveshjes p\u00ebr pranim faj\u00ebsie me Prokurorin\u00eb Speciale, Gjykata Themelore n\u00eb Prishtin\u00eb ka shpallur aktgjykim d\u00ebnues ndaj t\u00eb<\/p>\n","protected":false},"author":2,"featured_media":63638,"comment_status":"open","ping_status":"open","sticky":false,"template":"","format":"standard","meta":{"footnotes":""},"categories":[101],"tags":[],"class_list":["post-63637","post","type-post","status-publish","format-standard","has-post-thumbnail","hentry","category-kronike"],"yoast_head":"<!-- This site is optimized with the Yoast SEO plugin v25.3.1 - https:\/\/yoast.com\/wordpress\/plugins\/seo\/ -->\n<title>Gjykimi p\u00ebr barrikadad n\u00eb veri: Dobrac d\u00ebnohet me 1 vit burgim, kurse Radosavljeviq 9 muaj -<\/title>\n<meta name=\"robots\" content=\"index, follow, max-snippet:-1, max-image-preview:large, max-video-preview:-1\" \/>\n<link rel=\"canonical\" href=\"https:\/\/veritasinfo.org\/?p=63637\" \/>\n<meta property=\"og:locale\" content=\"en_US\" \/>\n<meta property=\"og:type\" content=\"article\" \/>\n<meta property=\"og:title\" content=\"Gjykimi p\u00ebr barrikadad n\u00eb veri: Dobrac d\u00ebnohet me 1 vit burgim, kurse Radosavljeviq 9 muaj -\" \/>\n<meta property=\"og:description\" content=\"Prishtin\u00eb, 31 Gusht 2026 13:00 Pas arritjes s\u00eb marr\u00ebveshjes p\u00ebr pranim faj\u00ebsie me Prokurorin\u00eb Speciale, Gjykata Themelore n\u00eb Prishtin\u00eb ka shpallur aktgjykim d\u00ebnues ndaj t\u00eb\" \/>\n<meta property=\"og:url\" content=\"https:\/\/veritasinfo.org\/?p=63637\" \/>\n<meta property=\"article:published_time\" content=\"2026-08-31T10:59:50+00:00\" \/>\n<meta property=\"og:image\" content=\"https:\/\/veritasinfo.org\/wp-content\/uploads\/2026\/08\/Gjykimi-barrikadat.png\" \/>\n\t<meta property=\"og:image:width\" content=\"535\" \/>\n\t<meta property=\"og:image:height\" content=\"360\" \/>\n\t<meta property=\"og:image:type\" content=\"image\/png\" \/>\n<meta name=\"author\" content=\"US1\" \/>\n<meta name=\"twitter:card\" content=\"summary_large_image\" \/>\n<meta name=\"twitter:label1\" content=\"Written by\" \/>\n\t<meta name=\"twitter:data1\" content=\"US1\" \/>\n\t<meta name=\"twitter:label2\" content=\"Est. reading time\" \/>\n\t<meta name=\"twitter:data2\" content=\"1 minute\" \/>\n<script type=\"application\/ld+json\" class=\"yoast-schema-graph\">{\"@context\":\"https:\/\/schema.org\",\"@graph\":[{\"@type\":\"WebPage\",\"@id\":\"https:\/\/veritasinfo.org\/?p=63637\",\"url\":\"https:\/\/veritasinfo.org\/?p=63637\",\"name\":\"Gjykimi p\u00ebr barrikadad n\u00eb veri: Dobrac d\u00ebnohet me 1 vit burgim, kurse Radosavljeviq 9 muaj -\",\"isPartOf\":{\"@id\":\"https:\/\/veritasinfo.org\/#website\"},\"primaryImageOfPage\":{\"@id\":\"https:\/\/veritasinfo.org\/?p=63637#primaryimage\"},\"image\":{\"@id\":\"https:\/\/veritasinfo.org\/?p=63637#primaryimage\"},\"thumbnailUrl\":\"https:\/\/veritasinfo.org\/wp-content\/uploads\/2026\/08\/Gjykimi-barrikadat.png\",\"datePublished\":\"2026-08-31T10:59:50+00:00\",\"author\":{\"@id\":\"https:\/\/veritasinfo.org\/#\/schema\/person\/c2b8be262ea994d0995addca692c5e98\"},\"breadcrumb\":{\"@id\":\"https:\/\/veritasinfo.org\/?p=63637#breadcrumb\"},\"inLanguage\":\"en-US\",\"potentialAction\":[{\"@type\":\"ReadAction\",\"target\":[\"https:\/\/veritasinfo.org\/?p=63637\"]}]},{\"@type\":\"ImageObject\",\"inLanguage\":\"en-US\",\"@id\":\"https:\/\/veritasinfo.org\/?p=63637#primaryimage\",\"url\":\"https:\/\/veritasinfo.org\/wp-content\/uploads\/2026\/08\/Gjykimi-barrikadat.png\",\"contentUrl\":\"https:\/\/veritasinfo.org\/wp-content\/uploads\/2026\/08\/Gjykimi-barrikadat.png\",\"width\":535,\"height\":360},{\"@type\":\"BreadcrumbList\",\"@id\":\"https:\/\/veritasinfo.org\/?p=63637#breadcrumb\",\"itemListElement\":[{\"@type\":\"ListItem\",\"position\":1,\"name\":\"Home\",\"item\":\"https:\/\/veritasinfo.org\/\"},{\"@type\":\"ListItem\",\"position\":2,\"name\":\"Gjykimi p\u00ebr barrikadad n\u00eb veri: Dobrac d\u00ebnohet me 1 vit burgim, kurse Radosavljeviq 9 muaj\"}]},{\"@type\":\"WebSite\",\"@id\":\"https:\/\/veritasinfo.org\/#website\",\"url\":\"https:\/\/veritasinfo.org\/\",\"name\":\"\",\"description\":\"\",\"potentialAction\":[{\"@type\":\"SearchAction\",\"target\":{\"@type\":\"EntryPoint\",\"urlTemplate\":\"https:\/\/veritasinfo.org\/?s={search_term_string}\"},\"query-input\":{\"@type\":\"PropertyValueSpecification\",\"valueRequired\":true,\"valueName\":\"search_term_string\"}}],\"inLanguage\":\"en-US\"},{\"@type\":\"Person\",\"@id\":\"https:\/\/veritasinfo.org\/#\/schema\/person\/c2b8be262ea994d0995addca692c5e98\",\"name\":\"US1\",\"image\":{\"@type\":\"ImageObject\",\"inLanguage\":\"en-US\",\"@id\":\"https:\/\/veritasinfo.org\/#\/schema\/person\/image\/\",\"url\":\"https:\/\/secure.gravatar.com\/avatar\/4e96a59bd256abf9956eb9963ac891a47461ffb364d47b0e9aab113328fdb75b?s=96&d=mm&r=g\",\"contentUrl\":\"https:\/\/secure.gravatar.com\/avatar\/4e96a59bd256abf9956eb9963ac891a47461ffb364d47b0e9aab113328fdb75b?s=96&d=mm&r=g\",\"caption\":\"US1\"},\"url\":\"https:\/\/veritasinfo.org\/?author=2\"}]}<\/script>\n<!-- \/ Yoast SEO plugin. -->","yoast_head_json":{"title":"Gjykimi p\u00ebr barrikadad n\u00eb veri: Dobrac d\u00ebnohet me 1 vit burgim, kurse Radosavljeviq 9 muaj -","robots":{"index":"index","follow":"follow","max-snippet":"max-snippet:-1","max-image-preview":"max-image-preview:large","max-video-preview":"max-video-preview:-1"},"canonical":"https:\/\/veritasinfo.org\/?p=63637","og_locale":"en_US","og_type":"article","og_title":"Gjykimi p\u00ebr barrikadad n\u00eb veri: Dobrac d\u00ebnohet me 1 vit burgim, kurse Radosavljeviq 9 muaj -","og_description":"Prishtin\u00eb, 31 Gusht 2026 13:00 Pas arritjes s\u00eb marr\u00ebveshjes p\u00ebr pranim faj\u00ebsie me Prokurorin\u00eb Speciale, Gjykata Themelore n\u00eb Prishtin\u00eb ka shpallur aktgjykim d\u00ebnues ndaj t\u00eb","og_url":"https:\/\/veritasinfo.org\/?p=63637","article_published_time":"2026-08-31T10:59:50+00:00","og_image":[{"width":535,"height":360,"url":"https:\/\/veritasinfo.org\/wp-content\/uploads\/2026\/08\/Gjykimi-barrikadat.png","type":"image\/png"}],"author":"US1","twitter_card":"summary_large_image","twitter_misc":{"Written by":"US1","Est. reading time":"1 minute"},"schema":{"@context":"https:\/\/schema.org","@graph":[{"@type":"WebPage","@id":"https:\/\/veritasinfo.org\/?p=63637","url":"https:\/\/veritasinfo.org\/?p=63637","name":"Gjykimi p\u00ebr barrikadad n\u00eb veri: Dobrac d\u00ebnohet me 1 vit burgim, kurse Radosavljeviq 9 muaj -","isPartOf":{"@id":"https:\/\/veritasinfo.org\/#website"},"primaryImageOfPage":{"@id":"https:\/\/veritasinfo.org\/?p=63637#primaryimage"},"image":{"@id":"https:\/\/veritasinfo.org\/?p=63637#primaryimage"},"thumbnailUrl":"https:\/\/veritasinfo.org\/wp-content\/uploads\/2026\/08\/Gjykimi-barrikadat.png","datePublished":"2026-08-31T10:59:50+00:00","author":{"@id":"https:\/\/veritasinfo.org\/#\/schema\/person\/c2b8be262ea994d0995addca692c5e98"},"breadcrumb":{"@id":"https:\/\/veritasinfo.org\/?p=63637#breadcrumb"},"inLanguage":"en-US","potentialAction":[{"@type":"ReadAction","target":["https:\/\/veritasinfo.org\/?p=63637"]}]},{"@type":"ImageObject","inLanguage":"en-US","@id":"https:\/\/veritasinfo.org\/?p=63637#primaryimage","url":"https:\/\/veritasinfo.org\/wp-content\/uploads\/2026\/08\/Gjykimi-barrikadat.png","contentUrl":"https:\/\/veritasinfo.org\/wp-content\/uploads\/2026\/08\/Gjykimi-barrikadat.png","width":535,"height":360},{"@type":"BreadcrumbList","@id":"https:\/\/veritasinfo.org\/?p=63637#breadcrumb","itemListElement":[{"@type":"ListItem","position":1,"name":"Home","item":"https:\/\/veritasinfo.org\/"},{"@type":"ListItem","position":2,"name":"Gjykimi p\u00ebr barrikadad n\u00eb veri: Dobrac d\u00ebnohet me 1 vit burgim, kurse Radosavljeviq 9 muaj"}]},{"@type":"WebSite","@id":"https:\/\/veritasinfo.org\/#website","url":"https:\/\/veritasinfo.org\/","name":"","description":"","potentialAction":[{"@type":"SearchAction","target":{"@type":"EntryPoint","urlTemplate":"https:\/\/veritasinfo.org\/?s={search_term_string}"},"query-input":{"@type":"PropertyValueSpecification","valueRequired":true,"valueName":"search_term_string"}}],"inLanguage":"en-US"},{"@type":"Person","@id":"https:\/\/veritasinfo.org\/#\/schema\/person\/c2b8be262ea994d0995addca692c5e98","name":"US1","image":{"@type":"ImageObject","inLanguage":"en-US","@id":"https:\/\/veritasinfo.org\/#\/schema\/person\/image\/","url":"https:\/\/secure.gravatar.com\/avatar\/4e96a59bd256abf9956eb9963ac891a47461ffb364d47b0e9aab113328fdb75b?s=96&d=mm&r=g","contentUrl":"https:\/\/secure.gravatar.com\/avatar\/4e96a59bd256abf9956eb9963ac891a47461ffb364d47b0e9aab113328fdb75b?s=96&d=mm&r=g","caption":"US1"},"url":"https:\/\/veritasinfo.org\/?author=2"}]}},"featured_image_urls":{"full":["https:\/\/veritasinfo.org\/wp-content\/uploads\/2026\/08\/Gjykimi-barrikadat.png",535,360,false],"thumbnail":["https:\/\/veritasinfo.org\/wp-content\/uploads\/2026\/08\/Gjykimi-barrikadat-150x150.png",150,150,true],"medium":["https:\/\/veritasinfo.org\/wp-content\/uploads\/2026\/08\/Gjykimi-barrikadat-300x202.png",300,202,true],"medium_large":["https:\/\/veritasinfo.org\/wp-content\/uploads\/2026\/08\/Gjykimi-barrikadat.png",535,360,false],"large":["https:\/\/veritasinfo.org\/wp-content\/uploads\/2026\/08\/Gjykimi-barrikadat.png",535,360,false],"1536x1536":["https:\/\/veritasinfo.org\/wp-content\/uploads\/2026\/08\/Gjykimi-barrikadat.png",535,360,false],"2048x2048":["https:\/\/veritasinfo.org\/wp-content\/uploads\/2026\/08\/Gjykimi-barrikadat.png",535,360,false],"kreeti-slider-full":["https:\/\/veritasinfo.org\/wp-content\/uploads\/2026\/08\/Gjykimi-barrikadat.png",535,360,false],"kreeti-featured":["https:\/\/veritasinfo.org\/wp-content\/uploads\/2026\/08\/Gjykimi-barrikadat.png",535,360,false],"kreeti-medium":["https:\/\/veritasinfo.org\/wp-content\/uploads\/2026\/08\/Gjykimi-barrikadat.png",535,360,false],"kreeti-medium-square":["https:\/\/veritasinfo.org\/wp-content\/uploads\/2026\/08\/Gjykimi-barrikadat-350x350.png",350,350,true]},"author_info":{"info":["US1"]},"category_info":"<a href=\"https:\/\/veritasinfo.org\/?cat=101\" rel=\"category\">Kronik\u00eb<\/a>","tag_info":"Kronik\u00eb","comment_count":"0","_links":{"self":[{"href":"https:\/\/veritasinfo.org\/index.php?rest_route=\/wp\/v2\/posts\/63637","targetHints":{"allow":["GET"]}}],"collection":[{"href":"https:\/\/veritasinfo.org\/index.php?rest_route=\/wp\/v2\/posts"}],"about":[{"href":"https:\/\/veritasinfo.org\/index.php?rest_route=\/wp\/v2\/types\/post"}],"author":[{"embeddable":true,"href":"https:\/\/veritasinfo.org\/index.php?rest_route=\/wp\/v2\/users\/2"}],"replies":[{"embeddable":true,"href":"https:\/\/veritasinfo.org\/index.php?rest_route=%2Fwp%2Fv2%2Fcomments&post=63637"}],"version-history":[{"count":1,"href":"https:\/\/veritasinfo.org\/index.php?rest_route=\/wp\/v2\/posts\/63637\/revisions"}],"predecessor-version":[{"id":63639,"href":"https:\/\/veritasinfo.org\/index.php?rest_route=\/wp\/v2\/posts\/63637\/revisions\/63639"}],"wp:featuredmedia":[{"embeddable":true,"href":"https:\/\/veritasinfo.org\/index.php?rest_route=\/wp\/v2\/media\/63638"}],"wp:attachment":[{"href":"https:\/\/veritasinfo.org\/index.php?rest_route=%2Fwp%2Fv2%2Fmedia&parent=63637"}],"wp:term":[{"taxonomy":"category","embeddable":true,"href":"https:\/\/veritasinfo.org\/index.php?rest_route=%2Fwp%2Fv2%2Fcategories&post=63637"},{"taxonomy":"post_tag","embeddable":true,"href":"https:\/\/veritasinfo.org\/index.php?rest_route=%2Fwp%2Fv2%2Ftags&post=63637"}],"curies":[{"name":"wp","href":"https:\/\/api.w.org\/{rel}","templated":true}]}}