{"id":63630,"date":"2026-08-31T11:57:15","date_gmt":"2026-08-31T09:57:15","guid":{"rendered":"https:\/\/veritasinfo.org\/?p=63630"},"modified":"2026-08-31T11:57:15","modified_gmt":"2026-08-31T09:57:15","slug":"arriten-marreveshje-per-pranim-fajesie-vecohet-procedura-per-dy-te-akuzuar-per-barrikadat-ne-veri","status":"publish","type":"post","link":"https:\/\/veritasinfo.org\/?p=63630","title":{"rendered":"Arrit\u00ebn marr\u00ebveshje p\u00ebr pranim faj\u00ebsie, ve\u00e7ohet procedura p\u00ebr dy t\u00eb akuzuar p\u00ebr barrikadat n\u00eb veri"},"content":{"rendered":"<p>Prishtin\u00eb, 31 gusht 2026 11:57<\/p>\n<p>N\u00eb Gjykat\u00ebn Themelore n\u00eb Prishtin\u00eb n\u00eb seanc\u00ebn fillestare n\u00eb gjykimin lidhur me barrikadat m\u00eb 2022 n\u00eb Komun\u00ebn e Zve\u00e7anit, \u00ebsht\u00eb ve\u00e7uar procedura p\u00ebr t\u00eb akuzuarit Millosh Radosavljeviq dhe Dushan Dobrac, pasi kan\u00eb arritur marr\u00ebveshje me Prokurorin\u00eb p\u00ebr pranim t\u00eb faj\u00ebsis\u00eb.<\/p>\n<p>Paraprakisht, u b\u00eb e ditur se n\u00eb seanc\u00eb mungon i akuzuari Nenad Orloviq, si dhe mbrojt\u00ebsi i t\u00eb akuzuarit S\u00ebrgjan Vu\u00e7iniq, avokati Bogdan Llaziq.N\u00eb k\u00ebt\u00eb rast, Dushan Maksimoviq, Millosh Radosavljeviq, Nemanja Joloviq, Dushan Dobrac, S\u00ebrgjan Vu\u00e7iniq dhe Nenad Orloviq, ngarkohen lidhur me akuz\u00ebn p\u00ebr vepra penale kund\u00ebr rendit kushtetues- sakt\u00ebsisht barrikadimin e rrug\u00ebve m\u00eb 2022 n\u00eb Komun\u00ebn e Zve\u00e7anit.<\/p>\n<p>Gjykat\u00ebsi i rastit, Rrahman Beqiri tha se mungon i akuuzari Nenad Orloviq, p\u00ebr t\u00eb cilin Gjykata ka p\u00ebrs\u00ebritur urdh\u00ebrarrestin dhe se nga raporti i Policis\u00eb i dat\u00ebs 27 gusht 2026, konstatohet se Policia kan\u00eb shkuar ta ekzekutojn\u00eb urdh\u00ebrarrestin, por i akuzuari nuk \u00ebsht\u00eb gjetur n\u00eb vendbanim, kurse fqinj\u00ebt kan\u00eb deklaruar se jeton n\u00eb Serbi.Po ashtu, mungoi edhe avokati Petroviq p\u00ebr t\u00eb cilin i mbrojturi i tij Joloviq deklaroi se ka folur n\u00eb telefon dhe e ka njoftuar se \u00ebsht\u00eb p\u00ebrfshir\u00eb n\u00eb nj\u00eb aksident n\u00eb komunikacion.Gjithashtu, mungoi edhe avokati i Vu\u00e7iniq, Bogdan Llaziq, i cili p\u00ebrmes e-mailit e ka njoftuar Gjykat\u00ebn se nuk mund t\u00eb jet\u00eb i pranish\u00ebm p\u00ebr arsye sh\u00ebndet\u00ebsore.<\/p>\n<p>Ndryshe, prezent n\u00eb gjykim ishin prokurori special, Admir Shala, i akuzuari Maksimoviq me avokatin Millosh Nikoliq, i akuzuari Milosh Radosavljeviq me avokatin Mahmut Halimi, i akuzuari Dushan Dobrac me avokatin Boban Petkoviq, i akuzuari S\u00ebrgjan Vu\u00e7iniq, i akuzuari Nemanja Joloviq, si dhe mbrojt\u00ebsja e Orloviq, avokatja Donjeta Leka.Gjykat\u00ebsi Beqiri tha se me q\u00ebllim t\u00eb sqarimit t\u00eb munges\u00ebs s\u00eb avokatit Petroviq, nd\u00ebrpreu seanc\u00ebn p\u00ebr pes\u00eb minuta.<\/p>\n<p>M\u00eb pas, n\u00eb seanc\u00eb u paraqit edhe avokati Petroviq.Pas pauz\u00ebs 5-minut\u00ebshe, gjykat\u00ebsi tha se p\u00ebr shkak t\u00eb munges\u00ebs s\u00eb t\u00eb akuzuarit Nenad Orloviq dhe avokatit Bogdan Llaziq, dhe duke qen\u00eb se kan\u00eb n\u00eb shkresa t\u00eb l\u00ebnd\u00ebs dy marr\u00ebveshje p\u00ebr t\u00eb akuzuarit Millosh Radosavljeviq dhe Dushan Dobrac, Gjykata i ftoi pal\u00ebt p\u00ebr mund\u00ebsin\u00eb e ve\u00e7imit t\u00eb procedur\u00ebs, e q\u00eb sot t\u00eb vazhdojn\u00eb me marr\u00ebveshjet p\u00ebr pranim faj\u00ebsie me dy t\u00eb akuzuarit Radosavljeviq dhe Dobrac.Prokurori Shala tha se nuk e kund\u00ebrshtojn\u00eb ve\u00e7imin e procedur\u00ebs, p\u00ebr q\u00ebllim t\u00eb ekonomizimit t\u00eb procedur\u00ebs.Edhe mbrojt\u00ebsi i Radosavljeviq, avokati Mahmut Halimi propozoi t\u00eb ve\u00e7ohet procedura p\u00ebr shkak t\u00eb marr\u00ebveshjes p\u00ebr pranim faj\u00ebsie.<\/p>\n<p>Gjithashtu, mbrojt\u00ebsi i Dobrac, avokati Boban Petkoviq nuk e kund\u00ebrshtoi ve\u00e7imin e procedur\u00ebs, duke pasur parasysh arritjen e marr\u00ebveshjes p\u00ebr pranim faj\u00ebsie.Fjal\u00ebt e avokat\u00ebve t\u00eb tyre i mb\u00ebshtet\u00ebn dy t\u00eb akuzuarit q\u00eb kan\u00eb arritur marr\u00ebveshje p\u00ebr pranim faj\u00ebsie.<\/p>\n<p>Gjykat\u00ebsi Beqiri tha se duke qen\u00eb se Gjykata i ka d\u00ebgjuar pal\u00ebt dhe pasi q\u00eb p\u00ebr dy t\u00eb akuzuar kemi marr\u00ebveshje p\u00ebr panim t\u00eb faj\u00ebsis\u00eb, at\u00ebher\u00eb me aktvendim ve\u00e7ohet procedura p\u00ebr t\u00eb akuzuarit Radosavljeviq (p\u00ebr vepr\u00ebn penale \u201cBashkim p\u00ebr veprimtari kund\u00ebrkushtetuese me q\u00ebllim t\u00eb sulmit kund\u00ebr rendit kushtetuese) dhe Dobrac (p\u00ebr veprat penale \u201cBashkimi n\u00eb veprimtari kund\u00ebrkushtetuese me q\u00ebllim t\u00eb sulmit kund\u00ebr rendit kushtetues\u201d dhe \u201cPengim i personit zyrtar n\u00eb kryerjen e detyrave zyrtare\u201d).Nd\u00ebrkaq, n\u00eb munges\u00eb t\u00eb t\u00eb akuzuarit Orloviq dhe avokatit Llaziq, seanca fillestare u shty p\u00ebr 15 shtator.M\u00eb 20 korrik 2026, n\u00eb munges\u00eb t\u00eb t\u00eb akuzuarit Nenad Orloviq dhe mbrojt\u00ebsit t\u00eb t\u00eb akuzuarit Milosh Radosavljeviq, avokatit Mahmut Halimi, d\u00ebshtoi t\u00eb mbahet seanca fillestare n\u00eb k\u00ebt\u00eb rast.<\/p>\n<p>Ndryshe, Prokuroria Speciale e Republik\u00ebs s\u00eb Kosov\u00ebs (PSRK) m\u00eb 10 qershor 2026 ka ngritur ndaj Dushan Maksimoviq (i shpallur fajtor dhe i d\u00ebnuar me burgim t\u00eb p\u00ebrjetsh\u00ebm p\u00ebr sulmi n\u00eb Banjsk\u00eb), Milosh Radosavljeviq, Nemanja Joloviq, Dushan Dobrac, S\u00ebrgjan Vu\u00e7iniq dhe Nenad Orloviq, p\u00ebr vepra penale kund\u00ebr rendit kushtetues- sakt\u00ebsisht barrikadimin e rrug\u00ebve m\u00eb 2022 n\u00eb Komun\u00ebn e Zve\u00e7anit.<\/p>\n<p>Aktakuza thot\u00eb se grupi kriminal u udh\u00ebhoq nga Milan Radoi\u00e7iq, i cili deri tash \u00ebsht\u00eb i paarritsh\u00ebm p\u00ebr drejt\u00ebsin\u00eb, andaj jan\u00eb pezulluar hetimet ndaj tij p\u00ebr k\u00ebt\u00eb rast.\u201cGrupi kriminal me n\u00eb krye Milan Radoj\u00e7iq kan\u00eb planifikuar strategjin\u00eb e bllokimit, koordinimit, logjistik\u00ebn, monitorimin e Polic\u00ebs s\u00eb Kosov\u00ebs dhe vendosjen e qytetar\u00ebve dhe personelin n\u00eb pika strategjike duke krijuar barrikada n\u00eb rrug\u00eb dhe duke hapur gropa (istikame) apo pozicione ushtarake n\u00eb shum\u00eb pjes\u00eb strategjike n\u00eb pjes\u00ebn veriore t\u00eb Republik\u00ebs s\u00eb Kosov\u00ebs\u201d, thuhet n\u00eb aktakuz\u00ebn e hartuar nga prokurori special, Admir Shala.PSRK njoftoi se ndaj 11 t\u00eb pandehurve M.R., A.S., A.F., A.J., R.S., S.A., D.V., S.P., V.R., M.R., dhe M.R., jan\u00eb pezulluar hetimet pasi ata deri m\u00eb tani jan\u00eb t\u00eb paarritsh\u00ebm p\u00ebr organet e ndjekjes. Rrjedhimisht, n\u00eb k\u00ebt\u00eb list\u00eb p\u00ebrfshihet edhe Milan Radoi\u00e7iq.<\/p>\n","protected":false},"excerpt":{"rendered":"<p>Prishtin\u00eb, 31 gusht 2026 11:57 N\u00eb Gjykat\u00ebn Themelore n\u00eb Prishtin\u00eb n\u00eb seanc\u00ebn fillestare n\u00eb gjykimin lidhur me barrikadat m\u00eb 2022 n\u00eb Komun\u00ebn e Zve\u00e7anit, \u00ebsht\u00eb<\/p>\n","protected":false},"author":7,"featured_media":63631,"comment_status":"open","ping_status":"open","sticky":false,"template":"","format":"standard","meta":{"footnotes":""},"categories":[60],"tags":[],"class_list":["post-63630","post","type-post","status-publish","format-standard","has-post-thumbnail","hentry","category-shoqerore-sq"],"yoast_head":"<!-- This site is optimized with the Yoast SEO plugin v25.3.1 - https:\/\/yoast.com\/wordpress\/plugins\/seo\/ -->\n<title>Arrit\u00ebn marr\u00ebveshje p\u00ebr pranim faj\u00ebsie, ve\u00e7ohet procedura p\u00ebr dy t\u00eb akuzuar p\u00ebr barrikadat n\u00eb veri -<\/title>\n<meta name=\"robots\" content=\"index, follow, max-snippet:-1, max-image-preview:large, max-video-preview:-1\" \/>\n<link rel=\"canonical\" href=\"https:\/\/veritasinfo.org\/?p=63630\" \/>\n<meta property=\"og:locale\" content=\"en_US\" \/>\n<meta property=\"og:type\" content=\"article\" \/>\n<meta property=\"og:title\" content=\"Arrit\u00ebn marr\u00ebveshje p\u00ebr pranim faj\u00ebsie, ve\u00e7ohet procedura p\u00ebr dy t\u00eb akuzuar p\u00ebr barrikadat n\u00eb veri -\" \/>\n<meta property=\"og:description\" content=\"Prishtin\u00eb, 31 gusht 2026 11:57 N\u00eb Gjykat\u00ebn Themelore n\u00eb Prishtin\u00eb n\u00eb seanc\u00ebn fillestare n\u00eb gjykimin lidhur me barrikadat m\u00eb 2022 n\u00eb Komun\u00ebn e Zve\u00e7anit, \u00ebsht\u00eb\" \/>\n<meta property=\"og:url\" content=\"https:\/\/veritasinfo.org\/?p=63630\" \/>\n<meta property=\"article:published_time\" content=\"2026-08-31T09:57:15+00:00\" \/>\n<meta property=\"og:image\" content=\"https:\/\/veritasinfo.org\/wp-content\/uploads\/2026\/08\/seanva-per-barrikadat-1536x864-1.jpg\" \/>\n\t<meta property=\"og:image:width\" content=\"1536\" \/>\n\t<meta property=\"og:image:height\" content=\"864\" \/>\n\t<meta property=\"og:image:type\" content=\"image\/jpeg\" \/>\n<meta name=\"author\" content=\"US6\" \/>\n<meta name=\"twitter:card\" content=\"summary_large_image\" \/>\n<meta name=\"twitter:label1\" content=\"Written by\" \/>\n\t<meta name=\"twitter:data1\" content=\"US6\" \/>\n\t<meta name=\"twitter:label2\" content=\"Est. reading time\" \/>\n\t<meta name=\"twitter:data2\" content=\"4 minutes\" \/>\n<script type=\"application\/ld+json\" class=\"yoast-schema-graph\">{\"@context\":\"https:\/\/schema.org\",\"@graph\":[{\"@type\":\"WebPage\",\"@id\":\"https:\/\/veritasinfo.org\/?p=63630\",\"url\":\"https:\/\/veritasinfo.org\/?p=63630\",\"name\":\"Arrit\u00ebn marr\u00ebveshje p\u00ebr pranim faj\u00ebsie, ve\u00e7ohet procedura p\u00ebr dy t\u00eb akuzuar p\u00ebr barrikadat n\u00eb veri -\",\"isPartOf\":{\"@id\":\"https:\/\/veritasinfo.org\/#website\"},\"primaryImageOfPage\":{\"@id\":\"https:\/\/veritasinfo.org\/?p=63630#primaryimage\"},\"image\":{\"@id\":\"https:\/\/veritasinfo.org\/?p=63630#primaryimage\"},\"thumbnailUrl\":\"https:\/\/veritasinfo.org\/wp-content\/uploads\/2026\/08\/seanva-per-barrikadat-1536x864-1.jpg\",\"datePublished\":\"2026-08-31T09:57:15+00:00\",\"author\":{\"@id\":\"https:\/\/veritasinfo.org\/#\/schema\/person\/fe199eede04c3937362892b7444747cc\"},\"breadcrumb\":{\"@id\":\"https:\/\/veritasinfo.org\/?p=63630#breadcrumb\"},\"inLanguage\":\"en-US\",\"potentialAction\":[{\"@type\":\"ReadAction\",\"target\":[\"https:\/\/veritasinfo.org\/?p=63630\"]}]},{\"@type\":\"ImageObject\",\"inLanguage\":\"en-US\",\"@id\":\"https:\/\/veritasinfo.org\/?p=63630#primaryimage\",\"url\":\"https:\/\/veritasinfo.org\/wp-content\/uploads\/2026\/08\/seanva-per-barrikadat-1536x864-1.jpg\",\"contentUrl\":\"https:\/\/veritasinfo.org\/wp-content\/uploads\/2026\/08\/seanva-per-barrikadat-1536x864-1.jpg\",\"width\":1536,\"height\":864},{\"@type\":\"BreadcrumbList\",\"@id\":\"https:\/\/veritasinfo.org\/?p=63630#breadcrumb\",\"itemListElement\":[{\"@type\":\"ListItem\",\"position\":1,\"name\":\"Home\",\"item\":\"https:\/\/veritasinfo.org\/\"},{\"@type\":\"ListItem\",\"position\":2,\"name\":\"Arrit\u00ebn marr\u00ebveshje p\u00ebr pranim faj\u00ebsie, ve\u00e7ohet procedura p\u00ebr dy t\u00eb akuzuar p\u00ebr barrikadat n\u00eb veri\"}]},{\"@type\":\"WebSite\",\"@id\":\"https:\/\/veritasinfo.org\/#website\",\"url\":\"https:\/\/veritasinfo.org\/\",\"name\":\"\",\"description\":\"\",\"potentialAction\":[{\"@type\":\"SearchAction\",\"target\":{\"@type\":\"EntryPoint\",\"urlTemplate\":\"https:\/\/veritasinfo.org\/?s={search_term_string}\"},\"query-input\":{\"@type\":\"PropertyValueSpecification\",\"valueRequired\":true,\"valueName\":\"search_term_string\"}}],\"inLanguage\":\"en-US\"},{\"@type\":\"Person\",\"@id\":\"https:\/\/veritasinfo.org\/#\/schema\/person\/fe199eede04c3937362892b7444747cc\",\"name\":\"US6\",\"image\":{\"@type\":\"ImageObject\",\"inLanguage\":\"en-US\",\"@id\":\"https:\/\/veritasinfo.org\/#\/schema\/person\/image\/\",\"url\":\"https:\/\/secure.gravatar.com\/avatar\/cb16c3c31c9d23b9b8c705964598220b3014e42ff51eb540ff23cefa3ae8c15f?s=96&d=mm&r=g\",\"contentUrl\":\"https:\/\/secure.gravatar.com\/avatar\/cb16c3c31c9d23b9b8c705964598220b3014e42ff51eb540ff23cefa3ae8c15f?s=96&d=mm&r=g\",\"caption\":\"US6\"},\"url\":\"https:\/\/veritasinfo.org\/?author=7\"}]}<\/script>\n<!-- \/ Yoast SEO plugin. -->","yoast_head_json":{"title":"Arrit\u00ebn marr\u00ebveshje p\u00ebr pranim faj\u00ebsie, ve\u00e7ohet procedura p\u00ebr dy t\u00eb akuzuar p\u00ebr barrikadat n\u00eb veri -","robots":{"index":"index","follow":"follow","max-snippet":"max-snippet:-1","max-image-preview":"max-image-preview:large","max-video-preview":"max-video-preview:-1"},"canonical":"https:\/\/veritasinfo.org\/?p=63630","og_locale":"en_US","og_type":"article","og_title":"Arrit\u00ebn marr\u00ebveshje p\u00ebr pranim faj\u00ebsie, ve\u00e7ohet procedura p\u00ebr dy t\u00eb akuzuar p\u00ebr barrikadat n\u00eb veri -","og_description":"Prishtin\u00eb, 31 gusht 2026 11:57 N\u00eb Gjykat\u00ebn Themelore n\u00eb Prishtin\u00eb n\u00eb seanc\u00ebn fillestare n\u00eb gjykimin lidhur me barrikadat m\u00eb 2022 n\u00eb Komun\u00ebn e Zve\u00e7anit, \u00ebsht\u00eb","og_url":"https:\/\/veritasinfo.org\/?p=63630","article_published_time":"2026-08-31T09:57:15+00:00","og_image":[{"width":1536,"height":864,"url":"https:\/\/veritasinfo.org\/wp-content\/uploads\/2026\/08\/seanva-per-barrikadat-1536x864-1.jpg","type":"image\/jpeg"}],"author":"US6","twitter_card":"summary_large_image","twitter_misc":{"Written by":"US6","Est. reading time":"4 minutes"},"schema":{"@context":"https:\/\/schema.org","@graph":[{"@type":"WebPage","@id":"https:\/\/veritasinfo.org\/?p=63630","url":"https:\/\/veritasinfo.org\/?p=63630","name":"Arrit\u00ebn marr\u00ebveshje p\u00ebr pranim faj\u00ebsie, ve\u00e7ohet procedura p\u00ebr dy t\u00eb akuzuar p\u00ebr barrikadat n\u00eb veri -","isPartOf":{"@id":"https:\/\/veritasinfo.org\/#website"},"primaryImageOfPage":{"@id":"https:\/\/veritasinfo.org\/?p=63630#primaryimage"},"image":{"@id":"https:\/\/veritasinfo.org\/?p=63630#primaryimage"},"thumbnailUrl":"https:\/\/veritasinfo.org\/wp-content\/uploads\/2026\/08\/seanva-per-barrikadat-1536x864-1.jpg","datePublished":"2026-08-31T09:57:15+00:00","author":{"@id":"https:\/\/veritasinfo.org\/#\/schema\/person\/fe199eede04c3937362892b7444747cc"},"breadcrumb":{"@id":"https:\/\/veritasinfo.org\/?p=63630#breadcrumb"},"inLanguage":"en-US","potentialAction":[{"@type":"ReadAction","target":["https:\/\/veritasinfo.org\/?p=63630"]}]},{"@type":"ImageObject","inLanguage":"en-US","@id":"https:\/\/veritasinfo.org\/?p=63630#primaryimage","url":"https:\/\/veritasinfo.org\/wp-content\/uploads\/2026\/08\/seanva-per-barrikadat-1536x864-1.jpg","contentUrl":"https:\/\/veritasinfo.org\/wp-content\/uploads\/2026\/08\/seanva-per-barrikadat-1536x864-1.jpg","width":1536,"height":864},{"@type":"BreadcrumbList","@id":"https:\/\/veritasinfo.org\/?p=63630#breadcrumb","itemListElement":[{"@type":"ListItem","position":1,"name":"Home","item":"https:\/\/veritasinfo.org\/"},{"@type":"ListItem","position":2,"name":"Arrit\u00ebn marr\u00ebveshje p\u00ebr pranim faj\u00ebsie, ve\u00e7ohet procedura p\u00ebr dy t\u00eb akuzuar p\u00ebr barrikadat n\u00eb veri"}]},{"@type":"WebSite","@id":"https:\/\/veritasinfo.org\/#website","url":"https:\/\/veritasinfo.org\/","name":"","description":"","potentialAction":[{"@type":"SearchAction","target":{"@type":"EntryPoint","urlTemplate":"https:\/\/veritasinfo.org\/?s={search_term_string}"},"query-input":{"@type":"PropertyValueSpecification","valueRequired":true,"valueName":"search_term_string"}}],"inLanguage":"en-US"},{"@type":"Person","@id":"https:\/\/veritasinfo.org\/#\/schema\/person\/fe199eede04c3937362892b7444747cc","name":"US6","image":{"@type":"ImageObject","inLanguage":"en-US","@id":"https:\/\/veritasinfo.org\/#\/schema\/person\/image\/","url":"https:\/\/secure.gravatar.com\/avatar\/cb16c3c31c9d23b9b8c705964598220b3014e42ff51eb540ff23cefa3ae8c15f?s=96&d=mm&r=g","contentUrl":"https:\/\/secure.gravatar.com\/avatar\/cb16c3c31c9d23b9b8c705964598220b3014e42ff51eb540ff23cefa3ae8c15f?s=96&d=mm&r=g","caption":"US6"},"url":"https:\/\/veritasinfo.org\/?author=7"}]}},"featured_image_urls":{"full":["https:\/\/veritasinfo.org\/wp-content\/uploads\/2026\/08\/seanva-per-barrikadat-1536x864-1.jpg",1536,864,false],"thumbnail":["https:\/\/veritasinfo.org\/wp-content\/uploads\/2026\/08\/seanva-per-barrikadat-1536x864-1-150x150.jpg",150,150,true],"medium":["https:\/\/veritasinfo.org\/wp-content\/uploads\/2026\/08\/seanva-per-barrikadat-1536x864-1-300x169.jpg",300,169,true],"medium_large":["https:\/\/veritasinfo.org\/wp-content\/uploads\/2026\/08\/seanva-per-barrikadat-1536x864-1-768x432.jpg",640,360,true],"large":["https:\/\/veritasinfo.org\/wp-content\/uploads\/2026\/08\/seanva-per-barrikadat-1536x864-1-1024x576.jpg",640,360,true],"1536x1536":["https:\/\/veritasinfo.org\/wp-content\/uploads\/2026\/08\/seanva-per-barrikadat-1536x864-1.jpg",1536,864,false],"2048x2048":["https:\/\/veritasinfo.org\/wp-content\/uploads\/2026\/08\/seanva-per-barrikadat-1536x864-1.jpg",1536,864,false],"kreeti-slider-full":["https:\/\/veritasinfo.org\/wp-content\/uploads\/2026\/08\/seanva-per-barrikadat-1536x864-1-1280x720.jpg",1280,720,true],"kreeti-featured":["https:\/\/veritasinfo.org\/wp-content\/uploads\/2026\/08\/seanva-per-barrikadat-1536x864-1-1024x576.jpg",1024,576,true],"kreeti-medium":["https:\/\/veritasinfo.org\/wp-content\/uploads\/2026\/08\/seanva-per-barrikadat-1536x864-1-720x530.jpg",720,530,true],"kreeti-medium-square":["https:\/\/veritasinfo.org\/wp-content\/uploads\/2026\/08\/seanva-per-barrikadat-1536x864-1-350x350.jpg",350,350,true]},"author_info":{"info":["US6"]},"category_info":"<a href=\"https:\/\/veritasinfo.org\/?cat=60\" rel=\"category\">Shoq\u00ebrore<\/a>","tag_info":"Shoq\u00ebrore","comment_count":"0","_links":{"self":[{"href":"https:\/\/veritasinfo.org\/index.php?rest_route=\/wp\/v2\/posts\/63630","targetHints":{"allow":["GET"]}}],"collection":[{"href":"https:\/\/veritasinfo.org\/index.php?rest_route=\/wp\/v2\/posts"}],"about":[{"href":"https:\/\/veritasinfo.org\/index.php?rest_route=\/wp\/v2\/types\/post"}],"author":[{"embeddable":true,"href":"https:\/\/veritasinfo.org\/index.php?rest_route=\/wp\/v2\/users\/7"}],"replies":[{"embeddable":true,"href":"https:\/\/veritasinfo.org\/index.php?rest_route=%2Fwp%2Fv2%2Fcomments&post=63630"}],"version-history":[{"count":1,"href":"https:\/\/veritasinfo.org\/index.php?rest_route=\/wp\/v2\/posts\/63630\/revisions"}],"predecessor-version":[{"id":63632,"href":"https:\/\/veritasinfo.org\/index.php?rest_route=\/wp\/v2\/posts\/63630\/revisions\/63632"}],"wp:featuredmedia":[{"embeddable":true,"href":"https:\/\/veritasinfo.org\/index.php?rest_route=\/wp\/v2\/media\/63631"}],"wp:attachment":[{"href":"https:\/\/veritasinfo.org\/index.php?rest_route=%2Fwp%2Fv2%2Fmedia&parent=63630"}],"wp:term":[{"taxonomy":"category","embeddable":true,"href":"https:\/\/veritasinfo.org\/index.php?rest_route=%2Fwp%2Fv2%2Fcategories&post=63630"},{"taxonomy":"post_tag","embeddable":true,"href":"https:\/\/veritasinfo.org\/index.php?rest_route=%2Fwp%2Fv2%2Ftags&post=63630"}],"curies":[{"name":"wp","href":"https:\/\/api.w.org\/{rel}","templated":true}]}}