{"id":63606,"date":"2026-08-31T08:26:14","date_gmt":"2026-08-31T06:26:14","guid":{"rendered":"https:\/\/veritasinfo.org\/?p=63606"},"modified":"2026-08-31T08:26:14","modified_gmt":"2026-08-31T06:26:14","slug":"pitanje-preseva-bujanovca-i-medvedje-trebalo-bi-da-se-cuje-u-beogradu-briselu-vasingtonu-strazburu-i-njujorku","status":"publish","type":"post","link":"https:\/\/veritasinfo.org\/?p=63606&lang=sr","title":{"rendered":"\u201ePitanje Pre\u0161eva, Bujanovca i Medve\u0111e trebalo bi da se \u010duje u Beogradu, Briselu, Va\u0161ingtonu, Strazburu i Njujorku\u201c"},"content":{"rendered":"<p><strong>Pri\u0161tina, 31. avgust 2026. 08:25<\/strong><br \/>\nPremijer Kosova, Albin Kurti, sastao se u Pri\u0161tini sa politi\u010dkim i predstavnicima civilnog dru\u0161tva iz Pre\u0161evske doline, optu\u017eujuc\u0301i srpske institucije za sistematsku diskriminaciju Albanaca.<br \/>\nAli, pored politi\u010dkih izjava, postavlja se pitanje koliko se ovim pitanjem bave me\u0111unarodne institucije i da li pretnje, pritisci, pasivizacija adresa i nedovoljna zastupljenost Albanaca dobijaju potrebnu pa\u017enju.<br \/>\nStru\u010dnjaci procenjuju da Kosovo i Albanija treba da transformi\u0161u politi\u010dku podr\u0161ku u konkretnu diplomatiju, dokumentaciju i me\u0111unarodni pritisak, dok bi sami Albanci doline trebalo da budu protagonisti ove agende.<br \/>\nMo\u017ee li se od Srbije zahtevati da po\u0161tuje evropske standarde i ljudska prava, dok problemi Albanaca u Pre\u0161evu, Bujanovcu i Medve\u0111i ostaju na marginama me\u0111unarodne agende? I ko bi trebalo sna\u017enije da stane na stranu Albanaca doline?<br \/>\n\u201eU kojoj meri svet slu\u0161a glasove Albanaca Pre\u0161eva, Bujanovca i Medve\u0111e?\u201c Ovo je pitanje koje postavlja analiti\u010dar i publicista Nehat Hiseni, komentari\u0161uc\u0301i sastanak premijera Kosova, Albina Kurtija, sa albanskim politi\u010dkim predstavnicima Pre\u0161evske doline u Pri\u0161tini i njegove optu\u017ebe protiv politike diskriminacije Beograda prema Albancima.<br \/>\nPrema re\u010dima Hisenija, ovo je pitanje koje se vi\u0161e ne mo\u017ee pokrivati samo diplomatskim izjavama. On smatra da je ispravno da Pri\u0161tina i Tirana podignu svoj glas za Albance doline, ali nagla\u0161ava da je pre svega potrebno da se to pitanje re\u0161i u me\u0111unarodnim institucijama i kroz merljive mehanizme za za\u0161titu ljudskih prava.<\/p>\n","protected":false},"excerpt":{"rendered":"<p>Pri\u0161tina, 31. avgust 2026. 08:25 Premijer Kosova, Albin Kurti, sastao se u Pri\u0161tini sa politi\u010dkim i predstavnicima civilnog dru\u0161tva iz Pre\u0161evske doline, optu\u017eujuc\u0301i srpske institucije<\/p>\n","protected":false},"author":2,"featured_media":63607,"comment_status":"open","ping_status":"open","sticky":false,"template":"","format":"standard","meta":{"footnotes":""},"categories":[28],"tags":[],"class_list":["post-63606","post","type-post","status-publish","format-standard","has-post-thumbnail","hentry","category-politika"],"yoast_head":"<!-- This site is optimized with the Yoast SEO plugin v25.3.1 - https:\/\/yoast.com\/wordpress\/plugins\/seo\/ -->\n<title>\u201ePitanje Pre\u0161eva, Bujanovca i Medve\u0111e trebalo bi da se \u010duje u Beogradu, Briselu, Va\u0161ingtonu, Strazburu i Njujorku\u201c -<\/title>\n<meta name=\"robots\" content=\"index, follow, max-snippet:-1, max-image-preview:large, max-video-preview:-1\" \/>\n<link rel=\"canonical\" href=\"https:\/\/veritasinfo.org\/?p=63606&lang=sr\" \/>\n<meta property=\"og:locale\" content=\"en_US\" \/>\n<meta property=\"og:type\" content=\"article\" \/>\n<meta property=\"og:title\" content=\"\u201ePitanje Pre\u0161eva, Bujanovca i Medve\u0111e trebalo bi da se \u010duje u Beogradu, Briselu, Va\u0161ingtonu, Strazburu i Njujorku\u201c -\" \/>\n<meta property=\"og:description\" content=\"Pri\u0161tina, 31. avgust 2026. 08:25 Premijer Kosova, Albin Kurti, sastao se u Pri\u0161tini sa politi\u010dkim i predstavnicima civilnog dru\u0161tva iz Pre\u0161evske doline, optu\u017eujuc\u0301i srpske institucije\" \/>\n<meta property=\"og:url\" content=\"https:\/\/veritasinfo.org\/?p=63606&amp;lang=sr\" \/>\n<meta property=\"article:published_time\" content=\"2026-08-31T06:26:14+00:00\" \/>\n<meta property=\"og:image\" content=\"https:\/\/veritasinfo.org\/wp-content\/uploads\/2026\/08\/Presheva-1.jpg\" \/>\n\t<meta property=\"og:image:width\" content=\"851\" \/>\n\t<meta property=\"og:image:height\" content=\"544\" \/>\n\t<meta property=\"og:image:type\" content=\"image\/jpeg\" \/>\n<meta name=\"author\" content=\"US1\" \/>\n<meta name=\"twitter:card\" content=\"summary_large_image\" \/>\n<meta name=\"twitter:label1\" content=\"Written by\" \/>\n\t<meta name=\"twitter:data1\" content=\"US1\" \/>\n\t<meta name=\"twitter:label2\" content=\"Est. reading time\" \/>\n\t<meta name=\"twitter:data2\" content=\"1 minute\" \/>\n<script type=\"application\/ld+json\" class=\"yoast-schema-graph\">{\"@context\":\"https:\/\/schema.org\",\"@graph\":[{\"@type\":\"WebPage\",\"@id\":\"https:\/\/veritasinfo.org\/?p=63606&lang=sr\",\"url\":\"https:\/\/veritasinfo.org\/?p=63606&lang=sr\",\"name\":\"\u201ePitanje Pre\u0161eva, Bujanovca i Medve\u0111e trebalo bi da se \u010duje u Beogradu, Briselu, Va\u0161ingtonu, Strazburu i Njujorku\u201c -\",\"isPartOf\":{\"@id\":\"https:\/\/veritasinfo.org\/#website\"},\"primaryImageOfPage\":{\"@id\":\"https:\/\/veritasinfo.org\/?p=63606&lang=sr#primaryimage\"},\"image\":{\"@id\":\"https:\/\/veritasinfo.org\/?p=63606&lang=sr#primaryimage\"},\"thumbnailUrl\":\"https:\/\/veritasinfo.org\/wp-content\/uploads\/2026\/08\/Presheva-1.jpg\",\"datePublished\":\"2026-08-31T06:26:14+00:00\",\"author\":{\"@id\":\"https:\/\/veritasinfo.org\/#\/schema\/person\/c2b8be262ea994d0995addca692c5e98\"},\"breadcrumb\":{\"@id\":\"https:\/\/veritasinfo.org\/?p=63606&lang=sr#breadcrumb\"},\"inLanguage\":\"en-US\",\"potentialAction\":[{\"@type\":\"ReadAction\",\"target\":[\"https:\/\/veritasinfo.org\/?p=63606&lang=sr\"]}]},{\"@type\":\"ImageObject\",\"inLanguage\":\"en-US\",\"@id\":\"https:\/\/veritasinfo.org\/?p=63606&lang=sr#primaryimage\",\"url\":\"https:\/\/veritasinfo.org\/wp-content\/uploads\/2026\/08\/Presheva-1.jpg\",\"contentUrl\":\"https:\/\/veritasinfo.org\/wp-content\/uploads\/2026\/08\/Presheva-1.jpg\",\"width\":851,\"height\":544},{\"@type\":\"BreadcrumbList\",\"@id\":\"https:\/\/veritasinfo.org\/?p=63606&lang=sr#breadcrumb\",\"itemListElement\":[{\"@type\":\"ListItem\",\"position\":1,\"name\":\"Home\",\"item\":\"https:\/\/veritasinfo.org\/\"},{\"@type\":\"ListItem\",\"position\":2,\"name\":\"\u201ePitanje Pre\u0161eva, Bujanovca i Medve\u0111e trebalo bi da se \u010duje u Beogradu, Briselu, Va\u0161ingtonu, Strazburu i Njujorku\u201c\"}]},{\"@type\":\"WebSite\",\"@id\":\"https:\/\/veritasinfo.org\/#website\",\"url\":\"https:\/\/veritasinfo.org\/\",\"name\":\"\",\"description\":\"\",\"potentialAction\":[{\"@type\":\"SearchAction\",\"target\":{\"@type\":\"EntryPoint\",\"urlTemplate\":\"https:\/\/veritasinfo.org\/?s={search_term_string}\"},\"query-input\":{\"@type\":\"PropertyValueSpecification\",\"valueRequired\":true,\"valueName\":\"search_term_string\"}}],\"inLanguage\":\"en-US\"},{\"@type\":\"Person\",\"@id\":\"https:\/\/veritasinfo.org\/#\/schema\/person\/c2b8be262ea994d0995addca692c5e98\",\"name\":\"US1\",\"image\":{\"@type\":\"ImageObject\",\"inLanguage\":\"en-US\",\"@id\":\"https:\/\/veritasinfo.org\/#\/schema\/person\/image\/\",\"url\":\"https:\/\/secure.gravatar.com\/avatar\/4e96a59bd256abf9956eb9963ac891a47461ffb364d47b0e9aab113328fdb75b?s=96&d=mm&r=g\",\"contentUrl\":\"https:\/\/secure.gravatar.com\/avatar\/4e96a59bd256abf9956eb9963ac891a47461ffb364d47b0e9aab113328fdb75b?s=96&d=mm&r=g\",\"caption\":\"US1\"},\"url\":\"https:\/\/veritasinfo.org\/?author=2\"}]}<\/script>\n<!-- \/ Yoast SEO plugin. -->","yoast_head_json":{"title":"\u201ePitanje Pre\u0161eva, Bujanovca i Medve\u0111e trebalo bi da se \u010duje u Beogradu, Briselu, Va\u0161ingtonu, Strazburu i Njujorku\u201c -","robots":{"index":"index","follow":"follow","max-snippet":"max-snippet:-1","max-image-preview":"max-image-preview:large","max-video-preview":"max-video-preview:-1"},"canonical":"https:\/\/veritasinfo.org\/?p=63606&lang=sr","og_locale":"en_US","og_type":"article","og_title":"\u201ePitanje Pre\u0161eva, Bujanovca i Medve\u0111e trebalo bi da se \u010duje u Beogradu, Briselu, Va\u0161ingtonu, Strazburu i Njujorku\u201c -","og_description":"Pri\u0161tina, 31. avgust 2026. 08:25 Premijer Kosova, Albin Kurti, sastao se u Pri\u0161tini sa politi\u010dkim i predstavnicima civilnog dru\u0161tva iz Pre\u0161evske doline, optu\u017eujuc\u0301i srpske institucije","og_url":"https:\/\/veritasinfo.org\/?p=63606&lang=sr","article_published_time":"2026-08-31T06:26:14+00:00","og_image":[{"width":851,"height":544,"url":"https:\/\/veritasinfo.org\/wp-content\/uploads\/2026\/08\/Presheva-1.jpg","type":"image\/jpeg"}],"author":"US1","twitter_card":"summary_large_image","twitter_misc":{"Written by":"US1","Est. reading time":"1 minute"},"schema":{"@context":"https:\/\/schema.org","@graph":[{"@type":"WebPage","@id":"https:\/\/veritasinfo.org\/?p=63606&lang=sr","url":"https:\/\/veritasinfo.org\/?p=63606&lang=sr","name":"\u201ePitanje Pre\u0161eva, Bujanovca i Medve\u0111e trebalo bi da se \u010duje u Beogradu, Briselu, Va\u0161ingtonu, Strazburu i Njujorku\u201c -","isPartOf":{"@id":"https:\/\/veritasinfo.org\/#website"},"primaryImageOfPage":{"@id":"https:\/\/veritasinfo.org\/?p=63606&lang=sr#primaryimage"},"image":{"@id":"https:\/\/veritasinfo.org\/?p=63606&lang=sr#primaryimage"},"thumbnailUrl":"https:\/\/veritasinfo.org\/wp-content\/uploads\/2026\/08\/Presheva-1.jpg","datePublished":"2026-08-31T06:26:14+00:00","author":{"@id":"https:\/\/veritasinfo.org\/#\/schema\/person\/c2b8be262ea994d0995addca692c5e98"},"breadcrumb":{"@id":"https:\/\/veritasinfo.org\/?p=63606&lang=sr#breadcrumb"},"inLanguage":"en-US","potentialAction":[{"@type":"ReadAction","target":["https:\/\/veritasinfo.org\/?p=63606&lang=sr"]}]},{"@type":"ImageObject","inLanguage":"en-US","@id":"https:\/\/veritasinfo.org\/?p=63606&lang=sr#primaryimage","url":"https:\/\/veritasinfo.org\/wp-content\/uploads\/2026\/08\/Presheva-1.jpg","contentUrl":"https:\/\/veritasinfo.org\/wp-content\/uploads\/2026\/08\/Presheva-1.jpg","width":851,"height":544},{"@type":"BreadcrumbList","@id":"https:\/\/veritasinfo.org\/?p=63606&lang=sr#breadcrumb","itemListElement":[{"@type":"ListItem","position":1,"name":"Home","item":"https:\/\/veritasinfo.org\/"},{"@type":"ListItem","position":2,"name":"\u201ePitanje Pre\u0161eva, Bujanovca i Medve\u0111e trebalo bi da se \u010duje u Beogradu, Briselu, Va\u0161ingtonu, Strazburu i Njujorku\u201c"}]},{"@type":"WebSite","@id":"https:\/\/veritasinfo.org\/#website","url":"https:\/\/veritasinfo.org\/","name":"","description":"","potentialAction":[{"@type":"SearchAction","target":{"@type":"EntryPoint","urlTemplate":"https:\/\/veritasinfo.org\/?s={search_term_string}"},"query-input":{"@type":"PropertyValueSpecification","valueRequired":true,"valueName":"search_term_string"}}],"inLanguage":"en-US"},{"@type":"Person","@id":"https:\/\/veritasinfo.org\/#\/schema\/person\/c2b8be262ea994d0995addca692c5e98","name":"US1","image":{"@type":"ImageObject","inLanguage":"en-US","@id":"https:\/\/veritasinfo.org\/#\/schema\/person\/image\/","url":"https:\/\/secure.gravatar.com\/avatar\/4e96a59bd256abf9956eb9963ac891a47461ffb364d47b0e9aab113328fdb75b?s=96&d=mm&r=g","contentUrl":"https:\/\/secure.gravatar.com\/avatar\/4e96a59bd256abf9956eb9963ac891a47461ffb364d47b0e9aab113328fdb75b?s=96&d=mm&r=g","caption":"US1"},"url":"https:\/\/veritasinfo.org\/?author=2"}]}},"featured_image_urls":{"full":["https:\/\/veritasinfo.org\/wp-content\/uploads\/2026\/08\/Presheva-1.jpg",851,544,false],"thumbnail":["https:\/\/veritasinfo.org\/wp-content\/uploads\/2026\/08\/Presheva-1-150x150.jpg",150,150,true],"medium":["https:\/\/veritasinfo.org\/wp-content\/uploads\/2026\/08\/Presheva-1-300x192.jpg",300,192,true],"medium_large":["https:\/\/veritasinfo.org\/wp-content\/uploads\/2026\/08\/Presheva-1-768x491.jpg",640,409,true],"large":["https:\/\/veritasinfo.org\/wp-content\/uploads\/2026\/08\/Presheva-1.jpg",640,409,false],"1536x1536":["https:\/\/veritasinfo.org\/wp-content\/uploads\/2026\/08\/Presheva-1.jpg",851,544,false],"2048x2048":["https:\/\/veritasinfo.org\/wp-content\/uploads\/2026\/08\/Presheva-1.jpg",851,544,false],"kreeti-slider-full":["https:\/\/veritasinfo.org\/wp-content\/uploads\/2026\/08\/Presheva-1.jpg",851,544,false],"kreeti-featured":["https:\/\/veritasinfo.org\/wp-content\/uploads\/2026\/08\/Presheva-1.jpg",851,544,false],"kreeti-medium":["https:\/\/veritasinfo.org\/wp-content\/uploads\/2026\/08\/Presheva-1-720x530.jpg",720,530,true],"kreeti-medium-square":["https:\/\/veritasinfo.org\/wp-content\/uploads\/2026\/08\/Presheva-1-350x350.jpg",350,350,true]},"author_info":{"info":["US1"]},"category_info":"<a href=\"https:\/\/veritasinfo.org\/?cat=28&#038;lang=sr\" rel=\"category\">Politika<\/a>","tag_info":"Politika","comment_count":"0","_links":{"self":[{"href":"https:\/\/veritasinfo.org\/index.php?rest_route=\/wp\/v2\/posts\/63606","targetHints":{"allow":["GET"]}}],"collection":[{"href":"https:\/\/veritasinfo.org\/index.php?rest_route=\/wp\/v2\/posts"}],"about":[{"href":"https:\/\/veritasinfo.org\/index.php?rest_route=\/wp\/v2\/types\/post"}],"author":[{"embeddable":true,"href":"https:\/\/veritasinfo.org\/index.php?rest_route=\/wp\/v2\/users\/2"}],"replies":[{"embeddable":true,"href":"https:\/\/veritasinfo.org\/index.php?rest_route=%2Fwp%2Fv2%2Fcomments&post=63606"}],"version-history":[{"count":1,"href":"https:\/\/veritasinfo.org\/index.php?rest_route=\/wp\/v2\/posts\/63606\/revisions"}],"predecessor-version":[{"id":63608,"href":"https:\/\/veritasinfo.org\/index.php?rest_route=\/wp\/v2\/posts\/63606\/revisions\/63608"}],"wp:featuredmedia":[{"embeddable":true,"href":"https:\/\/veritasinfo.org\/index.php?rest_route=\/wp\/v2\/media\/63607"}],"wp:attachment":[{"href":"https:\/\/veritasinfo.org\/index.php?rest_route=%2Fwp%2Fv2%2Fmedia&parent=63606"}],"wp:term":[{"taxonomy":"category","embeddable":true,"href":"https:\/\/veritasinfo.org\/index.php?rest_route=%2Fwp%2Fv2%2Fcategories&post=63606"},{"taxonomy":"post_tag","embeddable":true,"href":"https:\/\/veritasinfo.org\/index.php?rest_route=%2Fwp%2Fv2%2Ftags&post=63606"}],"curies":[{"name":"wp","href":"https:\/\/api.w.org\/{rel}","templated":true}]}}