{"id":63603,"date":"2026-08-31T08:24:53","date_gmt":"2026-08-31T06:24:53","guid":{"rendered":"https:\/\/veritasinfo.org\/?p=63603"},"modified":"2026-08-31T08:24:53","modified_gmt":"2026-08-31T06:24:53","slug":"ceshtja-e-presheves-bujanocit-dhe-medvegjes-duhet-te-degjohet-ne-beograd-bruksel-uashington-strasburg-dhe-nju-jork","status":"publish","type":"post","link":"https:\/\/veritasinfo.org\/?p=63603","title":{"rendered":"\u201c\u00c7\u00ebshtja e Preshev\u00ebs, Bujanocit dhe Medvegj\u00ebs duhet t\u00eb d\u00ebgjohet n\u00eb Beograd, Bruksel, Uashington, Strasburg dhe Nju Jork\u201d"},"content":{"rendered":"<p><strong>Prishtin\u00eb, 31 Gusht 2026 08:25<\/strong><br \/>\nKryeministri i Kosov\u00ebs, Albin Kurti, ka takuar n\u00eb Prishtin\u00eb p\u00ebrfaq\u00ebsues politik\u00eb dhe t\u00eb shoq\u00ebris\u00eb civile nga Lugina e Preshev\u00ebs, duke akuzuar institucionet e Serbis\u00eb p\u00ebr diskriminim sistematik ndaj shqiptar\u00ebve.<br \/>\nPor, p\u00ebrtej deklaratave politike, shtrohet pyetja se sa po trajtohet kjo \u00e7\u00ebshtje nga institucionet nd\u00ebrkomb\u00ebtare dhe n\u00ebse k\u00ebrc\u00ebnimet, presionet, pasivizimi i adresave dhe n\u00ebnp\u00ebrfaq\u00ebsimi i shqiptar\u00ebve po marrin v\u00ebmendjen e duhur.<br \/>\nEkspert\u00ebt vler\u00ebsojn\u00eb se Kosova dhe Shqip\u00ebria duhet ta shnd\u00ebrrojn\u00eb mb\u00ebshtetjen politike n\u00eb diplomaci konkrete, dokumentim dhe presion nd\u00ebrkomb\u00ebtar, nd\u00ebrsa vet\u00eb shqiptar\u00ebt e Lugin\u00ebs duhet t\u00eb jen\u00eb protagonist\u00eb t\u00eb k\u00ebsaj agjende.<br \/>\nA mund t\u00eb k\u00ebrkohet nga Serbia respektimi i standardeve evropiane dhe t\u00eb drejtave t\u00eb njeriut, nd\u00ebrkoh\u00eb q\u00eb problemet e shqiptar\u00ebve n\u00eb Preshev\u00eb, Bujanoc e Medvegj\u00eb mbeten n\u00eb margjinat e agjend\u00ebs nd\u00ebrkomb\u00ebtare? Dhe kush duhet t\u2019u dal\u00eb m\u00eb fuqish\u00ebm n\u00eb krah shqiptar\u00ebve t\u00eb Lugin\u00ebs?<br \/>\n\u201cSa po e d\u00ebgjon bota z\u00ebrin e shqiptar\u00ebve t\u00eb Preshev\u00ebs, Bujanocit dhe Medvegj\u00ebs?\u201d. Kjo \u00ebsht\u00eb pyetja q\u00eb shtron analisti dhe publicisti Nehat Hyseni, duke komentuar takimin e Kryeministrit t\u00eb Kosov\u00ebs, Albin Kurti, me p\u00ebrfaq\u00ebsuesit politik\u00eb shqiptar\u00eb t\u00eb Lugin\u00ebs s\u00eb Preshev\u00ebs n\u00eb Prishtin\u00eb dhe akuzat e tij ndaj politik\u00ebs s\u00eb Beogradit p\u00ebr diskriminimin e shqiptar\u00ebve.<br \/>\nSipas Hysenit, kjo \u00ebsht\u00eb nj\u00eb \u00e7\u00ebshtje q\u00eb nuk mund t\u00eb mbulohet m\u00eb vet\u00ebm me deklarata diplomatike. Ai konsideron se \u00ebsht\u00eb e drejt\u00eb q\u00eb Prishtina dhe Tirana ta ngren\u00eb z\u00ebrin p\u00ebr shqiptar\u00ebt e Lugin\u00ebs, por thekson se mbi t\u00eb gjitha nevojitet q\u00eb \u00e7\u00ebshtja t\u00eb trajtohet n\u00eb institucionet nd\u00ebrkomb\u00ebtare dhe p\u00ebrmes mekanizmave t\u00eb matsh\u00ebm t\u00eb mbrojtjes s\u00eb t\u00eb drejtave t\u00eb njeriut.<\/p>\n","protected":false},"excerpt":{"rendered":"<p>Prishtin\u00eb, 31 Gusht 2026 08:25 Kryeministri i Kosov\u00ebs, Albin Kurti, ka takuar n\u00eb Prishtin\u00eb p\u00ebrfaq\u00ebsues politik\u00eb dhe t\u00eb shoq\u00ebris\u00eb civile nga Lugina e Preshev\u00ebs, duke<\/p>\n","protected":false},"author":2,"featured_media":63604,"comment_status":"open","ping_status":"open","sticky":false,"template":"","format":"standard","meta":{"footnotes":""},"categories":[58],"tags":[],"class_list":["post-63603","post","type-post","status-publish","format-standard","has-post-thumbnail","hentry","category-politike-sq"],"yoast_head":"<!-- This site is optimized with the Yoast SEO plugin v25.3.1 - https:\/\/yoast.com\/wordpress\/plugins\/seo\/ -->\n<title>\u201c\u00c7\u00ebshtja e Preshev\u00ebs, Bujanocit dhe Medvegj\u00ebs duhet t\u00eb d\u00ebgjohet n\u00eb Beograd, Bruksel, Uashington, Strasburg dhe Nju Jork\u201d -<\/title>\n<meta name=\"robots\" content=\"index, follow, max-snippet:-1, max-image-preview:large, max-video-preview:-1\" \/>\n<link rel=\"canonical\" href=\"https:\/\/veritasinfo.org\/?p=63603\" \/>\n<meta property=\"og:locale\" content=\"en_US\" \/>\n<meta property=\"og:type\" content=\"article\" \/>\n<meta property=\"og:title\" content=\"\u201c\u00c7\u00ebshtja e Preshev\u00ebs, Bujanocit dhe Medvegj\u00ebs duhet t\u00eb d\u00ebgjohet n\u00eb Beograd, Bruksel, Uashington, Strasburg dhe Nju Jork\u201d -\" \/>\n<meta property=\"og:description\" content=\"Prishtin\u00eb, 31 Gusht 2026 08:25 Kryeministri i Kosov\u00ebs, Albin Kurti, ka takuar n\u00eb Prishtin\u00eb p\u00ebrfaq\u00ebsues politik\u00eb dhe t\u00eb shoq\u00ebris\u00eb civile nga Lugina e Preshev\u00ebs, duke\" \/>\n<meta property=\"og:url\" content=\"https:\/\/veritasinfo.org\/?p=63603\" \/>\n<meta property=\"article:published_time\" content=\"2026-08-31T06:24:53+00:00\" \/>\n<meta property=\"og:image\" content=\"https:\/\/veritasinfo.org\/wp-content\/uploads\/2026\/08\/Presheva.jpg\" \/>\n\t<meta property=\"og:image:width\" content=\"851\" \/>\n\t<meta property=\"og:image:height\" content=\"544\" \/>\n\t<meta property=\"og:image:type\" content=\"image\/jpeg\" \/>\n<meta name=\"author\" content=\"US1\" \/>\n<meta name=\"twitter:card\" content=\"summary_large_image\" \/>\n<meta name=\"twitter:label1\" content=\"Written by\" \/>\n\t<meta name=\"twitter:data1\" content=\"US1\" \/>\n\t<meta name=\"twitter:label2\" content=\"Est. reading time\" \/>\n\t<meta name=\"twitter:data2\" content=\"2 minutes\" \/>\n<script type=\"application\/ld+json\" class=\"yoast-schema-graph\">{\"@context\":\"https:\/\/schema.org\",\"@graph\":[{\"@type\":\"WebPage\",\"@id\":\"https:\/\/veritasinfo.org\/?p=63603\",\"url\":\"https:\/\/veritasinfo.org\/?p=63603\",\"name\":\"\u201c\u00c7\u00ebshtja e Preshev\u00ebs, Bujanocit dhe Medvegj\u00ebs duhet t\u00eb d\u00ebgjohet n\u00eb Beograd, Bruksel, Uashington, Strasburg dhe Nju Jork\u201d -\",\"isPartOf\":{\"@id\":\"https:\/\/veritasinfo.org\/#website\"},\"primaryImageOfPage\":{\"@id\":\"https:\/\/veritasinfo.org\/?p=63603#primaryimage\"},\"image\":{\"@id\":\"https:\/\/veritasinfo.org\/?p=63603#primaryimage\"},\"thumbnailUrl\":\"https:\/\/veritasinfo.org\/wp-content\/uploads\/2026\/08\/Presheva.jpg\",\"datePublished\":\"2026-08-31T06:24:53+00:00\",\"author\":{\"@id\":\"https:\/\/veritasinfo.org\/#\/schema\/person\/c2b8be262ea994d0995addca692c5e98\"},\"breadcrumb\":{\"@id\":\"https:\/\/veritasinfo.org\/?p=63603#breadcrumb\"},\"inLanguage\":\"en-US\",\"potentialAction\":[{\"@type\":\"ReadAction\",\"target\":[\"https:\/\/veritasinfo.org\/?p=63603\"]}]},{\"@type\":\"ImageObject\",\"inLanguage\":\"en-US\",\"@id\":\"https:\/\/veritasinfo.org\/?p=63603#primaryimage\",\"url\":\"https:\/\/veritasinfo.org\/wp-content\/uploads\/2026\/08\/Presheva.jpg\",\"contentUrl\":\"https:\/\/veritasinfo.org\/wp-content\/uploads\/2026\/08\/Presheva.jpg\",\"width\":851,\"height\":544},{\"@type\":\"BreadcrumbList\",\"@id\":\"https:\/\/veritasinfo.org\/?p=63603#breadcrumb\",\"itemListElement\":[{\"@type\":\"ListItem\",\"position\":1,\"name\":\"Home\",\"item\":\"https:\/\/veritasinfo.org\/\"},{\"@type\":\"ListItem\",\"position\":2,\"name\":\"\u201c\u00c7\u00ebshtja e Preshev\u00ebs, Bujanocit dhe Medvegj\u00ebs duhet t\u00eb d\u00ebgjohet n\u00eb Beograd, Bruksel, Uashington, Strasburg dhe Nju Jork\u201d\"}]},{\"@type\":\"WebSite\",\"@id\":\"https:\/\/veritasinfo.org\/#website\",\"url\":\"https:\/\/veritasinfo.org\/\",\"name\":\"\",\"description\":\"\",\"potentialAction\":[{\"@type\":\"SearchAction\",\"target\":{\"@type\":\"EntryPoint\",\"urlTemplate\":\"https:\/\/veritasinfo.org\/?s={search_term_string}\"},\"query-input\":{\"@type\":\"PropertyValueSpecification\",\"valueRequired\":true,\"valueName\":\"search_term_string\"}}],\"inLanguage\":\"en-US\"},{\"@type\":\"Person\",\"@id\":\"https:\/\/veritasinfo.org\/#\/schema\/person\/c2b8be262ea994d0995addca692c5e98\",\"name\":\"US1\",\"image\":{\"@type\":\"ImageObject\",\"inLanguage\":\"en-US\",\"@id\":\"https:\/\/veritasinfo.org\/#\/schema\/person\/image\/\",\"url\":\"https:\/\/secure.gravatar.com\/avatar\/4e96a59bd256abf9956eb9963ac891a47461ffb364d47b0e9aab113328fdb75b?s=96&d=mm&r=g\",\"contentUrl\":\"https:\/\/secure.gravatar.com\/avatar\/4e96a59bd256abf9956eb9963ac891a47461ffb364d47b0e9aab113328fdb75b?s=96&d=mm&r=g\",\"caption\":\"US1\"},\"url\":\"https:\/\/veritasinfo.org\/?author=2\"}]}<\/script>\n<!-- \/ Yoast SEO plugin. -->","yoast_head_json":{"title":"\u201c\u00c7\u00ebshtja e Preshev\u00ebs, Bujanocit dhe Medvegj\u00ebs duhet t\u00eb d\u00ebgjohet n\u00eb Beograd, Bruksel, Uashington, Strasburg dhe Nju Jork\u201d -","robots":{"index":"index","follow":"follow","max-snippet":"max-snippet:-1","max-image-preview":"max-image-preview:large","max-video-preview":"max-video-preview:-1"},"canonical":"https:\/\/veritasinfo.org\/?p=63603","og_locale":"en_US","og_type":"article","og_title":"\u201c\u00c7\u00ebshtja e Preshev\u00ebs, Bujanocit dhe Medvegj\u00ebs duhet t\u00eb d\u00ebgjohet n\u00eb Beograd, Bruksel, Uashington, Strasburg dhe Nju Jork\u201d -","og_description":"Prishtin\u00eb, 31 Gusht 2026 08:25 Kryeministri i Kosov\u00ebs, Albin Kurti, ka takuar n\u00eb Prishtin\u00eb p\u00ebrfaq\u00ebsues politik\u00eb dhe t\u00eb shoq\u00ebris\u00eb civile nga Lugina e Preshev\u00ebs, duke","og_url":"https:\/\/veritasinfo.org\/?p=63603","article_published_time":"2026-08-31T06:24:53+00:00","og_image":[{"width":851,"height":544,"url":"https:\/\/veritasinfo.org\/wp-content\/uploads\/2026\/08\/Presheva.jpg","type":"image\/jpeg"}],"author":"US1","twitter_card":"summary_large_image","twitter_misc":{"Written by":"US1","Est. reading time":"2 minutes"},"schema":{"@context":"https:\/\/schema.org","@graph":[{"@type":"WebPage","@id":"https:\/\/veritasinfo.org\/?p=63603","url":"https:\/\/veritasinfo.org\/?p=63603","name":"\u201c\u00c7\u00ebshtja e Preshev\u00ebs, Bujanocit dhe Medvegj\u00ebs duhet t\u00eb d\u00ebgjohet n\u00eb Beograd, Bruksel, Uashington, Strasburg dhe Nju Jork\u201d -","isPartOf":{"@id":"https:\/\/veritasinfo.org\/#website"},"primaryImageOfPage":{"@id":"https:\/\/veritasinfo.org\/?p=63603#primaryimage"},"image":{"@id":"https:\/\/veritasinfo.org\/?p=63603#primaryimage"},"thumbnailUrl":"https:\/\/veritasinfo.org\/wp-content\/uploads\/2026\/08\/Presheva.jpg","datePublished":"2026-08-31T06:24:53+00:00","author":{"@id":"https:\/\/veritasinfo.org\/#\/schema\/person\/c2b8be262ea994d0995addca692c5e98"},"breadcrumb":{"@id":"https:\/\/veritasinfo.org\/?p=63603#breadcrumb"},"inLanguage":"en-US","potentialAction":[{"@type":"ReadAction","target":["https:\/\/veritasinfo.org\/?p=63603"]}]},{"@type":"ImageObject","inLanguage":"en-US","@id":"https:\/\/veritasinfo.org\/?p=63603#primaryimage","url":"https:\/\/veritasinfo.org\/wp-content\/uploads\/2026\/08\/Presheva.jpg","contentUrl":"https:\/\/veritasinfo.org\/wp-content\/uploads\/2026\/08\/Presheva.jpg","width":851,"height":544},{"@type":"BreadcrumbList","@id":"https:\/\/veritasinfo.org\/?p=63603#breadcrumb","itemListElement":[{"@type":"ListItem","position":1,"name":"Home","item":"https:\/\/veritasinfo.org\/"},{"@type":"ListItem","position":2,"name":"\u201c\u00c7\u00ebshtja e Preshev\u00ebs, Bujanocit dhe Medvegj\u00ebs duhet t\u00eb d\u00ebgjohet n\u00eb Beograd, Bruksel, Uashington, Strasburg dhe Nju Jork\u201d"}]},{"@type":"WebSite","@id":"https:\/\/veritasinfo.org\/#website","url":"https:\/\/veritasinfo.org\/","name":"","description":"","potentialAction":[{"@type":"SearchAction","target":{"@type":"EntryPoint","urlTemplate":"https:\/\/veritasinfo.org\/?s={search_term_string}"},"query-input":{"@type":"PropertyValueSpecification","valueRequired":true,"valueName":"search_term_string"}}],"inLanguage":"en-US"},{"@type":"Person","@id":"https:\/\/veritasinfo.org\/#\/schema\/person\/c2b8be262ea994d0995addca692c5e98","name":"US1","image":{"@type":"ImageObject","inLanguage":"en-US","@id":"https:\/\/veritasinfo.org\/#\/schema\/person\/image\/","url":"https:\/\/secure.gravatar.com\/avatar\/4e96a59bd256abf9956eb9963ac891a47461ffb364d47b0e9aab113328fdb75b?s=96&d=mm&r=g","contentUrl":"https:\/\/secure.gravatar.com\/avatar\/4e96a59bd256abf9956eb9963ac891a47461ffb364d47b0e9aab113328fdb75b?s=96&d=mm&r=g","caption":"US1"},"url":"https:\/\/veritasinfo.org\/?author=2"}]}},"featured_image_urls":{"full":["https:\/\/veritasinfo.org\/wp-content\/uploads\/2026\/08\/Presheva.jpg",851,544,false],"thumbnail":["https:\/\/veritasinfo.org\/wp-content\/uploads\/2026\/08\/Presheva-150x150.jpg",150,150,true],"medium":["https:\/\/veritasinfo.org\/wp-content\/uploads\/2026\/08\/Presheva-300x192.jpg",300,192,true],"medium_large":["https:\/\/veritasinfo.org\/wp-content\/uploads\/2026\/08\/Presheva-768x491.jpg",640,409,true],"large":["https:\/\/veritasinfo.org\/wp-content\/uploads\/2026\/08\/Presheva.jpg",640,409,false],"1536x1536":["https:\/\/veritasinfo.org\/wp-content\/uploads\/2026\/08\/Presheva.jpg",851,544,false],"2048x2048":["https:\/\/veritasinfo.org\/wp-content\/uploads\/2026\/08\/Presheva.jpg",851,544,false],"kreeti-slider-full":["https:\/\/veritasinfo.org\/wp-content\/uploads\/2026\/08\/Presheva.jpg",851,544,false],"kreeti-featured":["https:\/\/veritasinfo.org\/wp-content\/uploads\/2026\/08\/Presheva.jpg",851,544,false],"kreeti-medium":["https:\/\/veritasinfo.org\/wp-content\/uploads\/2026\/08\/Presheva-720x530.jpg",720,530,true],"kreeti-medium-square":["https:\/\/veritasinfo.org\/wp-content\/uploads\/2026\/08\/Presheva-350x350.jpg",350,350,true]},"author_info":{"info":["US1"]},"category_info":"<a href=\"https:\/\/veritasinfo.org\/?cat=58\" rel=\"category\">Politik\u00eb<\/a>","tag_info":"Politik\u00eb","comment_count":"0","_links":{"self":[{"href":"https:\/\/veritasinfo.org\/index.php?rest_route=\/wp\/v2\/posts\/63603","targetHints":{"allow":["GET"]}}],"collection":[{"href":"https:\/\/veritasinfo.org\/index.php?rest_route=\/wp\/v2\/posts"}],"about":[{"href":"https:\/\/veritasinfo.org\/index.php?rest_route=\/wp\/v2\/types\/post"}],"author":[{"embeddable":true,"href":"https:\/\/veritasinfo.org\/index.php?rest_route=\/wp\/v2\/users\/2"}],"replies":[{"embeddable":true,"href":"https:\/\/veritasinfo.org\/index.php?rest_route=%2Fwp%2Fv2%2Fcomments&post=63603"}],"version-history":[{"count":1,"href":"https:\/\/veritasinfo.org\/index.php?rest_route=\/wp\/v2\/posts\/63603\/revisions"}],"predecessor-version":[{"id":63605,"href":"https:\/\/veritasinfo.org\/index.php?rest_route=\/wp\/v2\/posts\/63603\/revisions\/63605"}],"wp:featuredmedia":[{"embeddable":true,"href":"https:\/\/veritasinfo.org\/index.php?rest_route=\/wp\/v2\/media\/63604"}],"wp:attachment":[{"href":"https:\/\/veritasinfo.org\/index.php?rest_route=%2Fwp%2Fv2%2Fmedia&parent=63603"}],"wp:term":[{"taxonomy":"category","embeddable":true,"href":"https:\/\/veritasinfo.org\/index.php?rest_route=%2Fwp%2Fv2%2Fcategories&post=63603"},{"taxonomy":"post_tag","embeddable":true,"href":"https:\/\/veritasinfo.org\/index.php?rest_route=%2Fwp%2Fv2%2Ftags&post=63603"}],"curies":[{"name":"wp","href":"https:\/\/api.w.org\/{rel}","templated":true}]}}