{"id":63571,"date":"2026-08-30T20:54:15","date_gmt":"2026-08-30T18:54:15","guid":{"rendered":"https:\/\/veritasinfo.org\/?p=63571"},"modified":"2026-08-30T20:54:15","modified_gmt":"2026-08-30T18:54:15","slug":"be-ja-dhe-britania-duhet-te-zbulohet-e-verteta-per-te-zhdukurit","status":"publish","type":"post","link":"https:\/\/veritasinfo.org\/?p=63571","title":{"rendered":"BE-ja dhe Britania: Duhet t\u00eb zbulohet e v\u00ebrteta p\u00ebr t\u00eb zhdukurit"},"content":{"rendered":"<p>Prishtin\u00eb, 30 gusht 2026 20:52<\/p>\n<p>Mbret\u00ebria e Bashkuar dhe Bashkimi Evropian kan\u00eb shprehur mb\u00ebshtetje p\u00ebr familjet e personave t\u00eb zhdukur gjat\u00eb luft\u00ebs n\u00eb Kosov\u00eb.<\/p>\n<p class=\"wp-block-paragraph\">Z\u00ebvend\u00ebsambasadorja britanike n\u00eb Kosov\u00eb, Agnes Annells, mori pjes\u00eb n\u00eb ceremonin\u00eb p\u00ebrkujtimore s\u00eb bashku me familjar\u00ebt, ushtruesen e detyr\u00ebs s\u00eb presidentes, Albulena Haxhiu, kryeministrin n\u00eb detyr\u00eb, Albin Kurti, dhe p\u00ebrfaq\u00ebsues nd\u00ebrkomb\u00ebtar\u00eb.<\/p>\n<p class=\"wp-block-paragraph\">Ambasada Britanike deklaroi se Mbret\u00ebria e Bashkuar mb\u00ebshtet nj\u00eb qasje ndaj trash\u00ebgimis\u00eb s\u00eb luft\u00ebs q\u00eb i vendos viktimat n\u00eb qend\u00ebr.<\/p>\n<p class=\"wp-block-paragraph\">\u201cKjo duhet t\u00eb k\u00ebrkoj\u00eb t\u00eb v\u00ebrtet\u00ebn, t\u00eb ruaj\u00eb dinjitetin dhe t\u00eb siguroj\u00eb p\u00ebrkujtimin p\u00ebr t\u00eb gjith\u00eb ata q\u00eb jan\u00eb prekur\u201d, thuhet n\u00eb deklarat\u00eb.<\/p>\n<p class=\"wp-block-paragraph\">N\u00eb homazhe mori pjes\u00eb edhe i ngarkuari me pun\u00eb i BE-s\u00eb n\u00eb Kosov\u00eb, Boguslaw Gertruda.<\/p>\n<p class=\"wp-block-paragraph\">\u201cE v\u00ebrteta dhe drejt\u00ebsia p\u00ebr personat e zhdukur jan\u00eb domosdoshm\u00ebri\u201d, thuhet n\u00eb mesazhin e BE-s\u00eb.<\/p>\n<p class=\"wp-block-paragraph\">Britania dhe BE-ja k\u00ebrkuan vazhdimin e p\u00ebrpjekjeve p\u00ebr gjetjen dhe identifikimin e personave q\u00eb ende rezultojn\u00eb t\u00eb zhdukur nga lufta e viteve 1998\u20131999.<\/p>\n<p>&nbsp;<\/p>\n","protected":false},"excerpt":{"rendered":"<p>Prishtin\u00eb, 30 gusht 2026 20:52 Mbret\u00ebria e Bashkuar dhe Bashkimi Evropian kan\u00eb shprehur mb\u00ebshtetje p\u00ebr familjet e personave t\u00eb zhdukur gjat\u00eb luft\u00ebs n\u00eb Kosov\u00eb. Z\u00ebvend\u00ebsambasadorja<\/p>\n","protected":false},"author":7,"featured_media":63572,"comment_status":"open","ping_status":"open","sticky":false,"template":"","format":"standard","meta":{"footnotes":""},"categories":[60],"tags":[],"class_list":["post-63571","post","type-post","status-publish","format-standard","has-post-thumbnail","hentry","category-shoqerore-sq"],"yoast_head":"<!-- This site is optimized with the Yoast SEO plugin v25.3.1 - https:\/\/yoast.com\/wordpress\/plugins\/seo\/ -->\n<title>BE-ja dhe Britania: Duhet t\u00eb zbulohet e v\u00ebrteta p\u00ebr t\u00eb zhdukurit -<\/title>\n<meta name=\"robots\" content=\"index, follow, max-snippet:-1, max-image-preview:large, max-video-preview:-1\" \/>\n<link rel=\"canonical\" href=\"https:\/\/veritasinfo.org\/?p=63571\" \/>\n<meta property=\"og:locale\" content=\"en_US\" \/>\n<meta property=\"og:type\" content=\"article\" \/>\n<meta property=\"og:title\" content=\"BE-ja dhe Britania: Duhet t\u00eb zbulohet e v\u00ebrteta p\u00ebr t\u00eb zhdukurit -\" \/>\n<meta property=\"og:description\" content=\"Prishtin\u00eb, 30 gusht 2026 20:52 Mbret\u00ebria e Bashkuar dhe Bashkimi Evropian kan\u00eb shprehur mb\u00ebshtetje p\u00ebr familjet e personave t\u00eb zhdukur gjat\u00eb luft\u00ebs n\u00eb Kosov\u00eb. Z\u00ebvend\u00ebsambasadorja\" \/>\n<meta property=\"og:url\" content=\"https:\/\/veritasinfo.org\/?p=63571\" \/>\n<meta property=\"article:published_time\" content=\"2026-08-30T18:54:15+00:00\" \/>\n<meta property=\"og:image\" content=\"https:\/\/veritasinfo.org\/wp-content\/uploads\/2026\/08\/1-89.jpg\" \/>\n\t<meta property=\"og:image:width\" content=\"749\" \/>\n\t<meta property=\"og:image:height\" content=\"379\" \/>\n\t<meta property=\"og:image:type\" content=\"image\/jpeg\" \/>\n<meta name=\"author\" content=\"US6\" \/>\n<meta name=\"twitter:card\" content=\"summary_large_image\" \/>\n<meta name=\"twitter:label1\" content=\"Written by\" \/>\n\t<meta name=\"twitter:data1\" content=\"US6\" \/>\n\t<meta name=\"twitter:label2\" content=\"Est. reading time\" \/>\n\t<meta name=\"twitter:data2\" content=\"1 minute\" \/>\n<script type=\"application\/ld+json\" class=\"yoast-schema-graph\">{\"@context\":\"https:\/\/schema.org\",\"@graph\":[{\"@type\":\"WebPage\",\"@id\":\"https:\/\/veritasinfo.org\/?p=63571\",\"url\":\"https:\/\/veritasinfo.org\/?p=63571\",\"name\":\"BE-ja dhe Britania: Duhet t\u00eb zbulohet e v\u00ebrteta p\u00ebr t\u00eb zhdukurit -\",\"isPartOf\":{\"@id\":\"https:\/\/veritasinfo.org\/#website\"},\"primaryImageOfPage\":{\"@id\":\"https:\/\/veritasinfo.org\/?p=63571#primaryimage\"},\"image\":{\"@id\":\"https:\/\/veritasinfo.org\/?p=63571#primaryimage\"},\"thumbnailUrl\":\"https:\/\/veritasinfo.org\/wp-content\/uploads\/2026\/08\/1-89.jpg\",\"datePublished\":\"2026-08-30T18:54:15+00:00\",\"author\":{\"@id\":\"https:\/\/veritasinfo.org\/#\/schema\/person\/fe199eede04c3937362892b7444747cc\"},\"breadcrumb\":{\"@id\":\"https:\/\/veritasinfo.org\/?p=63571#breadcrumb\"},\"inLanguage\":\"en-US\",\"potentialAction\":[{\"@type\":\"ReadAction\",\"target\":[\"https:\/\/veritasinfo.org\/?p=63571\"]}]},{\"@type\":\"ImageObject\",\"inLanguage\":\"en-US\",\"@id\":\"https:\/\/veritasinfo.org\/?p=63571#primaryimage\",\"url\":\"https:\/\/veritasinfo.org\/wp-content\/uploads\/2026\/08\/1-89.jpg\",\"contentUrl\":\"https:\/\/veritasinfo.org\/wp-content\/uploads\/2026\/08\/1-89.jpg\",\"width\":749,\"height\":379},{\"@type\":\"BreadcrumbList\",\"@id\":\"https:\/\/veritasinfo.org\/?p=63571#breadcrumb\",\"itemListElement\":[{\"@type\":\"ListItem\",\"position\":1,\"name\":\"Home\",\"item\":\"https:\/\/veritasinfo.org\/\"},{\"@type\":\"ListItem\",\"position\":2,\"name\":\"BE-ja dhe Britania: Duhet t\u00eb zbulohet e v\u00ebrteta p\u00ebr t\u00eb zhdukurit\"}]},{\"@type\":\"WebSite\",\"@id\":\"https:\/\/veritasinfo.org\/#website\",\"url\":\"https:\/\/veritasinfo.org\/\",\"name\":\"\",\"description\":\"\",\"potentialAction\":[{\"@type\":\"SearchAction\",\"target\":{\"@type\":\"EntryPoint\",\"urlTemplate\":\"https:\/\/veritasinfo.org\/?s={search_term_string}\"},\"query-input\":{\"@type\":\"PropertyValueSpecification\",\"valueRequired\":true,\"valueName\":\"search_term_string\"}}],\"inLanguage\":\"en-US\"},{\"@type\":\"Person\",\"@id\":\"https:\/\/veritasinfo.org\/#\/schema\/person\/fe199eede04c3937362892b7444747cc\",\"name\":\"US6\",\"image\":{\"@type\":\"ImageObject\",\"inLanguage\":\"en-US\",\"@id\":\"https:\/\/veritasinfo.org\/#\/schema\/person\/image\/\",\"url\":\"https:\/\/secure.gravatar.com\/avatar\/cb16c3c31c9d23b9b8c705964598220b3014e42ff51eb540ff23cefa3ae8c15f?s=96&d=mm&r=g\",\"contentUrl\":\"https:\/\/secure.gravatar.com\/avatar\/cb16c3c31c9d23b9b8c705964598220b3014e42ff51eb540ff23cefa3ae8c15f?s=96&d=mm&r=g\",\"caption\":\"US6\"},\"url\":\"https:\/\/veritasinfo.org\/?author=7\"}]}<\/script>\n<!-- \/ Yoast SEO plugin. -->","yoast_head_json":{"title":"BE-ja dhe Britania: Duhet t\u00eb zbulohet e v\u00ebrteta p\u00ebr t\u00eb zhdukurit -","robots":{"index":"index","follow":"follow","max-snippet":"max-snippet:-1","max-image-preview":"max-image-preview:large","max-video-preview":"max-video-preview:-1"},"canonical":"https:\/\/veritasinfo.org\/?p=63571","og_locale":"en_US","og_type":"article","og_title":"BE-ja dhe Britania: Duhet t\u00eb zbulohet e v\u00ebrteta p\u00ebr t\u00eb zhdukurit -","og_description":"Prishtin\u00eb, 30 gusht 2026 20:52 Mbret\u00ebria e Bashkuar dhe Bashkimi Evropian kan\u00eb shprehur mb\u00ebshtetje p\u00ebr familjet e personave t\u00eb zhdukur gjat\u00eb luft\u00ebs n\u00eb Kosov\u00eb. Z\u00ebvend\u00ebsambasadorja","og_url":"https:\/\/veritasinfo.org\/?p=63571","article_published_time":"2026-08-30T18:54:15+00:00","og_image":[{"width":749,"height":379,"url":"https:\/\/veritasinfo.org\/wp-content\/uploads\/2026\/08\/1-89.jpg","type":"image\/jpeg"}],"author":"US6","twitter_card":"summary_large_image","twitter_misc":{"Written by":"US6","Est. reading time":"1 minute"},"schema":{"@context":"https:\/\/schema.org","@graph":[{"@type":"WebPage","@id":"https:\/\/veritasinfo.org\/?p=63571","url":"https:\/\/veritasinfo.org\/?p=63571","name":"BE-ja dhe Britania: Duhet t\u00eb zbulohet e v\u00ebrteta p\u00ebr t\u00eb zhdukurit -","isPartOf":{"@id":"https:\/\/veritasinfo.org\/#website"},"primaryImageOfPage":{"@id":"https:\/\/veritasinfo.org\/?p=63571#primaryimage"},"image":{"@id":"https:\/\/veritasinfo.org\/?p=63571#primaryimage"},"thumbnailUrl":"https:\/\/veritasinfo.org\/wp-content\/uploads\/2026\/08\/1-89.jpg","datePublished":"2026-08-30T18:54:15+00:00","author":{"@id":"https:\/\/veritasinfo.org\/#\/schema\/person\/fe199eede04c3937362892b7444747cc"},"breadcrumb":{"@id":"https:\/\/veritasinfo.org\/?p=63571#breadcrumb"},"inLanguage":"en-US","potentialAction":[{"@type":"ReadAction","target":["https:\/\/veritasinfo.org\/?p=63571"]}]},{"@type":"ImageObject","inLanguage":"en-US","@id":"https:\/\/veritasinfo.org\/?p=63571#primaryimage","url":"https:\/\/veritasinfo.org\/wp-content\/uploads\/2026\/08\/1-89.jpg","contentUrl":"https:\/\/veritasinfo.org\/wp-content\/uploads\/2026\/08\/1-89.jpg","width":749,"height":379},{"@type":"BreadcrumbList","@id":"https:\/\/veritasinfo.org\/?p=63571#breadcrumb","itemListElement":[{"@type":"ListItem","position":1,"name":"Home","item":"https:\/\/veritasinfo.org\/"},{"@type":"ListItem","position":2,"name":"BE-ja dhe Britania: Duhet t\u00eb zbulohet e v\u00ebrteta p\u00ebr t\u00eb zhdukurit"}]},{"@type":"WebSite","@id":"https:\/\/veritasinfo.org\/#website","url":"https:\/\/veritasinfo.org\/","name":"","description":"","potentialAction":[{"@type":"SearchAction","target":{"@type":"EntryPoint","urlTemplate":"https:\/\/veritasinfo.org\/?s={search_term_string}"},"query-input":{"@type":"PropertyValueSpecification","valueRequired":true,"valueName":"search_term_string"}}],"inLanguage":"en-US"},{"@type":"Person","@id":"https:\/\/veritasinfo.org\/#\/schema\/person\/fe199eede04c3937362892b7444747cc","name":"US6","image":{"@type":"ImageObject","inLanguage":"en-US","@id":"https:\/\/veritasinfo.org\/#\/schema\/person\/image\/","url":"https:\/\/secure.gravatar.com\/avatar\/cb16c3c31c9d23b9b8c705964598220b3014e42ff51eb540ff23cefa3ae8c15f?s=96&d=mm&r=g","contentUrl":"https:\/\/secure.gravatar.com\/avatar\/cb16c3c31c9d23b9b8c705964598220b3014e42ff51eb540ff23cefa3ae8c15f?s=96&d=mm&r=g","caption":"US6"},"url":"https:\/\/veritasinfo.org\/?author=7"}]}},"featured_image_urls":{"full":["https:\/\/veritasinfo.org\/wp-content\/uploads\/2026\/08\/1-89.jpg",749,379,false],"thumbnail":["https:\/\/veritasinfo.org\/wp-content\/uploads\/2026\/08\/1-89-150x150.jpg",150,150,true],"medium":["https:\/\/veritasinfo.org\/wp-content\/uploads\/2026\/08\/1-89-300x152.jpg",300,152,true],"medium_large":["https:\/\/veritasinfo.org\/wp-content\/uploads\/2026\/08\/1-89.jpg",640,324,false],"large":["https:\/\/veritasinfo.org\/wp-content\/uploads\/2026\/08\/1-89.jpg",640,324,false],"1536x1536":["https:\/\/veritasinfo.org\/wp-content\/uploads\/2026\/08\/1-89.jpg",749,379,false],"2048x2048":["https:\/\/veritasinfo.org\/wp-content\/uploads\/2026\/08\/1-89.jpg",749,379,false],"kreeti-slider-full":["https:\/\/veritasinfo.org\/wp-content\/uploads\/2026\/08\/1-89.jpg",749,379,false],"kreeti-featured":["https:\/\/veritasinfo.org\/wp-content\/uploads\/2026\/08\/1-89.jpg",749,379,false],"kreeti-medium":["https:\/\/veritasinfo.org\/wp-content\/uploads\/2026\/08\/1-89-720x379.jpg",720,379,true],"kreeti-medium-square":["https:\/\/veritasinfo.org\/wp-content\/uploads\/2026\/08\/1-89-350x350.jpg",350,350,true]},"author_info":{"info":["US6"]},"category_info":"<a href=\"https:\/\/veritasinfo.org\/?cat=60\" rel=\"category\">Shoq\u00ebrore<\/a>","tag_info":"Shoq\u00ebrore","comment_count":"0","_links":{"self":[{"href":"https:\/\/veritasinfo.org\/index.php?rest_route=\/wp\/v2\/posts\/63571","targetHints":{"allow":["GET"]}}],"collection":[{"href":"https:\/\/veritasinfo.org\/index.php?rest_route=\/wp\/v2\/posts"}],"about":[{"href":"https:\/\/veritasinfo.org\/index.php?rest_route=\/wp\/v2\/types\/post"}],"author":[{"embeddable":true,"href":"https:\/\/veritasinfo.org\/index.php?rest_route=\/wp\/v2\/users\/7"}],"replies":[{"embeddable":true,"href":"https:\/\/veritasinfo.org\/index.php?rest_route=%2Fwp%2Fv2%2Fcomments&post=63571"}],"version-history":[{"count":1,"href":"https:\/\/veritasinfo.org\/index.php?rest_route=\/wp\/v2\/posts\/63571\/revisions"}],"predecessor-version":[{"id":63573,"href":"https:\/\/veritasinfo.org\/index.php?rest_route=\/wp\/v2\/posts\/63571\/revisions\/63573"}],"wp:featuredmedia":[{"embeddable":true,"href":"https:\/\/veritasinfo.org\/index.php?rest_route=\/wp\/v2\/media\/63572"}],"wp:attachment":[{"href":"https:\/\/veritasinfo.org\/index.php?rest_route=%2Fwp%2Fv2%2Fmedia&parent=63571"}],"wp:term":[{"taxonomy":"category","embeddable":true,"href":"https:\/\/veritasinfo.org\/index.php?rest_route=%2Fwp%2Fv2%2Fcategories&post=63571"},{"taxonomy":"post_tag","embeddable":true,"href":"https:\/\/veritasinfo.org\/index.php?rest_route=%2Fwp%2Fv2%2Ftags&post=63571"}],"curies":[{"name":"wp","href":"https:\/\/api.w.org\/{rel}","templated":true}]}}