{"id":63564,"date":"2026-08-30T19:29:36","date_gmt":"2026-08-30T17:29:36","guid":{"rendered":"https:\/\/veritasinfo.org\/?p=63564"},"modified":"2026-08-30T19:33:04","modified_gmt":"2026-08-30T17:33:04","slug":"rreziku-nga-el-nino-ekspertet-kerkojne-nga-institucionet-mbrojtje-te-kulturave-bujqesore","status":"publish","type":"post","link":"https:\/\/veritasinfo.org\/?p=63564","title":{"rendered":"Rreziku nga \u201cEl Ni\u00f1o\u201d, ekspert\u00ebt k\u00ebrkojn\u00eb nga institucionet mbrojtje t\u00eb kulturave bujq\u00ebsore"},"content":{"rendered":"<p>Prishtin\u00eb, 30 gusht 2026 19:30<\/p>\n<p>Paralajm\u00ebrimet e Organizat\u00ebs Bot\u00ebrore Meteorologjike p\u00ebr fenomenin klimatik \u201cEl Ni\u00f1o\u201d, duhet ta v\u00ebn\u00eb n\u00eb l\u00ebvizje edhe Kosov\u00ebn, vler\u00ebsojn\u00eb ekspert\u00ebt. Sipas tyre, duhet marr\u00eb masa mbrojt\u00ebse p\u00ebr bujq\u00ebsin\u00eb dhe blegtorin\u00eb ngase priten ndryshime t\u00eb theksuara klimatike.<\/p>\n<p>Fenomeni klimatik i njohur si \u201cEl Ni\u00f1o\u201d, i karakterizuar me ndryshime t\u00eb theksuara klimatike, si temperatura t\u00eb larta, that\u00ebsir\u00eb por edhe shi e stuhi, sipas Organizat\u00ebs Bot\u00ebrore Meteorologjike, pritet t\u00eb forcohet n\u00eb vitet n\u00eb vijim.<\/p>\n<p>Nga ky fenomen do t\u00eb preket edhe Kosova, vler\u00ebson eksperti i bujq\u00ebsis\u00eb Muzafer Luma.<\/p>\n<p>\u201cN\u00ebse iu referohemi parashikimeve klimatike t\u00eb agjencis\u00eb komb\u00ebtare t\u00eb SHBA-s\u00eb p\u00ebr \u00e7\u00ebshtjen oqeanike dhe atmosferike vitin e ardhsh\u00ebm bot\u00ebn e pret nj\u00eb ngritje e temperaturave jasht\u00ebzakonisht t\u00eb larta dhe rekorde ku nj\u00eb prej faktor\u00ebve p\u00ebrpos ndryshimeve klimatike parashikon edhe zhvillimin e k\u00ebtij fenomeni klimatik El Ni\u00f1o. Edhe pse El Ni\u00f1o zhvillohet n\u00eb Paq\u00ebsor dometh\u00ebn\u00eb drejtp\u00ebrdrejt atakohen shtetet e Paq\u00ebsorit si\u00e7 jan\u00eb Indonezia, Filipinet, Australia dhe disa shtete t\u00eb Amerik\u00ebs Latine, gjithsesi ndikimi n\u00ebse kombinohen edhe me ndryshimet klimatike do t\u00eb jet\u00eb i drejtp\u00ebrdrejt\u00eb edhe te ne\u201d, ka th\u00ebn\u00eb ai.<\/p>\n<p>Sipas Lum\u00ebs, institucionet e Kosov\u00ebs duhet t\u00eb p\u00ebrgatiten dhe t\u00eb mbrojn\u00eb bujq\u00ebsin\u00eb dhe fermer\u00ebt, n\u00eb m\u00ebnyr\u00eb q\u00eb t\u00eb minimizohen d\u00ebmet.<\/p>\n<p>\u201cNe kemi \u00a0fermat tona, fermer\u00ebt tan\u00eb, t\u00eb cil\u00ebt kan\u00eb vendosur sisteme mbrojt\u00ebse ndaj breshrit, disa e praktikojn\u00eb edhe ndaj ngricave, mir\u00ebpo, fenomenet e shpeshta t\u00eb cilat po ndodhin \u00ebsht\u00eb nj\u00eb kambane dhe nj\u00eb alarm edhe p\u00ebr institucionet tona q\u00eb t\u00eb mobilizohen q\u00eb n\u00eb t\u00eb ardhmen d\u00ebmet t\u00eb jen sa m\u00eb t\u00eb vogla\u201d, ka th\u00ebn\u00eb Luma.<\/p>\n<p>Tregu i konsumit t\u00eb produkteve bujq\u00ebsore n\u00eb Kosov\u00eb, dominohet nga importi dhe k\u00ebshtu indirekt Kosova goditet nga fenomeni El Ni\u00f1o.<\/p>\n<p>\u201cN\u00eb vitin 2024, v\u00ebrehet se Kosova ka importuar rreth 1.4 miliard\u00eb euro produkte bujq\u00ebsore, nga kjo struktur\u00eb rreth 800 milion\u00eb euro nga vendet e BE-s\u00eb, 220 milion\u00eb euro nga vendet e CEFA-s dhe vet\u00ebm 25% apo 400 milion nga vendet e treta, n\u00eb vendet e treta dominon Turqia, por kemi importe edhe nga k\u00ebto vende ku zhvillohet El Nino, si\u00e7 jan\u00eb frutat tropikale, bananet, ananasi, avokado, pastaj \u00e7aji, kakao, dhe vaji i palm\u00ebs sidomos n\u00eb Indonezi, dhe gjithsesi k\u00ebto do preken dhe normalisht edhe do t\u00eb reflektohen dhe n\u00eb \u00e7mime\u201d, \u00ebsht\u00eb shprehur ai.<\/p>\n<p>Luma \u00ebsht\u00eb shprehur se institucionet duhet t\u00eb krijojn\u00eb strategjin\u00eb p\u00ebr adaptimin e bujq\u00ebsis\u00eb me ndryshimet klimatike, duke investuar n\u00eb sistemet e ujitjes, dhe rritjen e kapaciteteve profesionale t\u00eb fermer\u00ebve.<\/p>\n","protected":false},"excerpt":{"rendered":"<p>Prishtin\u00eb, 30 gusht 2026 19:30 Paralajm\u00ebrimet e Organizat\u00ebs Bot\u00ebrore Meteorologjike p\u00ebr fenomenin klimatik \u201cEl Ni\u00f1o\u201d, duhet ta v\u00ebn\u00eb n\u00eb l\u00ebvizje edhe Kosov\u00ebn, vler\u00ebsojn\u00eb ekspert\u00ebt. Sipas<\/p>\n","protected":false},"author":7,"featured_media":63565,"comment_status":"open","ping_status":"open","sticky":false,"template":"","format":"standard","meta":{"footnotes":""},"categories":[60],"tags":[],"class_list":["post-63564","post","type-post","status-publish","format-standard","has-post-thumbnail","hentry","category-shoqerore-sq"],"yoast_head":"<!-- This site is optimized with the Yoast SEO plugin v25.3.1 - https:\/\/yoast.com\/wordpress\/plugins\/seo\/ -->\n<title>Rreziku nga \u201cEl Ni\u00f1o\u201d, ekspert\u00ebt k\u00ebrkojn\u00eb nga institucionet mbrojtje t\u00eb kulturave bujq\u00ebsore -<\/title>\n<meta name=\"robots\" content=\"index, follow, max-snippet:-1, max-image-preview:large, max-video-preview:-1\" \/>\n<link rel=\"canonical\" href=\"https:\/\/veritasinfo.org\/?p=63564\" \/>\n<meta property=\"og:locale\" content=\"en_US\" \/>\n<meta property=\"og:type\" content=\"article\" \/>\n<meta property=\"og:title\" content=\"Rreziku nga \u201cEl Ni\u00f1o\u201d, ekspert\u00ebt k\u00ebrkojn\u00eb nga institucionet mbrojtje t\u00eb kulturave bujq\u00ebsore -\" \/>\n<meta property=\"og:description\" content=\"Prishtin\u00eb, 30 gusht 2026 19:30 Paralajm\u00ebrimet e Organizat\u00ebs Bot\u00ebrore Meteorologjike p\u00ebr fenomenin klimatik \u201cEl Ni\u00f1o\u201d, duhet ta v\u00ebn\u00eb n\u00eb l\u00ebvizje edhe Kosov\u00ebn, vler\u00ebsojn\u00eb ekspert\u00ebt. Sipas\" \/>\n<meta property=\"og:url\" content=\"https:\/\/veritasinfo.org\/?p=63564\" \/>\n<meta property=\"article:published_time\" content=\"2026-08-30T17:29:36+00:00\" \/>\n<meta property=\"article:modified_time\" content=\"2026-08-30T17:33:04+00:00\" \/>\n<meta property=\"og:image\" content=\"https:\/\/veritasinfo.org\/wp-content\/uploads\/2026\/08\/1-87.jpg\" \/>\n\t<meta property=\"og:image:width\" content=\"659\" \/>\n\t<meta property=\"og:image:height\" content=\"397\" \/>\n\t<meta property=\"og:image:type\" content=\"image\/jpeg\" \/>\n<meta name=\"author\" content=\"US6\" \/>\n<meta name=\"twitter:card\" content=\"summary_large_image\" \/>\n<meta name=\"twitter:label1\" content=\"Written by\" \/>\n\t<meta name=\"twitter:data1\" content=\"US6\" \/>\n\t<meta name=\"twitter:label2\" content=\"Est. reading time\" \/>\n\t<meta name=\"twitter:data2\" content=\"2 minutes\" \/>\n<script type=\"application\/ld+json\" class=\"yoast-schema-graph\">{\"@context\":\"https:\/\/schema.org\",\"@graph\":[{\"@type\":\"WebPage\",\"@id\":\"https:\/\/veritasinfo.org\/?p=63564\",\"url\":\"https:\/\/veritasinfo.org\/?p=63564\",\"name\":\"Rreziku nga \u201cEl Ni\u00f1o\u201d, ekspert\u00ebt k\u00ebrkojn\u00eb nga institucionet mbrojtje t\u00eb kulturave bujq\u00ebsore -\",\"isPartOf\":{\"@id\":\"https:\/\/veritasinfo.org\/#website\"},\"primaryImageOfPage\":{\"@id\":\"https:\/\/veritasinfo.org\/?p=63564#primaryimage\"},\"image\":{\"@id\":\"https:\/\/veritasinfo.org\/?p=63564#primaryimage\"},\"thumbnailUrl\":\"https:\/\/veritasinfo.org\/wp-content\/uploads\/2026\/08\/1-87.jpg\",\"datePublished\":\"2026-08-30T17:29:36+00:00\",\"dateModified\":\"2026-08-30T17:33:04+00:00\",\"author\":{\"@id\":\"https:\/\/veritasinfo.org\/#\/schema\/person\/fe199eede04c3937362892b7444747cc\"},\"breadcrumb\":{\"@id\":\"https:\/\/veritasinfo.org\/?p=63564#breadcrumb\"},\"inLanguage\":\"en-US\",\"potentialAction\":[{\"@type\":\"ReadAction\",\"target\":[\"https:\/\/veritasinfo.org\/?p=63564\"]}]},{\"@type\":\"ImageObject\",\"inLanguage\":\"en-US\",\"@id\":\"https:\/\/veritasinfo.org\/?p=63564#primaryimage\",\"url\":\"https:\/\/veritasinfo.org\/wp-content\/uploads\/2026\/08\/1-87.jpg\",\"contentUrl\":\"https:\/\/veritasinfo.org\/wp-content\/uploads\/2026\/08\/1-87.jpg\",\"width\":659,\"height\":397},{\"@type\":\"BreadcrumbList\",\"@id\":\"https:\/\/veritasinfo.org\/?p=63564#breadcrumb\",\"itemListElement\":[{\"@type\":\"ListItem\",\"position\":1,\"name\":\"Home\",\"item\":\"https:\/\/veritasinfo.org\/\"},{\"@type\":\"ListItem\",\"position\":2,\"name\":\"Rreziku nga \u201cEl Ni\u00f1o\u201d, ekspert\u00ebt k\u00ebrkojn\u00eb nga institucionet mbrojtje t\u00eb kulturave bujq\u00ebsore\"}]},{\"@type\":\"WebSite\",\"@id\":\"https:\/\/veritasinfo.org\/#website\",\"url\":\"https:\/\/veritasinfo.org\/\",\"name\":\"\",\"description\":\"\",\"potentialAction\":[{\"@type\":\"SearchAction\",\"target\":{\"@type\":\"EntryPoint\",\"urlTemplate\":\"https:\/\/veritasinfo.org\/?s={search_term_string}\"},\"query-input\":{\"@type\":\"PropertyValueSpecification\",\"valueRequired\":true,\"valueName\":\"search_term_string\"}}],\"inLanguage\":\"en-US\"},{\"@type\":\"Person\",\"@id\":\"https:\/\/veritasinfo.org\/#\/schema\/person\/fe199eede04c3937362892b7444747cc\",\"name\":\"US6\",\"image\":{\"@type\":\"ImageObject\",\"inLanguage\":\"en-US\",\"@id\":\"https:\/\/veritasinfo.org\/#\/schema\/person\/image\/\",\"url\":\"https:\/\/secure.gravatar.com\/avatar\/cb16c3c31c9d23b9b8c705964598220b3014e42ff51eb540ff23cefa3ae8c15f?s=96&d=mm&r=g\",\"contentUrl\":\"https:\/\/secure.gravatar.com\/avatar\/cb16c3c31c9d23b9b8c705964598220b3014e42ff51eb540ff23cefa3ae8c15f?s=96&d=mm&r=g\",\"caption\":\"US6\"},\"url\":\"https:\/\/veritasinfo.org\/?author=7\"}]}<\/script>\n<!-- \/ Yoast SEO plugin. -->","yoast_head_json":{"title":"Rreziku nga \u201cEl Ni\u00f1o\u201d, ekspert\u00ebt k\u00ebrkojn\u00eb nga institucionet mbrojtje t\u00eb kulturave bujq\u00ebsore -","robots":{"index":"index","follow":"follow","max-snippet":"max-snippet:-1","max-image-preview":"max-image-preview:large","max-video-preview":"max-video-preview:-1"},"canonical":"https:\/\/veritasinfo.org\/?p=63564","og_locale":"en_US","og_type":"article","og_title":"Rreziku nga \u201cEl Ni\u00f1o\u201d, ekspert\u00ebt k\u00ebrkojn\u00eb nga institucionet mbrojtje t\u00eb kulturave bujq\u00ebsore -","og_description":"Prishtin\u00eb, 30 gusht 2026 19:30 Paralajm\u00ebrimet e Organizat\u00ebs Bot\u00ebrore Meteorologjike p\u00ebr fenomenin klimatik \u201cEl Ni\u00f1o\u201d, duhet ta v\u00ebn\u00eb n\u00eb l\u00ebvizje edhe Kosov\u00ebn, vler\u00ebsojn\u00eb ekspert\u00ebt. Sipas","og_url":"https:\/\/veritasinfo.org\/?p=63564","article_published_time":"2026-08-30T17:29:36+00:00","article_modified_time":"2026-08-30T17:33:04+00:00","og_image":[{"width":659,"height":397,"url":"https:\/\/veritasinfo.org\/wp-content\/uploads\/2026\/08\/1-87.jpg","type":"image\/jpeg"}],"author":"US6","twitter_card":"summary_large_image","twitter_misc":{"Written by":"US6","Est. reading time":"2 minutes"},"schema":{"@context":"https:\/\/schema.org","@graph":[{"@type":"WebPage","@id":"https:\/\/veritasinfo.org\/?p=63564","url":"https:\/\/veritasinfo.org\/?p=63564","name":"Rreziku nga \u201cEl Ni\u00f1o\u201d, ekspert\u00ebt k\u00ebrkojn\u00eb nga institucionet mbrojtje t\u00eb kulturave bujq\u00ebsore -","isPartOf":{"@id":"https:\/\/veritasinfo.org\/#website"},"primaryImageOfPage":{"@id":"https:\/\/veritasinfo.org\/?p=63564#primaryimage"},"image":{"@id":"https:\/\/veritasinfo.org\/?p=63564#primaryimage"},"thumbnailUrl":"https:\/\/veritasinfo.org\/wp-content\/uploads\/2026\/08\/1-87.jpg","datePublished":"2026-08-30T17:29:36+00:00","dateModified":"2026-08-30T17:33:04+00:00","author":{"@id":"https:\/\/veritasinfo.org\/#\/schema\/person\/fe199eede04c3937362892b7444747cc"},"breadcrumb":{"@id":"https:\/\/veritasinfo.org\/?p=63564#breadcrumb"},"inLanguage":"en-US","potentialAction":[{"@type":"ReadAction","target":["https:\/\/veritasinfo.org\/?p=63564"]}]},{"@type":"ImageObject","inLanguage":"en-US","@id":"https:\/\/veritasinfo.org\/?p=63564#primaryimage","url":"https:\/\/veritasinfo.org\/wp-content\/uploads\/2026\/08\/1-87.jpg","contentUrl":"https:\/\/veritasinfo.org\/wp-content\/uploads\/2026\/08\/1-87.jpg","width":659,"height":397},{"@type":"BreadcrumbList","@id":"https:\/\/veritasinfo.org\/?p=63564#breadcrumb","itemListElement":[{"@type":"ListItem","position":1,"name":"Home","item":"https:\/\/veritasinfo.org\/"},{"@type":"ListItem","position":2,"name":"Rreziku nga \u201cEl Ni\u00f1o\u201d, ekspert\u00ebt k\u00ebrkojn\u00eb nga institucionet mbrojtje t\u00eb kulturave bujq\u00ebsore"}]},{"@type":"WebSite","@id":"https:\/\/veritasinfo.org\/#website","url":"https:\/\/veritasinfo.org\/","name":"","description":"","potentialAction":[{"@type":"SearchAction","target":{"@type":"EntryPoint","urlTemplate":"https:\/\/veritasinfo.org\/?s={search_term_string}"},"query-input":{"@type":"PropertyValueSpecification","valueRequired":true,"valueName":"search_term_string"}}],"inLanguage":"en-US"},{"@type":"Person","@id":"https:\/\/veritasinfo.org\/#\/schema\/person\/fe199eede04c3937362892b7444747cc","name":"US6","image":{"@type":"ImageObject","inLanguage":"en-US","@id":"https:\/\/veritasinfo.org\/#\/schema\/person\/image\/","url":"https:\/\/secure.gravatar.com\/avatar\/cb16c3c31c9d23b9b8c705964598220b3014e42ff51eb540ff23cefa3ae8c15f?s=96&d=mm&r=g","contentUrl":"https:\/\/secure.gravatar.com\/avatar\/cb16c3c31c9d23b9b8c705964598220b3014e42ff51eb540ff23cefa3ae8c15f?s=96&d=mm&r=g","caption":"US6"},"url":"https:\/\/veritasinfo.org\/?author=7"}]}},"featured_image_urls":{"full":["https:\/\/veritasinfo.org\/wp-content\/uploads\/2026\/08\/1-87.jpg",659,397,false],"thumbnail":["https:\/\/veritasinfo.org\/wp-content\/uploads\/2026\/08\/1-87-150x150.jpg",150,150,true],"medium":["https:\/\/veritasinfo.org\/wp-content\/uploads\/2026\/08\/1-87-300x181.jpg",300,181,true],"medium_large":["https:\/\/veritasinfo.org\/wp-content\/uploads\/2026\/08\/1-87.jpg",640,386,false],"large":["https:\/\/veritasinfo.org\/wp-content\/uploads\/2026\/08\/1-87.jpg",640,386,false],"1536x1536":["https:\/\/veritasinfo.org\/wp-content\/uploads\/2026\/08\/1-87.jpg",659,397,false],"2048x2048":["https:\/\/veritasinfo.org\/wp-content\/uploads\/2026\/08\/1-87.jpg",659,397,false],"kreeti-slider-full":["https:\/\/veritasinfo.org\/wp-content\/uploads\/2026\/08\/1-87.jpg",659,397,false],"kreeti-featured":["https:\/\/veritasinfo.org\/wp-content\/uploads\/2026\/08\/1-87.jpg",659,397,false],"kreeti-medium":["https:\/\/veritasinfo.org\/wp-content\/uploads\/2026\/08\/1-87.jpg",659,397,false],"kreeti-medium-square":["https:\/\/veritasinfo.org\/wp-content\/uploads\/2026\/08\/1-87-350x350.jpg",350,350,true]},"author_info":{"info":["US6"]},"category_info":"<a href=\"https:\/\/veritasinfo.org\/?cat=60\" rel=\"category\">Shoq\u00ebrore<\/a>","tag_info":"Shoq\u00ebrore","comment_count":"0","_links":{"self":[{"href":"https:\/\/veritasinfo.org\/index.php?rest_route=\/wp\/v2\/posts\/63564","targetHints":{"allow":["GET"]}}],"collection":[{"href":"https:\/\/veritasinfo.org\/index.php?rest_route=\/wp\/v2\/posts"}],"about":[{"href":"https:\/\/veritasinfo.org\/index.php?rest_route=\/wp\/v2\/types\/post"}],"author":[{"embeddable":true,"href":"https:\/\/veritasinfo.org\/index.php?rest_route=\/wp\/v2\/users\/7"}],"replies":[{"embeddable":true,"href":"https:\/\/veritasinfo.org\/index.php?rest_route=%2Fwp%2Fv2%2Fcomments&post=63564"}],"version-history":[{"count":2,"href":"https:\/\/veritasinfo.org\/index.php?rest_route=\/wp\/v2\/posts\/63564\/revisions"}],"predecessor-version":[{"id":63570,"href":"https:\/\/veritasinfo.org\/index.php?rest_route=\/wp\/v2\/posts\/63564\/revisions\/63570"}],"wp:featuredmedia":[{"embeddable":true,"href":"https:\/\/veritasinfo.org\/index.php?rest_route=\/wp\/v2\/media\/63565"}],"wp:attachment":[{"href":"https:\/\/veritasinfo.org\/index.php?rest_route=%2Fwp%2Fv2%2Fmedia&parent=63564"}],"wp:term":[{"taxonomy":"category","embeddable":true,"href":"https:\/\/veritasinfo.org\/index.php?rest_route=%2Fwp%2Fv2%2Fcategories&post=63564"},{"taxonomy":"post_tag","embeddable":true,"href":"https:\/\/veritasinfo.org\/index.php?rest_route=%2Fwp%2Fv2%2Ftags&post=63564"}],"curies":[{"name":"wp","href":"https:\/\/api.w.org\/{rel}","templated":true}]}}