{"id":63561,"date":"2026-08-30T19:02:28","date_gmt":"2026-08-30T17:02:28","guid":{"rendered":"https:\/\/veritasinfo.org\/?p=63561"},"modified":"2026-08-30T19:02:28","modified_gmt":"2026-08-30T17:02:28","slug":"macedonci-ulaganje-u-vojno-osoblje-je-investicija-u-buducnost-kbs-a","status":"publish","type":"post","link":"https:\/\/veritasinfo.org\/?p=63561&lang=sr","title":{"rendered":"Mac\u0301edonci: Ulaganje u vojno osoblje je investicija u buduc\u0301nost KBS-a"},"content":{"rendered":"<p>Pri\u0161tina, 30. avgust 2026. 18:57<\/p>\n<p>Vr\u0161ilac du\u017enosti ministra odbrane, Ejup Mac\u0301edonci, sastao se danas sa pet kadeta sa Kosova, koji su uspe\u0161no zavr\u0161ili \u0161kolovanje na Vojnoj akademiji Oru\u017eanih snaga Republike Turske.<\/p>\n<p>Makedonac je \u010destitao potporu\u010dnicima Ramadanu Red\u017ei, \u0110er\u0111u Dreniju, Aljtinu Saljihaju, Eljmi Ramadaniju i Admirimu Ismajliju zavr\u0161etak petogodi\u0161njeg \u0161kolovanja, koje je obuhvatalo jednogodi\u0161nji pripremni kurs turskog jezika i \u010detvorogodi\u0161nje vojne studije.<\/p>\n<p>Rekao je da obrazovanje i profesionalni razvoj osoblja ostaju me\u0111u prioritetima Ministarstva odbrane i Kosovskih bezbednosnih snaga.<\/p>\n<p>\u201eDanas, pre po\u010detka ceremonije dodele diploma na Vojnoj akademiji Oru\u017eanih snaga Republike Turske, imao sam zadovoljstvo da upoznam kadete sa Kosova koji su uspe\u0161no zavr\u0161ili \u0161kolovanje na ovoj presti\u017enoj akademiji. \u010cestitao sam poru\u010dnicima Ramadanu Red\u017ei, \u0110er\u0111u Dreniju, Aljtinu Saljihaju, Eljmi Ramadaniju i Admirimu Ismajljiju na uspe\u0161nom zavr\u0161etku petogodi\u0161njeg obrazovanja, uklju\u010dujuc\u0301i jednogodi\u0161nji pripremni kurs turskog jezika i \u010detiri godine vojnih studija\u201c, napisao je on na Fejsbuku.<\/p>\n<p>Prema njegovim re\u010dima, Ministarstvo odbrane i Kosovske bezbednosne snage, pored razvoja kapaciteta i modernizacije snaga, poseban fokus imaju na obrazovanju, vaspitanju i stru\u010dnom razvoju osoblja. Ulaganje u pravo vojno osoblje je investicija u buduc\u0301nost KBS-a i u izgradnju modernih, profesionalnih i interoperabilnih snaga sa vojskama partnerskih zemalja.<\/p>\n<p>\u201eObrazovanje na\u0161ih oficira u presti\u017enim akademijama partnerskih zemalja istovremeno ja\u010da veze i saradnju izme\u0111u na\u0161ih oru\u017eanih snaga. Zahvalni smo Republici Turskoj na kontinuiranoj podr\u0161ci u obrazovanju i profesionalnom razvoju pripadnika KBS-a. Na\u0161im potporu\u010dnicima \u017eelim mnogo uspeha u zadacima i odgovornostima koje ih o\u010dekuju u slu\u017ebi Kosovskih bezbednosnih snaga i Republike Kosovo\u201c, rekao je on.<\/p>\n","protected":false},"excerpt":{"rendered":"<p>Pri\u0161tina, 30. avgust 2026. 18:57 Vr\u0161ilac du\u017enosti ministra odbrane, Ejup Mac\u0301edonci, sastao se danas sa pet kadeta sa Kosova, koji su uspe\u0161no zavr\u0161ili \u0161kolovanje na<\/p>\n","protected":false},"author":7,"featured_media":63562,"comment_status":"open","ping_status":"open","sticky":false,"template":"","format":"standard","meta":{"footnotes":""},"categories":[111],"tags":[],"class_list":["post-63561","post","type-post","status-publish","format-standard","has-post-thumbnail","hentry","category-bezbednost"],"yoast_head":"<!-- This site is optimized with the Yoast SEO plugin v25.3.1 - https:\/\/yoast.com\/wordpress\/plugins\/seo\/ -->\n<title>Mac\u0301edonci: Ulaganje u vojno osoblje je investicija u buduc\u0301nost KBS-a -<\/title>\n<meta name=\"robots\" content=\"index, follow, max-snippet:-1, max-image-preview:large, max-video-preview:-1\" \/>\n<link rel=\"canonical\" href=\"https:\/\/veritasinfo.org\/?p=63561&lang=sr\" \/>\n<meta property=\"og:locale\" content=\"en_US\" \/>\n<meta property=\"og:type\" content=\"article\" \/>\n<meta property=\"og:title\" content=\"Mac\u0301edonci: Ulaganje u vojno osoblje je investicija u buduc\u0301nost KBS-a -\" \/>\n<meta property=\"og:description\" content=\"Pri\u0161tina, 30. avgust 2026. 18:57 Vr\u0161ilac du\u017enosti ministra odbrane, Ejup Mac\u0301edonci, sastao se danas sa pet kadeta sa Kosova, koji su uspe\u0161no zavr\u0161ili \u0161kolovanje na\" \/>\n<meta property=\"og:url\" content=\"https:\/\/veritasinfo.org\/?p=63561&amp;lang=sr\" \/>\n<meta property=\"article:published_time\" content=\"2026-08-30T17:02:28+00:00\" \/>\n<meta property=\"og:image\" content=\"https:\/\/veritasinfo.org\/wp-content\/uploads\/2026\/08\/1-86.jpg\" \/>\n\t<meta property=\"og:image:width\" content=\"737\" \/>\n\t<meta property=\"og:image:height\" content=\"428\" \/>\n\t<meta property=\"og:image:type\" content=\"image\/jpeg\" \/>\n<meta name=\"author\" content=\"US6\" \/>\n<meta name=\"twitter:card\" content=\"summary_large_image\" \/>\n<meta name=\"twitter:label1\" content=\"Written by\" \/>\n\t<meta name=\"twitter:data1\" content=\"US6\" \/>\n\t<meta name=\"twitter:label2\" content=\"Est. reading time\" \/>\n\t<meta name=\"twitter:data2\" content=\"2 minutes\" \/>\n<script type=\"application\/ld+json\" class=\"yoast-schema-graph\">{\"@context\":\"https:\/\/schema.org\",\"@graph\":[{\"@type\":\"WebPage\",\"@id\":\"https:\/\/veritasinfo.org\/?p=63561&lang=sr\",\"url\":\"https:\/\/veritasinfo.org\/?p=63561&lang=sr\",\"name\":\"Mac\u0301edonci: Ulaganje u vojno osoblje je investicija u buduc\u0301nost KBS-a -\",\"isPartOf\":{\"@id\":\"https:\/\/veritasinfo.org\/#website\"},\"primaryImageOfPage\":{\"@id\":\"https:\/\/veritasinfo.org\/?p=63561&lang=sr#primaryimage\"},\"image\":{\"@id\":\"https:\/\/veritasinfo.org\/?p=63561&lang=sr#primaryimage\"},\"thumbnailUrl\":\"https:\/\/veritasinfo.org\/wp-content\/uploads\/2026\/08\/1-86.jpg\",\"datePublished\":\"2026-08-30T17:02:28+00:00\",\"author\":{\"@id\":\"https:\/\/veritasinfo.org\/#\/schema\/person\/fe199eede04c3937362892b7444747cc\"},\"breadcrumb\":{\"@id\":\"https:\/\/veritasinfo.org\/?p=63561&lang=sr#breadcrumb\"},\"inLanguage\":\"en-US\",\"potentialAction\":[{\"@type\":\"ReadAction\",\"target\":[\"https:\/\/veritasinfo.org\/?p=63561&lang=sr\"]}]},{\"@type\":\"ImageObject\",\"inLanguage\":\"en-US\",\"@id\":\"https:\/\/veritasinfo.org\/?p=63561&lang=sr#primaryimage\",\"url\":\"https:\/\/veritasinfo.org\/wp-content\/uploads\/2026\/08\/1-86.jpg\",\"contentUrl\":\"https:\/\/veritasinfo.org\/wp-content\/uploads\/2026\/08\/1-86.jpg\",\"width\":737,\"height\":428},{\"@type\":\"BreadcrumbList\",\"@id\":\"https:\/\/veritasinfo.org\/?p=63561&lang=sr#breadcrumb\",\"itemListElement\":[{\"@type\":\"ListItem\",\"position\":1,\"name\":\"Home\",\"item\":\"https:\/\/veritasinfo.org\/\"},{\"@type\":\"ListItem\",\"position\":2,\"name\":\"Mac\u0301edonci: Ulaganje u vojno osoblje je investicija u buduc\u0301nost KBS-a\"}]},{\"@type\":\"WebSite\",\"@id\":\"https:\/\/veritasinfo.org\/#website\",\"url\":\"https:\/\/veritasinfo.org\/\",\"name\":\"\",\"description\":\"\",\"potentialAction\":[{\"@type\":\"SearchAction\",\"target\":{\"@type\":\"EntryPoint\",\"urlTemplate\":\"https:\/\/veritasinfo.org\/?s={search_term_string}\"},\"query-input\":{\"@type\":\"PropertyValueSpecification\",\"valueRequired\":true,\"valueName\":\"search_term_string\"}}],\"inLanguage\":\"en-US\"},{\"@type\":\"Person\",\"@id\":\"https:\/\/veritasinfo.org\/#\/schema\/person\/fe199eede04c3937362892b7444747cc\",\"name\":\"US6\",\"image\":{\"@type\":\"ImageObject\",\"inLanguage\":\"en-US\",\"@id\":\"https:\/\/veritasinfo.org\/#\/schema\/person\/image\/\",\"url\":\"https:\/\/secure.gravatar.com\/avatar\/cb16c3c31c9d23b9b8c705964598220b3014e42ff51eb540ff23cefa3ae8c15f?s=96&d=mm&r=g\",\"contentUrl\":\"https:\/\/secure.gravatar.com\/avatar\/cb16c3c31c9d23b9b8c705964598220b3014e42ff51eb540ff23cefa3ae8c15f?s=96&d=mm&r=g\",\"caption\":\"US6\"},\"url\":\"https:\/\/veritasinfo.org\/?author=7\"}]}<\/script>\n<!-- \/ Yoast SEO plugin. -->","yoast_head_json":{"title":"Mac\u0301edonci: Ulaganje u vojno osoblje je investicija u buduc\u0301nost KBS-a -","robots":{"index":"index","follow":"follow","max-snippet":"max-snippet:-1","max-image-preview":"max-image-preview:large","max-video-preview":"max-video-preview:-1"},"canonical":"https:\/\/veritasinfo.org\/?p=63561&lang=sr","og_locale":"en_US","og_type":"article","og_title":"Mac\u0301edonci: Ulaganje u vojno osoblje je investicija u buduc\u0301nost KBS-a -","og_description":"Pri\u0161tina, 30. avgust 2026. 18:57 Vr\u0161ilac du\u017enosti ministra odbrane, Ejup Mac\u0301edonci, sastao se danas sa pet kadeta sa Kosova, koji su uspe\u0161no zavr\u0161ili \u0161kolovanje na","og_url":"https:\/\/veritasinfo.org\/?p=63561&lang=sr","article_published_time":"2026-08-30T17:02:28+00:00","og_image":[{"width":737,"height":428,"url":"https:\/\/veritasinfo.org\/wp-content\/uploads\/2026\/08\/1-86.jpg","type":"image\/jpeg"}],"author":"US6","twitter_card":"summary_large_image","twitter_misc":{"Written by":"US6","Est. reading time":"2 minutes"},"schema":{"@context":"https:\/\/schema.org","@graph":[{"@type":"WebPage","@id":"https:\/\/veritasinfo.org\/?p=63561&lang=sr","url":"https:\/\/veritasinfo.org\/?p=63561&lang=sr","name":"Mac\u0301edonci: Ulaganje u vojno osoblje je investicija u buduc\u0301nost KBS-a -","isPartOf":{"@id":"https:\/\/veritasinfo.org\/#website"},"primaryImageOfPage":{"@id":"https:\/\/veritasinfo.org\/?p=63561&lang=sr#primaryimage"},"image":{"@id":"https:\/\/veritasinfo.org\/?p=63561&lang=sr#primaryimage"},"thumbnailUrl":"https:\/\/veritasinfo.org\/wp-content\/uploads\/2026\/08\/1-86.jpg","datePublished":"2026-08-30T17:02:28+00:00","author":{"@id":"https:\/\/veritasinfo.org\/#\/schema\/person\/fe199eede04c3937362892b7444747cc"},"breadcrumb":{"@id":"https:\/\/veritasinfo.org\/?p=63561&lang=sr#breadcrumb"},"inLanguage":"en-US","potentialAction":[{"@type":"ReadAction","target":["https:\/\/veritasinfo.org\/?p=63561&lang=sr"]}]},{"@type":"ImageObject","inLanguage":"en-US","@id":"https:\/\/veritasinfo.org\/?p=63561&lang=sr#primaryimage","url":"https:\/\/veritasinfo.org\/wp-content\/uploads\/2026\/08\/1-86.jpg","contentUrl":"https:\/\/veritasinfo.org\/wp-content\/uploads\/2026\/08\/1-86.jpg","width":737,"height":428},{"@type":"BreadcrumbList","@id":"https:\/\/veritasinfo.org\/?p=63561&lang=sr#breadcrumb","itemListElement":[{"@type":"ListItem","position":1,"name":"Home","item":"https:\/\/veritasinfo.org\/"},{"@type":"ListItem","position":2,"name":"Mac\u0301edonci: Ulaganje u vojno osoblje je investicija u buduc\u0301nost KBS-a"}]},{"@type":"WebSite","@id":"https:\/\/veritasinfo.org\/#website","url":"https:\/\/veritasinfo.org\/","name":"","description":"","potentialAction":[{"@type":"SearchAction","target":{"@type":"EntryPoint","urlTemplate":"https:\/\/veritasinfo.org\/?s={search_term_string}"},"query-input":{"@type":"PropertyValueSpecification","valueRequired":true,"valueName":"search_term_string"}}],"inLanguage":"en-US"},{"@type":"Person","@id":"https:\/\/veritasinfo.org\/#\/schema\/person\/fe199eede04c3937362892b7444747cc","name":"US6","image":{"@type":"ImageObject","inLanguage":"en-US","@id":"https:\/\/veritasinfo.org\/#\/schema\/person\/image\/","url":"https:\/\/secure.gravatar.com\/avatar\/cb16c3c31c9d23b9b8c705964598220b3014e42ff51eb540ff23cefa3ae8c15f?s=96&d=mm&r=g","contentUrl":"https:\/\/secure.gravatar.com\/avatar\/cb16c3c31c9d23b9b8c705964598220b3014e42ff51eb540ff23cefa3ae8c15f?s=96&d=mm&r=g","caption":"US6"},"url":"https:\/\/veritasinfo.org\/?author=7"}]}},"featured_image_urls":{"full":["https:\/\/veritasinfo.org\/wp-content\/uploads\/2026\/08\/1-86.jpg",737,428,false],"thumbnail":["https:\/\/veritasinfo.org\/wp-content\/uploads\/2026\/08\/1-86-150x150.jpg",150,150,true],"medium":["https:\/\/veritasinfo.org\/wp-content\/uploads\/2026\/08\/1-86-300x174.jpg",300,174,true],"medium_large":["https:\/\/veritasinfo.org\/wp-content\/uploads\/2026\/08\/1-86.jpg",640,372,false],"large":["https:\/\/veritasinfo.org\/wp-content\/uploads\/2026\/08\/1-86.jpg",640,372,false],"1536x1536":["https:\/\/veritasinfo.org\/wp-content\/uploads\/2026\/08\/1-86.jpg",737,428,false],"2048x2048":["https:\/\/veritasinfo.org\/wp-content\/uploads\/2026\/08\/1-86.jpg",737,428,false],"kreeti-slider-full":["https:\/\/veritasinfo.org\/wp-content\/uploads\/2026\/08\/1-86.jpg",737,428,false],"kreeti-featured":["https:\/\/veritasinfo.org\/wp-content\/uploads\/2026\/08\/1-86.jpg",737,428,false],"kreeti-medium":["https:\/\/veritasinfo.org\/wp-content\/uploads\/2026\/08\/1-86-720x428.jpg",720,428,true],"kreeti-medium-square":["https:\/\/veritasinfo.org\/wp-content\/uploads\/2026\/08\/1-86-350x350.jpg",350,350,true]},"author_info":{"info":["US6"]},"category_info":"<a href=\"https:\/\/veritasinfo.org\/?cat=111&#038;lang=sr\" rel=\"category\">Bezbednost<\/a>","tag_info":"Bezbednost","comment_count":"0","_links":{"self":[{"href":"https:\/\/veritasinfo.org\/index.php?rest_route=\/wp\/v2\/posts\/63561","targetHints":{"allow":["GET"]}}],"collection":[{"href":"https:\/\/veritasinfo.org\/index.php?rest_route=\/wp\/v2\/posts"}],"about":[{"href":"https:\/\/veritasinfo.org\/index.php?rest_route=\/wp\/v2\/types\/post"}],"author":[{"embeddable":true,"href":"https:\/\/veritasinfo.org\/index.php?rest_route=\/wp\/v2\/users\/7"}],"replies":[{"embeddable":true,"href":"https:\/\/veritasinfo.org\/index.php?rest_route=%2Fwp%2Fv2%2Fcomments&post=63561"}],"version-history":[{"count":1,"href":"https:\/\/veritasinfo.org\/index.php?rest_route=\/wp\/v2\/posts\/63561\/revisions"}],"predecessor-version":[{"id":63563,"href":"https:\/\/veritasinfo.org\/index.php?rest_route=\/wp\/v2\/posts\/63561\/revisions\/63563"}],"wp:featuredmedia":[{"embeddable":true,"href":"https:\/\/veritasinfo.org\/index.php?rest_route=\/wp\/v2\/media\/63562"}],"wp:attachment":[{"href":"https:\/\/veritasinfo.org\/index.php?rest_route=%2Fwp%2Fv2%2Fmedia&parent=63561"}],"wp:term":[{"taxonomy":"category","embeddable":true,"href":"https:\/\/veritasinfo.org\/index.php?rest_route=%2Fwp%2Fv2%2Fcategories&post=63561"},{"taxonomy":"post_tag","embeddable":true,"href":"https:\/\/veritasinfo.org\/index.php?rest_route=%2Fwp%2Fv2%2Ftags&post=63561"}],"curies":[{"name":"wp","href":"https:\/\/api.w.org\/{rel}","templated":true}]}}