{"id":6347,"date":"2025-08-02T12:29:50","date_gmt":"2025-08-02T10:29:50","guid":{"rendered":"https:\/\/veritasinfo.org\/?p=6347"},"modified":"2025-08-02T12:29:50","modified_gmt":"2025-08-02T10:29:50","slug":"bislimi-be-ja-aprovon-aplikimet-ne-programin-e-kornizes-investuese-kosova-perfiton-mbi-2-milione-euro","status":"publish","type":"post","link":"https:\/\/veritasinfo.org\/?p=6347","title":{"rendered":"Bislimi: BE-ja aprovon aplikimet n\u00eb programin e Korniz\u00ebs Investuese, Kosova p\u00ebrfiton mbi 2 milion\u00eb euro"},"content":{"rendered":"<p>Prishtin\u00eb, 02 Gusht 2025<\/p>\n<p>Z\u00ebvend\u00ebskryeministri n\u00eb detyr\u00eb, Besnik Bislimi ka njoftuar se jan\u00eb aprovuar aplikimet e Kosov\u00ebs n\u00eb programin e Bashkimit Evropian (BE) t\u00eb Korniz\u00ebs Investuese p\u00ebr Ballkanin Per\u00ebndimor (WBIF).<\/p>\n<p>Sipas tij, Kosova do t\u2019i p\u00ebrfitoj\u00eb mbi 2 milion\u00eb euro, n\u00eb fush\u00ebn e energjis\u00eb dhe digjitalizimit.<\/p>\n<div class=\"jeg_ad jeg_ad_article jnews_content_inline_ads  \">\n<div class=\"ads-wrapper align-center \"><\/div>\n<\/div>\n<p>\u201cP\u00ebrkund\u00ebr faktit q\u00eb vendi yn\u00eb ishte n\u00ebn masa t\u00eb padrejta t\u00eb BE-s\u00eb, vitin e kaluar aplikuam n\u00eb thirrjet e Korniz\u00ebs Investuese p\u00ebr Ballkanin Per\u00ebndimor (WBIF) me kat\u00ebr projekte n\u00eb fushat e energjis\u00eb dhe digjitalizimit.<\/p>\n<p>K\u00ebto aplikime mor\u00ebn opinion pozitiv fillimisht nga komisioni i vler\u00ebsimit, nd\u00ebrsa tash u zyrtarizua dhe aprovimi final i tyre. Shuma e granteve t\u00eb asistenc\u00ebs teknike n\u00eb k\u00ebto projekte arrin totalin prej mbi 2 milion\u00eb euro: p\u00ebr projektet e energjis\u00eb vlera \u00ebsht\u00eb mbi 800 mij\u00eb euro, nd\u00ebrsa n\u00eb ato t\u00eb digjitalizimit mbi 1 milion e 200 mij\u00eb euro\u201d, ka shkruar Bislimi nw Facebook.<\/p>\n<p>&nbsp;<\/p>\n","protected":false},"excerpt":{"rendered":"<p>Prishtin\u00eb, 02 Gusht 2025 Z\u00ebvend\u00ebskryeministri n\u00eb detyr\u00eb, Besnik Bislimi ka njoftuar se jan\u00eb aprovuar aplikimet e Kosov\u00ebs n\u00eb programin e Bashkimit Evropian (BE) t\u00eb Korniz\u00ebs<\/p>\n","protected":false},"author":1,"featured_media":6348,"comment_status":"open","ping_status":"open","sticky":false,"template":"","format":"standard","meta":{"footnotes":""},"categories":[58],"tags":[],"class_list":["post-6347","post","type-post","status-publish","format-standard","has-post-thumbnail","hentry","category-politike-sq"],"yoast_head":"<!-- This site is optimized with the Yoast SEO plugin v25.3.1 - https:\/\/yoast.com\/wordpress\/plugins\/seo\/ -->\n<title>Bislimi: BE-ja aprovon aplikimet n\u00eb programin e Korniz\u00ebs Investuese, Kosova p\u00ebrfiton mbi 2 milion\u00eb euro -<\/title>\n<meta name=\"robots\" content=\"index, follow, max-snippet:-1, max-image-preview:large, max-video-preview:-1\" \/>\n<link rel=\"canonical\" href=\"https:\/\/veritasinfo.org\/?p=6347\" \/>\n<meta property=\"og:locale\" content=\"en_US\" \/>\n<meta property=\"og:type\" content=\"article\" \/>\n<meta property=\"og:title\" content=\"Bislimi: BE-ja aprovon aplikimet n\u00eb programin e Korniz\u00ebs Investuese, Kosova p\u00ebrfiton mbi 2 milion\u00eb euro -\" \/>\n<meta property=\"og:description\" content=\"Prishtin\u00eb, 02 Gusht 2025 Z\u00ebvend\u00ebskryeministri n\u00eb detyr\u00eb, Besnik Bislimi ka njoftuar se jan\u00eb aprovuar aplikimet e Kosov\u00ebs n\u00eb programin e Bashkimit Evropian (BE) t\u00eb Korniz\u00ebs\" \/>\n<meta property=\"og:url\" content=\"https:\/\/veritasinfo.org\/?p=6347\" \/>\n<meta property=\"article:published_time\" content=\"2025-08-02T10:29:50+00:00\" \/>\n<meta property=\"og:image\" content=\"https:\/\/veritasinfo.org\/wp-content\/uploads\/2025\/08\/IMG_2499.png\" \/>\n\t<meta property=\"og:image:width\" content=\"1140\" \/>\n\t<meta property=\"og:image:height\" content=\"570\" \/>\n\t<meta property=\"og:image:type\" content=\"image\/png\" \/>\n<meta name=\"author\" content=\"admin\" \/>\n<meta name=\"twitter:card\" content=\"summary_large_image\" \/>\n<meta name=\"twitter:label1\" content=\"Written by\" \/>\n\t<meta name=\"twitter:data1\" content=\"admin\" \/>\n\t<meta name=\"twitter:label2\" content=\"Est. reading time\" \/>\n\t<meta name=\"twitter:data2\" content=\"1 minute\" \/>\n<script type=\"application\/ld+json\" class=\"yoast-schema-graph\">{\"@context\":\"https:\/\/schema.org\",\"@graph\":[{\"@type\":\"WebPage\",\"@id\":\"https:\/\/veritasinfo.org\/?p=6347\",\"url\":\"https:\/\/veritasinfo.org\/?p=6347\",\"name\":\"Bislimi: BE-ja aprovon aplikimet n\u00eb programin e Korniz\u00ebs Investuese, Kosova p\u00ebrfiton mbi 2 milion\u00eb euro -\",\"isPartOf\":{\"@id\":\"https:\/\/veritasinfo.org\/#website\"},\"primaryImageOfPage\":{\"@id\":\"https:\/\/veritasinfo.org\/?p=6347#primaryimage\"},\"image\":{\"@id\":\"https:\/\/veritasinfo.org\/?p=6347#primaryimage\"},\"thumbnailUrl\":\"https:\/\/veritasinfo.org\/wp-content\/uploads\/2025\/08\/IMG_2499.png\",\"datePublished\":\"2025-08-02T10:29:50+00:00\",\"author\":{\"@id\":\"https:\/\/veritasinfo.org\/#\/schema\/person\/7701f8c088bece422266b100a712374f\"},\"breadcrumb\":{\"@id\":\"https:\/\/veritasinfo.org\/?p=6347#breadcrumb\"},\"inLanguage\":\"en-US\",\"potentialAction\":[{\"@type\":\"ReadAction\",\"target\":[\"https:\/\/veritasinfo.org\/?p=6347\"]}]},{\"@type\":\"ImageObject\",\"inLanguage\":\"en-US\",\"@id\":\"https:\/\/veritasinfo.org\/?p=6347#primaryimage\",\"url\":\"https:\/\/veritasinfo.org\/wp-content\/uploads\/2025\/08\/IMG_2499.png\",\"contentUrl\":\"https:\/\/veritasinfo.org\/wp-content\/uploads\/2025\/08\/IMG_2499.png\",\"width\":1140,\"height\":570},{\"@type\":\"BreadcrumbList\",\"@id\":\"https:\/\/veritasinfo.org\/?p=6347#breadcrumb\",\"itemListElement\":[{\"@type\":\"ListItem\",\"position\":1,\"name\":\"Home\",\"item\":\"https:\/\/veritasinfo.org\/\"},{\"@type\":\"ListItem\",\"position\":2,\"name\":\"Bislimi: BE-ja aprovon aplikimet n\u00eb programin e Korniz\u00ebs Investuese, Kosova p\u00ebrfiton mbi 2 milion\u00eb euro\"}]},{\"@type\":\"WebSite\",\"@id\":\"https:\/\/veritasinfo.org\/#website\",\"url\":\"https:\/\/veritasinfo.org\/\",\"name\":\"\",\"description\":\"\",\"potentialAction\":[{\"@type\":\"SearchAction\",\"target\":{\"@type\":\"EntryPoint\",\"urlTemplate\":\"https:\/\/veritasinfo.org\/?s={search_term_string}\"},\"query-input\":{\"@type\":\"PropertyValueSpecification\",\"valueRequired\":true,\"valueName\":\"search_term_string\"}}],\"inLanguage\":\"en-US\"},{\"@type\":\"Person\",\"@id\":\"https:\/\/veritasinfo.org\/#\/schema\/person\/7701f8c088bece422266b100a712374f\",\"name\":\"admin\",\"image\":{\"@type\":\"ImageObject\",\"inLanguage\":\"en-US\",\"@id\":\"https:\/\/veritasinfo.org\/#\/schema\/person\/image\/\",\"url\":\"https:\/\/secure.gravatar.com\/avatar\/ea53aa3bf6c9a12d5fde8ce4deff43fef3885ae33cf60184161a50d6987cfd2f?s=96&d=mm&r=g\",\"contentUrl\":\"https:\/\/secure.gravatar.com\/avatar\/ea53aa3bf6c9a12d5fde8ce4deff43fef3885ae33cf60184161a50d6987cfd2f?s=96&d=mm&r=g\",\"caption\":\"admin\"},\"sameAs\":[\"https:\/\/veritasinfo.org\"],\"url\":\"https:\/\/veritasinfo.org\/?author=1\"}]}<\/script>\n<!-- \/ Yoast SEO plugin. -->","yoast_head_json":{"title":"Bislimi: BE-ja aprovon aplikimet n\u00eb programin e Korniz\u00ebs Investuese, Kosova p\u00ebrfiton mbi 2 milion\u00eb euro -","robots":{"index":"index","follow":"follow","max-snippet":"max-snippet:-1","max-image-preview":"max-image-preview:large","max-video-preview":"max-video-preview:-1"},"canonical":"https:\/\/veritasinfo.org\/?p=6347","og_locale":"en_US","og_type":"article","og_title":"Bislimi: BE-ja aprovon aplikimet n\u00eb programin e Korniz\u00ebs Investuese, Kosova p\u00ebrfiton mbi 2 milion\u00eb euro -","og_description":"Prishtin\u00eb, 02 Gusht 2025 Z\u00ebvend\u00ebskryeministri n\u00eb detyr\u00eb, Besnik Bislimi ka njoftuar se jan\u00eb aprovuar aplikimet e Kosov\u00ebs n\u00eb programin e Bashkimit Evropian (BE) t\u00eb Korniz\u00ebs","og_url":"https:\/\/veritasinfo.org\/?p=6347","article_published_time":"2025-08-02T10:29:50+00:00","og_image":[{"width":1140,"height":570,"url":"https:\/\/veritasinfo.org\/wp-content\/uploads\/2025\/08\/IMG_2499.png","type":"image\/png"}],"author":"admin","twitter_card":"summary_large_image","twitter_misc":{"Written by":"admin","Est. reading time":"1 minute"},"schema":{"@context":"https:\/\/schema.org","@graph":[{"@type":"WebPage","@id":"https:\/\/veritasinfo.org\/?p=6347","url":"https:\/\/veritasinfo.org\/?p=6347","name":"Bislimi: BE-ja aprovon aplikimet n\u00eb programin e Korniz\u00ebs Investuese, Kosova p\u00ebrfiton mbi 2 milion\u00eb euro -","isPartOf":{"@id":"https:\/\/veritasinfo.org\/#website"},"primaryImageOfPage":{"@id":"https:\/\/veritasinfo.org\/?p=6347#primaryimage"},"image":{"@id":"https:\/\/veritasinfo.org\/?p=6347#primaryimage"},"thumbnailUrl":"https:\/\/veritasinfo.org\/wp-content\/uploads\/2025\/08\/IMG_2499.png","datePublished":"2025-08-02T10:29:50+00:00","author":{"@id":"https:\/\/veritasinfo.org\/#\/schema\/person\/7701f8c088bece422266b100a712374f"},"breadcrumb":{"@id":"https:\/\/veritasinfo.org\/?p=6347#breadcrumb"},"inLanguage":"en-US","potentialAction":[{"@type":"ReadAction","target":["https:\/\/veritasinfo.org\/?p=6347"]}]},{"@type":"ImageObject","inLanguage":"en-US","@id":"https:\/\/veritasinfo.org\/?p=6347#primaryimage","url":"https:\/\/veritasinfo.org\/wp-content\/uploads\/2025\/08\/IMG_2499.png","contentUrl":"https:\/\/veritasinfo.org\/wp-content\/uploads\/2025\/08\/IMG_2499.png","width":1140,"height":570},{"@type":"BreadcrumbList","@id":"https:\/\/veritasinfo.org\/?p=6347#breadcrumb","itemListElement":[{"@type":"ListItem","position":1,"name":"Home","item":"https:\/\/veritasinfo.org\/"},{"@type":"ListItem","position":2,"name":"Bislimi: BE-ja aprovon aplikimet n\u00eb programin e Korniz\u00ebs Investuese, Kosova p\u00ebrfiton mbi 2 milion\u00eb euro"}]},{"@type":"WebSite","@id":"https:\/\/veritasinfo.org\/#website","url":"https:\/\/veritasinfo.org\/","name":"","description":"","potentialAction":[{"@type":"SearchAction","target":{"@type":"EntryPoint","urlTemplate":"https:\/\/veritasinfo.org\/?s={search_term_string}"},"query-input":{"@type":"PropertyValueSpecification","valueRequired":true,"valueName":"search_term_string"}}],"inLanguage":"en-US"},{"@type":"Person","@id":"https:\/\/veritasinfo.org\/#\/schema\/person\/7701f8c088bece422266b100a712374f","name":"admin","image":{"@type":"ImageObject","inLanguage":"en-US","@id":"https:\/\/veritasinfo.org\/#\/schema\/person\/image\/","url":"https:\/\/secure.gravatar.com\/avatar\/ea53aa3bf6c9a12d5fde8ce4deff43fef3885ae33cf60184161a50d6987cfd2f?s=96&d=mm&r=g","contentUrl":"https:\/\/secure.gravatar.com\/avatar\/ea53aa3bf6c9a12d5fde8ce4deff43fef3885ae33cf60184161a50d6987cfd2f?s=96&d=mm&r=g","caption":"admin"},"sameAs":["https:\/\/veritasinfo.org"],"url":"https:\/\/veritasinfo.org\/?author=1"}]}},"featured_image_urls":{"full":["https:\/\/veritasinfo.org\/wp-content\/uploads\/2025\/08\/IMG_2499.png",1140,570,false],"thumbnail":["https:\/\/veritasinfo.org\/wp-content\/uploads\/2025\/08\/IMG_2499-150x150.png",150,150,true],"medium":["https:\/\/veritasinfo.org\/wp-content\/uploads\/2025\/08\/IMG_2499-300x150.png",300,150,true],"medium_large":["https:\/\/veritasinfo.org\/wp-content\/uploads\/2025\/08\/IMG_2499-768x384.png",640,320,true],"large":["https:\/\/veritasinfo.org\/wp-content\/uploads\/2025\/08\/IMG_2499-1024x512.png",640,320,true],"1536x1536":["https:\/\/veritasinfo.org\/wp-content\/uploads\/2025\/08\/IMG_2499.png",1140,570,false],"2048x2048":["https:\/\/veritasinfo.org\/wp-content\/uploads\/2025\/08\/IMG_2499.png",1140,570,false],"kreeti-slider-full":["https:\/\/veritasinfo.org\/wp-content\/uploads\/2025\/08\/IMG_2499.png",1140,570,false],"kreeti-featured":["https:\/\/veritasinfo.org\/wp-content\/uploads\/2025\/08\/IMG_2499.png",1024,512,false],"kreeti-medium":["https:\/\/veritasinfo.org\/wp-content\/uploads\/2025\/08\/IMG_2499.png",720,360,false],"kreeti-medium-square":["https:\/\/veritasinfo.org\/wp-content\/uploads\/2025\/08\/IMG_2499.png",350,175,false]},"author_info":{"info":["admin"]},"category_info":"<a href=\"https:\/\/veritasinfo.org\/?cat=58\" rel=\"category\">Politik\u00eb<\/a>","tag_info":"Politik\u00eb","comment_count":"0","_links":{"self":[{"href":"https:\/\/veritasinfo.org\/index.php?rest_route=\/wp\/v2\/posts\/6347","targetHints":{"allow":["GET"]}}],"collection":[{"href":"https:\/\/veritasinfo.org\/index.php?rest_route=\/wp\/v2\/posts"}],"about":[{"href":"https:\/\/veritasinfo.org\/index.php?rest_route=\/wp\/v2\/types\/post"}],"author":[{"embeddable":true,"href":"https:\/\/veritasinfo.org\/index.php?rest_route=\/wp\/v2\/users\/1"}],"replies":[{"embeddable":true,"href":"https:\/\/veritasinfo.org\/index.php?rest_route=%2Fwp%2Fv2%2Fcomments&post=6347"}],"version-history":[{"count":1,"href":"https:\/\/veritasinfo.org\/index.php?rest_route=\/wp\/v2\/posts\/6347\/revisions"}],"predecessor-version":[{"id":6349,"href":"https:\/\/veritasinfo.org\/index.php?rest_route=\/wp\/v2\/posts\/6347\/revisions\/6349"}],"wp:featuredmedia":[{"embeddable":true,"href":"https:\/\/veritasinfo.org\/index.php?rest_route=\/wp\/v2\/media\/6348"}],"wp:attachment":[{"href":"https:\/\/veritasinfo.org\/index.php?rest_route=%2Fwp%2Fv2%2Fmedia&parent=6347"}],"wp:term":[{"taxonomy":"category","embeddable":true,"href":"https:\/\/veritasinfo.org\/index.php?rest_route=%2Fwp%2Fv2%2Fcategories&post=6347"},{"taxonomy":"post_tag","embeddable":true,"href":"https:\/\/veritasinfo.org\/index.php?rest_route=%2Fwp%2Fv2%2Ftags&post=6347"}],"curies":[{"name":"wp","href":"https:\/\/api.w.org\/{rel}","templated":true}]}}