{"id":6302,"date":"2025-08-02T07:20:26","date_gmt":"2025-08-02T05:20:26","guid":{"rendered":"https:\/\/veritasinfo.org\/?p=6302"},"modified":"2025-08-01T23:20:25","modified_gmt":"2025-08-01T21:20:25","slug":"kurti-dhe-udheheqesit-impactcee-biseduan-per-investimet-kosove-poloni","status":"publish","type":"post","link":"https:\/\/veritasinfo.org\/?p=6302","title":{"rendered":"Kurti dhe udh\u00ebheq\u00ebsit ImpactCEE biseduan p\u00ebr investimet Kosov\u00eb-Poloni"},"content":{"rendered":"<p>Prishtin\u00eb, 02 Gusht 2025<\/p>\n<p>Kryeministri n\u00eb detyr\u00eb i Republik\u00ebs s\u00eb Kosov\u00ebs, Albin Kurti, mir\u00ebpriti udh\u00ebheq\u00ebsit e Konferenc\u00ebs ImpactCEE nga Polonia, presidentin Krystian Wolak, z\u00ebvend\u00ebspresidenten Joanna Kasprowicz dhe zyrtaren kryesore t\u00eb p\u00ebrmbajtjes, Marta Liberska, t\u00eb cil\u00ebt u shoq\u00ebruan nga ambasadori i Kosov\u00ebs n\u00eb Poloni, Drilon S. Gashi.<\/p>\n<p>Konferenca ImpactCEE \u00ebsht\u00eb e konferenca e tret\u00eb m\u00eb e madhe n\u00eb Evrop\u00eb pas konferenc\u00ebs n\u00eb Davos dhe Konferenc\u00ebs s\u00eb Siguris\u00eb s\u00eb Mynihut.<\/p>\n<p>Udh\u00ebheq\u00ebsit e ImpactCEE, t\u00eb cil\u00ebt kishin krijuar organizat\u00ebn para 10 vitesh, shpreh\u00ebn mir\u00ebnjohjen e tyre p\u00ebr pjes\u00ebmarrjen e kryeministrit n\u00eb konferenc\u00ebn e sivjetme, q\u00eb u mbajt n\u00eb muajin maj 2025.<\/p>\n<p>Ata shpreh\u00ebn d\u00ebshir\u00ebn p\u00ebr vazhdimin e bashk\u00ebpunimit me kryeministrin, n\u00eb edicionet e ardhshme t\u00eb konferenc\u00ebs si n\u00eb Poloni (konferenca kryesore) ashtu edhe n\u00eb Rumani, njofton Zyra e Kryeministrit.<\/p>\n<p>Sipas njoftimit ata bashk\u00ebbiseduan p\u00ebr r\u00ebnd\u00ebsin\u00eb e mb\u00ebshtetjes s\u00eb vlerave demokratike e evropiane dhe t\u00eb bashk\u00ebpunimit ekonomik dhe at\u00eb n\u00eb fush\u00ebn e investimeve Kosov\u00eb-Poloni. Ata u pajtuan q\u00eb t\u00eb vazhdojn\u00eb bashk\u00ebpunimin p\u00ebr k\u00ebto q\u00ebllime.<\/p>\n<p>Kurti fal\u00ebnderoi delegacion p\u00ebr vizit\u00ebn dhe u uroi q\u00ebndrim sa m\u00eb t\u00eb k\u00ebndsh\u00ebm n\u00eb Kosov\u00eb.<\/p>\n","protected":false},"excerpt":{"rendered":"<p>Prishtin\u00eb, 02 Gusht 2025 Kryeministri n\u00eb detyr\u00eb i Republik\u00ebs s\u00eb Kosov\u00ebs, Albin Kurti, mir\u00ebpriti udh\u00ebheq\u00ebsit e Konferenc\u00ebs ImpactCEE nga Polonia, presidentin Krystian Wolak, z\u00ebvend\u00ebspresidenten Joanna<\/p>\n","protected":false},"author":1,"featured_media":6304,"comment_status":"open","ping_status":"open","sticky":false,"template":"","format":"standard","meta":{"footnotes":""},"categories":[58],"tags":[],"class_list":["post-6302","post","type-post","status-publish","format-standard","has-post-thumbnail","hentry","category-politike-sq"],"yoast_head":"<!-- This site is optimized with the Yoast SEO plugin v25.3.1 - https:\/\/yoast.com\/wordpress\/plugins\/seo\/ -->\n<title>Kurti dhe udh\u00ebheq\u00ebsit ImpactCEE biseduan p\u00ebr investimet Kosov\u00eb-Poloni -<\/title>\n<meta name=\"robots\" content=\"index, follow, max-snippet:-1, max-image-preview:large, max-video-preview:-1\" \/>\n<link rel=\"canonical\" href=\"https:\/\/veritasinfo.org\/?p=6302\" \/>\n<meta property=\"og:locale\" content=\"en_US\" \/>\n<meta property=\"og:type\" content=\"article\" \/>\n<meta property=\"og:title\" content=\"Kurti dhe udh\u00ebheq\u00ebsit ImpactCEE biseduan p\u00ebr investimet Kosov\u00eb-Poloni -\" \/>\n<meta property=\"og:description\" content=\"Prishtin\u00eb, 02 Gusht 2025 Kryeministri n\u00eb detyr\u00eb i Republik\u00ebs s\u00eb Kosov\u00ebs, Albin Kurti, mir\u00ebpriti udh\u00ebheq\u00ebsit e Konferenc\u00ebs ImpactCEE nga Polonia, presidentin Krystian Wolak, z\u00ebvend\u00ebspresidenten Joanna\" \/>\n<meta property=\"og:url\" content=\"https:\/\/veritasinfo.org\/?p=6302\" \/>\n<meta property=\"article:published_time\" content=\"2025-08-02T05:20:26+00:00\" \/>\n<meta property=\"og:image\" content=\"https:\/\/veritasinfo.org\/wp-content\/uploads\/2025\/08\/IMG_2492.jpeg\" \/>\n\t<meta property=\"og:image:width\" content=\"900\" \/>\n\t<meta property=\"og:image:height\" content=\"577\" \/>\n\t<meta property=\"og:image:type\" content=\"image\/jpeg\" \/>\n<meta name=\"author\" content=\"admin\" \/>\n<meta name=\"twitter:card\" content=\"summary_large_image\" \/>\n<meta name=\"twitter:label1\" content=\"Written by\" \/>\n\t<meta name=\"twitter:data1\" content=\"admin\" \/>\n\t<meta name=\"twitter:label2\" content=\"Est. reading time\" \/>\n\t<meta name=\"twitter:data2\" content=\"1 minute\" \/>\n<script type=\"application\/ld+json\" class=\"yoast-schema-graph\">{\"@context\":\"https:\/\/schema.org\",\"@graph\":[{\"@type\":\"WebPage\",\"@id\":\"https:\/\/veritasinfo.org\/?p=6302\",\"url\":\"https:\/\/veritasinfo.org\/?p=6302\",\"name\":\"Kurti dhe udh\u00ebheq\u00ebsit ImpactCEE biseduan p\u00ebr investimet Kosov\u00eb-Poloni -\",\"isPartOf\":{\"@id\":\"https:\/\/veritasinfo.org\/#website\"},\"primaryImageOfPage\":{\"@id\":\"https:\/\/veritasinfo.org\/?p=6302#primaryimage\"},\"image\":{\"@id\":\"https:\/\/veritasinfo.org\/?p=6302#primaryimage\"},\"thumbnailUrl\":\"https:\/\/veritasinfo.org\/wp-content\/uploads\/2025\/08\/IMG_2492.jpeg\",\"datePublished\":\"2025-08-02T05:20:26+00:00\",\"author\":{\"@id\":\"https:\/\/veritasinfo.org\/#\/schema\/person\/7701f8c088bece422266b100a712374f\"},\"breadcrumb\":{\"@id\":\"https:\/\/veritasinfo.org\/?p=6302#breadcrumb\"},\"inLanguage\":\"en-US\",\"potentialAction\":[{\"@type\":\"ReadAction\",\"target\":[\"https:\/\/veritasinfo.org\/?p=6302\"]}]},{\"@type\":\"ImageObject\",\"inLanguage\":\"en-US\",\"@id\":\"https:\/\/veritasinfo.org\/?p=6302#primaryimage\",\"url\":\"https:\/\/veritasinfo.org\/wp-content\/uploads\/2025\/08\/IMG_2492.jpeg\",\"contentUrl\":\"https:\/\/veritasinfo.org\/wp-content\/uploads\/2025\/08\/IMG_2492.jpeg\",\"width\":900,\"height\":577},{\"@type\":\"BreadcrumbList\",\"@id\":\"https:\/\/veritasinfo.org\/?p=6302#breadcrumb\",\"itemListElement\":[{\"@type\":\"ListItem\",\"position\":1,\"name\":\"Home\",\"item\":\"https:\/\/veritasinfo.org\/\"},{\"@type\":\"ListItem\",\"position\":2,\"name\":\"Kurti dhe udh\u00ebheq\u00ebsit ImpactCEE biseduan p\u00ebr investimet Kosov\u00eb-Poloni\"}]},{\"@type\":\"WebSite\",\"@id\":\"https:\/\/veritasinfo.org\/#website\",\"url\":\"https:\/\/veritasinfo.org\/\",\"name\":\"\",\"description\":\"\",\"potentialAction\":[{\"@type\":\"SearchAction\",\"target\":{\"@type\":\"EntryPoint\",\"urlTemplate\":\"https:\/\/veritasinfo.org\/?s={search_term_string}\"},\"query-input\":{\"@type\":\"PropertyValueSpecification\",\"valueRequired\":true,\"valueName\":\"search_term_string\"}}],\"inLanguage\":\"en-US\"},{\"@type\":\"Person\",\"@id\":\"https:\/\/veritasinfo.org\/#\/schema\/person\/7701f8c088bece422266b100a712374f\",\"name\":\"admin\",\"image\":{\"@type\":\"ImageObject\",\"inLanguage\":\"en-US\",\"@id\":\"https:\/\/veritasinfo.org\/#\/schema\/person\/image\/\",\"url\":\"https:\/\/secure.gravatar.com\/avatar\/ea53aa3bf6c9a12d5fde8ce4deff43fef3885ae33cf60184161a50d6987cfd2f?s=96&d=mm&r=g\",\"contentUrl\":\"https:\/\/secure.gravatar.com\/avatar\/ea53aa3bf6c9a12d5fde8ce4deff43fef3885ae33cf60184161a50d6987cfd2f?s=96&d=mm&r=g\",\"caption\":\"admin\"},\"sameAs\":[\"https:\/\/veritasinfo.org\"],\"url\":\"https:\/\/veritasinfo.org\/?author=1\"}]}<\/script>\n<!-- \/ Yoast SEO plugin. -->","yoast_head_json":{"title":"Kurti dhe udh\u00ebheq\u00ebsit ImpactCEE biseduan p\u00ebr investimet Kosov\u00eb-Poloni -","robots":{"index":"index","follow":"follow","max-snippet":"max-snippet:-1","max-image-preview":"max-image-preview:large","max-video-preview":"max-video-preview:-1"},"canonical":"https:\/\/veritasinfo.org\/?p=6302","og_locale":"en_US","og_type":"article","og_title":"Kurti dhe udh\u00ebheq\u00ebsit ImpactCEE biseduan p\u00ebr investimet Kosov\u00eb-Poloni -","og_description":"Prishtin\u00eb, 02 Gusht 2025 Kryeministri n\u00eb detyr\u00eb i Republik\u00ebs s\u00eb Kosov\u00ebs, Albin Kurti, mir\u00ebpriti udh\u00ebheq\u00ebsit e Konferenc\u00ebs ImpactCEE nga Polonia, presidentin Krystian Wolak, z\u00ebvend\u00ebspresidenten Joanna","og_url":"https:\/\/veritasinfo.org\/?p=6302","article_published_time":"2025-08-02T05:20:26+00:00","og_image":[{"width":900,"height":577,"url":"https:\/\/veritasinfo.org\/wp-content\/uploads\/2025\/08\/IMG_2492.jpeg","type":"image\/jpeg"}],"author":"admin","twitter_card":"summary_large_image","twitter_misc":{"Written by":"admin","Est. reading time":"1 minute"},"schema":{"@context":"https:\/\/schema.org","@graph":[{"@type":"WebPage","@id":"https:\/\/veritasinfo.org\/?p=6302","url":"https:\/\/veritasinfo.org\/?p=6302","name":"Kurti dhe udh\u00ebheq\u00ebsit ImpactCEE biseduan p\u00ebr investimet Kosov\u00eb-Poloni -","isPartOf":{"@id":"https:\/\/veritasinfo.org\/#website"},"primaryImageOfPage":{"@id":"https:\/\/veritasinfo.org\/?p=6302#primaryimage"},"image":{"@id":"https:\/\/veritasinfo.org\/?p=6302#primaryimage"},"thumbnailUrl":"https:\/\/veritasinfo.org\/wp-content\/uploads\/2025\/08\/IMG_2492.jpeg","datePublished":"2025-08-02T05:20:26+00:00","author":{"@id":"https:\/\/veritasinfo.org\/#\/schema\/person\/7701f8c088bece422266b100a712374f"},"breadcrumb":{"@id":"https:\/\/veritasinfo.org\/?p=6302#breadcrumb"},"inLanguage":"en-US","potentialAction":[{"@type":"ReadAction","target":["https:\/\/veritasinfo.org\/?p=6302"]}]},{"@type":"ImageObject","inLanguage":"en-US","@id":"https:\/\/veritasinfo.org\/?p=6302#primaryimage","url":"https:\/\/veritasinfo.org\/wp-content\/uploads\/2025\/08\/IMG_2492.jpeg","contentUrl":"https:\/\/veritasinfo.org\/wp-content\/uploads\/2025\/08\/IMG_2492.jpeg","width":900,"height":577},{"@type":"BreadcrumbList","@id":"https:\/\/veritasinfo.org\/?p=6302#breadcrumb","itemListElement":[{"@type":"ListItem","position":1,"name":"Home","item":"https:\/\/veritasinfo.org\/"},{"@type":"ListItem","position":2,"name":"Kurti dhe udh\u00ebheq\u00ebsit ImpactCEE biseduan p\u00ebr investimet Kosov\u00eb-Poloni"}]},{"@type":"WebSite","@id":"https:\/\/veritasinfo.org\/#website","url":"https:\/\/veritasinfo.org\/","name":"","description":"","potentialAction":[{"@type":"SearchAction","target":{"@type":"EntryPoint","urlTemplate":"https:\/\/veritasinfo.org\/?s={search_term_string}"},"query-input":{"@type":"PropertyValueSpecification","valueRequired":true,"valueName":"search_term_string"}}],"inLanguage":"en-US"},{"@type":"Person","@id":"https:\/\/veritasinfo.org\/#\/schema\/person\/7701f8c088bece422266b100a712374f","name":"admin","image":{"@type":"ImageObject","inLanguage":"en-US","@id":"https:\/\/veritasinfo.org\/#\/schema\/person\/image\/","url":"https:\/\/secure.gravatar.com\/avatar\/ea53aa3bf6c9a12d5fde8ce4deff43fef3885ae33cf60184161a50d6987cfd2f?s=96&d=mm&r=g","contentUrl":"https:\/\/secure.gravatar.com\/avatar\/ea53aa3bf6c9a12d5fde8ce4deff43fef3885ae33cf60184161a50d6987cfd2f?s=96&d=mm&r=g","caption":"admin"},"sameAs":["https:\/\/veritasinfo.org"],"url":"https:\/\/veritasinfo.org\/?author=1"}]}},"featured_image_urls":{"full":["https:\/\/veritasinfo.org\/wp-content\/uploads\/2025\/08\/IMG_2492.jpeg",900,577,false],"thumbnail":["https:\/\/veritasinfo.org\/wp-content\/uploads\/2025\/08\/IMG_2492-150x150.jpeg",150,150,true],"medium":["https:\/\/veritasinfo.org\/wp-content\/uploads\/2025\/08\/IMG_2492-300x192.jpeg",300,192,true],"medium_large":["https:\/\/veritasinfo.org\/wp-content\/uploads\/2025\/08\/IMG_2492-768x492.jpeg",640,410,true],"large":["https:\/\/veritasinfo.org\/wp-content\/uploads\/2025\/08\/IMG_2492.jpeg",640,410,false],"1536x1536":["https:\/\/veritasinfo.org\/wp-content\/uploads\/2025\/08\/IMG_2492.jpeg",900,577,false],"2048x2048":["https:\/\/veritasinfo.org\/wp-content\/uploads\/2025\/08\/IMG_2492.jpeg",900,577,false],"kreeti-slider-full":["https:\/\/veritasinfo.org\/wp-content\/uploads\/2025\/08\/IMG_2492.jpeg",900,577,false],"kreeti-featured":["https:\/\/veritasinfo.org\/wp-content\/uploads\/2025\/08\/IMG_2492.jpeg",900,577,false],"kreeti-medium":["https:\/\/veritasinfo.org\/wp-content\/uploads\/2025\/08\/IMG_2492.jpeg",720,462,false],"kreeti-medium-square":["https:\/\/veritasinfo.org\/wp-content\/uploads\/2025\/08\/IMG_2492.jpeg",350,224,false]},"author_info":{"info":["admin"]},"category_info":"<a href=\"https:\/\/veritasinfo.org\/?cat=58\" rel=\"category\">Politik\u00eb<\/a>","tag_info":"Politik\u00eb","comment_count":"0","_links":{"self":[{"href":"https:\/\/veritasinfo.org\/index.php?rest_route=\/wp\/v2\/posts\/6302","targetHints":{"allow":["GET"]}}],"collection":[{"href":"https:\/\/veritasinfo.org\/index.php?rest_route=\/wp\/v2\/posts"}],"about":[{"href":"https:\/\/veritasinfo.org\/index.php?rest_route=\/wp\/v2\/types\/post"}],"author":[{"embeddable":true,"href":"https:\/\/veritasinfo.org\/index.php?rest_route=\/wp\/v2\/users\/1"}],"replies":[{"embeddable":true,"href":"https:\/\/veritasinfo.org\/index.php?rest_route=%2Fwp%2Fv2%2Fcomments&post=6302"}],"version-history":[{"count":1,"href":"https:\/\/veritasinfo.org\/index.php?rest_route=\/wp\/v2\/posts\/6302\/revisions"}],"predecessor-version":[{"id":6303,"href":"https:\/\/veritasinfo.org\/index.php?rest_route=\/wp\/v2\/posts\/6302\/revisions\/6303"}],"wp:featuredmedia":[{"embeddable":true,"href":"https:\/\/veritasinfo.org\/index.php?rest_route=\/wp\/v2\/media\/6304"}],"wp:attachment":[{"href":"https:\/\/veritasinfo.org\/index.php?rest_route=%2Fwp%2Fv2%2Fmedia&parent=6302"}],"wp:term":[{"taxonomy":"category","embeddable":true,"href":"https:\/\/veritasinfo.org\/index.php?rest_route=%2Fwp%2Fv2%2Fcategories&post=6302"},{"taxonomy":"post_tag","embeddable":true,"href":"https:\/\/veritasinfo.org\/index.php?rest_route=%2Fwp%2Fv2%2Ftags&post=6302"}],"curies":[{"name":"wp","href":"https:\/\/api.w.org\/{rel}","templated":true}]}}