{"id":6295,"date":"2025-08-01T22:25:43","date_gmt":"2025-08-01T20:25:43","guid":{"rendered":"https:\/\/veritasinfo.org\/?p=6295"},"modified":"2025-08-01T22:25:43","modified_gmt":"2025-08-01T20:25:43","slug":"deputetja-ukrainase-ukraina-do-te-njohe-kosoven","status":"publish","type":"post","link":"https:\/\/veritasinfo.org\/?p=6295","title":{"rendered":"Deputetja ukrainase: Ukraina do t\u00eb njoh\u00eb Kosov\u00ebn"},"content":{"rendered":"<p>Kiev, 01 Gusht 2025<\/p>\n<p>Deputetja ukrainase Ivanna Klympush Tsintsadze n\u00eb nj\u00eb intervist\u00eb deklaroi se Ukraina do t\u00eb njoh\u00eb Kosov\u00ebn n\u00eb t\u00eb ardhmen e af\u00ebrt, duke v\u00ebn\u00eb n\u00eb dukje se kjo \u00e7\u00ebshtje nuk do t\u00eb mbetet m\u00eb e hapur dhe vendimi p\u00ebr njohjen e Kosov\u00ebs pritet t\u00eb merret s\u00eb shpejti.<\/p>\n<p>Ajo shprehu besimin e plot\u00eb se ky vendim do t\u00eb jet\u00eb n\u00eb p\u00ebrputhje me pritshm\u00ebrit\u00eb e popullit t\u00eb Kosov\u00ebs.<\/p>\n<p>\u201cUn\u00eb besoj se n\u00eb t\u00eb ardhmen e af\u00ebrt Ukraina do ta njoh\u00eb Kosov\u00ebn. Nuk do t\u00eb jet\u00eb m\u00eb nj\u00eb \u00e7\u00ebshtje e hapur. Besoj se Ukraina do ta marr\u00eb vendimin e duhur q\u00eb pritet nga populli n\u00eb Kosov\u00eb.\u201d<\/p>\n<p>Gjithashtu, Klympush Tsintsadze falenderoi thell\u00ebsisht qytetar\u00ebt e Shqip\u00ebris\u00eb p\u00ebr mb\u00ebshtetjen e tyre t\u00eb jasht\u00ebzakonshme ndaj Ukrain\u00ebs n\u00eb k\u00ebt\u00eb periudh\u00eb sfiduese, duke theksuar se ata jan\u00eb n\u00eb \u201can\u00ebn e duhur t\u00eb historis\u00eb\u201d. Deputetja n\u00ebnvizoi edhe rolin e shtetit shqiptar dhe koordinimin e ngusht\u00eb q\u00eb ekziston mes dy vendeve n\u00eb aren\u00ebn nd\u00ebrkomb\u00ebtare, si n\u00eb aspektin politik ashtu edhe n\u00eb at\u00eb ushtarak dhe humanitar.<\/p>\n<p>\u201cUn\u00eb jam shum\u00eb mir\u00ebnjoh\u00ebse p\u00ebr ndihm\u00ebn q\u00eb kan\u00eb dh\u00ebn\u00eb qytetar\u00ebt e Shqip\u00ebris\u00eb, ata jan\u00eb n\u00eb an\u00ebn e duhur t\u00eb historis\u00eb. Jam shum\u00eb mir\u00ebnjoh\u00ebse p\u00ebr gjith\u00eb mb\u00ebshtetjen q\u00eb ata kan\u00eb dh\u00ebn\u00eb deri tani, edhe shteti shqiptar n\u00ebp\u00ebr organizata t\u00eb ndryshme nd\u00ebrkomb\u00ebtare. Ne kemi koordinuar veprimet tona me shtetin shqiptar n\u00eb aspektin politik dhe kemi nd\u00ebrtuar nj\u00eb besim tek mb\u00ebshtetja e tyre \u00ebsht\u00eb shum\u00eb e r\u00ebnd\u00ebsishme p\u00ebr ne. Edhe p\u00ebr mb\u00ebshtetjen ushtarake kemi mir\u00ebnjoh\u00ebs, edhe p\u00ebr mb\u00ebshtetje ushtarake jemi shum\u00eb mir\u00ebnjoh\u00ebs.\u201d<\/p>\n<p>Ajo shprehu gjithashtu shpres\u00ebn q\u00eb Shqip\u00ebria do t\u00eb vazhdoj\u00eb t\u00eb ofroj\u00eb mb\u00ebshtetje t\u00eb fuqishme p\u00ebr Ukrain\u00ebn n\u00eb rrug\u00ebn e saj drejt an\u00ebtar\u00ebsimit n\u00eb NATO dhe integrimit n\u00eb Bashkimin Evropian, duke n\u00ebnvizuar se bashk\u00eb do t\u00eb arrijn\u00eb t\u00eb gjitha objektivat strategjike.<\/p>\n<p>\u201cNe kemi arritur disa marr\u00ebveshje me Shqip\u00ebrin\u00eb p\u00ebr \u00e7\u00ebshtjet e siguris\u00eb n\u00eb vitet e ardhshme, mendoj se kjo do t\u00eb jet\u00eb nj\u00eb \u00e7\u00ebshtje q\u00eb do t\u00eb vijoj\u00eb t\u00eb zbatohet. Po ashtu ju vler\u00ebsojm\u00eb edhe p\u00ebr ndihm\u00ebn humanitare q\u00eb kan\u00eb dh\u00ebn\u00eb njer\u00ebzit n\u00eb Shqip\u00ebri. Shpresojm\u00eb q\u00eb Shqip\u00ebria do t\u00eb vijoj\u00eb me k\u00ebt\u00eb mb\u00ebshtetje p\u00ebr Ukrain\u00ebn q\u00eb t\u00eb b\u00ebhet shtet an\u00ebtar i NATO-s dh s\u00eb bashku ne do t\u00eb arrijm\u00eb t\u00eb gjitha objektivat p\u00ebr qen\u00eb pjes\u00eb e Bashkimit Europain.\u201d<\/p>\n<p>&nbsp;<\/p>\n<p>&nbsp;<\/p>\n","protected":false},"excerpt":{"rendered":"<p>Kiev, 01 Gusht 2025 Deputetja ukrainase Ivanna Klympush Tsintsadze n\u00eb nj\u00eb intervist\u00eb deklaroi se Ukraina do t\u00eb njoh\u00eb Kosov\u00ebn n\u00eb t\u00eb ardhmen e af\u00ebrt, duke<\/p>\n","protected":false},"author":1,"featured_media":6296,"comment_status":"open","ping_status":"open","sticky":false,"template":"","format":"standard","meta":{"footnotes":""},"categories":[58],"tags":[],"class_list":["post-6295","post","type-post","status-publish","format-standard","has-post-thumbnail","hentry","category-politike-sq"],"yoast_head":"<!-- This site is optimized with the Yoast SEO plugin v25.3.1 - https:\/\/yoast.com\/wordpress\/plugins\/seo\/ -->\n<title>Deputetja ukrainase: Ukraina do t\u00eb njoh\u00eb Kosov\u00ebn -<\/title>\n<meta name=\"robots\" content=\"index, follow, max-snippet:-1, max-image-preview:large, max-video-preview:-1\" \/>\n<link rel=\"canonical\" href=\"https:\/\/veritasinfo.org\/?p=6295\" \/>\n<meta property=\"og:locale\" content=\"en_US\" \/>\n<meta property=\"og:type\" content=\"article\" \/>\n<meta property=\"og:title\" content=\"Deputetja ukrainase: Ukraina do t\u00eb njoh\u00eb Kosov\u00ebn -\" \/>\n<meta property=\"og:description\" content=\"Kiev, 01 Gusht 2025 Deputetja ukrainase Ivanna Klympush Tsintsadze n\u00eb nj\u00eb intervist\u00eb deklaroi se Ukraina do t\u00eb njoh\u00eb Kosov\u00ebn n\u00eb t\u00eb ardhmen e af\u00ebrt, duke\" \/>\n<meta property=\"og:url\" content=\"https:\/\/veritasinfo.org\/?p=6295\" \/>\n<meta property=\"article:published_time\" content=\"2025-08-01T20:25:43+00:00\" \/>\n<meta property=\"og:image\" content=\"https:\/\/veritasinfo.org\/wp-content\/uploads\/2025\/08\/IMG_2489.webp\" \/>\n\t<meta property=\"og:image:width\" content=\"800\" \/>\n\t<meta property=\"og:image:height\" content=\"450\" \/>\n\t<meta property=\"og:image:type\" content=\"image\/webp\" \/>\n<meta name=\"author\" content=\"admin\" \/>\n<meta name=\"twitter:card\" content=\"summary_large_image\" \/>\n<meta name=\"twitter:label1\" content=\"Written by\" \/>\n\t<meta name=\"twitter:data1\" content=\"admin\" \/>\n\t<meta name=\"twitter:label2\" content=\"Est. reading time\" \/>\n\t<meta name=\"twitter:data2\" content=\"2 minutes\" \/>\n<script type=\"application\/ld+json\" class=\"yoast-schema-graph\">{\"@context\":\"https:\/\/schema.org\",\"@graph\":[{\"@type\":\"WebPage\",\"@id\":\"https:\/\/veritasinfo.org\/?p=6295\",\"url\":\"https:\/\/veritasinfo.org\/?p=6295\",\"name\":\"Deputetja ukrainase: Ukraina do t\u00eb njoh\u00eb Kosov\u00ebn -\",\"isPartOf\":{\"@id\":\"https:\/\/veritasinfo.org\/#website\"},\"primaryImageOfPage\":{\"@id\":\"https:\/\/veritasinfo.org\/?p=6295#primaryimage\"},\"image\":{\"@id\":\"https:\/\/veritasinfo.org\/?p=6295#primaryimage\"},\"thumbnailUrl\":\"https:\/\/veritasinfo.org\/wp-content\/uploads\/2025\/08\/IMG_2489.webp\",\"datePublished\":\"2025-08-01T20:25:43+00:00\",\"author\":{\"@id\":\"https:\/\/veritasinfo.org\/#\/schema\/person\/7701f8c088bece422266b100a712374f\"},\"breadcrumb\":{\"@id\":\"https:\/\/veritasinfo.org\/?p=6295#breadcrumb\"},\"inLanguage\":\"en-US\",\"potentialAction\":[{\"@type\":\"ReadAction\",\"target\":[\"https:\/\/veritasinfo.org\/?p=6295\"]}]},{\"@type\":\"ImageObject\",\"inLanguage\":\"en-US\",\"@id\":\"https:\/\/veritasinfo.org\/?p=6295#primaryimage\",\"url\":\"https:\/\/veritasinfo.org\/wp-content\/uploads\/2025\/08\/IMG_2489.webp\",\"contentUrl\":\"https:\/\/veritasinfo.org\/wp-content\/uploads\/2025\/08\/IMG_2489.webp\",\"width\":800,\"height\":450},{\"@type\":\"BreadcrumbList\",\"@id\":\"https:\/\/veritasinfo.org\/?p=6295#breadcrumb\",\"itemListElement\":[{\"@type\":\"ListItem\",\"position\":1,\"name\":\"Home\",\"item\":\"https:\/\/veritasinfo.org\/\"},{\"@type\":\"ListItem\",\"position\":2,\"name\":\"Deputetja ukrainase: Ukraina do t\u00eb njoh\u00eb Kosov\u00ebn\"}]},{\"@type\":\"WebSite\",\"@id\":\"https:\/\/veritasinfo.org\/#website\",\"url\":\"https:\/\/veritasinfo.org\/\",\"name\":\"\",\"description\":\"\",\"potentialAction\":[{\"@type\":\"SearchAction\",\"target\":{\"@type\":\"EntryPoint\",\"urlTemplate\":\"https:\/\/veritasinfo.org\/?s={search_term_string}\"},\"query-input\":{\"@type\":\"PropertyValueSpecification\",\"valueRequired\":true,\"valueName\":\"search_term_string\"}}],\"inLanguage\":\"en-US\"},{\"@type\":\"Person\",\"@id\":\"https:\/\/veritasinfo.org\/#\/schema\/person\/7701f8c088bece422266b100a712374f\",\"name\":\"admin\",\"image\":{\"@type\":\"ImageObject\",\"inLanguage\":\"en-US\",\"@id\":\"https:\/\/veritasinfo.org\/#\/schema\/person\/image\/\",\"url\":\"https:\/\/secure.gravatar.com\/avatar\/ea53aa3bf6c9a12d5fde8ce4deff43fef3885ae33cf60184161a50d6987cfd2f?s=96&d=mm&r=g\",\"contentUrl\":\"https:\/\/secure.gravatar.com\/avatar\/ea53aa3bf6c9a12d5fde8ce4deff43fef3885ae33cf60184161a50d6987cfd2f?s=96&d=mm&r=g\",\"caption\":\"admin\"},\"sameAs\":[\"https:\/\/veritasinfo.org\"],\"url\":\"https:\/\/veritasinfo.org\/?author=1\"}]}<\/script>\n<!-- \/ Yoast SEO plugin. -->","yoast_head_json":{"title":"Deputetja ukrainase: Ukraina do t\u00eb njoh\u00eb Kosov\u00ebn -","robots":{"index":"index","follow":"follow","max-snippet":"max-snippet:-1","max-image-preview":"max-image-preview:large","max-video-preview":"max-video-preview:-1"},"canonical":"https:\/\/veritasinfo.org\/?p=6295","og_locale":"en_US","og_type":"article","og_title":"Deputetja ukrainase: Ukraina do t\u00eb njoh\u00eb Kosov\u00ebn -","og_description":"Kiev, 01 Gusht 2025 Deputetja ukrainase Ivanna Klympush Tsintsadze n\u00eb nj\u00eb intervist\u00eb deklaroi se Ukraina do t\u00eb njoh\u00eb Kosov\u00ebn n\u00eb t\u00eb ardhmen e af\u00ebrt, duke","og_url":"https:\/\/veritasinfo.org\/?p=6295","article_published_time":"2025-08-01T20:25:43+00:00","og_image":[{"width":800,"height":450,"url":"https:\/\/veritasinfo.org\/wp-content\/uploads\/2025\/08\/IMG_2489.webp","type":"image\/webp"}],"author":"admin","twitter_card":"summary_large_image","twitter_misc":{"Written by":"admin","Est. reading time":"2 minutes"},"schema":{"@context":"https:\/\/schema.org","@graph":[{"@type":"WebPage","@id":"https:\/\/veritasinfo.org\/?p=6295","url":"https:\/\/veritasinfo.org\/?p=6295","name":"Deputetja ukrainase: Ukraina do t\u00eb njoh\u00eb Kosov\u00ebn -","isPartOf":{"@id":"https:\/\/veritasinfo.org\/#website"},"primaryImageOfPage":{"@id":"https:\/\/veritasinfo.org\/?p=6295#primaryimage"},"image":{"@id":"https:\/\/veritasinfo.org\/?p=6295#primaryimage"},"thumbnailUrl":"https:\/\/veritasinfo.org\/wp-content\/uploads\/2025\/08\/IMG_2489.webp","datePublished":"2025-08-01T20:25:43+00:00","author":{"@id":"https:\/\/veritasinfo.org\/#\/schema\/person\/7701f8c088bece422266b100a712374f"},"breadcrumb":{"@id":"https:\/\/veritasinfo.org\/?p=6295#breadcrumb"},"inLanguage":"en-US","potentialAction":[{"@type":"ReadAction","target":["https:\/\/veritasinfo.org\/?p=6295"]}]},{"@type":"ImageObject","inLanguage":"en-US","@id":"https:\/\/veritasinfo.org\/?p=6295#primaryimage","url":"https:\/\/veritasinfo.org\/wp-content\/uploads\/2025\/08\/IMG_2489.webp","contentUrl":"https:\/\/veritasinfo.org\/wp-content\/uploads\/2025\/08\/IMG_2489.webp","width":800,"height":450},{"@type":"BreadcrumbList","@id":"https:\/\/veritasinfo.org\/?p=6295#breadcrumb","itemListElement":[{"@type":"ListItem","position":1,"name":"Home","item":"https:\/\/veritasinfo.org\/"},{"@type":"ListItem","position":2,"name":"Deputetja ukrainase: Ukraina do t\u00eb njoh\u00eb Kosov\u00ebn"}]},{"@type":"WebSite","@id":"https:\/\/veritasinfo.org\/#website","url":"https:\/\/veritasinfo.org\/","name":"","description":"","potentialAction":[{"@type":"SearchAction","target":{"@type":"EntryPoint","urlTemplate":"https:\/\/veritasinfo.org\/?s={search_term_string}"},"query-input":{"@type":"PropertyValueSpecification","valueRequired":true,"valueName":"search_term_string"}}],"inLanguage":"en-US"},{"@type":"Person","@id":"https:\/\/veritasinfo.org\/#\/schema\/person\/7701f8c088bece422266b100a712374f","name":"admin","image":{"@type":"ImageObject","inLanguage":"en-US","@id":"https:\/\/veritasinfo.org\/#\/schema\/person\/image\/","url":"https:\/\/secure.gravatar.com\/avatar\/ea53aa3bf6c9a12d5fde8ce4deff43fef3885ae33cf60184161a50d6987cfd2f?s=96&d=mm&r=g","contentUrl":"https:\/\/secure.gravatar.com\/avatar\/ea53aa3bf6c9a12d5fde8ce4deff43fef3885ae33cf60184161a50d6987cfd2f?s=96&d=mm&r=g","caption":"admin"},"sameAs":["https:\/\/veritasinfo.org"],"url":"https:\/\/veritasinfo.org\/?author=1"}]}},"featured_image_urls":{"full":["https:\/\/veritasinfo.org\/wp-content\/uploads\/2025\/08\/IMG_2489.webp",800,450,false],"thumbnail":["https:\/\/veritasinfo.org\/wp-content\/uploads\/2025\/08\/IMG_2489-150x150.webp",150,150,true],"medium":["https:\/\/veritasinfo.org\/wp-content\/uploads\/2025\/08\/IMG_2489-300x169.webp",300,169,true],"medium_large":["https:\/\/veritasinfo.org\/wp-content\/uploads\/2025\/08\/IMG_2489-768x432.webp",640,360,true],"large":["https:\/\/veritasinfo.org\/wp-content\/uploads\/2025\/08\/IMG_2489.webp",640,360,false],"1536x1536":["https:\/\/veritasinfo.org\/wp-content\/uploads\/2025\/08\/IMG_2489.webp",800,450,false],"2048x2048":["https:\/\/veritasinfo.org\/wp-content\/uploads\/2025\/08\/IMG_2489.webp",800,450,false],"kreeti-slider-full":["https:\/\/veritasinfo.org\/wp-content\/uploads\/2025\/08\/IMG_2489.webp",800,450,false],"kreeti-featured":["https:\/\/veritasinfo.org\/wp-content\/uploads\/2025\/08\/IMG_2489.webp",800,450,false],"kreeti-medium":["https:\/\/veritasinfo.org\/wp-content\/uploads\/2025\/08\/IMG_2489.webp",720,405,false],"kreeti-medium-square":["https:\/\/veritasinfo.org\/wp-content\/uploads\/2025\/08\/IMG_2489.webp",350,197,false]},"author_info":{"info":["admin"]},"category_info":"<a href=\"https:\/\/veritasinfo.org\/?cat=58\" rel=\"category\">Politik\u00eb<\/a>","tag_info":"Politik\u00eb","comment_count":"0","_links":{"self":[{"href":"https:\/\/veritasinfo.org\/index.php?rest_route=\/wp\/v2\/posts\/6295","targetHints":{"allow":["GET"]}}],"collection":[{"href":"https:\/\/veritasinfo.org\/index.php?rest_route=\/wp\/v2\/posts"}],"about":[{"href":"https:\/\/veritasinfo.org\/index.php?rest_route=\/wp\/v2\/types\/post"}],"author":[{"embeddable":true,"href":"https:\/\/veritasinfo.org\/index.php?rest_route=\/wp\/v2\/users\/1"}],"replies":[{"embeddable":true,"href":"https:\/\/veritasinfo.org\/index.php?rest_route=%2Fwp%2Fv2%2Fcomments&post=6295"}],"version-history":[{"count":1,"href":"https:\/\/veritasinfo.org\/index.php?rest_route=\/wp\/v2\/posts\/6295\/revisions"}],"predecessor-version":[{"id":6297,"href":"https:\/\/veritasinfo.org\/index.php?rest_route=\/wp\/v2\/posts\/6295\/revisions\/6297"}],"wp:featuredmedia":[{"embeddable":true,"href":"https:\/\/veritasinfo.org\/index.php?rest_route=\/wp\/v2\/media\/6296"}],"wp:attachment":[{"href":"https:\/\/veritasinfo.org\/index.php?rest_route=%2Fwp%2Fv2%2Fmedia&parent=6295"}],"wp:term":[{"taxonomy":"category","embeddable":true,"href":"https:\/\/veritasinfo.org\/index.php?rest_route=%2Fwp%2Fv2%2Fcategories&post=6295"},{"taxonomy":"post_tag","embeddable":true,"href":"https:\/\/veritasinfo.org\/index.php?rest_route=%2Fwp%2Fv2%2Ftags&post=6295"}],"curies":[{"name":"wp","href":"https:\/\/api.w.org\/{rel}","templated":true}]}}