{"id":6262,"date":"2025-08-01T18:30:00","date_gmt":"2025-08-01T16:30:00","guid":{"rendered":"https:\/\/veritasinfo.org\/?p=6262"},"modified":"2025-08-01T18:32:15","modified_gmt":"2025-08-01T16:32:15","slug":"nje-i-vdekur-nga-aksidenti-mes-vetures-dhe-motocikletes-ne-prishtine","status":"publish","type":"post","link":"https:\/\/veritasinfo.org\/?p=6262","title":{"rendered":"Nj\u00eb i vdekur nga aksidenti mes vetur\u00ebs dhe moto\u00e7iklet\u00ebs n\u00eb Prishtin\u00eb"},"content":{"rendered":"<p>Prishtin\u00eb, 01 Gusht 2025<\/p>\n<p>Nj\u00eb aksident me fatalitet ka ndodhur gjat\u00eb pasdites t\u00eb s\u00eb premtes n\u00eb Prishtin\u00eb.<\/p>\n<div class=\"instream-video\">\n<div data-id=\"2kQm8Ze4251g\">\n<div class=\"orp-player-wrapper orp-aspectRateFixed orp-tiny-size orp-player-ipm orp-player-ipm-hidden orp-force-hide-player\">Aksidenti ka ndodhur pran\u00eb sall\u00ebs \u201c1 Tetori\u201d, midis nj\u00eb veture dhe nj\u00eb moto\u00e7iklete.<\/div>\n<\/div>\n<\/div>\n<p>Policia e Rajonit t\u00eb Prishtin\u00ebs e ka konfirmuar se moto\u00e7iklisti q\u00eb u p\u00ebrfshi n\u00eb aksidentin n\u00eb rrug\u00ebn \u201cEdmond Hoxha\u201d n\u00eb kryeqytet ka vdekur.<\/p>\n<p>Sipas Enis Pllan\u00ebs, z\u00ebdh\u00ebn\u00ebsit t\u00eb Policis\u00eb p\u00ebr kryeqytetin, n\u00eb aksident jan\u00eb p\u00ebrfshir\u00eb nj\u00eb vetur\u00eb dhe nj\u00eb moto\u00e7iklet\u00eb.<\/p>\n<p>\u201cSi pasoj\u00eb e aksidentit, drejtuesi i moto\u00e7iklet\u00ebs, ka humbur jet\u00ebn. Ekipet e mjek\u00ebve emergjent\u00eb n\u00eb vendin e ngjarjes kan\u00eb konstatuar, se viktima, mashkull, \u00ebsht\u00eb pa shenja jete. Nj\u00ebsia e Trafikut t\u00eb Kryeqytetit ka dal\u00eb n\u00eb vendin e ngjarjes dhe ka nisur nj\u00eb hetim lidhur me rrethanat e k\u00ebtij aksidenti\u201d \u2013 ka th\u00ebn\u00eb Pllana<\/p>\n<p>&nbsp;<\/p>\n","protected":false},"excerpt":{"rendered":"<p>Prishtin\u00eb, 01 Gusht 2025 Nj\u00eb aksident me fatalitet ka ndodhur gjat\u00eb pasdites t\u00eb s\u00eb premtes n\u00eb Prishtin\u00eb. Aksidenti ka ndodhur pran\u00eb sall\u00ebs \u201c1 Tetori\u201d, midis<\/p>\n","protected":false},"author":1,"featured_media":6263,"comment_status":"open","ping_status":"open","sticky":false,"template":"","format":"standard","meta":{"footnotes":""},"categories":[60],"tags":[],"class_list":["post-6262","post","type-post","status-publish","format-standard","has-post-thumbnail","hentry","category-shoqerore-sq"],"yoast_head":"<!-- This site is optimized with the Yoast SEO plugin v25.3.1 - https:\/\/yoast.com\/wordpress\/plugins\/seo\/ -->\n<title>Nj\u00eb i vdekur nga aksidenti mes vetur\u00ebs dhe moto\u00e7iklet\u00ebs n\u00eb Prishtin\u00eb -<\/title>\n<meta name=\"robots\" content=\"index, follow, max-snippet:-1, max-image-preview:large, max-video-preview:-1\" \/>\n<link rel=\"canonical\" href=\"https:\/\/veritasinfo.org\/?p=6262\" \/>\n<meta property=\"og:locale\" content=\"en_US\" \/>\n<meta property=\"og:type\" content=\"article\" \/>\n<meta property=\"og:title\" content=\"Nj\u00eb i vdekur nga aksidenti mes vetur\u00ebs dhe moto\u00e7iklet\u00ebs n\u00eb Prishtin\u00eb -\" \/>\n<meta property=\"og:description\" content=\"Prishtin\u00eb, 01 Gusht 2025 Nj\u00eb aksident me fatalitet ka ndodhur gjat\u00eb pasdites t\u00eb s\u00eb premtes n\u00eb Prishtin\u00eb. Aksidenti ka ndodhur pran\u00eb sall\u00ebs \u201c1 Tetori\u201d, midis\" \/>\n<meta property=\"og:url\" content=\"https:\/\/veritasinfo.org\/?p=6262\" \/>\n<meta property=\"article:published_time\" content=\"2025-08-01T16:30:00+00:00\" \/>\n<meta property=\"article:modified_time\" content=\"2025-08-01T16:32:15+00:00\" \/>\n<meta property=\"og:image\" content=\"https:\/\/veritasinfo.org\/wp-content\/uploads\/2025\/08\/dddbf63e-6824-4714-b1ef-88c56de7c937.jpeg\" \/>\n\t<meta property=\"og:image:width\" content=\"940\" \/>\n\t<meta property=\"og:image:height\" content=\"788\" \/>\n\t<meta property=\"og:image:type\" content=\"image\/jpeg\" \/>\n<meta name=\"author\" content=\"admin\" \/>\n<meta name=\"twitter:card\" content=\"summary_large_image\" \/>\n<meta name=\"twitter:label1\" content=\"Written by\" \/>\n\t<meta name=\"twitter:data1\" content=\"admin\" \/>\n\t<meta name=\"twitter:label2\" content=\"Est. reading time\" \/>\n\t<meta name=\"twitter:data2\" content=\"1 minute\" \/>\n<script type=\"application\/ld+json\" class=\"yoast-schema-graph\">{\"@context\":\"https:\/\/schema.org\",\"@graph\":[{\"@type\":\"WebPage\",\"@id\":\"https:\/\/veritasinfo.org\/?p=6262\",\"url\":\"https:\/\/veritasinfo.org\/?p=6262\",\"name\":\"Nj\u00eb i vdekur nga aksidenti mes vetur\u00ebs dhe moto\u00e7iklet\u00ebs n\u00eb Prishtin\u00eb -\",\"isPartOf\":{\"@id\":\"https:\/\/veritasinfo.org\/#website\"},\"primaryImageOfPage\":{\"@id\":\"https:\/\/veritasinfo.org\/?p=6262#primaryimage\"},\"image\":{\"@id\":\"https:\/\/veritasinfo.org\/?p=6262#primaryimage\"},\"thumbnailUrl\":\"https:\/\/veritasinfo.org\/wp-content\/uploads\/2025\/08\/dddbf63e-6824-4714-b1ef-88c56de7c937.jpeg\",\"datePublished\":\"2025-08-01T16:30:00+00:00\",\"dateModified\":\"2025-08-01T16:32:15+00:00\",\"author\":{\"@id\":\"https:\/\/veritasinfo.org\/#\/schema\/person\/7701f8c088bece422266b100a712374f\"},\"breadcrumb\":{\"@id\":\"https:\/\/veritasinfo.org\/?p=6262#breadcrumb\"},\"inLanguage\":\"en-US\",\"potentialAction\":[{\"@type\":\"ReadAction\",\"target\":[\"https:\/\/veritasinfo.org\/?p=6262\"]}]},{\"@type\":\"ImageObject\",\"inLanguage\":\"en-US\",\"@id\":\"https:\/\/veritasinfo.org\/?p=6262#primaryimage\",\"url\":\"https:\/\/veritasinfo.org\/wp-content\/uploads\/2025\/08\/dddbf63e-6824-4714-b1ef-88c56de7c937.jpeg\",\"contentUrl\":\"https:\/\/veritasinfo.org\/wp-content\/uploads\/2025\/08\/dddbf63e-6824-4714-b1ef-88c56de7c937.jpeg\",\"width\":940,\"height\":788},{\"@type\":\"BreadcrumbList\",\"@id\":\"https:\/\/veritasinfo.org\/?p=6262#breadcrumb\",\"itemListElement\":[{\"@type\":\"ListItem\",\"position\":1,\"name\":\"Home\",\"item\":\"https:\/\/veritasinfo.org\/\"},{\"@type\":\"ListItem\",\"position\":2,\"name\":\"Nj\u00eb i vdekur nga aksidenti mes vetur\u00ebs dhe moto\u00e7iklet\u00ebs n\u00eb Prishtin\u00eb\"}]},{\"@type\":\"WebSite\",\"@id\":\"https:\/\/veritasinfo.org\/#website\",\"url\":\"https:\/\/veritasinfo.org\/\",\"name\":\"\",\"description\":\"\",\"potentialAction\":[{\"@type\":\"SearchAction\",\"target\":{\"@type\":\"EntryPoint\",\"urlTemplate\":\"https:\/\/veritasinfo.org\/?s={search_term_string}\"},\"query-input\":{\"@type\":\"PropertyValueSpecification\",\"valueRequired\":true,\"valueName\":\"search_term_string\"}}],\"inLanguage\":\"en-US\"},{\"@type\":\"Person\",\"@id\":\"https:\/\/veritasinfo.org\/#\/schema\/person\/7701f8c088bece422266b100a712374f\",\"name\":\"admin\",\"image\":{\"@type\":\"ImageObject\",\"inLanguage\":\"en-US\",\"@id\":\"https:\/\/veritasinfo.org\/#\/schema\/person\/image\/\",\"url\":\"https:\/\/secure.gravatar.com\/avatar\/ea53aa3bf6c9a12d5fde8ce4deff43fef3885ae33cf60184161a50d6987cfd2f?s=96&d=mm&r=g\",\"contentUrl\":\"https:\/\/secure.gravatar.com\/avatar\/ea53aa3bf6c9a12d5fde8ce4deff43fef3885ae33cf60184161a50d6987cfd2f?s=96&d=mm&r=g\",\"caption\":\"admin\"},\"sameAs\":[\"https:\/\/veritasinfo.org\"],\"url\":\"https:\/\/veritasinfo.org\/?author=1\"}]}<\/script>\n<!-- \/ Yoast SEO plugin. -->","yoast_head_json":{"title":"Nj\u00eb i vdekur nga aksidenti mes vetur\u00ebs dhe moto\u00e7iklet\u00ebs n\u00eb Prishtin\u00eb -","robots":{"index":"index","follow":"follow","max-snippet":"max-snippet:-1","max-image-preview":"max-image-preview:large","max-video-preview":"max-video-preview:-1"},"canonical":"https:\/\/veritasinfo.org\/?p=6262","og_locale":"en_US","og_type":"article","og_title":"Nj\u00eb i vdekur nga aksidenti mes vetur\u00ebs dhe moto\u00e7iklet\u00ebs n\u00eb Prishtin\u00eb -","og_description":"Prishtin\u00eb, 01 Gusht 2025 Nj\u00eb aksident me fatalitet ka ndodhur gjat\u00eb pasdites t\u00eb s\u00eb premtes n\u00eb Prishtin\u00eb. Aksidenti ka ndodhur pran\u00eb sall\u00ebs \u201c1 Tetori\u201d, midis","og_url":"https:\/\/veritasinfo.org\/?p=6262","article_published_time":"2025-08-01T16:30:00+00:00","article_modified_time":"2025-08-01T16:32:15+00:00","og_image":[{"width":940,"height":788,"url":"https:\/\/veritasinfo.org\/wp-content\/uploads\/2025\/08\/dddbf63e-6824-4714-b1ef-88c56de7c937.jpeg","type":"image\/jpeg"}],"author":"admin","twitter_card":"summary_large_image","twitter_misc":{"Written by":"admin","Est. reading time":"1 minute"},"schema":{"@context":"https:\/\/schema.org","@graph":[{"@type":"WebPage","@id":"https:\/\/veritasinfo.org\/?p=6262","url":"https:\/\/veritasinfo.org\/?p=6262","name":"Nj\u00eb i vdekur nga aksidenti mes vetur\u00ebs dhe moto\u00e7iklet\u00ebs n\u00eb Prishtin\u00eb -","isPartOf":{"@id":"https:\/\/veritasinfo.org\/#website"},"primaryImageOfPage":{"@id":"https:\/\/veritasinfo.org\/?p=6262#primaryimage"},"image":{"@id":"https:\/\/veritasinfo.org\/?p=6262#primaryimage"},"thumbnailUrl":"https:\/\/veritasinfo.org\/wp-content\/uploads\/2025\/08\/dddbf63e-6824-4714-b1ef-88c56de7c937.jpeg","datePublished":"2025-08-01T16:30:00+00:00","dateModified":"2025-08-01T16:32:15+00:00","author":{"@id":"https:\/\/veritasinfo.org\/#\/schema\/person\/7701f8c088bece422266b100a712374f"},"breadcrumb":{"@id":"https:\/\/veritasinfo.org\/?p=6262#breadcrumb"},"inLanguage":"en-US","potentialAction":[{"@type":"ReadAction","target":["https:\/\/veritasinfo.org\/?p=6262"]}]},{"@type":"ImageObject","inLanguage":"en-US","@id":"https:\/\/veritasinfo.org\/?p=6262#primaryimage","url":"https:\/\/veritasinfo.org\/wp-content\/uploads\/2025\/08\/dddbf63e-6824-4714-b1ef-88c56de7c937.jpeg","contentUrl":"https:\/\/veritasinfo.org\/wp-content\/uploads\/2025\/08\/dddbf63e-6824-4714-b1ef-88c56de7c937.jpeg","width":940,"height":788},{"@type":"BreadcrumbList","@id":"https:\/\/veritasinfo.org\/?p=6262#breadcrumb","itemListElement":[{"@type":"ListItem","position":1,"name":"Home","item":"https:\/\/veritasinfo.org\/"},{"@type":"ListItem","position":2,"name":"Nj\u00eb i vdekur nga aksidenti mes vetur\u00ebs dhe moto\u00e7iklet\u00ebs n\u00eb Prishtin\u00eb"}]},{"@type":"WebSite","@id":"https:\/\/veritasinfo.org\/#website","url":"https:\/\/veritasinfo.org\/","name":"","description":"","potentialAction":[{"@type":"SearchAction","target":{"@type":"EntryPoint","urlTemplate":"https:\/\/veritasinfo.org\/?s={search_term_string}"},"query-input":{"@type":"PropertyValueSpecification","valueRequired":true,"valueName":"search_term_string"}}],"inLanguage":"en-US"},{"@type":"Person","@id":"https:\/\/veritasinfo.org\/#\/schema\/person\/7701f8c088bece422266b100a712374f","name":"admin","image":{"@type":"ImageObject","inLanguage":"en-US","@id":"https:\/\/veritasinfo.org\/#\/schema\/person\/image\/","url":"https:\/\/secure.gravatar.com\/avatar\/ea53aa3bf6c9a12d5fde8ce4deff43fef3885ae33cf60184161a50d6987cfd2f?s=96&d=mm&r=g","contentUrl":"https:\/\/secure.gravatar.com\/avatar\/ea53aa3bf6c9a12d5fde8ce4deff43fef3885ae33cf60184161a50d6987cfd2f?s=96&d=mm&r=g","caption":"admin"},"sameAs":["https:\/\/veritasinfo.org"],"url":"https:\/\/veritasinfo.org\/?author=1"}]}},"featured_image_urls":{"full":["https:\/\/veritasinfo.org\/wp-content\/uploads\/2025\/08\/dddbf63e-6824-4714-b1ef-88c56de7c937.jpeg",940,788,false],"thumbnail":["https:\/\/veritasinfo.org\/wp-content\/uploads\/2025\/08\/dddbf63e-6824-4714-b1ef-88c56de7c937-150x150.jpeg",150,150,true],"medium":["https:\/\/veritasinfo.org\/wp-content\/uploads\/2025\/08\/dddbf63e-6824-4714-b1ef-88c56de7c937-300x251.jpeg",300,251,true],"medium_large":["https:\/\/veritasinfo.org\/wp-content\/uploads\/2025\/08\/dddbf63e-6824-4714-b1ef-88c56de7c937-768x644.jpeg",640,537,true],"large":["https:\/\/veritasinfo.org\/wp-content\/uploads\/2025\/08\/dddbf63e-6824-4714-b1ef-88c56de7c937.jpeg",640,537,false],"1536x1536":["https:\/\/veritasinfo.org\/wp-content\/uploads\/2025\/08\/dddbf63e-6824-4714-b1ef-88c56de7c937.jpeg",940,788,false],"2048x2048":["https:\/\/veritasinfo.org\/wp-content\/uploads\/2025\/08\/dddbf63e-6824-4714-b1ef-88c56de7c937.jpeg",940,788,false],"kreeti-slider-full":["https:\/\/veritasinfo.org\/wp-content\/uploads\/2025\/08\/dddbf63e-6824-4714-b1ef-88c56de7c937.jpeg",859,720,false],"kreeti-featured":["https:\/\/veritasinfo.org\/wp-content\/uploads\/2025\/08\/dddbf63e-6824-4714-b1ef-88c56de7c937.jpeg",940,788,false],"kreeti-medium":["https:\/\/veritasinfo.org\/wp-content\/uploads\/2025\/08\/dddbf63e-6824-4714-b1ef-88c56de7c937.jpeg",632,530,false],"kreeti-medium-square":["https:\/\/veritasinfo.org\/wp-content\/uploads\/2025\/08\/dddbf63e-6824-4714-b1ef-88c56de7c937.jpeg",350,293,false]},"author_info":{"info":["admin"]},"category_info":"<a href=\"https:\/\/veritasinfo.org\/?cat=60\" rel=\"category\">Shoq\u00ebrore<\/a>","tag_info":"Shoq\u00ebrore","comment_count":"0","_links":{"self":[{"href":"https:\/\/veritasinfo.org\/index.php?rest_route=\/wp\/v2\/posts\/6262","targetHints":{"allow":["GET"]}}],"collection":[{"href":"https:\/\/veritasinfo.org\/index.php?rest_route=\/wp\/v2\/posts"}],"about":[{"href":"https:\/\/veritasinfo.org\/index.php?rest_route=\/wp\/v2\/types\/post"}],"author":[{"embeddable":true,"href":"https:\/\/veritasinfo.org\/index.php?rest_route=\/wp\/v2\/users\/1"}],"replies":[{"embeddable":true,"href":"https:\/\/veritasinfo.org\/index.php?rest_route=%2Fwp%2Fv2%2Fcomments&post=6262"}],"version-history":[{"count":3,"href":"https:\/\/veritasinfo.org\/index.php?rest_route=\/wp\/v2\/posts\/6262\/revisions"}],"predecessor-version":[{"id":6266,"href":"https:\/\/veritasinfo.org\/index.php?rest_route=\/wp\/v2\/posts\/6262\/revisions\/6266"}],"wp:featuredmedia":[{"embeddable":true,"href":"https:\/\/veritasinfo.org\/index.php?rest_route=\/wp\/v2\/media\/6263"}],"wp:attachment":[{"href":"https:\/\/veritasinfo.org\/index.php?rest_route=%2Fwp%2Fv2%2Fmedia&parent=6262"}],"wp:term":[{"taxonomy":"category","embeddable":true,"href":"https:\/\/veritasinfo.org\/index.php?rest_route=%2Fwp%2Fv2%2Fcategories&post=6262"},{"taxonomy":"post_tag","embeddable":true,"href":"https:\/\/veritasinfo.org\/index.php?rest_route=%2Fwp%2Fv2%2Ftags&post=6262"}],"curies":[{"name":"wp","href":"https:\/\/api.w.org\/{rel}","templated":true}]}}