{"id":6230,"date":"2025-08-01T13:40:30","date_gmt":"2025-08-01T11:40:30","guid":{"rendered":"https:\/\/veritasinfo.org\/?p=6230"},"modified":"2025-08-01T13:40:30","modified_gmt":"2025-08-01T11:40:30","slug":"osmani-me-kete-vendim-kosova-konfirmon-besnikerine-ndaj-shba-se","status":"publish","type":"post","link":"https:\/\/veritasinfo.org\/?p=6230","title":{"rendered":"Osmani, me k\u00ebt\u00eb vendim, Kosova konfirmon besnik\u00ebrin\u00eb ndaj SHBA-s\u00eb"},"content":{"rendered":"<p>Prishtin\u00eb, 1 gusht 2025<\/p>\n<p><strong>Presidentja e Kosov\u00ebs, Vjosa Osmani, ka b\u00ebr\u00eb t\u00eb ditur se ka hyr\u00eb n\u00eb fuqi vendimi p\u00ebr heqjen e plot\u00eb t\u00eb tarifave doganore ndaj t\u00eb gjitha produkteve nga Shtetet e Bashkuara t\u00eb Amerik\u00ebs.<\/strong><\/p>\n<p>P\u00ebrmes nj\u00eb postimi n\u00eb platform\u00ebn X, Osmani theksoi se Kosova \u00ebsht\u00eb vendi i par\u00eb q\u00eb ka propozuar eliminimin e t\u00eb gjitha barrierave tregtare ndaj aleatit t\u00eb saj m\u00eb strategjik, duke i d\u00ebrguar nj\u00eb mesazh t\u00eb qart\u00eb Uashingtonit.<\/p>\n<p>\u201cP\u00ebr Presidentin amerikan dhe popullin amerikan: Kosova \u00ebsht\u00eb partneri juaj i besuesh\u00ebm n\u00eb p\u00ebrpjekjet p\u00ebr ta b\u00ebr\u00eb Amerik\u00ebn dhe aleat\u00ebt e saj m\u00eb t\u00eb fort\u00eb, m\u00eb t\u00eb sigurt dhe m\u00eb t\u00eb begat\u00eb,\u201d shkroi Osmani.<\/p>\n<p>Ajo rikujtoi se kishte k\u00ebrkuar zyrtarisht nga Qeveria e Kosov\u00ebs pezullimin e tarifave p\u00ebr mallrat amerikane, duke e cil\u00ebsuar k\u00ebt\u00eb si nj\u00eb hap t\u00eb r\u00ebnd\u00ebsish\u00ebm p\u00ebr forcimin e marr\u00ebdh\u00ebnieve ekonomike dhe politike nd\u00ebrmjet dy shteteve.<\/p>\n<p>Ky vendim, sipas saj, d\u00ebshmon p\u00ebrkushtimin e pal\u00ebkundur t\u00eb Kosov\u00ebs p\u00ebr thellimin e partneritetit strategjik me Shtetet e Bashkuara t\u00eb Amerik\u00ebs.<\/p>\n<p><img decoding=\"async\" data-src=\"https:\/\/www.rtklive.com\/sq\/gallery\/news_hidden_inside\/700918\/vjosaaaa.jpg\" alt=\"\" src=\"data:image\/gif;base64,R0lGODlhAQABAAAAACH5BAEKAAEALAAAAAABAAEAAAICTAEAOw==\" class=\"lazyload\" \/><\/p>\n","protected":false},"excerpt":{"rendered":"<p>Prishtin\u00eb, 1 gusht 2025 Presidentja e Kosov\u00ebs, Vjosa Osmani, ka b\u00ebr\u00eb t\u00eb ditur se ka hyr\u00eb n\u00eb fuqi vendimi p\u00ebr heqjen e plot\u00eb t\u00eb tarifave<\/p>\n","protected":false},"author":1,"featured_media":6231,"comment_status":"open","ping_status":"open","sticky":false,"template":"","format":"standard","meta":{"footnotes":""},"categories":[58],"tags":[],"class_list":["post-6230","post","type-post","status-publish","format-standard","has-post-thumbnail","hentry","category-politike-sq"],"yoast_head":"<!-- This site is optimized with the Yoast SEO plugin v25.3.1 - https:\/\/yoast.com\/wordpress\/plugins\/seo\/ -->\n<title>Osmani, me k\u00ebt\u00eb vendim, Kosova konfirmon besnik\u00ebrin\u00eb ndaj SHBA-s\u00eb -<\/title>\n<meta name=\"robots\" content=\"index, follow, max-snippet:-1, max-image-preview:large, max-video-preview:-1\" \/>\n<link rel=\"canonical\" href=\"https:\/\/veritasinfo.org\/?p=6230\" \/>\n<meta property=\"og:locale\" content=\"en_US\" \/>\n<meta property=\"og:type\" content=\"article\" \/>\n<meta property=\"og:title\" content=\"Osmani, me k\u00ebt\u00eb vendim, Kosova konfirmon besnik\u00ebrin\u00eb ndaj SHBA-s\u00eb -\" \/>\n<meta property=\"og:description\" content=\"Prishtin\u00eb, 1 gusht 2025 Presidentja e Kosov\u00ebs, Vjosa Osmani, ka b\u00ebr\u00eb t\u00eb ditur se ka hyr\u00eb n\u00eb fuqi vendimi p\u00ebr heqjen e plot\u00eb t\u00eb tarifave\" \/>\n<meta property=\"og:url\" content=\"https:\/\/veritasinfo.org\/?p=6230\" \/>\n<meta property=\"article:published_time\" content=\"2025-08-01T11:40:30+00:00\" \/>\n<meta property=\"og:image\" content=\"https:\/\/veritasinfo.org\/wp-content\/uploads\/2025\/08\/IMG_2175.png\" \/>\n\t<meta property=\"og:image:width\" content=\"780\" \/>\n\t<meta property=\"og:image:height\" content=\"500\" \/>\n\t<meta property=\"og:image:type\" content=\"image\/png\" \/>\n<meta name=\"author\" content=\"admin\" \/>\n<meta name=\"twitter:card\" content=\"summary_large_image\" \/>\n<meta name=\"twitter:label1\" content=\"Written by\" \/>\n\t<meta name=\"twitter:data1\" content=\"admin\" \/>\n\t<meta name=\"twitter:label2\" content=\"Est. reading time\" \/>\n\t<meta name=\"twitter:data2\" content=\"2 minutes\" \/>\n<script type=\"application\/ld+json\" class=\"yoast-schema-graph\">{\"@context\":\"https:\/\/schema.org\",\"@graph\":[{\"@type\":\"WebPage\",\"@id\":\"https:\/\/veritasinfo.org\/?p=6230\",\"url\":\"https:\/\/veritasinfo.org\/?p=6230\",\"name\":\"Osmani, me k\u00ebt\u00eb vendim, Kosova konfirmon besnik\u00ebrin\u00eb ndaj SHBA-s\u00eb -\",\"isPartOf\":{\"@id\":\"https:\/\/veritasinfo.org\/#website\"},\"primaryImageOfPage\":{\"@id\":\"https:\/\/veritasinfo.org\/?p=6230#primaryimage\"},\"image\":{\"@id\":\"https:\/\/veritasinfo.org\/?p=6230#primaryimage\"},\"thumbnailUrl\":\"https:\/\/veritasinfo.org\/wp-content\/uploads\/2025\/08\/IMG_2175.png\",\"datePublished\":\"2025-08-01T11:40:30+00:00\",\"author\":{\"@id\":\"https:\/\/veritasinfo.org\/#\/schema\/person\/7701f8c088bece422266b100a712374f\"},\"breadcrumb\":{\"@id\":\"https:\/\/veritasinfo.org\/?p=6230#breadcrumb\"},\"inLanguage\":\"en-US\",\"potentialAction\":[{\"@type\":\"ReadAction\",\"target\":[\"https:\/\/veritasinfo.org\/?p=6230\"]}]},{\"@type\":\"ImageObject\",\"inLanguage\":\"en-US\",\"@id\":\"https:\/\/veritasinfo.org\/?p=6230#primaryimage\",\"url\":\"https:\/\/veritasinfo.org\/wp-content\/uploads\/2025\/08\/IMG_2175.png\",\"contentUrl\":\"https:\/\/veritasinfo.org\/wp-content\/uploads\/2025\/08\/IMG_2175.png\",\"width\":780,\"height\":500},{\"@type\":\"BreadcrumbList\",\"@id\":\"https:\/\/veritasinfo.org\/?p=6230#breadcrumb\",\"itemListElement\":[{\"@type\":\"ListItem\",\"position\":1,\"name\":\"Home\",\"item\":\"https:\/\/veritasinfo.org\/\"},{\"@type\":\"ListItem\",\"position\":2,\"name\":\"Osmani, me k\u00ebt\u00eb vendim, Kosova konfirmon besnik\u00ebrin\u00eb ndaj SHBA-s\u00eb\"}]},{\"@type\":\"WebSite\",\"@id\":\"https:\/\/veritasinfo.org\/#website\",\"url\":\"https:\/\/veritasinfo.org\/\",\"name\":\"\",\"description\":\"\",\"potentialAction\":[{\"@type\":\"SearchAction\",\"target\":{\"@type\":\"EntryPoint\",\"urlTemplate\":\"https:\/\/veritasinfo.org\/?s={search_term_string}\"},\"query-input\":{\"@type\":\"PropertyValueSpecification\",\"valueRequired\":true,\"valueName\":\"search_term_string\"}}],\"inLanguage\":\"en-US\"},{\"@type\":\"Person\",\"@id\":\"https:\/\/veritasinfo.org\/#\/schema\/person\/7701f8c088bece422266b100a712374f\",\"name\":\"admin\",\"image\":{\"@type\":\"ImageObject\",\"inLanguage\":\"en-US\",\"@id\":\"https:\/\/veritasinfo.org\/#\/schema\/person\/image\/\",\"url\":\"https:\/\/secure.gravatar.com\/avatar\/ea53aa3bf6c9a12d5fde8ce4deff43fef3885ae33cf60184161a50d6987cfd2f?s=96&d=mm&r=g\",\"contentUrl\":\"https:\/\/secure.gravatar.com\/avatar\/ea53aa3bf6c9a12d5fde8ce4deff43fef3885ae33cf60184161a50d6987cfd2f?s=96&d=mm&r=g\",\"caption\":\"admin\"},\"sameAs\":[\"https:\/\/veritasinfo.org\"],\"url\":\"https:\/\/veritasinfo.org\/?author=1\"}]}<\/script>\n<!-- \/ Yoast SEO plugin. -->","yoast_head_json":{"title":"Osmani, me k\u00ebt\u00eb vendim, Kosova konfirmon besnik\u00ebrin\u00eb ndaj SHBA-s\u00eb -","robots":{"index":"index","follow":"follow","max-snippet":"max-snippet:-1","max-image-preview":"max-image-preview:large","max-video-preview":"max-video-preview:-1"},"canonical":"https:\/\/veritasinfo.org\/?p=6230","og_locale":"en_US","og_type":"article","og_title":"Osmani, me k\u00ebt\u00eb vendim, Kosova konfirmon besnik\u00ebrin\u00eb ndaj SHBA-s\u00eb -","og_description":"Prishtin\u00eb, 1 gusht 2025 Presidentja e Kosov\u00ebs, Vjosa Osmani, ka b\u00ebr\u00eb t\u00eb ditur se ka hyr\u00eb n\u00eb fuqi vendimi p\u00ebr heqjen e plot\u00eb t\u00eb tarifave","og_url":"https:\/\/veritasinfo.org\/?p=6230","article_published_time":"2025-08-01T11:40:30+00:00","og_image":[{"width":780,"height":500,"url":"https:\/\/veritasinfo.org\/wp-content\/uploads\/2025\/08\/IMG_2175.png","type":"image\/png"}],"author":"admin","twitter_card":"summary_large_image","twitter_misc":{"Written by":"admin","Est. reading time":"2 minutes"},"schema":{"@context":"https:\/\/schema.org","@graph":[{"@type":"WebPage","@id":"https:\/\/veritasinfo.org\/?p=6230","url":"https:\/\/veritasinfo.org\/?p=6230","name":"Osmani, me k\u00ebt\u00eb vendim, Kosova konfirmon besnik\u00ebrin\u00eb ndaj SHBA-s\u00eb -","isPartOf":{"@id":"https:\/\/veritasinfo.org\/#website"},"primaryImageOfPage":{"@id":"https:\/\/veritasinfo.org\/?p=6230#primaryimage"},"image":{"@id":"https:\/\/veritasinfo.org\/?p=6230#primaryimage"},"thumbnailUrl":"https:\/\/veritasinfo.org\/wp-content\/uploads\/2025\/08\/IMG_2175.png","datePublished":"2025-08-01T11:40:30+00:00","author":{"@id":"https:\/\/veritasinfo.org\/#\/schema\/person\/7701f8c088bece422266b100a712374f"},"breadcrumb":{"@id":"https:\/\/veritasinfo.org\/?p=6230#breadcrumb"},"inLanguage":"en-US","potentialAction":[{"@type":"ReadAction","target":["https:\/\/veritasinfo.org\/?p=6230"]}]},{"@type":"ImageObject","inLanguage":"en-US","@id":"https:\/\/veritasinfo.org\/?p=6230#primaryimage","url":"https:\/\/veritasinfo.org\/wp-content\/uploads\/2025\/08\/IMG_2175.png","contentUrl":"https:\/\/veritasinfo.org\/wp-content\/uploads\/2025\/08\/IMG_2175.png","width":780,"height":500},{"@type":"BreadcrumbList","@id":"https:\/\/veritasinfo.org\/?p=6230#breadcrumb","itemListElement":[{"@type":"ListItem","position":1,"name":"Home","item":"https:\/\/veritasinfo.org\/"},{"@type":"ListItem","position":2,"name":"Osmani, me k\u00ebt\u00eb vendim, Kosova konfirmon besnik\u00ebrin\u00eb ndaj SHBA-s\u00eb"}]},{"@type":"WebSite","@id":"https:\/\/veritasinfo.org\/#website","url":"https:\/\/veritasinfo.org\/","name":"","description":"","potentialAction":[{"@type":"SearchAction","target":{"@type":"EntryPoint","urlTemplate":"https:\/\/veritasinfo.org\/?s={search_term_string}"},"query-input":{"@type":"PropertyValueSpecification","valueRequired":true,"valueName":"search_term_string"}}],"inLanguage":"en-US"},{"@type":"Person","@id":"https:\/\/veritasinfo.org\/#\/schema\/person\/7701f8c088bece422266b100a712374f","name":"admin","image":{"@type":"ImageObject","inLanguage":"en-US","@id":"https:\/\/veritasinfo.org\/#\/schema\/person\/image\/","url":"https:\/\/secure.gravatar.com\/avatar\/ea53aa3bf6c9a12d5fde8ce4deff43fef3885ae33cf60184161a50d6987cfd2f?s=96&d=mm&r=g","contentUrl":"https:\/\/secure.gravatar.com\/avatar\/ea53aa3bf6c9a12d5fde8ce4deff43fef3885ae33cf60184161a50d6987cfd2f?s=96&d=mm&r=g","caption":"admin"},"sameAs":["https:\/\/veritasinfo.org"],"url":"https:\/\/veritasinfo.org\/?author=1"}]}},"featured_image_urls":{"full":["https:\/\/veritasinfo.org\/wp-content\/uploads\/2025\/08\/IMG_2175.png",780,500,false],"thumbnail":["https:\/\/veritasinfo.org\/wp-content\/uploads\/2025\/08\/IMG_2175-150x150.png",150,150,true],"medium":["https:\/\/veritasinfo.org\/wp-content\/uploads\/2025\/08\/IMG_2175-300x192.png",300,192,true],"medium_large":["https:\/\/veritasinfo.org\/wp-content\/uploads\/2025\/08\/IMG_2175-768x492.png",640,410,true],"large":["https:\/\/veritasinfo.org\/wp-content\/uploads\/2025\/08\/IMG_2175.png",640,410,false],"1536x1536":["https:\/\/veritasinfo.org\/wp-content\/uploads\/2025\/08\/IMG_2175.png",780,500,false],"2048x2048":["https:\/\/veritasinfo.org\/wp-content\/uploads\/2025\/08\/IMG_2175.png",780,500,false],"kreeti-slider-full":["https:\/\/veritasinfo.org\/wp-content\/uploads\/2025\/08\/IMG_2175.png",780,500,false],"kreeti-featured":["https:\/\/veritasinfo.org\/wp-content\/uploads\/2025\/08\/IMG_2175.png",780,500,false],"kreeti-medium":["https:\/\/veritasinfo.org\/wp-content\/uploads\/2025\/08\/IMG_2175.png",720,462,false],"kreeti-medium-square":["https:\/\/veritasinfo.org\/wp-content\/uploads\/2025\/08\/IMG_2175.png",350,224,false]},"author_info":{"info":["admin"]},"category_info":"<a href=\"https:\/\/veritasinfo.org\/?cat=58\" rel=\"category\">Politik\u00eb<\/a>","tag_info":"Politik\u00eb","comment_count":"0","_links":{"self":[{"href":"https:\/\/veritasinfo.org\/index.php?rest_route=\/wp\/v2\/posts\/6230","targetHints":{"allow":["GET"]}}],"collection":[{"href":"https:\/\/veritasinfo.org\/index.php?rest_route=\/wp\/v2\/posts"}],"about":[{"href":"https:\/\/veritasinfo.org\/index.php?rest_route=\/wp\/v2\/types\/post"}],"author":[{"embeddable":true,"href":"https:\/\/veritasinfo.org\/index.php?rest_route=\/wp\/v2\/users\/1"}],"replies":[{"embeddable":true,"href":"https:\/\/veritasinfo.org\/index.php?rest_route=%2Fwp%2Fv2%2Fcomments&post=6230"}],"version-history":[{"count":1,"href":"https:\/\/veritasinfo.org\/index.php?rest_route=\/wp\/v2\/posts\/6230\/revisions"}],"predecessor-version":[{"id":6232,"href":"https:\/\/veritasinfo.org\/index.php?rest_route=\/wp\/v2\/posts\/6230\/revisions\/6232"}],"wp:featuredmedia":[{"embeddable":true,"href":"https:\/\/veritasinfo.org\/index.php?rest_route=\/wp\/v2\/media\/6231"}],"wp:attachment":[{"href":"https:\/\/veritasinfo.org\/index.php?rest_route=%2Fwp%2Fv2%2Fmedia&parent=6230"}],"wp:term":[{"taxonomy":"category","embeddable":true,"href":"https:\/\/veritasinfo.org\/index.php?rest_route=%2Fwp%2Fv2%2Fcategories&post=6230"},{"taxonomy":"post_tag","embeddable":true,"href":"https:\/\/veritasinfo.org\/index.php?rest_route=%2Fwp%2Fv2%2Ftags&post=6230"}],"curies":[{"name":"wp","href":"https:\/\/api.w.org\/{rel}","templated":true}]}}