{"id":6139,"date":"2025-08-01T07:27:42","date_gmt":"2025-08-01T05:27:42","guid":{"rendered":"https:\/\/veritasinfo.org\/?p=6139"},"modified":"2025-07-31T23:38:49","modified_gmt":"2025-07-31T21:38:49","slug":"kosova-insiston-ne-zbardhjen-e-fatit-te-te-pagjeturve","status":"publish","type":"post","link":"https:\/\/veritasinfo.org\/?p=6139","title":{"rendered":"Kosova insiston n\u00eb zbardhjen e fatit t\u00eb t\u00eb pagjeturve"},"content":{"rendered":"<p>Prishtin\u00eb, 01 Gusht 2025<\/p>\n<p>N\u00eb Kosov\u00eb gjat\u00eb t\u00ebr\u00eb vitit jan\u00eb zhvilluar g\u00ebrmime p\u00ebr mbetje mortore n\u00eb disa lokacione t\u00eb ndryshme.<\/p>\n<p>Nd\u00ebrsa s\u00eb fundmi Komisioni Qeveritar p\u00ebr Persona t\u00eb Zhdukur, n\u00eb bashk\u00ebpunim me Institutin e Mjek\u00ebsis\u00eb Ligjore (IML) dhe Policin\u00eb e Kosov\u00ebs kan\u00eb konfirmuar gjetje t\u00eb mbetjeve mortore t\u00eb nj\u00eb individi n\u00eb fshatin Brekoc t\u00eb Gjakov\u00ebs.<\/p>\n<p>N\u00eb an\u00ebn tjet\u00ebr, n\u00eb Serbi, prej koh\u00ebsh nuk po zhvillohen g\u00ebrmime p\u00ebr gjetjen e personave t\u00eb zhdukur me dhun\u00eb gjat\u00eb luft\u00ebs n\u00eb Kosov\u00eb.<\/p>\n<p>Se pse shteti fqinj refuzon t\u2019i kryej obligimet e saj n\u00eb kuad\u00ebr t\u00eb dialogut e shpjegon Kryetari i Komisionit Qeveritar p\u00ebr Persona t\u00eb Zhdukur, Andin Hoti.<\/p>\n<p>\u201cN\u00eb Serbi vazhdon t\u00eb mbizot\u00ebroj\u00eb mend\u00ebsia e viteve \u201990. P\u00ebr mua, \u00e7do individ, institucion apo shtet q\u00eb e fsheh nj\u00eb krim \u00ebsht\u00eb vet\u00eb kriminel. Nuk ka dallim mes kryerjes s\u00eb krimit dhe fshehjes s\u00eb tij. Serbia po e politizon \u00e7\u00ebshtjen e personave t\u00eb zhdukur, gj\u00eb q\u00eb d\u00ebshmohet edhe n\u00eb takimet q\u00eb zhvillojm\u00eb me p\u00ebrfaq\u00ebsues nd\u00ebrkomb\u00ebtar\u00eb. Megjithat\u00eb, ne nuk po ndalemi \u2013 p\u00ebr hir t\u00eb procesit, ne vazhdojm\u00eb t\u00eb veprojm\u00eb: aty ku kemi informacione, ne shkojm\u00eb dhe kryejm\u00eb g\u00ebrmime\u201d, ka th\u00ebn\u00eb Hoti.<\/p>\n<p>Ai thot\u00eb se Serbia e ka politizuar \u00e7\u00ebshtjen e personave t\u00eb zhdukur.<\/p>\n<p>E politikani socialdemokrat, Nenad \u00c7anak, thot\u00eb se n\u00ebse do hapeshin arkivat nga shteti i Serbis\u00eb, do t\u00eb dilnin para drejt\u00ebsis\u00eb persona qe ende mbajn\u00eb pushtet.<\/p>\n<p>\u201cPas luft\u00ebs n\u00eb Kosov\u00eb, nj\u00eb num\u00ebr i madh trupash t\u00eb vrar\u00eb u transportuan n\u00eb Serbi dhe u varros\u00ebn n\u00eb varreza masive t\u00eb vendosura n\u00eb hap\u00ebsira q\u00eb p\u00ebrdoreshin nga nj\u00ebsit\u00eb policore dhe ato ushtarake p\u00ebr trajnim, duke e b\u00ebr\u00eb t\u00eb pamundur qasjen n\u00eb k\u00ebto zona. Qysh n\u00eb vitin 2002, policia identifikoi 14 varreza masive, por hetimet ndaluan aty. Arsyeja pse k\u00ebto dosje nuk po hapen \u00ebsht\u00eb se nj\u00eb veprim i till\u00eb do t\u00eb nxirrte p\u00ebrpara drejt\u00ebsis\u00eb nj\u00eb num\u00ebr individ\u00ebsh q\u00eb ende mbajn\u00eb pushtet n\u00eb Serbi. Pa ndryshime t\u00eb thella n\u00eb Serbi \u2013 jo vet\u00ebm politike, por edhe shoq\u00ebrore \u2013 jam pesimist se mund t\u00eb ket\u00eb ndonj\u00eb p\u00ebrparim t\u00eb v\u00ebrtet\u00eb. Bashk\u00ebsia nd\u00ebrkomb\u00ebtare \u00ebsht\u00eb e p\u00ebrqendruar n\u00eb Ukrain\u00eb dhe Lindjen e Mesme, ndaj k\u00ebto \u00e7\u00ebshtje nuk jan\u00eb prioritet. Kjo vet\u00ebm sa thekson gabimet q\u00eb jan\u00eb b\u00ebr\u00eb n\u00eb raport me Ballkanin Per\u00ebndimor \u2013 gabime p\u00ebr t\u00eb cilat Evropa do t\u00eb paguaj\u00eb shtrenjt\u00eb\u201d, shpreht \u00c7anak.<\/p>\n<p>Andin Hoti m\u00eb her\u00ebt i \u00a0ka nisur nj\u00eb let\u00ebr kryediplomates s\u00eb Bashkimit Evropian, Kaja Kallas, duke k\u00ebrkuar hapa konkret\u00eb prej saj dhe bllokut evropian p\u00ebr t\u00eb detyruar Serbin\u00eb q\u00eb t\u00eb bashk\u00ebpunoj\u00eb dhe t\u2019i hap\u00eb arkivat e saj shtet\u00ebrore.<\/p>\n","protected":false},"excerpt":{"rendered":"<p>Prishtin\u00eb, 01 Gusht 2025 N\u00eb Kosov\u00eb gjat\u00eb t\u00ebr\u00eb vitit jan\u00eb zhvilluar g\u00ebrmime p\u00ebr mbetje mortore n\u00eb disa lokacione t\u00eb ndryshme. Nd\u00ebrsa s\u00eb fundmi Komisioni Qeveritar<\/p>\n","protected":false},"author":1,"featured_media":6140,"comment_status":"open","ping_status":"open","sticky":false,"template":"","format":"standard","meta":{"footnotes":""},"categories":[60],"tags":[],"class_list":["post-6139","post","type-post","status-publish","format-standard","has-post-thumbnail","hentry","category-shoqerore-sq"],"yoast_head":"<!-- This site is optimized with the Yoast SEO plugin v25.3.1 - https:\/\/yoast.com\/wordpress\/plugins\/seo\/ -->\n<title>Kosova insiston n\u00eb zbardhjen e fatit t\u00eb t\u00eb pagjeturve -<\/title>\n<meta name=\"robots\" content=\"index, follow, max-snippet:-1, max-image-preview:large, max-video-preview:-1\" \/>\n<link rel=\"canonical\" href=\"https:\/\/veritasinfo.org\/?p=6139\" \/>\n<meta property=\"og:locale\" content=\"en_US\" \/>\n<meta property=\"og:type\" content=\"article\" \/>\n<meta property=\"og:title\" content=\"Kosova insiston n\u00eb zbardhjen e fatit t\u00eb t\u00eb pagjeturve -\" \/>\n<meta property=\"og:description\" content=\"Prishtin\u00eb, 01 Gusht 2025 N\u00eb Kosov\u00eb gjat\u00eb t\u00ebr\u00eb vitit jan\u00eb zhvilluar g\u00ebrmime p\u00ebr mbetje mortore n\u00eb disa lokacione t\u00eb ndryshme. Nd\u00ebrsa s\u00eb fundmi Komisioni Qeveritar\" \/>\n<meta property=\"og:url\" content=\"https:\/\/veritasinfo.org\/?p=6139\" \/>\n<meta property=\"article:published_time\" content=\"2025-08-01T05:27:42+00:00\" \/>\n<meta property=\"og:image\" content=\"https:\/\/veritasinfo.org\/wp-content\/uploads\/2025\/07\/IMG_2458.jpeg\" \/>\n\t<meta property=\"og:image:width\" content=\"900\" \/>\n\t<meta property=\"og:image:height\" content=\"589\" \/>\n\t<meta property=\"og:image:type\" content=\"image\/jpeg\" \/>\n<meta name=\"author\" content=\"admin\" \/>\n<meta name=\"twitter:card\" content=\"summary_large_image\" \/>\n<meta name=\"twitter:label1\" content=\"Written by\" \/>\n\t<meta name=\"twitter:data1\" content=\"admin\" \/>\n\t<meta name=\"twitter:label2\" content=\"Est. reading time\" \/>\n\t<meta name=\"twitter:data2\" content=\"2 minutes\" \/>\n<script type=\"application\/ld+json\" class=\"yoast-schema-graph\">{\"@context\":\"https:\/\/schema.org\",\"@graph\":[{\"@type\":\"WebPage\",\"@id\":\"https:\/\/veritasinfo.org\/?p=6139\",\"url\":\"https:\/\/veritasinfo.org\/?p=6139\",\"name\":\"Kosova insiston n\u00eb zbardhjen e fatit t\u00eb t\u00eb pagjeturve -\",\"isPartOf\":{\"@id\":\"https:\/\/veritasinfo.org\/#website\"},\"primaryImageOfPage\":{\"@id\":\"https:\/\/veritasinfo.org\/?p=6139#primaryimage\"},\"image\":{\"@id\":\"https:\/\/veritasinfo.org\/?p=6139#primaryimage\"},\"thumbnailUrl\":\"https:\/\/veritasinfo.org\/wp-content\/uploads\/2025\/07\/IMG_2458.jpeg\",\"datePublished\":\"2025-08-01T05:27:42+00:00\",\"author\":{\"@id\":\"https:\/\/veritasinfo.org\/#\/schema\/person\/7701f8c088bece422266b100a712374f\"},\"breadcrumb\":{\"@id\":\"https:\/\/veritasinfo.org\/?p=6139#breadcrumb\"},\"inLanguage\":\"en-US\",\"potentialAction\":[{\"@type\":\"ReadAction\",\"target\":[\"https:\/\/veritasinfo.org\/?p=6139\"]}]},{\"@type\":\"ImageObject\",\"inLanguage\":\"en-US\",\"@id\":\"https:\/\/veritasinfo.org\/?p=6139#primaryimage\",\"url\":\"https:\/\/veritasinfo.org\/wp-content\/uploads\/2025\/07\/IMG_2458.jpeg\",\"contentUrl\":\"https:\/\/veritasinfo.org\/wp-content\/uploads\/2025\/07\/IMG_2458.jpeg\",\"width\":900,\"height\":589},{\"@type\":\"BreadcrumbList\",\"@id\":\"https:\/\/veritasinfo.org\/?p=6139#breadcrumb\",\"itemListElement\":[{\"@type\":\"ListItem\",\"position\":1,\"name\":\"Home\",\"item\":\"https:\/\/veritasinfo.org\/\"},{\"@type\":\"ListItem\",\"position\":2,\"name\":\"Kosova insiston n\u00eb zbardhjen e fatit t\u00eb t\u00eb pagjeturve\"}]},{\"@type\":\"WebSite\",\"@id\":\"https:\/\/veritasinfo.org\/#website\",\"url\":\"https:\/\/veritasinfo.org\/\",\"name\":\"\",\"description\":\"\",\"potentialAction\":[{\"@type\":\"SearchAction\",\"target\":{\"@type\":\"EntryPoint\",\"urlTemplate\":\"https:\/\/veritasinfo.org\/?s={search_term_string}\"},\"query-input\":{\"@type\":\"PropertyValueSpecification\",\"valueRequired\":true,\"valueName\":\"search_term_string\"}}],\"inLanguage\":\"en-US\"},{\"@type\":\"Person\",\"@id\":\"https:\/\/veritasinfo.org\/#\/schema\/person\/7701f8c088bece422266b100a712374f\",\"name\":\"admin\",\"image\":{\"@type\":\"ImageObject\",\"inLanguage\":\"en-US\",\"@id\":\"https:\/\/veritasinfo.org\/#\/schema\/person\/image\/\",\"url\":\"https:\/\/secure.gravatar.com\/avatar\/ea53aa3bf6c9a12d5fde8ce4deff43fef3885ae33cf60184161a50d6987cfd2f?s=96&d=mm&r=g\",\"contentUrl\":\"https:\/\/secure.gravatar.com\/avatar\/ea53aa3bf6c9a12d5fde8ce4deff43fef3885ae33cf60184161a50d6987cfd2f?s=96&d=mm&r=g\",\"caption\":\"admin\"},\"sameAs\":[\"https:\/\/veritasinfo.org\"],\"url\":\"https:\/\/veritasinfo.org\/?author=1\"}]}<\/script>\n<!-- \/ Yoast SEO plugin. -->","yoast_head_json":{"title":"Kosova insiston n\u00eb zbardhjen e fatit t\u00eb t\u00eb pagjeturve -","robots":{"index":"index","follow":"follow","max-snippet":"max-snippet:-1","max-image-preview":"max-image-preview:large","max-video-preview":"max-video-preview:-1"},"canonical":"https:\/\/veritasinfo.org\/?p=6139","og_locale":"en_US","og_type":"article","og_title":"Kosova insiston n\u00eb zbardhjen e fatit t\u00eb t\u00eb pagjeturve -","og_description":"Prishtin\u00eb, 01 Gusht 2025 N\u00eb Kosov\u00eb gjat\u00eb t\u00ebr\u00eb vitit jan\u00eb zhvilluar g\u00ebrmime p\u00ebr mbetje mortore n\u00eb disa lokacione t\u00eb ndryshme. Nd\u00ebrsa s\u00eb fundmi Komisioni Qeveritar","og_url":"https:\/\/veritasinfo.org\/?p=6139","article_published_time":"2025-08-01T05:27:42+00:00","og_image":[{"width":900,"height":589,"url":"https:\/\/veritasinfo.org\/wp-content\/uploads\/2025\/07\/IMG_2458.jpeg","type":"image\/jpeg"}],"author":"admin","twitter_card":"summary_large_image","twitter_misc":{"Written by":"admin","Est. reading time":"2 minutes"},"schema":{"@context":"https:\/\/schema.org","@graph":[{"@type":"WebPage","@id":"https:\/\/veritasinfo.org\/?p=6139","url":"https:\/\/veritasinfo.org\/?p=6139","name":"Kosova insiston n\u00eb zbardhjen e fatit t\u00eb t\u00eb pagjeturve -","isPartOf":{"@id":"https:\/\/veritasinfo.org\/#website"},"primaryImageOfPage":{"@id":"https:\/\/veritasinfo.org\/?p=6139#primaryimage"},"image":{"@id":"https:\/\/veritasinfo.org\/?p=6139#primaryimage"},"thumbnailUrl":"https:\/\/veritasinfo.org\/wp-content\/uploads\/2025\/07\/IMG_2458.jpeg","datePublished":"2025-08-01T05:27:42+00:00","author":{"@id":"https:\/\/veritasinfo.org\/#\/schema\/person\/7701f8c088bece422266b100a712374f"},"breadcrumb":{"@id":"https:\/\/veritasinfo.org\/?p=6139#breadcrumb"},"inLanguage":"en-US","potentialAction":[{"@type":"ReadAction","target":["https:\/\/veritasinfo.org\/?p=6139"]}]},{"@type":"ImageObject","inLanguage":"en-US","@id":"https:\/\/veritasinfo.org\/?p=6139#primaryimage","url":"https:\/\/veritasinfo.org\/wp-content\/uploads\/2025\/07\/IMG_2458.jpeg","contentUrl":"https:\/\/veritasinfo.org\/wp-content\/uploads\/2025\/07\/IMG_2458.jpeg","width":900,"height":589},{"@type":"BreadcrumbList","@id":"https:\/\/veritasinfo.org\/?p=6139#breadcrumb","itemListElement":[{"@type":"ListItem","position":1,"name":"Home","item":"https:\/\/veritasinfo.org\/"},{"@type":"ListItem","position":2,"name":"Kosova insiston n\u00eb zbardhjen e fatit t\u00eb t\u00eb pagjeturve"}]},{"@type":"WebSite","@id":"https:\/\/veritasinfo.org\/#website","url":"https:\/\/veritasinfo.org\/","name":"","description":"","potentialAction":[{"@type":"SearchAction","target":{"@type":"EntryPoint","urlTemplate":"https:\/\/veritasinfo.org\/?s={search_term_string}"},"query-input":{"@type":"PropertyValueSpecification","valueRequired":true,"valueName":"search_term_string"}}],"inLanguage":"en-US"},{"@type":"Person","@id":"https:\/\/veritasinfo.org\/#\/schema\/person\/7701f8c088bece422266b100a712374f","name":"admin","image":{"@type":"ImageObject","inLanguage":"en-US","@id":"https:\/\/veritasinfo.org\/#\/schema\/person\/image\/","url":"https:\/\/secure.gravatar.com\/avatar\/ea53aa3bf6c9a12d5fde8ce4deff43fef3885ae33cf60184161a50d6987cfd2f?s=96&d=mm&r=g","contentUrl":"https:\/\/secure.gravatar.com\/avatar\/ea53aa3bf6c9a12d5fde8ce4deff43fef3885ae33cf60184161a50d6987cfd2f?s=96&d=mm&r=g","caption":"admin"},"sameAs":["https:\/\/veritasinfo.org"],"url":"https:\/\/veritasinfo.org\/?author=1"}]}},"featured_image_urls":{"full":["https:\/\/veritasinfo.org\/wp-content\/uploads\/2025\/07\/IMG_2458.jpeg",900,589,false],"thumbnail":["https:\/\/veritasinfo.org\/wp-content\/uploads\/2025\/07\/IMG_2458-150x150.jpeg",150,150,true],"medium":["https:\/\/veritasinfo.org\/wp-content\/uploads\/2025\/07\/IMG_2458-300x196.jpeg",300,196,true],"medium_large":["https:\/\/veritasinfo.org\/wp-content\/uploads\/2025\/07\/IMG_2458-768x503.jpeg",640,419,true],"large":["https:\/\/veritasinfo.org\/wp-content\/uploads\/2025\/07\/IMG_2458.jpeg",640,419,false],"1536x1536":["https:\/\/veritasinfo.org\/wp-content\/uploads\/2025\/07\/IMG_2458.jpeg",900,589,false],"2048x2048":["https:\/\/veritasinfo.org\/wp-content\/uploads\/2025\/07\/IMG_2458.jpeg",900,589,false],"kreeti-slider-full":["https:\/\/veritasinfo.org\/wp-content\/uploads\/2025\/07\/IMG_2458.jpeg",900,589,false],"kreeti-featured":["https:\/\/veritasinfo.org\/wp-content\/uploads\/2025\/07\/IMG_2458.jpeg",900,589,false],"kreeti-medium":["https:\/\/veritasinfo.org\/wp-content\/uploads\/2025\/07\/IMG_2458.jpeg",720,471,false],"kreeti-medium-square":["https:\/\/veritasinfo.org\/wp-content\/uploads\/2025\/07\/IMG_2458.jpeg",350,229,false]},"author_info":{"info":["admin"]},"category_info":"<a href=\"https:\/\/veritasinfo.org\/?cat=60\" rel=\"category\">Shoq\u00ebrore<\/a>","tag_info":"Shoq\u00ebrore","comment_count":"0","_links":{"self":[{"href":"https:\/\/veritasinfo.org\/index.php?rest_route=\/wp\/v2\/posts\/6139","targetHints":{"allow":["GET"]}}],"collection":[{"href":"https:\/\/veritasinfo.org\/index.php?rest_route=\/wp\/v2\/posts"}],"about":[{"href":"https:\/\/veritasinfo.org\/index.php?rest_route=\/wp\/v2\/types\/post"}],"author":[{"embeddable":true,"href":"https:\/\/veritasinfo.org\/index.php?rest_route=\/wp\/v2\/users\/1"}],"replies":[{"embeddable":true,"href":"https:\/\/veritasinfo.org\/index.php?rest_route=%2Fwp%2Fv2%2Fcomments&post=6139"}],"version-history":[{"count":3,"href":"https:\/\/veritasinfo.org\/index.php?rest_route=\/wp\/v2\/posts\/6139\/revisions"}],"predecessor-version":[{"id":6143,"href":"https:\/\/veritasinfo.org\/index.php?rest_route=\/wp\/v2\/posts\/6139\/revisions\/6143"}],"wp:featuredmedia":[{"embeddable":true,"href":"https:\/\/veritasinfo.org\/index.php?rest_route=\/wp\/v2\/media\/6140"}],"wp:attachment":[{"href":"https:\/\/veritasinfo.org\/index.php?rest_route=%2Fwp%2Fv2%2Fmedia&parent=6139"}],"wp:term":[{"taxonomy":"category","embeddable":true,"href":"https:\/\/veritasinfo.org\/index.php?rest_route=%2Fwp%2Fv2%2Fcategories&post=6139"},{"taxonomy":"post_tag","embeddable":true,"href":"https:\/\/veritasinfo.org\/index.php?rest_route=%2Fwp%2Fv2%2Ftags&post=6139"}],"curies":[{"name":"wp","href":"https:\/\/api.w.org\/{rel}","templated":true}]}}