{"id":6131,"date":"2025-08-01T07:30:22","date_gmt":"2025-08-01T05:30:22","guid":{"rendered":"https:\/\/veritasinfo.org\/?p=6131"},"modified":"2025-07-31T23:29:49","modified_gmt":"2025-07-31T21:29:49","slug":"maqedonci-merr-pjese-ne-paraden-kroate-qe-shenoi-30-vjetorin-e-operacionit-stuhia-kosova-dhe-kroacia-kontribojne-per-paqe-ne-rajon","status":"publish","type":"post","link":"https:\/\/veritasinfo.org\/?p=6131","title":{"rendered":"Maqedonci merr pjes\u00eb n\u00eb parad\u00ebn kroate q\u00eb sh\u00ebnoi 30 vjetorin e operacionit \u201cStuhia\u201d: Kosova dhe Kroacia kontribojn\u00eb p\u00ebr paqe n\u00eb rajon"},"content":{"rendered":"<p>Zagreb, 01 Gusht 2025<\/p>\n<p>Ministri n\u00eb detyr\u00eb i Mbrojtjes, Ejup Maqedonci, ka marr\u00eb pjes\u00eb n\u00eb parad\u00ebn e ushtris\u00eb kroate, n\u00eb rastin e sh\u00ebnimit 30 vjetorit t\u00eb \u201coperacionit Stuhia\u201d.<\/p>\n<div class=\"code-block code-block-8\">\n<div id=\"futureads_d773fe1afb07405e8d2f0e46933877d3_zone_104122_sect_47401_site_41437\" data-sender=\"futureads\">Ky operacion i ushtris\u00eb kroate ishe vendimtar n\u00eb \u00e7lirimin e Kroacis\u00eb.<\/div>\n<\/div>\n<p>Maqedonci tha se n\u00eb k\u00ebt\u00eb operacion mor\u00ebn pjes\u00eb edhe shum\u00eb shqiptar\u00eb \u2013 duke kontribuar n\u00eb \u00e7lirimin e Kroacis\u00eb.<\/p>\n<p>Tutje, ka th\u00ebn\u00eb se sot \u2013 dy shtetet, Kosova dhe Kroacia kontribojn\u00eb p\u00ebr paqe n\u00eb rajon.<br \/>\n\u201cN\u00eb parad\u00ebn e ushtris\u00eb kroate, p\u00ebr t\u00eb sh\u00ebnuar 30 vjetorin e Operacionit \u201cStuhia\u201d (\u201cOluja\u201d), vendimtar p\u00ebr \u00e7lirimin e Kroacis\u00eb. I ftuar nga Z\u00ebvend\u00ebskryeministri dhe Ministri i Mbrojtjes i Republik\u00ebs s\u00eb Kroacis\u00eb, z. Ivan Anu\u0161i\u0107, me nderime e ndoqa k\u00ebt\u00eb parakalim t\u00eb Forcave t\u00eb Armatosura t\u00eb Republik\u00ebs s\u00eb Kroacis\u00eb, m\u00eb i madhi i till\u00eb i ushtris\u00eb kroate q\u00eb nga pavar\u00ebsimi i Kroacis\u00eb m\u00eb 25 qershor 1991.\u00a0\u00a0 Operacioni \u201cStuhia\u201d (Operacija Oluja), ishte nj\u00eb operacion i ushtris\u00eb kroate (HV) i zhvilluar nga 4 deri m\u00eb 7 gusht t\u00eb vitit 1995, kund\u00ebr trupave t\u00eb kuazi-shtetit t\u00eb vet\u00ebshpallur, Republik\u00ebs Serbe t\u00eb Krajin\u00ebs. I pasuar me luftime deri m\u00eb 14 gusht, Operacioni \u201cStuhia\u201d ishte vendimtar n\u00eb Luft\u00ebn Kroate p\u00ebr Pavar\u00ebsi (1991 \u2013 1995)\u201d, ka th\u00ebn\u00eb ai.<\/p>\n<p>\u201cShum\u00eb shqiptar\u00eb ishin pjes\u00eb e k\u00ebtij operacioni dhe luftuan krah p\u00ebr krah me ushtar\u00ebt kroat\u00eb, duke i kontribuar \u00e7lirimit t\u00eb popullit kroat dhe pavar\u00ebsimit t\u00eb Kroacis\u00eb nga Jugosllavia e dominuar nga Serbia. Luft\u00ebrat n\u00eb Jugosllavi gjat\u00eb dekad\u00ebs s\u00eb fundit t\u00eb shekullit XX, e kan\u00eb p\u00ebrafruar popullin shqiptar me popullin kroat, p\u00ebrball\u00eb politikave hegjemoniste dhe kriminale t\u00eb Serbis\u00eb. Kosova dhe Kroacia jan\u00eb dy shtete aleate q\u00eb angazhohen p\u00ebr paqe n\u00eb rajon, sepse shqiptar\u00ebt dhe kroat\u00ebt jan\u00eb dy popuj miq, q\u00eb besojn\u00eb te demokracia dhe fqinj\u00ebsia e mir\u00eb. Ne nuk e harrojm\u00eb t\u00eb kaluar\u00ebn, andaj do t\u00eb angazhohemi s\u00eb bashku q\u00eb ajo t\u00eb mos p\u00ebrs\u00ebritet\u201d, ka th\u00ebn\u00eb Maqedonci.<\/p>\n<p>&nbsp;<\/p>\n","protected":false},"excerpt":{"rendered":"<p>Zagreb, 01 Gusht 2025 Ministri n\u00eb detyr\u00eb i Mbrojtjes, Ejup Maqedonci, ka marr\u00eb pjes\u00eb n\u00eb parad\u00ebn e ushtris\u00eb kroate, n\u00eb rastin e sh\u00ebnimit 30 vjetorit<\/p>\n","protected":false},"author":1,"featured_media":6133,"comment_status":"open","ping_status":"open","sticky":false,"template":"","format":"standard","meta":{"footnotes":""},"categories":[58],"tags":[],"class_list":["post-6131","post","type-post","status-publish","format-standard","has-post-thumbnail","hentry","category-politike-sq"],"yoast_head":"<!-- This site is optimized with the Yoast SEO plugin v25.3.1 - https:\/\/yoast.com\/wordpress\/plugins\/seo\/ -->\n<title>Maqedonci merr pjes\u00eb n\u00eb parad\u00ebn kroate q\u00eb sh\u00ebnoi 30 vjetorin e operacionit \u201cStuhia\u201d: Kosova dhe Kroacia kontribojn\u00eb p\u00ebr paqe n\u00eb rajon -<\/title>\n<meta name=\"robots\" content=\"index, follow, max-snippet:-1, max-image-preview:large, max-video-preview:-1\" \/>\n<link rel=\"canonical\" href=\"https:\/\/veritasinfo.org\/?p=6131\" \/>\n<meta property=\"og:locale\" content=\"en_US\" \/>\n<meta property=\"og:type\" content=\"article\" \/>\n<meta property=\"og:title\" content=\"Maqedonci merr pjes\u00eb n\u00eb parad\u00ebn kroate q\u00eb sh\u00ebnoi 30 vjetorin e operacionit \u201cStuhia\u201d: Kosova dhe Kroacia kontribojn\u00eb p\u00ebr paqe n\u00eb rajon -\" \/>\n<meta property=\"og:description\" content=\"Zagreb, 01 Gusht 2025 Ministri n\u00eb detyr\u00eb i Mbrojtjes, Ejup Maqedonci, ka marr\u00eb pjes\u00eb n\u00eb parad\u00ebn e ushtris\u00eb kroate, n\u00eb rastin e sh\u00ebnimit 30 vjetorit\" \/>\n<meta property=\"og:url\" content=\"https:\/\/veritasinfo.org\/?p=6131\" \/>\n<meta property=\"article:published_time\" content=\"2025-08-01T05:30:22+00:00\" \/>\n<meta property=\"og:image\" content=\"https:\/\/veritasinfo.org\/wp-content\/uploads\/2025\/07\/IMG_2457.png\" \/>\n\t<meta property=\"og:image:width\" content=\"839\" \/>\n\t<meta property=\"og:image:height\" content=\"608\" \/>\n\t<meta property=\"og:image:type\" content=\"image\/png\" \/>\n<meta name=\"author\" content=\"admin\" \/>\n<meta name=\"twitter:card\" content=\"summary_large_image\" \/>\n<meta name=\"twitter:label1\" content=\"Written by\" \/>\n\t<meta name=\"twitter:data1\" content=\"admin\" \/>\n\t<meta name=\"twitter:label2\" content=\"Est. reading time\" \/>\n\t<meta name=\"twitter:data2\" content=\"2 minutes\" \/>\n<script type=\"application\/ld+json\" class=\"yoast-schema-graph\">{\"@context\":\"https:\/\/schema.org\",\"@graph\":[{\"@type\":\"WebPage\",\"@id\":\"https:\/\/veritasinfo.org\/?p=6131\",\"url\":\"https:\/\/veritasinfo.org\/?p=6131\",\"name\":\"Maqedonci merr pjes\u00eb n\u00eb parad\u00ebn kroate q\u00eb sh\u00ebnoi 30 vjetorin e operacionit \u201cStuhia\u201d: Kosova dhe Kroacia kontribojn\u00eb p\u00ebr paqe n\u00eb rajon -\",\"isPartOf\":{\"@id\":\"https:\/\/veritasinfo.org\/#website\"},\"primaryImageOfPage\":{\"@id\":\"https:\/\/veritasinfo.org\/?p=6131#primaryimage\"},\"image\":{\"@id\":\"https:\/\/veritasinfo.org\/?p=6131#primaryimage\"},\"thumbnailUrl\":\"https:\/\/veritasinfo.org\/wp-content\/uploads\/2025\/07\/IMG_2457.png\",\"datePublished\":\"2025-08-01T05:30:22+00:00\",\"author\":{\"@id\":\"https:\/\/veritasinfo.org\/#\/schema\/person\/7701f8c088bece422266b100a712374f\"},\"breadcrumb\":{\"@id\":\"https:\/\/veritasinfo.org\/?p=6131#breadcrumb\"},\"inLanguage\":\"en-US\",\"potentialAction\":[{\"@type\":\"ReadAction\",\"target\":[\"https:\/\/veritasinfo.org\/?p=6131\"]}]},{\"@type\":\"ImageObject\",\"inLanguage\":\"en-US\",\"@id\":\"https:\/\/veritasinfo.org\/?p=6131#primaryimage\",\"url\":\"https:\/\/veritasinfo.org\/wp-content\/uploads\/2025\/07\/IMG_2457.png\",\"contentUrl\":\"https:\/\/veritasinfo.org\/wp-content\/uploads\/2025\/07\/IMG_2457.png\",\"width\":839,\"height\":608},{\"@type\":\"BreadcrumbList\",\"@id\":\"https:\/\/veritasinfo.org\/?p=6131#breadcrumb\",\"itemListElement\":[{\"@type\":\"ListItem\",\"position\":1,\"name\":\"Home\",\"item\":\"https:\/\/veritasinfo.org\/\"},{\"@type\":\"ListItem\",\"position\":2,\"name\":\"Maqedonci merr pjes\u00eb n\u00eb parad\u00ebn kroate q\u00eb sh\u00ebnoi 30 vjetorin e operacionit \u201cStuhia\u201d: Kosova dhe Kroacia kontribojn\u00eb p\u00ebr paqe n\u00eb rajon\"}]},{\"@type\":\"WebSite\",\"@id\":\"https:\/\/veritasinfo.org\/#website\",\"url\":\"https:\/\/veritasinfo.org\/\",\"name\":\"\",\"description\":\"\",\"potentialAction\":[{\"@type\":\"SearchAction\",\"target\":{\"@type\":\"EntryPoint\",\"urlTemplate\":\"https:\/\/veritasinfo.org\/?s={search_term_string}\"},\"query-input\":{\"@type\":\"PropertyValueSpecification\",\"valueRequired\":true,\"valueName\":\"search_term_string\"}}],\"inLanguage\":\"en-US\"},{\"@type\":\"Person\",\"@id\":\"https:\/\/veritasinfo.org\/#\/schema\/person\/7701f8c088bece422266b100a712374f\",\"name\":\"admin\",\"image\":{\"@type\":\"ImageObject\",\"inLanguage\":\"en-US\",\"@id\":\"https:\/\/veritasinfo.org\/#\/schema\/person\/image\/\",\"url\":\"https:\/\/secure.gravatar.com\/avatar\/ea53aa3bf6c9a12d5fde8ce4deff43fef3885ae33cf60184161a50d6987cfd2f?s=96&d=mm&r=g\",\"contentUrl\":\"https:\/\/secure.gravatar.com\/avatar\/ea53aa3bf6c9a12d5fde8ce4deff43fef3885ae33cf60184161a50d6987cfd2f?s=96&d=mm&r=g\",\"caption\":\"admin\"},\"sameAs\":[\"https:\/\/veritasinfo.org\"],\"url\":\"https:\/\/veritasinfo.org\/?author=1\"}]}<\/script>\n<!-- \/ Yoast SEO plugin. -->","yoast_head_json":{"title":"Maqedonci merr pjes\u00eb n\u00eb parad\u00ebn kroate q\u00eb sh\u00ebnoi 30 vjetorin e operacionit \u201cStuhia\u201d: Kosova dhe Kroacia kontribojn\u00eb p\u00ebr paqe n\u00eb rajon -","robots":{"index":"index","follow":"follow","max-snippet":"max-snippet:-1","max-image-preview":"max-image-preview:large","max-video-preview":"max-video-preview:-1"},"canonical":"https:\/\/veritasinfo.org\/?p=6131","og_locale":"en_US","og_type":"article","og_title":"Maqedonci merr pjes\u00eb n\u00eb parad\u00ebn kroate q\u00eb sh\u00ebnoi 30 vjetorin e operacionit \u201cStuhia\u201d: Kosova dhe Kroacia kontribojn\u00eb p\u00ebr paqe n\u00eb rajon -","og_description":"Zagreb, 01 Gusht 2025 Ministri n\u00eb detyr\u00eb i Mbrojtjes, Ejup Maqedonci, ka marr\u00eb pjes\u00eb n\u00eb parad\u00ebn e ushtris\u00eb kroate, n\u00eb rastin e sh\u00ebnimit 30 vjetorit","og_url":"https:\/\/veritasinfo.org\/?p=6131","article_published_time":"2025-08-01T05:30:22+00:00","og_image":[{"width":839,"height":608,"url":"https:\/\/veritasinfo.org\/wp-content\/uploads\/2025\/07\/IMG_2457.png","type":"image\/png"}],"author":"admin","twitter_card":"summary_large_image","twitter_misc":{"Written by":"admin","Est. reading time":"2 minutes"},"schema":{"@context":"https:\/\/schema.org","@graph":[{"@type":"WebPage","@id":"https:\/\/veritasinfo.org\/?p=6131","url":"https:\/\/veritasinfo.org\/?p=6131","name":"Maqedonci merr pjes\u00eb n\u00eb parad\u00ebn kroate q\u00eb sh\u00ebnoi 30 vjetorin e operacionit \u201cStuhia\u201d: Kosova dhe Kroacia kontribojn\u00eb p\u00ebr paqe n\u00eb rajon -","isPartOf":{"@id":"https:\/\/veritasinfo.org\/#website"},"primaryImageOfPage":{"@id":"https:\/\/veritasinfo.org\/?p=6131#primaryimage"},"image":{"@id":"https:\/\/veritasinfo.org\/?p=6131#primaryimage"},"thumbnailUrl":"https:\/\/veritasinfo.org\/wp-content\/uploads\/2025\/07\/IMG_2457.png","datePublished":"2025-08-01T05:30:22+00:00","author":{"@id":"https:\/\/veritasinfo.org\/#\/schema\/person\/7701f8c088bece422266b100a712374f"},"breadcrumb":{"@id":"https:\/\/veritasinfo.org\/?p=6131#breadcrumb"},"inLanguage":"en-US","potentialAction":[{"@type":"ReadAction","target":["https:\/\/veritasinfo.org\/?p=6131"]}]},{"@type":"ImageObject","inLanguage":"en-US","@id":"https:\/\/veritasinfo.org\/?p=6131#primaryimage","url":"https:\/\/veritasinfo.org\/wp-content\/uploads\/2025\/07\/IMG_2457.png","contentUrl":"https:\/\/veritasinfo.org\/wp-content\/uploads\/2025\/07\/IMG_2457.png","width":839,"height":608},{"@type":"BreadcrumbList","@id":"https:\/\/veritasinfo.org\/?p=6131#breadcrumb","itemListElement":[{"@type":"ListItem","position":1,"name":"Home","item":"https:\/\/veritasinfo.org\/"},{"@type":"ListItem","position":2,"name":"Maqedonci merr pjes\u00eb n\u00eb parad\u00ebn kroate q\u00eb sh\u00ebnoi 30 vjetorin e operacionit \u201cStuhia\u201d: Kosova dhe Kroacia kontribojn\u00eb p\u00ebr paqe n\u00eb rajon"}]},{"@type":"WebSite","@id":"https:\/\/veritasinfo.org\/#website","url":"https:\/\/veritasinfo.org\/","name":"","description":"","potentialAction":[{"@type":"SearchAction","target":{"@type":"EntryPoint","urlTemplate":"https:\/\/veritasinfo.org\/?s={search_term_string}"},"query-input":{"@type":"PropertyValueSpecification","valueRequired":true,"valueName":"search_term_string"}}],"inLanguage":"en-US"},{"@type":"Person","@id":"https:\/\/veritasinfo.org\/#\/schema\/person\/7701f8c088bece422266b100a712374f","name":"admin","image":{"@type":"ImageObject","inLanguage":"en-US","@id":"https:\/\/veritasinfo.org\/#\/schema\/person\/image\/","url":"https:\/\/secure.gravatar.com\/avatar\/ea53aa3bf6c9a12d5fde8ce4deff43fef3885ae33cf60184161a50d6987cfd2f?s=96&d=mm&r=g","contentUrl":"https:\/\/secure.gravatar.com\/avatar\/ea53aa3bf6c9a12d5fde8ce4deff43fef3885ae33cf60184161a50d6987cfd2f?s=96&d=mm&r=g","caption":"admin"},"sameAs":["https:\/\/veritasinfo.org"],"url":"https:\/\/veritasinfo.org\/?author=1"}]}},"featured_image_urls":{"full":["https:\/\/veritasinfo.org\/wp-content\/uploads\/2025\/07\/IMG_2457.png",839,608,false],"thumbnail":["https:\/\/veritasinfo.org\/wp-content\/uploads\/2025\/07\/IMG_2457-150x150.png",150,150,true],"medium":["https:\/\/veritasinfo.org\/wp-content\/uploads\/2025\/07\/IMG_2457-300x217.png",300,217,true],"medium_large":["https:\/\/veritasinfo.org\/wp-content\/uploads\/2025\/07\/IMG_2457-768x557.png",640,464,true],"large":["https:\/\/veritasinfo.org\/wp-content\/uploads\/2025\/07\/IMG_2457.png",640,464,false],"1536x1536":["https:\/\/veritasinfo.org\/wp-content\/uploads\/2025\/07\/IMG_2457.png",839,608,false],"2048x2048":["https:\/\/veritasinfo.org\/wp-content\/uploads\/2025\/07\/IMG_2457.png",839,608,false],"kreeti-slider-full":["https:\/\/veritasinfo.org\/wp-content\/uploads\/2025\/07\/IMG_2457.png",839,608,false],"kreeti-featured":["https:\/\/veritasinfo.org\/wp-content\/uploads\/2025\/07\/IMG_2457.png",839,608,false],"kreeti-medium":["https:\/\/veritasinfo.org\/wp-content\/uploads\/2025\/07\/IMG_2457.png",720,522,false],"kreeti-medium-square":["https:\/\/veritasinfo.org\/wp-content\/uploads\/2025\/07\/IMG_2457.png",350,254,false]},"author_info":{"info":["admin"]},"category_info":"<a href=\"https:\/\/veritasinfo.org\/?cat=58\" rel=\"category\">Politik\u00eb<\/a>","tag_info":"Politik\u00eb","comment_count":"0","_links":{"self":[{"href":"https:\/\/veritasinfo.org\/index.php?rest_route=\/wp\/v2\/posts\/6131","targetHints":{"allow":["GET"]}}],"collection":[{"href":"https:\/\/veritasinfo.org\/index.php?rest_route=\/wp\/v2\/posts"}],"about":[{"href":"https:\/\/veritasinfo.org\/index.php?rest_route=\/wp\/v2\/types\/post"}],"author":[{"embeddable":true,"href":"https:\/\/veritasinfo.org\/index.php?rest_route=\/wp\/v2\/users\/1"}],"replies":[{"embeddable":true,"href":"https:\/\/veritasinfo.org\/index.php?rest_route=%2Fwp%2Fv2%2Fcomments&post=6131"}],"version-history":[{"count":2,"href":"https:\/\/veritasinfo.org\/index.php?rest_route=\/wp\/v2\/posts\/6131\/revisions"}],"predecessor-version":[{"id":6135,"href":"https:\/\/veritasinfo.org\/index.php?rest_route=\/wp\/v2\/posts\/6131\/revisions\/6135"}],"wp:featuredmedia":[{"embeddable":true,"href":"https:\/\/veritasinfo.org\/index.php?rest_route=\/wp\/v2\/media\/6133"}],"wp:attachment":[{"href":"https:\/\/veritasinfo.org\/index.php?rest_route=%2Fwp%2Fv2%2Fmedia&parent=6131"}],"wp:term":[{"taxonomy":"category","embeddable":true,"href":"https:\/\/veritasinfo.org\/index.php?rest_route=%2Fwp%2Fv2%2Fcategories&post=6131"},{"taxonomy":"post_tag","embeddable":true,"href":"https:\/\/veritasinfo.org\/index.php?rest_route=%2Fwp%2Fv2%2Ftags&post=6131"}],"curies":[{"name":"wp","href":"https:\/\/api.w.org\/{rel}","templated":true}]}}