{"id":6126,"date":"2025-08-01T07:23:37","date_gmt":"2025-08-01T05:23:37","guid":{"rendered":"https:\/\/veritasinfo.org\/?p=6126"},"modified":"2025-07-31T23:21:18","modified_gmt":"2025-07-31T21:21:18","slug":"edhe-kete-vit-mitrovica-mirepret-international-jazz-days-nen-organizimin-e-rona-nishliut","status":"publish","type":"post","link":"https:\/\/veritasinfo.org\/?p=6126","title":{"rendered":"Edhe k\u00ebt\u00eb vit, Mitrovica mir\u00ebpret \u201cInternational Jazz Days\u201d n\u00ebn organizimin e Rona Nishliut"},"content":{"rendered":"<p>Mitrovic\u00eb, 01 Gusht 2025<\/p>\n<p><strong>K\u00ebng\u00ebtarja e njohur nga Mitrovica, Rona Nishliu, n\u00eb qytetin e saj t\u00eb lindjes po sjell festivalin e jazz-it.<\/strong><\/p>\n<p>Nishliu thot\u00eb se n\u00eb k\u00ebt\u00eb festival do t\u00eb marrin pjes\u00eb emra t\u00eb njohur t\u00eb muzik\u00ebs, nga vende t\u00eb ndryshme t\u00eb bot\u00ebs.<\/p>\n<div id=\"faqet-c9e448b5b1caafbe768b063f4e4da969\" class=\"faqet-c9e448b5b1caafbe768b063f4e4da969 faqet-pas-paragrafit-2\">\n<div id=\"faqet-571839534\" class=\"faqet-pas-paragrafit-2\">\n<div id=\"faqet-1721370085\" class=\"faqet-target\" data-faqet-trackid=\"63428\" data-faqet-trackbid=\"1\">\u201c\u00cbsht\u00eb shum\u00eb g\u00ebzim sepse Mitrovica ka qen\u00eb qyteti i kultur\u00ebs, q\u00eb ka mir\u00ebpritur gjithmon\u00eb gjenerata e gjenerata p\u00ebr muzik\u00ebn e mir\u00eb, p\u00ebr ekspozitat e k\u00ebndshme, p\u00ebr nj\u00eb jet\u00eb q\u00eb ka qen\u00eb m\u00eb dinamike, m\u00eb sociale. Ka ndryshuar pak, por gjithsesi ka aktivitete t\u00eb ndryshme q\u00eb ndodhin n\u00eb Mitrovic\u00eb\u201d, u shpreh Nishliu.<\/div>\n<\/div>\n<\/div>\n<p>Ajo shprehet mir\u00ebnjoh\u00ebse p\u00ebr t\u00eb gjith\u00eb adhuruesit e \u201cJazz days\u201d.<\/p>\n<div id=\"faqet-69e95e64372a52a41798f9f540f8c129\" class=\"faqet-69e95e64372a52a41798f9f540f8c129 faqet-pas-paragrafit-5\">\n<div id=\"faqet-155824032\" class=\"faqet-pas-paragrafit-5\"><\/div>\n<\/div>\n<p>&nbsp;<\/p>\n","protected":false},"excerpt":{"rendered":"<p>Mitrovic\u00eb, 01 Gusht 2025 K\u00ebng\u00ebtarja e njohur nga Mitrovica, Rona Nishliu, n\u00eb qytetin e saj t\u00eb lindjes po sjell festivalin e jazz-it. Nishliu thot\u00eb se<\/p>\n","protected":false},"author":1,"featured_media":6127,"comment_status":"open","ping_status":"open","sticky":false,"template":"","format":"standard","meta":{"footnotes":""},"categories":[54],"tags":[],"class_list":["post-6126","post","type-post","status-publish","format-standard","has-post-thumbnail","hentry","category-kulture-sq"],"yoast_head":"<!-- This site is optimized with the Yoast SEO plugin v25.3.1 - https:\/\/yoast.com\/wordpress\/plugins\/seo\/ -->\n<title>Edhe k\u00ebt\u00eb vit, Mitrovica mir\u00ebpret \u201cInternational Jazz Days\u201d n\u00ebn organizimin e Rona Nishliut -<\/title>\n<meta name=\"robots\" content=\"index, follow, max-snippet:-1, max-image-preview:large, max-video-preview:-1\" \/>\n<link rel=\"canonical\" href=\"https:\/\/veritasinfo.org\/?p=6126\" \/>\n<meta property=\"og:locale\" content=\"en_US\" \/>\n<meta property=\"og:type\" content=\"article\" \/>\n<meta property=\"og:title\" content=\"Edhe k\u00ebt\u00eb vit, Mitrovica mir\u00ebpret \u201cInternational Jazz Days\u201d n\u00ebn organizimin e Rona Nishliut -\" \/>\n<meta property=\"og:description\" content=\"Mitrovic\u00eb, 01 Gusht 2025 K\u00ebng\u00ebtarja e njohur nga Mitrovica, Rona Nishliu, n\u00eb qytetin e saj t\u00eb lindjes po sjell festivalin e jazz-it. Nishliu thot\u00eb se\" \/>\n<meta property=\"og:url\" content=\"https:\/\/veritasinfo.org\/?p=6126\" \/>\n<meta property=\"article:published_time\" content=\"2025-08-01T05:23:37+00:00\" \/>\n<meta property=\"og:image\" content=\"https:\/\/veritasinfo.org\/wp-content\/uploads\/2025\/07\/IMG_2456.jpeg\" \/>\n\t<meta property=\"og:image:width\" content=\"1080\" \/>\n\t<meta property=\"og:image:height\" content=\"720\" \/>\n\t<meta property=\"og:image:type\" content=\"image\/jpeg\" \/>\n<meta name=\"author\" content=\"admin\" \/>\n<meta name=\"twitter:card\" content=\"summary_large_image\" \/>\n<meta name=\"twitter:label1\" content=\"Written by\" \/>\n\t<meta name=\"twitter:data1\" content=\"admin\" \/>\n\t<meta name=\"twitter:label2\" content=\"Est. reading time\" \/>\n\t<meta name=\"twitter:data2\" content=\"1 minute\" \/>\n<script type=\"application\/ld+json\" class=\"yoast-schema-graph\">{\"@context\":\"https:\/\/schema.org\",\"@graph\":[{\"@type\":\"WebPage\",\"@id\":\"https:\/\/veritasinfo.org\/?p=6126\",\"url\":\"https:\/\/veritasinfo.org\/?p=6126\",\"name\":\"Edhe k\u00ebt\u00eb vit, Mitrovica mir\u00ebpret \u201cInternational Jazz Days\u201d n\u00ebn organizimin e Rona Nishliut -\",\"isPartOf\":{\"@id\":\"https:\/\/veritasinfo.org\/#website\"},\"primaryImageOfPage\":{\"@id\":\"https:\/\/veritasinfo.org\/?p=6126#primaryimage\"},\"image\":{\"@id\":\"https:\/\/veritasinfo.org\/?p=6126#primaryimage\"},\"thumbnailUrl\":\"https:\/\/veritasinfo.org\/wp-content\/uploads\/2025\/07\/IMG_2456.jpeg\",\"datePublished\":\"2025-08-01T05:23:37+00:00\",\"author\":{\"@id\":\"https:\/\/veritasinfo.org\/#\/schema\/person\/7701f8c088bece422266b100a712374f\"},\"breadcrumb\":{\"@id\":\"https:\/\/veritasinfo.org\/?p=6126#breadcrumb\"},\"inLanguage\":\"en-US\",\"potentialAction\":[{\"@type\":\"ReadAction\",\"target\":[\"https:\/\/veritasinfo.org\/?p=6126\"]}]},{\"@type\":\"ImageObject\",\"inLanguage\":\"en-US\",\"@id\":\"https:\/\/veritasinfo.org\/?p=6126#primaryimage\",\"url\":\"https:\/\/veritasinfo.org\/wp-content\/uploads\/2025\/07\/IMG_2456.jpeg\",\"contentUrl\":\"https:\/\/veritasinfo.org\/wp-content\/uploads\/2025\/07\/IMG_2456.jpeg\",\"width\":1080,\"height\":720},{\"@type\":\"BreadcrumbList\",\"@id\":\"https:\/\/veritasinfo.org\/?p=6126#breadcrumb\",\"itemListElement\":[{\"@type\":\"ListItem\",\"position\":1,\"name\":\"Home\",\"item\":\"https:\/\/veritasinfo.org\/\"},{\"@type\":\"ListItem\",\"position\":2,\"name\":\"Edhe k\u00ebt\u00eb vit, Mitrovica mir\u00ebpret \u201cInternational Jazz Days\u201d n\u00ebn organizimin e Rona Nishliut\"}]},{\"@type\":\"WebSite\",\"@id\":\"https:\/\/veritasinfo.org\/#website\",\"url\":\"https:\/\/veritasinfo.org\/\",\"name\":\"\",\"description\":\"\",\"potentialAction\":[{\"@type\":\"SearchAction\",\"target\":{\"@type\":\"EntryPoint\",\"urlTemplate\":\"https:\/\/veritasinfo.org\/?s={search_term_string}\"},\"query-input\":{\"@type\":\"PropertyValueSpecification\",\"valueRequired\":true,\"valueName\":\"search_term_string\"}}],\"inLanguage\":\"en-US\"},{\"@type\":\"Person\",\"@id\":\"https:\/\/veritasinfo.org\/#\/schema\/person\/7701f8c088bece422266b100a712374f\",\"name\":\"admin\",\"image\":{\"@type\":\"ImageObject\",\"inLanguage\":\"en-US\",\"@id\":\"https:\/\/veritasinfo.org\/#\/schema\/person\/image\/\",\"url\":\"https:\/\/secure.gravatar.com\/avatar\/ea53aa3bf6c9a12d5fde8ce4deff43fef3885ae33cf60184161a50d6987cfd2f?s=96&d=mm&r=g\",\"contentUrl\":\"https:\/\/secure.gravatar.com\/avatar\/ea53aa3bf6c9a12d5fde8ce4deff43fef3885ae33cf60184161a50d6987cfd2f?s=96&d=mm&r=g\",\"caption\":\"admin\"},\"sameAs\":[\"https:\/\/veritasinfo.org\"],\"url\":\"https:\/\/veritasinfo.org\/?author=1\"}]}<\/script>\n<!-- \/ Yoast SEO plugin. -->","yoast_head_json":{"title":"Edhe k\u00ebt\u00eb vit, Mitrovica mir\u00ebpret \u201cInternational Jazz Days\u201d n\u00ebn organizimin e Rona Nishliut -","robots":{"index":"index","follow":"follow","max-snippet":"max-snippet:-1","max-image-preview":"max-image-preview:large","max-video-preview":"max-video-preview:-1"},"canonical":"https:\/\/veritasinfo.org\/?p=6126","og_locale":"en_US","og_type":"article","og_title":"Edhe k\u00ebt\u00eb vit, Mitrovica mir\u00ebpret \u201cInternational Jazz Days\u201d n\u00ebn organizimin e Rona Nishliut -","og_description":"Mitrovic\u00eb, 01 Gusht 2025 K\u00ebng\u00ebtarja e njohur nga Mitrovica, Rona Nishliu, n\u00eb qytetin e saj t\u00eb lindjes po sjell festivalin e jazz-it. Nishliu thot\u00eb se","og_url":"https:\/\/veritasinfo.org\/?p=6126","article_published_time":"2025-08-01T05:23:37+00:00","og_image":[{"width":1080,"height":720,"url":"https:\/\/veritasinfo.org\/wp-content\/uploads\/2025\/07\/IMG_2456.jpeg","type":"image\/jpeg"}],"author":"admin","twitter_card":"summary_large_image","twitter_misc":{"Written by":"admin","Est. reading time":"1 minute"},"schema":{"@context":"https:\/\/schema.org","@graph":[{"@type":"WebPage","@id":"https:\/\/veritasinfo.org\/?p=6126","url":"https:\/\/veritasinfo.org\/?p=6126","name":"Edhe k\u00ebt\u00eb vit, Mitrovica mir\u00ebpret \u201cInternational Jazz Days\u201d n\u00ebn organizimin e Rona Nishliut -","isPartOf":{"@id":"https:\/\/veritasinfo.org\/#website"},"primaryImageOfPage":{"@id":"https:\/\/veritasinfo.org\/?p=6126#primaryimage"},"image":{"@id":"https:\/\/veritasinfo.org\/?p=6126#primaryimage"},"thumbnailUrl":"https:\/\/veritasinfo.org\/wp-content\/uploads\/2025\/07\/IMG_2456.jpeg","datePublished":"2025-08-01T05:23:37+00:00","author":{"@id":"https:\/\/veritasinfo.org\/#\/schema\/person\/7701f8c088bece422266b100a712374f"},"breadcrumb":{"@id":"https:\/\/veritasinfo.org\/?p=6126#breadcrumb"},"inLanguage":"en-US","potentialAction":[{"@type":"ReadAction","target":["https:\/\/veritasinfo.org\/?p=6126"]}]},{"@type":"ImageObject","inLanguage":"en-US","@id":"https:\/\/veritasinfo.org\/?p=6126#primaryimage","url":"https:\/\/veritasinfo.org\/wp-content\/uploads\/2025\/07\/IMG_2456.jpeg","contentUrl":"https:\/\/veritasinfo.org\/wp-content\/uploads\/2025\/07\/IMG_2456.jpeg","width":1080,"height":720},{"@type":"BreadcrumbList","@id":"https:\/\/veritasinfo.org\/?p=6126#breadcrumb","itemListElement":[{"@type":"ListItem","position":1,"name":"Home","item":"https:\/\/veritasinfo.org\/"},{"@type":"ListItem","position":2,"name":"Edhe k\u00ebt\u00eb vit, Mitrovica mir\u00ebpret \u201cInternational Jazz Days\u201d n\u00ebn organizimin e Rona Nishliut"}]},{"@type":"WebSite","@id":"https:\/\/veritasinfo.org\/#website","url":"https:\/\/veritasinfo.org\/","name":"","description":"","potentialAction":[{"@type":"SearchAction","target":{"@type":"EntryPoint","urlTemplate":"https:\/\/veritasinfo.org\/?s={search_term_string}"},"query-input":{"@type":"PropertyValueSpecification","valueRequired":true,"valueName":"search_term_string"}}],"inLanguage":"en-US"},{"@type":"Person","@id":"https:\/\/veritasinfo.org\/#\/schema\/person\/7701f8c088bece422266b100a712374f","name":"admin","image":{"@type":"ImageObject","inLanguage":"en-US","@id":"https:\/\/veritasinfo.org\/#\/schema\/person\/image\/","url":"https:\/\/secure.gravatar.com\/avatar\/ea53aa3bf6c9a12d5fde8ce4deff43fef3885ae33cf60184161a50d6987cfd2f?s=96&d=mm&r=g","contentUrl":"https:\/\/secure.gravatar.com\/avatar\/ea53aa3bf6c9a12d5fde8ce4deff43fef3885ae33cf60184161a50d6987cfd2f?s=96&d=mm&r=g","caption":"admin"},"sameAs":["https:\/\/veritasinfo.org"],"url":"https:\/\/veritasinfo.org\/?author=1"}]}},"featured_image_urls":{"full":["https:\/\/veritasinfo.org\/wp-content\/uploads\/2025\/07\/IMG_2456.jpeg",1080,720,false],"thumbnail":["https:\/\/veritasinfo.org\/wp-content\/uploads\/2025\/07\/IMG_2456-150x150.jpeg",150,150,true],"medium":["https:\/\/veritasinfo.org\/wp-content\/uploads\/2025\/07\/IMG_2456-300x200.jpeg",300,200,true],"medium_large":["https:\/\/veritasinfo.org\/wp-content\/uploads\/2025\/07\/IMG_2456-768x512.jpeg",640,427,true],"large":["https:\/\/veritasinfo.org\/wp-content\/uploads\/2025\/07\/IMG_2456-1024x683.jpeg",640,427,true],"1536x1536":["https:\/\/veritasinfo.org\/wp-content\/uploads\/2025\/07\/IMG_2456.jpeg",1080,720,false],"2048x2048":["https:\/\/veritasinfo.org\/wp-content\/uploads\/2025\/07\/IMG_2456.jpeg",1080,720,false],"kreeti-slider-full":["https:\/\/veritasinfo.org\/wp-content\/uploads\/2025\/07\/IMG_2456.jpeg",1080,720,false],"kreeti-featured":["https:\/\/veritasinfo.org\/wp-content\/uploads\/2025\/07\/IMG_2456.jpeg",1024,683,false],"kreeti-medium":["https:\/\/veritasinfo.org\/wp-content\/uploads\/2025\/07\/IMG_2456.jpeg",720,480,false],"kreeti-medium-square":["https:\/\/veritasinfo.org\/wp-content\/uploads\/2025\/07\/IMG_2456.jpeg",350,233,false]},"author_info":{"info":["admin"]},"category_info":"<a href=\"https:\/\/veritasinfo.org\/?cat=54\" rel=\"category\">Kultur\u00eb<\/a>","tag_info":"Kultur\u00eb","comment_count":"0","_links":{"self":[{"href":"https:\/\/veritasinfo.org\/index.php?rest_route=\/wp\/v2\/posts\/6126","targetHints":{"allow":["GET"]}}],"collection":[{"href":"https:\/\/veritasinfo.org\/index.php?rest_route=\/wp\/v2\/posts"}],"about":[{"href":"https:\/\/veritasinfo.org\/index.php?rest_route=\/wp\/v2\/types\/post"}],"author":[{"embeddable":true,"href":"https:\/\/veritasinfo.org\/index.php?rest_route=\/wp\/v2\/users\/1"}],"replies":[{"embeddable":true,"href":"https:\/\/veritasinfo.org\/index.php?rest_route=%2Fwp%2Fv2%2Fcomments&post=6126"}],"version-history":[{"count":1,"href":"https:\/\/veritasinfo.org\/index.php?rest_route=\/wp\/v2\/posts\/6126\/revisions"}],"predecessor-version":[{"id":6128,"href":"https:\/\/veritasinfo.org\/index.php?rest_route=\/wp\/v2\/posts\/6126\/revisions\/6128"}],"wp:featuredmedia":[{"embeddable":true,"href":"https:\/\/veritasinfo.org\/index.php?rest_route=\/wp\/v2\/media\/6127"}],"wp:attachment":[{"href":"https:\/\/veritasinfo.org\/index.php?rest_route=%2Fwp%2Fv2%2Fmedia&parent=6126"}],"wp:term":[{"taxonomy":"category","embeddable":true,"href":"https:\/\/veritasinfo.org\/index.php?rest_route=%2Fwp%2Fv2%2Fcategories&post=6126"},{"taxonomy":"post_tag","embeddable":true,"href":"https:\/\/veritasinfo.org\/index.php?rest_route=%2Fwp%2Fv2%2Ftags&post=6126"}],"curies":[{"name":"wp","href":"https:\/\/api.w.org\/{rel}","templated":true}]}}