{"id":6117,"date":"2025-07-31T22:59:58","date_gmt":"2025-07-31T20:59:58","guid":{"rendered":"https:\/\/veritasinfo.org\/?p=6117"},"modified":"2025-07-31T23:05:03","modified_gmt":"2025-07-31T21:05:03","slug":"prishtina-turperohet-perball-amtoreve-te-larne-ballkani-kalon-me-lehtesi-maltezet-e-floriana","status":"publish","type":"post","link":"https:\/\/veritasinfo.org\/?p=6117","title":{"rendered":"Prishtina turp\u00ebrohet p\u00ebrball amtor\u00ebve t\u00eb Larne- Ballkani kalon me leht\u00ebsi maltez\u00ebt e Floriana"},"content":{"rendered":"<p>Prishtin\u00eb, 31 Korrik 2025<\/p>\n<p>Prishtina \u00ebsht\u00eb eliminuar n\u00eb raundin e dyt\u00eb kualifikues t\u00eb Lig\u00ebs s\u00eb Konferenc\u00ebs pas ekzekutimit t\u00eb penalltive.<br \/>\nRezultati n\u00eb penallti ishte 5:4 p\u00ebr Larnen nj\u00eb skuad\u00ebr e konsideruar amatere n\u00eb krahasim me Prishtin\u00ebn.<\/p>\n<p>Nd\u00ebrsa Ballkani i Suharek\u00ebs \u00ebsht\u00eb kualifikuar n\u00eb raundin e tret\u00eb t\u00eb Lig\u00ebs s\u00eb Konferenc\u00ebs. N\u00ebnkampioni i Kosov\u00ebs n\u00eb futboll e eliminoi Florianan e Malt\u00ebs, nd\u00ebrsa ndeshja e par\u00eb doli t\u00eb jet\u00eb vendimtare.\u2028Ballkani kishte fituar 4:2 n\u00eb ndeshjen e s\u00eb mart\u00ebs s\u00eb jav\u00ebs s\u00eb kaluar, t\u00eb zhvilluar n\u00eb stadiumin \u201cFadil Vokrri\u201d n\u00eb Prishtin\u00eb.<\/p>\n<p>T\u00eb enjten mbr\u00ebma n\u00eb Paola t\u00eb Malt\u00ebs, suharekasit barazuan 1:1 me Florianan. Me rezultatin e p\u00ebrgjithsh\u00ebm 5:3, Ballkani avancon tutje.<\/p>\n","protected":false},"excerpt":{"rendered":"<p>Prishtin\u00eb, 31 Korrik 2025 Prishtina \u00ebsht\u00eb eliminuar n\u00eb raundin e dyt\u00eb kualifikues t\u00eb Lig\u00ebs s\u00eb Konferenc\u00ebs pas ekzekutimit t\u00eb penalltive. Rezultati n\u00eb penallti ishte 5:4<\/p>\n","protected":false},"author":1,"featured_media":6123,"comment_status":"open","ping_status":"open","sticky":false,"template":"","format":"standard","meta":{"footnotes":""},"categories":[5],"tags":[],"class_list":["post-6117","post","type-post","status-publish","format-standard","has-post-thumbnail","hentry","category-sport-sq"],"yoast_head":"<!-- This site is optimized with the Yoast SEO plugin v25.3.1 - https:\/\/yoast.com\/wordpress\/plugins\/seo\/ -->\n<title>Prishtina turp\u00ebrohet p\u00ebrball amtor\u00ebve t\u00eb Larne- Ballkani kalon me leht\u00ebsi maltez\u00ebt e Floriana -<\/title>\n<meta name=\"robots\" content=\"index, follow, max-snippet:-1, max-image-preview:large, max-video-preview:-1\" \/>\n<link rel=\"canonical\" href=\"https:\/\/veritasinfo.org\/?p=6117\" \/>\n<meta property=\"og:locale\" content=\"en_US\" \/>\n<meta property=\"og:type\" content=\"article\" \/>\n<meta property=\"og:title\" content=\"Prishtina turp\u00ebrohet p\u00ebrball amtor\u00ebve t\u00eb Larne- Ballkani kalon me leht\u00ebsi maltez\u00ebt e Floriana -\" \/>\n<meta property=\"og:description\" content=\"Prishtin\u00eb, 31 Korrik 2025 Prishtina \u00ebsht\u00eb eliminuar n\u00eb raundin e dyt\u00eb kualifikues t\u00eb Lig\u00ebs s\u00eb Konferenc\u00ebs pas ekzekutimit t\u00eb penalltive. Rezultati n\u00eb penallti ishte 5:4\" \/>\n<meta property=\"og:url\" content=\"https:\/\/veritasinfo.org\/?p=6117\" \/>\n<meta property=\"article:published_time\" content=\"2025-07-31T20:59:58+00:00\" \/>\n<meta property=\"article:modified_time\" content=\"2025-07-31T21:05:03+00:00\" \/>\n<meta property=\"og:image\" content=\"https:\/\/veritasinfo.org\/wp-content\/uploads\/2025\/07\/IMG_2453.webp\" \/>\n\t<meta property=\"og:image:width\" content=\"766\" \/>\n\t<meta property=\"og:image:height\" content=\"570\" \/>\n\t<meta property=\"og:image:type\" content=\"image\/webp\" \/>\n<meta name=\"author\" content=\"admin\" \/>\n<meta name=\"twitter:card\" content=\"summary_large_image\" \/>\n<meta name=\"twitter:label1\" content=\"Written by\" \/>\n\t<meta name=\"twitter:data1\" content=\"admin\" \/>\n\t<meta name=\"twitter:label2\" content=\"Est. reading time\" \/>\n\t<meta name=\"twitter:data2\" content=\"1 minute\" \/>\n<script type=\"application\/ld+json\" class=\"yoast-schema-graph\">{\"@context\":\"https:\/\/schema.org\",\"@graph\":[{\"@type\":\"WebPage\",\"@id\":\"https:\/\/veritasinfo.org\/?p=6117\",\"url\":\"https:\/\/veritasinfo.org\/?p=6117\",\"name\":\"Prishtina turp\u00ebrohet p\u00ebrball amtor\u00ebve t\u00eb Larne- Ballkani kalon me leht\u00ebsi maltez\u00ebt e Floriana -\",\"isPartOf\":{\"@id\":\"https:\/\/veritasinfo.org\/#website\"},\"primaryImageOfPage\":{\"@id\":\"https:\/\/veritasinfo.org\/?p=6117#primaryimage\"},\"image\":{\"@id\":\"https:\/\/veritasinfo.org\/?p=6117#primaryimage\"},\"thumbnailUrl\":\"https:\/\/veritasinfo.org\/wp-content\/uploads\/2025\/07\/IMG_2453.webp\",\"datePublished\":\"2025-07-31T20:59:58+00:00\",\"dateModified\":\"2025-07-31T21:05:03+00:00\",\"author\":{\"@id\":\"https:\/\/veritasinfo.org\/#\/schema\/person\/7701f8c088bece422266b100a712374f\"},\"breadcrumb\":{\"@id\":\"https:\/\/veritasinfo.org\/?p=6117#breadcrumb\"},\"inLanguage\":\"en-US\",\"potentialAction\":[{\"@type\":\"ReadAction\",\"target\":[\"https:\/\/veritasinfo.org\/?p=6117\"]}]},{\"@type\":\"ImageObject\",\"inLanguage\":\"en-US\",\"@id\":\"https:\/\/veritasinfo.org\/?p=6117#primaryimage\",\"url\":\"https:\/\/veritasinfo.org\/wp-content\/uploads\/2025\/07\/IMG_2453.webp\",\"contentUrl\":\"https:\/\/veritasinfo.org\/wp-content\/uploads\/2025\/07\/IMG_2453.webp\",\"width\":766,\"height\":570},{\"@type\":\"BreadcrumbList\",\"@id\":\"https:\/\/veritasinfo.org\/?p=6117#breadcrumb\",\"itemListElement\":[{\"@type\":\"ListItem\",\"position\":1,\"name\":\"Home\",\"item\":\"https:\/\/veritasinfo.org\/\"},{\"@type\":\"ListItem\",\"position\":2,\"name\":\"Prishtina turp\u00ebrohet p\u00ebrball amtor\u00ebve t\u00eb Larne- Ballkani kalon me leht\u00ebsi maltez\u00ebt e Floriana\"}]},{\"@type\":\"WebSite\",\"@id\":\"https:\/\/veritasinfo.org\/#website\",\"url\":\"https:\/\/veritasinfo.org\/\",\"name\":\"\",\"description\":\"\",\"potentialAction\":[{\"@type\":\"SearchAction\",\"target\":{\"@type\":\"EntryPoint\",\"urlTemplate\":\"https:\/\/veritasinfo.org\/?s={search_term_string}\"},\"query-input\":{\"@type\":\"PropertyValueSpecification\",\"valueRequired\":true,\"valueName\":\"search_term_string\"}}],\"inLanguage\":\"en-US\"},{\"@type\":\"Person\",\"@id\":\"https:\/\/veritasinfo.org\/#\/schema\/person\/7701f8c088bece422266b100a712374f\",\"name\":\"admin\",\"image\":{\"@type\":\"ImageObject\",\"inLanguage\":\"en-US\",\"@id\":\"https:\/\/veritasinfo.org\/#\/schema\/person\/image\/\",\"url\":\"https:\/\/secure.gravatar.com\/avatar\/ea53aa3bf6c9a12d5fde8ce4deff43fef3885ae33cf60184161a50d6987cfd2f?s=96&d=mm&r=g\",\"contentUrl\":\"https:\/\/secure.gravatar.com\/avatar\/ea53aa3bf6c9a12d5fde8ce4deff43fef3885ae33cf60184161a50d6987cfd2f?s=96&d=mm&r=g\",\"caption\":\"admin\"},\"sameAs\":[\"https:\/\/veritasinfo.org\"],\"url\":\"https:\/\/veritasinfo.org\/?author=1\"}]}<\/script>\n<!-- \/ Yoast SEO plugin. -->","yoast_head_json":{"title":"Prishtina turp\u00ebrohet p\u00ebrball amtor\u00ebve t\u00eb Larne- Ballkani kalon me leht\u00ebsi maltez\u00ebt e Floriana -","robots":{"index":"index","follow":"follow","max-snippet":"max-snippet:-1","max-image-preview":"max-image-preview:large","max-video-preview":"max-video-preview:-1"},"canonical":"https:\/\/veritasinfo.org\/?p=6117","og_locale":"en_US","og_type":"article","og_title":"Prishtina turp\u00ebrohet p\u00ebrball amtor\u00ebve t\u00eb Larne- Ballkani kalon me leht\u00ebsi maltez\u00ebt e Floriana -","og_description":"Prishtin\u00eb, 31 Korrik 2025 Prishtina \u00ebsht\u00eb eliminuar n\u00eb raundin e dyt\u00eb kualifikues t\u00eb Lig\u00ebs s\u00eb Konferenc\u00ebs pas ekzekutimit t\u00eb penalltive. Rezultati n\u00eb penallti ishte 5:4","og_url":"https:\/\/veritasinfo.org\/?p=6117","article_published_time":"2025-07-31T20:59:58+00:00","article_modified_time":"2025-07-31T21:05:03+00:00","og_image":[{"width":766,"height":570,"url":"https:\/\/veritasinfo.org\/wp-content\/uploads\/2025\/07\/IMG_2453.webp","type":"image\/webp"}],"author":"admin","twitter_card":"summary_large_image","twitter_misc":{"Written by":"admin","Est. reading time":"1 minute"},"schema":{"@context":"https:\/\/schema.org","@graph":[{"@type":"WebPage","@id":"https:\/\/veritasinfo.org\/?p=6117","url":"https:\/\/veritasinfo.org\/?p=6117","name":"Prishtina turp\u00ebrohet p\u00ebrball amtor\u00ebve t\u00eb Larne- Ballkani kalon me leht\u00ebsi maltez\u00ebt e Floriana -","isPartOf":{"@id":"https:\/\/veritasinfo.org\/#website"},"primaryImageOfPage":{"@id":"https:\/\/veritasinfo.org\/?p=6117#primaryimage"},"image":{"@id":"https:\/\/veritasinfo.org\/?p=6117#primaryimage"},"thumbnailUrl":"https:\/\/veritasinfo.org\/wp-content\/uploads\/2025\/07\/IMG_2453.webp","datePublished":"2025-07-31T20:59:58+00:00","dateModified":"2025-07-31T21:05:03+00:00","author":{"@id":"https:\/\/veritasinfo.org\/#\/schema\/person\/7701f8c088bece422266b100a712374f"},"breadcrumb":{"@id":"https:\/\/veritasinfo.org\/?p=6117#breadcrumb"},"inLanguage":"en-US","potentialAction":[{"@type":"ReadAction","target":["https:\/\/veritasinfo.org\/?p=6117"]}]},{"@type":"ImageObject","inLanguage":"en-US","@id":"https:\/\/veritasinfo.org\/?p=6117#primaryimage","url":"https:\/\/veritasinfo.org\/wp-content\/uploads\/2025\/07\/IMG_2453.webp","contentUrl":"https:\/\/veritasinfo.org\/wp-content\/uploads\/2025\/07\/IMG_2453.webp","width":766,"height":570},{"@type":"BreadcrumbList","@id":"https:\/\/veritasinfo.org\/?p=6117#breadcrumb","itemListElement":[{"@type":"ListItem","position":1,"name":"Home","item":"https:\/\/veritasinfo.org\/"},{"@type":"ListItem","position":2,"name":"Prishtina turp\u00ebrohet p\u00ebrball amtor\u00ebve t\u00eb Larne- Ballkani kalon me leht\u00ebsi maltez\u00ebt e Floriana"}]},{"@type":"WebSite","@id":"https:\/\/veritasinfo.org\/#website","url":"https:\/\/veritasinfo.org\/","name":"","description":"","potentialAction":[{"@type":"SearchAction","target":{"@type":"EntryPoint","urlTemplate":"https:\/\/veritasinfo.org\/?s={search_term_string}"},"query-input":{"@type":"PropertyValueSpecification","valueRequired":true,"valueName":"search_term_string"}}],"inLanguage":"en-US"},{"@type":"Person","@id":"https:\/\/veritasinfo.org\/#\/schema\/person\/7701f8c088bece422266b100a712374f","name":"admin","image":{"@type":"ImageObject","inLanguage":"en-US","@id":"https:\/\/veritasinfo.org\/#\/schema\/person\/image\/","url":"https:\/\/secure.gravatar.com\/avatar\/ea53aa3bf6c9a12d5fde8ce4deff43fef3885ae33cf60184161a50d6987cfd2f?s=96&d=mm&r=g","contentUrl":"https:\/\/secure.gravatar.com\/avatar\/ea53aa3bf6c9a12d5fde8ce4deff43fef3885ae33cf60184161a50d6987cfd2f?s=96&d=mm&r=g","caption":"admin"},"sameAs":["https:\/\/veritasinfo.org"],"url":"https:\/\/veritasinfo.org\/?author=1"}]}},"featured_image_urls":{"full":["https:\/\/veritasinfo.org\/wp-content\/uploads\/2025\/07\/IMG_2453.webp",766,570,false],"thumbnail":["https:\/\/veritasinfo.org\/wp-content\/uploads\/2025\/07\/IMG_2453-150x150.webp",150,150,true],"medium":["https:\/\/veritasinfo.org\/wp-content\/uploads\/2025\/07\/IMG_2453-300x223.webp",300,223,true],"medium_large":["https:\/\/veritasinfo.org\/wp-content\/uploads\/2025\/07\/IMG_2453.webp",640,476,false],"large":["https:\/\/veritasinfo.org\/wp-content\/uploads\/2025\/07\/IMG_2453.webp",640,476,false],"1536x1536":["https:\/\/veritasinfo.org\/wp-content\/uploads\/2025\/07\/IMG_2453.webp",766,570,false],"2048x2048":["https:\/\/veritasinfo.org\/wp-content\/uploads\/2025\/07\/IMG_2453.webp",766,570,false],"kreeti-slider-full":["https:\/\/veritasinfo.org\/wp-content\/uploads\/2025\/07\/IMG_2453.webp",766,570,false],"kreeti-featured":["https:\/\/veritasinfo.org\/wp-content\/uploads\/2025\/07\/IMG_2453.webp",766,570,false],"kreeti-medium":["https:\/\/veritasinfo.org\/wp-content\/uploads\/2025\/07\/IMG_2453.webp",712,530,false],"kreeti-medium-square":["https:\/\/veritasinfo.org\/wp-content\/uploads\/2025\/07\/IMG_2453.webp",350,260,false]},"author_info":{"info":["admin"]},"category_info":"<a href=\"https:\/\/veritasinfo.org\/?cat=5\" rel=\"category\">Sport<\/a>","tag_info":"Sport","comment_count":"0","_links":{"self":[{"href":"https:\/\/veritasinfo.org\/index.php?rest_route=\/wp\/v2\/posts\/6117","targetHints":{"allow":["GET"]}}],"collection":[{"href":"https:\/\/veritasinfo.org\/index.php?rest_route=\/wp\/v2\/posts"}],"about":[{"href":"https:\/\/veritasinfo.org\/index.php?rest_route=\/wp\/v2\/types\/post"}],"author":[{"embeddable":true,"href":"https:\/\/veritasinfo.org\/index.php?rest_route=\/wp\/v2\/users\/1"}],"replies":[{"embeddable":true,"href":"https:\/\/veritasinfo.org\/index.php?rest_route=%2Fwp%2Fv2%2Fcomments&post=6117"}],"version-history":[{"count":1,"href":"https:\/\/veritasinfo.org\/index.php?rest_route=\/wp\/v2\/posts\/6117\/revisions"}],"predecessor-version":[{"id":6120,"href":"https:\/\/veritasinfo.org\/index.php?rest_route=\/wp\/v2\/posts\/6117\/revisions\/6120"}],"wp:featuredmedia":[{"embeddable":true,"href":"https:\/\/veritasinfo.org\/index.php?rest_route=\/wp\/v2\/media\/6123"}],"wp:attachment":[{"href":"https:\/\/veritasinfo.org\/index.php?rest_route=%2Fwp%2Fv2%2Fmedia&parent=6117"}],"wp:term":[{"taxonomy":"category","embeddable":true,"href":"https:\/\/veritasinfo.org\/index.php?rest_route=%2Fwp%2Fv2%2Fcategories&post=6117"},{"taxonomy":"post_tag","embeddable":true,"href":"https:\/\/veritasinfo.org\/index.php?rest_route=%2Fwp%2Fv2%2Ftags&post=6117"}],"curies":[{"name":"wp","href":"https:\/\/api.w.org\/{rel}","templated":true}]}}