{"id":6101,"date":"2025-07-31T21:26:19","date_gmt":"2025-07-31T19:26:19","guid":{"rendered":"https:\/\/veritasinfo.org\/?p=6101"},"modified":"2025-07-31T21:26:19","modified_gmt":"2025-07-31T19:26:19","slug":"presidentja-pret-mergaten-ju-ia-zbardhni-fytyren-kosoves","status":"publish","type":"post","link":"https:\/\/veritasinfo.org\/?p=6101","title":{"rendered":"Presidentja pret m\u00ebrgat\u00ebn: Ju ia zbardhni fytyr\u00ebn Kosov\u00ebs"},"content":{"rendered":"<p>Prishtin\u00eb, 31 Korrik 2025<\/p>\n<p><strong>Presidentja Vjosa Osmani, n\u00eb pritjen e organizuar p\u00ebr diaspor\u00ebn n\u00eb Prishtin\u00eb, tha se m\u00ebrgata \u00ebsht\u00eb ambasadori m\u00eb i mir\u00eb p\u00ebr Kosov\u00ebn.<\/strong><ins><\/ins><\/p>\n<p>N\u00eb fjal\u00ebn e saj, Osmani shprehu edhe mir\u00ebnjohjen e thell\u00eb p\u00ebr kontributin q\u00eb ka dh\u00ebn\u00eb m\u00ebrgata n\u00eb Kosov\u00eb.<ins><\/ins><\/p>\n<p>\u201cNga Zvic\u00ebr e n\u00eb Gjermani, tek ato n\u00eb ShBA e Kanada, nga universitetet n\u00eb k\u00ebto shtete, tek nd\u00ebrmarr\u00ebsit n\u00eb Kanada e n\u00eb Austri, te teknologjia n\u00eb Skandinavi, ju keni qen\u00eb shtylla e fort\u00eb e zhvillimit t\u00eb shteteve ku keni shkuar. Sot shqiptar\u00ebt kan\u00eb shkuar gjithandej n\u00ebp\u00ebr bot\u00eb, dhe jo vet\u00ebm si prezenc\u00eb fizike, por edhe si prezenc\u00eb politike, duke qen\u00eb deputet\u00eb, kryetar\u00eb komunash, profesor\u00eb, artist\u00eb, inxhinier\u00eb, sportist\u00eb t\u00eb suksessh\u00ebm, e k\u00ebng\u00ebtar\u00eb me fam\u00eb bot\u00ebrore\u201d.<\/p>\n<p>\u201cKjo \u00ebsht\u00eb nj\u00eb faqe lavdie p\u00ebr t\u00eb gjith\u00eb kombin ton\u00eb, ngase kudo q\u00eb shkoni, ju ia zbardhni fytyr\u00ebn Kosov\u00ebs, por gjithashtu, kudo q\u00eb shkoni e mbani me vete Kosov\u00ebn. Ju e keni p\u00ebrfaq\u00ebsuar vendin ton\u00eb m\u00eb mir\u00eb se \u00e7do fjal\u00eb apo slogan, prandaj e themi \u00e7do her\u00eb q\u00eb jeni ambasador\u00ebt m\u00eb t\u00eb mir\u00eb t\u00eb Kosov\u00ebs, pa na u hidh\u00ebruar ambasador\u00ebt tan\u00eb q\u00eb formalisht dhe shum\u00eb dinjitetit na p\u00ebrfaq\u00ebsojn\u00eb gjithandej n\u00ebp\u00ebr bot\u00eb\u201d, u shpreh Osmani.<\/p>\n<p>N\u00eb k\u00ebt\u00eb dit\u00eb mir\u00ebseardhje p\u00ebr diaspor\u00ebn, Osmani shprehu dhe dhimbjen p\u00ebr vdekjen e 33-vje\u00e7arit Rrahim Latifit, m\u00ebrgimtarit q\u00eb humbi jet\u00ebn n\u00eb Liqenin e Ujmanit.<\/p>\n","protected":false},"excerpt":{"rendered":"<p>Prishtin\u00eb, 31 Korrik 2025 Presidentja Vjosa Osmani, n\u00eb pritjen e organizuar p\u00ebr diaspor\u00ebn n\u00eb Prishtin\u00eb, tha se m\u00ebrgata \u00ebsht\u00eb ambasadori m\u00eb i mir\u00eb p\u00ebr Kosov\u00ebn.<\/p>\n","protected":false},"author":1,"featured_media":6102,"comment_status":"open","ping_status":"open","sticky":false,"template":"","format":"standard","meta":{"footnotes":""},"categories":[60],"tags":[],"class_list":["post-6101","post","type-post","status-publish","format-standard","has-post-thumbnail","hentry","category-shoqerore-sq"],"yoast_head":"<!-- This site is optimized with the Yoast SEO plugin v25.3.1 - https:\/\/yoast.com\/wordpress\/plugins\/seo\/ -->\n<title>Presidentja pret m\u00ebrgat\u00ebn: Ju ia zbardhni fytyr\u00ebn Kosov\u00ebs -<\/title>\n<meta name=\"robots\" content=\"index, follow, max-snippet:-1, max-image-preview:large, max-video-preview:-1\" \/>\n<link rel=\"canonical\" href=\"https:\/\/veritasinfo.org\/?p=6101\" \/>\n<meta property=\"og:locale\" content=\"en_US\" \/>\n<meta property=\"og:type\" content=\"article\" \/>\n<meta property=\"og:title\" content=\"Presidentja pret m\u00ebrgat\u00ebn: Ju ia zbardhni fytyr\u00ebn Kosov\u00ebs -\" \/>\n<meta property=\"og:description\" content=\"Prishtin\u00eb, 31 Korrik 2025 Presidentja Vjosa Osmani, n\u00eb pritjen e organizuar p\u00ebr diaspor\u00ebn n\u00eb Prishtin\u00eb, tha se m\u00ebrgata \u00ebsht\u00eb ambasadori m\u00eb i mir\u00eb p\u00ebr Kosov\u00ebn.\" \/>\n<meta property=\"og:url\" content=\"https:\/\/veritasinfo.org\/?p=6101\" \/>\n<meta property=\"article:published_time\" content=\"2025-07-31T19:26:19+00:00\" \/>\n<meta property=\"og:image\" content=\"https:\/\/veritasinfo.org\/wp-content\/uploads\/2025\/07\/IMG_2448.webp\" \/>\n\t<meta property=\"og:image:width\" content=\"800\" \/>\n\t<meta property=\"og:image:height\" content=\"578\" \/>\n\t<meta property=\"og:image:type\" content=\"image\/webp\" \/>\n<meta name=\"author\" content=\"admin\" \/>\n<meta name=\"twitter:card\" content=\"summary_large_image\" \/>\n<meta name=\"twitter:label1\" content=\"Written by\" \/>\n\t<meta name=\"twitter:data1\" content=\"admin\" \/>\n\t<meta name=\"twitter:label2\" content=\"Est. reading time\" \/>\n\t<meta name=\"twitter:data2\" content=\"2 minutes\" \/>\n<script type=\"application\/ld+json\" class=\"yoast-schema-graph\">{\"@context\":\"https:\/\/schema.org\",\"@graph\":[{\"@type\":\"WebPage\",\"@id\":\"https:\/\/veritasinfo.org\/?p=6101\",\"url\":\"https:\/\/veritasinfo.org\/?p=6101\",\"name\":\"Presidentja pret m\u00ebrgat\u00ebn: Ju ia zbardhni fytyr\u00ebn Kosov\u00ebs -\",\"isPartOf\":{\"@id\":\"https:\/\/veritasinfo.org\/#website\"},\"primaryImageOfPage\":{\"@id\":\"https:\/\/veritasinfo.org\/?p=6101#primaryimage\"},\"image\":{\"@id\":\"https:\/\/veritasinfo.org\/?p=6101#primaryimage\"},\"thumbnailUrl\":\"https:\/\/veritasinfo.org\/wp-content\/uploads\/2025\/07\/IMG_2448.webp\",\"datePublished\":\"2025-07-31T19:26:19+00:00\",\"author\":{\"@id\":\"https:\/\/veritasinfo.org\/#\/schema\/person\/7701f8c088bece422266b100a712374f\"},\"breadcrumb\":{\"@id\":\"https:\/\/veritasinfo.org\/?p=6101#breadcrumb\"},\"inLanguage\":\"en-US\",\"potentialAction\":[{\"@type\":\"ReadAction\",\"target\":[\"https:\/\/veritasinfo.org\/?p=6101\"]}]},{\"@type\":\"ImageObject\",\"inLanguage\":\"en-US\",\"@id\":\"https:\/\/veritasinfo.org\/?p=6101#primaryimage\",\"url\":\"https:\/\/veritasinfo.org\/wp-content\/uploads\/2025\/07\/IMG_2448.webp\",\"contentUrl\":\"https:\/\/veritasinfo.org\/wp-content\/uploads\/2025\/07\/IMG_2448.webp\",\"width\":800,\"height\":578},{\"@type\":\"BreadcrumbList\",\"@id\":\"https:\/\/veritasinfo.org\/?p=6101#breadcrumb\",\"itemListElement\":[{\"@type\":\"ListItem\",\"position\":1,\"name\":\"Home\",\"item\":\"https:\/\/veritasinfo.org\/\"},{\"@type\":\"ListItem\",\"position\":2,\"name\":\"Presidentja pret m\u00ebrgat\u00ebn: Ju ia zbardhni fytyr\u00ebn Kosov\u00ebs\"}]},{\"@type\":\"WebSite\",\"@id\":\"https:\/\/veritasinfo.org\/#website\",\"url\":\"https:\/\/veritasinfo.org\/\",\"name\":\"\",\"description\":\"\",\"potentialAction\":[{\"@type\":\"SearchAction\",\"target\":{\"@type\":\"EntryPoint\",\"urlTemplate\":\"https:\/\/veritasinfo.org\/?s={search_term_string}\"},\"query-input\":{\"@type\":\"PropertyValueSpecification\",\"valueRequired\":true,\"valueName\":\"search_term_string\"}}],\"inLanguage\":\"en-US\"},{\"@type\":\"Person\",\"@id\":\"https:\/\/veritasinfo.org\/#\/schema\/person\/7701f8c088bece422266b100a712374f\",\"name\":\"admin\",\"image\":{\"@type\":\"ImageObject\",\"inLanguage\":\"en-US\",\"@id\":\"https:\/\/veritasinfo.org\/#\/schema\/person\/image\/\",\"url\":\"https:\/\/secure.gravatar.com\/avatar\/ea53aa3bf6c9a12d5fde8ce4deff43fef3885ae33cf60184161a50d6987cfd2f?s=96&d=mm&r=g\",\"contentUrl\":\"https:\/\/secure.gravatar.com\/avatar\/ea53aa3bf6c9a12d5fde8ce4deff43fef3885ae33cf60184161a50d6987cfd2f?s=96&d=mm&r=g\",\"caption\":\"admin\"},\"sameAs\":[\"https:\/\/veritasinfo.org\"],\"url\":\"https:\/\/veritasinfo.org\/?author=1\"}]}<\/script>\n<!-- \/ Yoast SEO plugin. -->","yoast_head_json":{"title":"Presidentja pret m\u00ebrgat\u00ebn: Ju ia zbardhni fytyr\u00ebn Kosov\u00ebs -","robots":{"index":"index","follow":"follow","max-snippet":"max-snippet:-1","max-image-preview":"max-image-preview:large","max-video-preview":"max-video-preview:-1"},"canonical":"https:\/\/veritasinfo.org\/?p=6101","og_locale":"en_US","og_type":"article","og_title":"Presidentja pret m\u00ebrgat\u00ebn: Ju ia zbardhni fytyr\u00ebn Kosov\u00ebs -","og_description":"Prishtin\u00eb, 31 Korrik 2025 Presidentja Vjosa Osmani, n\u00eb pritjen e organizuar p\u00ebr diaspor\u00ebn n\u00eb Prishtin\u00eb, tha se m\u00ebrgata \u00ebsht\u00eb ambasadori m\u00eb i mir\u00eb p\u00ebr Kosov\u00ebn.","og_url":"https:\/\/veritasinfo.org\/?p=6101","article_published_time":"2025-07-31T19:26:19+00:00","og_image":[{"width":800,"height":578,"url":"https:\/\/veritasinfo.org\/wp-content\/uploads\/2025\/07\/IMG_2448.webp","type":"image\/webp"}],"author":"admin","twitter_card":"summary_large_image","twitter_misc":{"Written by":"admin","Est. reading time":"2 minutes"},"schema":{"@context":"https:\/\/schema.org","@graph":[{"@type":"WebPage","@id":"https:\/\/veritasinfo.org\/?p=6101","url":"https:\/\/veritasinfo.org\/?p=6101","name":"Presidentja pret m\u00ebrgat\u00ebn: Ju ia zbardhni fytyr\u00ebn Kosov\u00ebs -","isPartOf":{"@id":"https:\/\/veritasinfo.org\/#website"},"primaryImageOfPage":{"@id":"https:\/\/veritasinfo.org\/?p=6101#primaryimage"},"image":{"@id":"https:\/\/veritasinfo.org\/?p=6101#primaryimage"},"thumbnailUrl":"https:\/\/veritasinfo.org\/wp-content\/uploads\/2025\/07\/IMG_2448.webp","datePublished":"2025-07-31T19:26:19+00:00","author":{"@id":"https:\/\/veritasinfo.org\/#\/schema\/person\/7701f8c088bece422266b100a712374f"},"breadcrumb":{"@id":"https:\/\/veritasinfo.org\/?p=6101#breadcrumb"},"inLanguage":"en-US","potentialAction":[{"@type":"ReadAction","target":["https:\/\/veritasinfo.org\/?p=6101"]}]},{"@type":"ImageObject","inLanguage":"en-US","@id":"https:\/\/veritasinfo.org\/?p=6101#primaryimage","url":"https:\/\/veritasinfo.org\/wp-content\/uploads\/2025\/07\/IMG_2448.webp","contentUrl":"https:\/\/veritasinfo.org\/wp-content\/uploads\/2025\/07\/IMG_2448.webp","width":800,"height":578},{"@type":"BreadcrumbList","@id":"https:\/\/veritasinfo.org\/?p=6101#breadcrumb","itemListElement":[{"@type":"ListItem","position":1,"name":"Home","item":"https:\/\/veritasinfo.org\/"},{"@type":"ListItem","position":2,"name":"Presidentja pret m\u00ebrgat\u00ebn: Ju ia zbardhni fytyr\u00ebn Kosov\u00ebs"}]},{"@type":"WebSite","@id":"https:\/\/veritasinfo.org\/#website","url":"https:\/\/veritasinfo.org\/","name":"","description":"","potentialAction":[{"@type":"SearchAction","target":{"@type":"EntryPoint","urlTemplate":"https:\/\/veritasinfo.org\/?s={search_term_string}"},"query-input":{"@type":"PropertyValueSpecification","valueRequired":true,"valueName":"search_term_string"}}],"inLanguage":"en-US"},{"@type":"Person","@id":"https:\/\/veritasinfo.org\/#\/schema\/person\/7701f8c088bece422266b100a712374f","name":"admin","image":{"@type":"ImageObject","inLanguage":"en-US","@id":"https:\/\/veritasinfo.org\/#\/schema\/person\/image\/","url":"https:\/\/secure.gravatar.com\/avatar\/ea53aa3bf6c9a12d5fde8ce4deff43fef3885ae33cf60184161a50d6987cfd2f?s=96&d=mm&r=g","contentUrl":"https:\/\/secure.gravatar.com\/avatar\/ea53aa3bf6c9a12d5fde8ce4deff43fef3885ae33cf60184161a50d6987cfd2f?s=96&d=mm&r=g","caption":"admin"},"sameAs":["https:\/\/veritasinfo.org"],"url":"https:\/\/veritasinfo.org\/?author=1"}]}},"featured_image_urls":{"full":["https:\/\/veritasinfo.org\/wp-content\/uploads\/2025\/07\/IMG_2448.webp",800,578,false],"thumbnail":["https:\/\/veritasinfo.org\/wp-content\/uploads\/2025\/07\/IMG_2448-150x150.webp",150,150,true],"medium":["https:\/\/veritasinfo.org\/wp-content\/uploads\/2025\/07\/IMG_2448-300x217.webp",300,217,true],"medium_large":["https:\/\/veritasinfo.org\/wp-content\/uploads\/2025\/07\/IMG_2448-768x555.webp",640,463,true],"large":["https:\/\/veritasinfo.org\/wp-content\/uploads\/2025\/07\/IMG_2448.webp",640,462,false],"1536x1536":["https:\/\/veritasinfo.org\/wp-content\/uploads\/2025\/07\/IMG_2448.webp",800,578,false],"2048x2048":["https:\/\/veritasinfo.org\/wp-content\/uploads\/2025\/07\/IMG_2448.webp",800,578,false],"kreeti-slider-full":["https:\/\/veritasinfo.org\/wp-content\/uploads\/2025\/07\/IMG_2448.webp",800,578,false],"kreeti-featured":["https:\/\/veritasinfo.org\/wp-content\/uploads\/2025\/07\/IMG_2448.webp",800,578,false],"kreeti-medium":["https:\/\/veritasinfo.org\/wp-content\/uploads\/2025\/07\/IMG_2448.webp",720,520,false],"kreeti-medium-square":["https:\/\/veritasinfo.org\/wp-content\/uploads\/2025\/07\/IMG_2448.webp",350,253,false]},"author_info":{"info":["admin"]},"category_info":"<a href=\"https:\/\/veritasinfo.org\/?cat=60\" rel=\"category\">Shoq\u00ebrore<\/a>","tag_info":"Shoq\u00ebrore","comment_count":"0","_links":{"self":[{"href":"https:\/\/veritasinfo.org\/index.php?rest_route=\/wp\/v2\/posts\/6101","targetHints":{"allow":["GET"]}}],"collection":[{"href":"https:\/\/veritasinfo.org\/index.php?rest_route=\/wp\/v2\/posts"}],"about":[{"href":"https:\/\/veritasinfo.org\/index.php?rest_route=\/wp\/v2\/types\/post"}],"author":[{"embeddable":true,"href":"https:\/\/veritasinfo.org\/index.php?rest_route=\/wp\/v2\/users\/1"}],"replies":[{"embeddable":true,"href":"https:\/\/veritasinfo.org\/index.php?rest_route=%2Fwp%2Fv2%2Fcomments&post=6101"}],"version-history":[{"count":1,"href":"https:\/\/veritasinfo.org\/index.php?rest_route=\/wp\/v2\/posts\/6101\/revisions"}],"predecessor-version":[{"id":6103,"href":"https:\/\/veritasinfo.org\/index.php?rest_route=\/wp\/v2\/posts\/6101\/revisions\/6103"}],"wp:featuredmedia":[{"embeddable":true,"href":"https:\/\/veritasinfo.org\/index.php?rest_route=\/wp\/v2\/media\/6102"}],"wp:attachment":[{"href":"https:\/\/veritasinfo.org\/index.php?rest_route=%2Fwp%2Fv2%2Fmedia&parent=6101"}],"wp:term":[{"taxonomy":"category","embeddable":true,"href":"https:\/\/veritasinfo.org\/index.php?rest_route=%2Fwp%2Fv2%2Fcategories&post=6101"},{"taxonomy":"post_tag","embeddable":true,"href":"https:\/\/veritasinfo.org\/index.php?rest_route=%2Fwp%2Fv2%2Ftags&post=6101"}],"curies":[{"name":"wp","href":"https:\/\/api.w.org\/{rel}","templated":true}]}}