{"id":6094,"date":"2025-07-31T19:00:33","date_gmt":"2025-07-31T17:00:33","guid":{"rendered":"https:\/\/veritasinfo.org\/?p=6094"},"modified":"2025-07-31T17:31:03","modified_gmt":"2025-07-31T15:31:03","slug":"apeli-serish-liron-nga-paraburgimi-pese-zyrtaret-policore-te-dyshuar-per-rastin-e-27-vjecarit-ne-lipjan","status":"publish","type":"post","link":"https:\/\/veritasinfo.org\/?p=6094","title":{"rendered":"Apeli s\u00ebrish liron nga paraburgimi pes\u00eb zyrtar\u00ebt policor\u00eb t\u00eb dyshuar p\u00ebr rastin e 27-vje\u00e7arit n\u00eb Lipjan"},"content":{"rendered":"<p>Prishtin\u00eb, 31 Korrik 2025<\/p>\n<p><strong>Prishtin\u00eb- Gjykata e Apelit s\u00ebrish ua ka nd\u00ebrprer\u00eb mas\u00ebn e paraburgimit pes\u00eb t\u00eb dyshuarve- rreshterit Ibrahim Nela dhe zyrtar\u00ebve policor\u00eb: Albian Retkoceri, Artidon Konxheli, Liridon Rrahmani dhe Endrit Beqiri, q\u00eb dyshohen se kan\u00eb kryer vep\u00ebr penale \u201cvrasje nga pakujdesia\u201d ndaj 27-vje\u00e7arit Agon Zejnullahu n\u00eb Lipjan. Sipas vendimit t\u00eb 31 korrikut 2025, pes\u00eb t\u00eb dyshuarit lirohen p\u00ebr t\u2019u mbrojtur n\u00eb liri.<\/strong><\/p>\n<p>K\u00ebt\u00eb e ka b\u00ebr\u00eb t\u00eb ditur mbrojt\u00ebsi i Beqirit, avokati Besnik Berisha, raporton \u201c<strong>Betimi p\u00ebr Drejt\u00ebsi<\/strong>\u201c.<\/p>\n<p><strong>Postimi i plot\u00eb i Berish\u00ebs:<\/strong><\/p>\n<p>\u201c<em>Drejt\u00ebsia foli. Pes\u00eb zyrtar\u00ebt policor\u00eb q\u00eb padrejt\u00ebsisht u paraburgos\u00ebn nga sot jan\u00eb t\u00eb lir\u00eb.<\/em><\/p>\n<p><em>I lumtur sa s\u2019ka m\u00eb, jo vet\u00ebm sepse drejt\u00ebsia m\u00eb n\u00eb fund u vu n\u00eb l\u00ebvizje, por sepse padrejt\u00ebsia nuk mori form\u00eb t\u00eb p\u00ebrhershme.<\/em><\/p>\n<p><em>Kjo nuk ishte thjesht nj\u00eb betej\u00eb p\u00ebr lirimin e pes\u00eb zyrtar\u00ebve, ishte nj\u00eb betej\u00eb p\u00ebr arsyen, p\u00ebr t\u00eb drejt\u00ebn dhe p\u00ebr t\u00eb mos lejuar q\u00eb frika nga opinioni ta z\u00ebvend\u00ebsoj\u00eb ligjin.<\/em><\/p>\n<p><em>Ata vepruan n\u00eb p\u00ebrmbushje t\u00eb detyr\u00ebs, jo n\u00eb shkelje t\u00eb saj. \u00c7do hap i tyre u shoq\u00ebrua me kujdes, proporcionalitet dhe p\u00ebrpjekje p\u00ebr t\u00eb shmangur rrezikun. \u00c7do gjykim ndaj tyre duhet t\u00eb jet\u00eb profesional, jo populist.<\/em><\/p>\n<p><em>Faleminderit t\u00eb gjith\u00eb atyre q\u00eb nuk hesht\u00ebn.<\/em><\/p>\n<p><em>Ne do t\u00eb jemi gjithmon\u00eb n\u00eb krah t\u00eb ligjit, edhe kur ai sulmohet nga ata q\u00eb s\u2019kan\u00eb asnj\u00eb lidhje me t\u00eb<\/em>\u201c.<\/p>\n","protected":false},"excerpt":{"rendered":"<p>Prishtin\u00eb, 31 Korrik 2025 Prishtin\u00eb- Gjykata e Apelit s\u00ebrish ua ka nd\u00ebrprer\u00eb mas\u00ebn e paraburgimit pes\u00eb t\u00eb dyshuarve- rreshterit Ibrahim Nela dhe zyrtar\u00ebve policor\u00eb: Albian<\/p>\n","protected":false},"author":1,"featured_media":6095,"comment_status":"open","ping_status":"open","sticky":false,"template":"","format":"standard","meta":{"footnotes":""},"categories":[60],"tags":[],"class_list":["post-6094","post","type-post","status-publish","format-standard","has-post-thumbnail","hentry","category-shoqerore-sq"],"yoast_head":"<!-- This site is optimized with the Yoast SEO plugin v25.3.1 - https:\/\/yoast.com\/wordpress\/plugins\/seo\/ -->\n<title>Apeli s\u00ebrish liron nga paraburgimi pes\u00eb zyrtar\u00ebt policor\u00eb t\u00eb dyshuar p\u00ebr rastin e 27-vje\u00e7arit n\u00eb Lipjan -<\/title>\n<meta name=\"robots\" content=\"index, follow, max-snippet:-1, max-image-preview:large, max-video-preview:-1\" \/>\n<link rel=\"canonical\" href=\"https:\/\/veritasinfo.org\/?p=6094\" \/>\n<meta property=\"og:locale\" content=\"en_US\" \/>\n<meta property=\"og:type\" content=\"article\" \/>\n<meta property=\"og:title\" content=\"Apeli s\u00ebrish liron nga paraburgimi pes\u00eb zyrtar\u00ebt policor\u00eb t\u00eb dyshuar p\u00ebr rastin e 27-vje\u00e7arit n\u00eb Lipjan -\" \/>\n<meta property=\"og:description\" content=\"Prishtin\u00eb, 31 Korrik 2025 Prishtin\u00eb- Gjykata e Apelit s\u00ebrish ua ka nd\u00ebrprer\u00eb mas\u00ebn e paraburgimit pes\u00eb t\u00eb dyshuarve- rreshterit Ibrahim Nela dhe zyrtar\u00ebve policor\u00eb: Albian\" \/>\n<meta property=\"og:url\" content=\"https:\/\/veritasinfo.org\/?p=6094\" \/>\n<meta property=\"article:published_time\" content=\"2025-07-31T17:00:33+00:00\" \/>\n<meta property=\"og:image\" content=\"https:\/\/veritasinfo.org\/wp-content\/uploads\/2025\/07\/IMG_2444.jpeg\" \/>\n\t<meta property=\"og:image:width\" content=\"750\" \/>\n\t<meta property=\"og:image:height\" content=\"430\" \/>\n\t<meta property=\"og:image:type\" content=\"image\/jpeg\" \/>\n<meta name=\"author\" content=\"admin\" \/>\n<meta name=\"twitter:card\" content=\"summary_large_image\" \/>\n<meta name=\"twitter:label1\" content=\"Written by\" \/>\n\t<meta name=\"twitter:data1\" content=\"admin\" \/>\n\t<meta name=\"twitter:label2\" content=\"Est. reading time\" \/>\n\t<meta name=\"twitter:data2\" content=\"2 minutes\" \/>\n<script type=\"application\/ld+json\" class=\"yoast-schema-graph\">{\"@context\":\"https:\/\/schema.org\",\"@graph\":[{\"@type\":\"WebPage\",\"@id\":\"https:\/\/veritasinfo.org\/?p=6094\",\"url\":\"https:\/\/veritasinfo.org\/?p=6094\",\"name\":\"Apeli s\u00ebrish liron nga paraburgimi pes\u00eb zyrtar\u00ebt policor\u00eb t\u00eb dyshuar p\u00ebr rastin e 27-vje\u00e7arit n\u00eb Lipjan -\",\"isPartOf\":{\"@id\":\"https:\/\/veritasinfo.org\/#website\"},\"primaryImageOfPage\":{\"@id\":\"https:\/\/veritasinfo.org\/?p=6094#primaryimage\"},\"image\":{\"@id\":\"https:\/\/veritasinfo.org\/?p=6094#primaryimage\"},\"thumbnailUrl\":\"https:\/\/veritasinfo.org\/wp-content\/uploads\/2025\/07\/IMG_2444.jpeg\",\"datePublished\":\"2025-07-31T17:00:33+00:00\",\"author\":{\"@id\":\"https:\/\/veritasinfo.org\/#\/schema\/person\/7701f8c088bece422266b100a712374f\"},\"breadcrumb\":{\"@id\":\"https:\/\/veritasinfo.org\/?p=6094#breadcrumb\"},\"inLanguage\":\"en-US\",\"potentialAction\":[{\"@type\":\"ReadAction\",\"target\":[\"https:\/\/veritasinfo.org\/?p=6094\"]}]},{\"@type\":\"ImageObject\",\"inLanguage\":\"en-US\",\"@id\":\"https:\/\/veritasinfo.org\/?p=6094#primaryimage\",\"url\":\"https:\/\/veritasinfo.org\/wp-content\/uploads\/2025\/07\/IMG_2444.jpeg\",\"contentUrl\":\"https:\/\/veritasinfo.org\/wp-content\/uploads\/2025\/07\/IMG_2444.jpeg\",\"width\":750,\"height\":430},{\"@type\":\"BreadcrumbList\",\"@id\":\"https:\/\/veritasinfo.org\/?p=6094#breadcrumb\",\"itemListElement\":[{\"@type\":\"ListItem\",\"position\":1,\"name\":\"Home\",\"item\":\"https:\/\/veritasinfo.org\/\"},{\"@type\":\"ListItem\",\"position\":2,\"name\":\"Apeli s\u00ebrish liron nga paraburgimi pes\u00eb zyrtar\u00ebt policor\u00eb t\u00eb dyshuar p\u00ebr rastin e 27-vje\u00e7arit n\u00eb Lipjan\"}]},{\"@type\":\"WebSite\",\"@id\":\"https:\/\/veritasinfo.org\/#website\",\"url\":\"https:\/\/veritasinfo.org\/\",\"name\":\"\",\"description\":\"\",\"potentialAction\":[{\"@type\":\"SearchAction\",\"target\":{\"@type\":\"EntryPoint\",\"urlTemplate\":\"https:\/\/veritasinfo.org\/?s={search_term_string}\"},\"query-input\":{\"@type\":\"PropertyValueSpecification\",\"valueRequired\":true,\"valueName\":\"search_term_string\"}}],\"inLanguage\":\"en-US\"},{\"@type\":\"Person\",\"@id\":\"https:\/\/veritasinfo.org\/#\/schema\/person\/7701f8c088bece422266b100a712374f\",\"name\":\"admin\",\"image\":{\"@type\":\"ImageObject\",\"inLanguage\":\"en-US\",\"@id\":\"https:\/\/veritasinfo.org\/#\/schema\/person\/image\/\",\"url\":\"https:\/\/secure.gravatar.com\/avatar\/ea53aa3bf6c9a12d5fde8ce4deff43fef3885ae33cf60184161a50d6987cfd2f?s=96&d=mm&r=g\",\"contentUrl\":\"https:\/\/secure.gravatar.com\/avatar\/ea53aa3bf6c9a12d5fde8ce4deff43fef3885ae33cf60184161a50d6987cfd2f?s=96&d=mm&r=g\",\"caption\":\"admin\"},\"sameAs\":[\"https:\/\/veritasinfo.org\"],\"url\":\"https:\/\/veritasinfo.org\/?author=1\"}]}<\/script>\n<!-- \/ Yoast SEO plugin. -->","yoast_head_json":{"title":"Apeli s\u00ebrish liron nga paraburgimi pes\u00eb zyrtar\u00ebt policor\u00eb t\u00eb dyshuar p\u00ebr rastin e 27-vje\u00e7arit n\u00eb Lipjan -","robots":{"index":"index","follow":"follow","max-snippet":"max-snippet:-1","max-image-preview":"max-image-preview:large","max-video-preview":"max-video-preview:-1"},"canonical":"https:\/\/veritasinfo.org\/?p=6094","og_locale":"en_US","og_type":"article","og_title":"Apeli s\u00ebrish liron nga paraburgimi pes\u00eb zyrtar\u00ebt policor\u00eb t\u00eb dyshuar p\u00ebr rastin e 27-vje\u00e7arit n\u00eb Lipjan -","og_description":"Prishtin\u00eb, 31 Korrik 2025 Prishtin\u00eb- Gjykata e Apelit s\u00ebrish ua ka nd\u00ebrprer\u00eb mas\u00ebn e paraburgimit pes\u00eb t\u00eb dyshuarve- rreshterit Ibrahim Nela dhe zyrtar\u00ebve policor\u00eb: Albian","og_url":"https:\/\/veritasinfo.org\/?p=6094","article_published_time":"2025-07-31T17:00:33+00:00","og_image":[{"width":750,"height":430,"url":"https:\/\/veritasinfo.org\/wp-content\/uploads\/2025\/07\/IMG_2444.jpeg","type":"image\/jpeg"}],"author":"admin","twitter_card":"summary_large_image","twitter_misc":{"Written by":"admin","Est. reading time":"2 minutes"},"schema":{"@context":"https:\/\/schema.org","@graph":[{"@type":"WebPage","@id":"https:\/\/veritasinfo.org\/?p=6094","url":"https:\/\/veritasinfo.org\/?p=6094","name":"Apeli s\u00ebrish liron nga paraburgimi pes\u00eb zyrtar\u00ebt policor\u00eb t\u00eb dyshuar p\u00ebr rastin e 27-vje\u00e7arit n\u00eb Lipjan -","isPartOf":{"@id":"https:\/\/veritasinfo.org\/#website"},"primaryImageOfPage":{"@id":"https:\/\/veritasinfo.org\/?p=6094#primaryimage"},"image":{"@id":"https:\/\/veritasinfo.org\/?p=6094#primaryimage"},"thumbnailUrl":"https:\/\/veritasinfo.org\/wp-content\/uploads\/2025\/07\/IMG_2444.jpeg","datePublished":"2025-07-31T17:00:33+00:00","author":{"@id":"https:\/\/veritasinfo.org\/#\/schema\/person\/7701f8c088bece422266b100a712374f"},"breadcrumb":{"@id":"https:\/\/veritasinfo.org\/?p=6094#breadcrumb"},"inLanguage":"en-US","potentialAction":[{"@type":"ReadAction","target":["https:\/\/veritasinfo.org\/?p=6094"]}]},{"@type":"ImageObject","inLanguage":"en-US","@id":"https:\/\/veritasinfo.org\/?p=6094#primaryimage","url":"https:\/\/veritasinfo.org\/wp-content\/uploads\/2025\/07\/IMG_2444.jpeg","contentUrl":"https:\/\/veritasinfo.org\/wp-content\/uploads\/2025\/07\/IMG_2444.jpeg","width":750,"height":430},{"@type":"BreadcrumbList","@id":"https:\/\/veritasinfo.org\/?p=6094#breadcrumb","itemListElement":[{"@type":"ListItem","position":1,"name":"Home","item":"https:\/\/veritasinfo.org\/"},{"@type":"ListItem","position":2,"name":"Apeli s\u00ebrish liron nga paraburgimi pes\u00eb zyrtar\u00ebt policor\u00eb t\u00eb dyshuar p\u00ebr rastin e 27-vje\u00e7arit n\u00eb Lipjan"}]},{"@type":"WebSite","@id":"https:\/\/veritasinfo.org\/#website","url":"https:\/\/veritasinfo.org\/","name":"","description":"","potentialAction":[{"@type":"SearchAction","target":{"@type":"EntryPoint","urlTemplate":"https:\/\/veritasinfo.org\/?s={search_term_string}"},"query-input":{"@type":"PropertyValueSpecification","valueRequired":true,"valueName":"search_term_string"}}],"inLanguage":"en-US"},{"@type":"Person","@id":"https:\/\/veritasinfo.org\/#\/schema\/person\/7701f8c088bece422266b100a712374f","name":"admin","image":{"@type":"ImageObject","inLanguage":"en-US","@id":"https:\/\/veritasinfo.org\/#\/schema\/person\/image\/","url":"https:\/\/secure.gravatar.com\/avatar\/ea53aa3bf6c9a12d5fde8ce4deff43fef3885ae33cf60184161a50d6987cfd2f?s=96&d=mm&r=g","contentUrl":"https:\/\/secure.gravatar.com\/avatar\/ea53aa3bf6c9a12d5fde8ce4deff43fef3885ae33cf60184161a50d6987cfd2f?s=96&d=mm&r=g","caption":"admin"},"sameAs":["https:\/\/veritasinfo.org"],"url":"https:\/\/veritasinfo.org\/?author=1"}]}},"featured_image_urls":{"full":["https:\/\/veritasinfo.org\/wp-content\/uploads\/2025\/07\/IMG_2444.jpeg",750,430,false],"thumbnail":["https:\/\/veritasinfo.org\/wp-content\/uploads\/2025\/07\/IMG_2444-150x150.jpeg",150,150,true],"medium":["https:\/\/veritasinfo.org\/wp-content\/uploads\/2025\/07\/IMG_2444-300x172.jpeg",300,172,true],"medium_large":["https:\/\/veritasinfo.org\/wp-content\/uploads\/2025\/07\/IMG_2444.jpeg",640,367,false],"large":["https:\/\/veritasinfo.org\/wp-content\/uploads\/2025\/07\/IMG_2444.jpeg",640,367,false],"1536x1536":["https:\/\/veritasinfo.org\/wp-content\/uploads\/2025\/07\/IMG_2444.jpeg",750,430,false],"2048x2048":["https:\/\/veritasinfo.org\/wp-content\/uploads\/2025\/07\/IMG_2444.jpeg",750,430,false],"kreeti-slider-full":["https:\/\/veritasinfo.org\/wp-content\/uploads\/2025\/07\/IMG_2444.jpeg",750,430,false],"kreeti-featured":["https:\/\/veritasinfo.org\/wp-content\/uploads\/2025\/07\/IMG_2444.jpeg",750,430,false],"kreeti-medium":["https:\/\/veritasinfo.org\/wp-content\/uploads\/2025\/07\/IMG_2444.jpeg",720,413,false],"kreeti-medium-square":["https:\/\/veritasinfo.org\/wp-content\/uploads\/2025\/07\/IMG_2444.jpeg",350,201,false]},"author_info":{"info":["admin"]},"category_info":"<a href=\"https:\/\/veritasinfo.org\/?cat=60\" rel=\"category\">Shoq\u00ebrore<\/a>","tag_info":"Shoq\u00ebrore","comment_count":"0","_links":{"self":[{"href":"https:\/\/veritasinfo.org\/index.php?rest_route=\/wp\/v2\/posts\/6094","targetHints":{"allow":["GET"]}}],"collection":[{"href":"https:\/\/veritasinfo.org\/index.php?rest_route=\/wp\/v2\/posts"}],"about":[{"href":"https:\/\/veritasinfo.org\/index.php?rest_route=\/wp\/v2\/types\/post"}],"author":[{"embeddable":true,"href":"https:\/\/veritasinfo.org\/index.php?rest_route=\/wp\/v2\/users\/1"}],"replies":[{"embeddable":true,"href":"https:\/\/veritasinfo.org\/index.php?rest_route=%2Fwp%2Fv2%2Fcomments&post=6094"}],"version-history":[{"count":1,"href":"https:\/\/veritasinfo.org\/index.php?rest_route=\/wp\/v2\/posts\/6094\/revisions"}],"predecessor-version":[{"id":6096,"href":"https:\/\/veritasinfo.org\/index.php?rest_route=\/wp\/v2\/posts\/6094\/revisions\/6096"}],"wp:featuredmedia":[{"embeddable":true,"href":"https:\/\/veritasinfo.org\/index.php?rest_route=\/wp\/v2\/media\/6095"}],"wp:attachment":[{"href":"https:\/\/veritasinfo.org\/index.php?rest_route=%2Fwp%2Fv2%2Fmedia&parent=6094"}],"wp:term":[{"taxonomy":"category","embeddable":true,"href":"https:\/\/veritasinfo.org\/index.php?rest_route=%2Fwp%2Fv2%2Fcategories&post=6094"},{"taxonomy":"post_tag","embeddable":true,"href":"https:\/\/veritasinfo.org\/index.php?rest_route=%2Fwp%2Fv2%2Ftags&post=6094"}],"curies":[{"name":"wp","href":"https:\/\/api.w.org\/{rel}","templated":true}]}}