{"id":6088,"date":"2025-07-31T17:17:50","date_gmt":"2025-07-31T15:17:50","guid":{"rendered":"https:\/\/veritasinfo.org\/?p=6088"},"modified":"2025-07-31T17:17:50","modified_gmt":"2025-07-31T15:17:50","slug":"apeli-e-le-ne-paraburgim-popoviqin","status":"publish","type":"post","link":"https:\/\/veritasinfo.org\/?p=6088","title":{"rendered":"Apeli e l\u00eb n\u00eb paraburgim Popoviqin"},"content":{"rendered":"<p>Prishtin\u00eb, 31 Korrik 2025<\/p>\n<p>Gjykata e Apelit ka refuzuar ankes\u00ebn e avokatit t\u00eb ndihm\u00ebsdrejtori t\u00eb Zyr\u00ebs p\u00ebr Kosov\u00eb n\u00eb Qeverin\u00eb e Serbis\u00eb Igor Popoviq, Millosh Deleviq, duke l\u00ebn\u00eb n\u00eb fuqi vendimin e Gjykat\u00ebs Themelore n\u00eb Prishtin\u00eb, me t\u00eb cilin Popoviqit i \u00ebsht\u00eb caktuar masa prej 30 dit\u00ebsh paraburgim.<\/p>\n<p>Popoviqi dyshohet p\u00ebr vepr\u00ebn penale \u201cNxitje t\u00eb p\u00ebr\u00e7arjes dhe mosdurimit\u201d.<\/p>\n<p>Ai dyshohet se m\u00eb 18 korrik n\u00eb fshatin Ho\u00e7\u00eb t\u00eb Madhe t\u00eb Rahovecit, gjat\u00eb nj\u00eb fjalimi me serb\u00ebt lokal\u00eb, e ka quajtur U\u00c7K-n\u00eb organizat\u00eb terroriste, nd\u00ebrkoh\u00eb e ka akuzuar edhe bashk\u00ebsin\u00eb nd\u00ebrkomb\u00ebtare p\u00ebr si\u00e7 ka th\u00ebn\u00eb, heshtje ndaj autor\u00ebve t\u00eb krimeve ndaj serb\u00ebve. n\u00ebn dyshimin se mbajti fjalim kund\u00ebr U\u00c7K-s\u00eb.<\/p>\n<p>Popoviqi ishte arrestuar m\u00eb 19 korrik n\u00eb pik\u00ebn kufitare t\u00eb.<\/p>\n<p>Si\u00e7 raporton Betimi p\u00ebr Drejt\u00ebsi, sipas vendimit t\u00eb Apelit, shkalla e par\u00eb ka vepruar drejt kur ka caktuar paraburgimin, pasi q\u00eb ekziston dyshimi i bazuar se Popoviq ka kryer vepr\u00ebn penale p\u00ebr t\u00eb cil\u00ebn dyshohet.<\/p>\n<p>Apeli n\u00eb vendim thekson se nga videoja shihet dhe d\u00ebgjohet teksa Popoviq mban fjalim n\u00eb rajonin e Rahovecit, p\u00ebrmes t\u00eb cilit mjaftuesh\u00ebm krijohet dyshimi i bazuar se ka kryer vepr\u00ebn penale.<\/p>\n<p>Sipas vendimit, Popoviq ka shtet\u00ebsi t\u00eb Serbis\u00eb dhe n\u00ebse mbrohet n\u00eb liri, do t\u00eb ishte i pakapsh\u00ebm nga institucionet e Kosov\u00ebs p\u00ebr faktin se Republika e Serbis\u00eb nuk bashk\u00ebpunon me Republik\u00ebn e Kosov\u00ebs.<\/p>\n<p>Apeli i ka dh\u00ebn\u00eb t\u00eb drejt\u00eb shkall\u00ebs s\u00eb par\u00eb lidhur me vendimin p\u00ebr caktimin e paraburgimit, me arsyetimin se nuk mund t\u00eb justifikohet asnj\u00eb mas\u00eb m\u00eb e but\u00eb sesa ajo e paraburgimit ndaj Popoviqit.<\/p>\n<figure class=\"media\">\n<div data-oembed-url=\"https:\/\/www.koha.net\/arberi\/nje-muaj-paraburgim-popoviqit\">\n<div class=\"iframely-embed\"><\/div>\n<\/div>\n<\/figure>\n","protected":false},"excerpt":{"rendered":"<p>Prishtin\u00eb, 31 Korrik 2025 Gjykata e Apelit ka refuzuar ankes\u00ebn e avokatit t\u00eb ndihm\u00ebsdrejtori t\u00eb Zyr\u00ebs p\u00ebr Kosov\u00eb n\u00eb Qeverin\u00eb e Serbis\u00eb Igor Popoviq, Millosh<\/p>\n","protected":false},"author":1,"featured_media":6089,"comment_status":"open","ping_status":"open","sticky":false,"template":"","format":"standard","meta":{"footnotes":""},"categories":[60],"tags":[],"class_list":["post-6088","post","type-post","status-publish","format-standard","has-post-thumbnail","hentry","category-shoqerore-sq"],"yoast_head":"<!-- This site is optimized with the Yoast SEO plugin v25.3.1 - https:\/\/yoast.com\/wordpress\/plugins\/seo\/ -->\n<title>Apeli e l\u00eb n\u00eb paraburgim Popoviqin -<\/title>\n<meta name=\"robots\" content=\"index, follow, max-snippet:-1, max-image-preview:large, max-video-preview:-1\" \/>\n<link rel=\"canonical\" href=\"https:\/\/veritasinfo.org\/?p=6088\" \/>\n<meta property=\"og:locale\" content=\"en_US\" \/>\n<meta property=\"og:type\" content=\"article\" \/>\n<meta property=\"og:title\" content=\"Apeli e l\u00eb n\u00eb paraburgim Popoviqin -\" \/>\n<meta property=\"og:description\" content=\"Prishtin\u00eb, 31 Korrik 2025 Gjykata e Apelit ka refuzuar ankes\u00ebn e avokatit t\u00eb ndihm\u00ebsdrejtori t\u00eb Zyr\u00ebs p\u00ebr Kosov\u00eb n\u00eb Qeverin\u00eb e Serbis\u00eb Igor Popoviq, Millosh\" \/>\n<meta property=\"og:url\" content=\"https:\/\/veritasinfo.org\/?p=6088\" \/>\n<meta property=\"article:published_time\" content=\"2025-07-31T15:17:50+00:00\" \/>\n<meta property=\"og:image\" content=\"https:\/\/veritasinfo.org\/wp-content\/uploads\/2025\/07\/IMG_2442.webp\" \/>\n\t<meta property=\"og:image:width\" content=\"765\" \/>\n\t<meta property=\"og:image:height\" content=\"543\" \/>\n\t<meta property=\"og:image:type\" content=\"image\/webp\" \/>\n<meta name=\"author\" content=\"admin\" \/>\n<meta name=\"twitter:card\" content=\"summary_large_image\" \/>\n<meta name=\"twitter:label1\" content=\"Written by\" \/>\n\t<meta name=\"twitter:data1\" content=\"admin\" \/>\n\t<meta name=\"twitter:label2\" content=\"Est. reading time\" \/>\n\t<meta name=\"twitter:data2\" content=\"2 minutes\" \/>\n<script type=\"application\/ld+json\" class=\"yoast-schema-graph\">{\"@context\":\"https:\/\/schema.org\",\"@graph\":[{\"@type\":\"WebPage\",\"@id\":\"https:\/\/veritasinfo.org\/?p=6088\",\"url\":\"https:\/\/veritasinfo.org\/?p=6088\",\"name\":\"Apeli e l\u00eb n\u00eb paraburgim Popoviqin -\",\"isPartOf\":{\"@id\":\"https:\/\/veritasinfo.org\/#website\"},\"primaryImageOfPage\":{\"@id\":\"https:\/\/veritasinfo.org\/?p=6088#primaryimage\"},\"image\":{\"@id\":\"https:\/\/veritasinfo.org\/?p=6088#primaryimage\"},\"thumbnailUrl\":\"https:\/\/veritasinfo.org\/wp-content\/uploads\/2025\/07\/IMG_2442.webp\",\"datePublished\":\"2025-07-31T15:17:50+00:00\",\"author\":{\"@id\":\"https:\/\/veritasinfo.org\/#\/schema\/person\/7701f8c088bece422266b100a712374f\"},\"breadcrumb\":{\"@id\":\"https:\/\/veritasinfo.org\/?p=6088#breadcrumb\"},\"inLanguage\":\"en-US\",\"potentialAction\":[{\"@type\":\"ReadAction\",\"target\":[\"https:\/\/veritasinfo.org\/?p=6088\"]}]},{\"@type\":\"ImageObject\",\"inLanguage\":\"en-US\",\"@id\":\"https:\/\/veritasinfo.org\/?p=6088#primaryimage\",\"url\":\"https:\/\/veritasinfo.org\/wp-content\/uploads\/2025\/07\/IMG_2442.webp\",\"contentUrl\":\"https:\/\/veritasinfo.org\/wp-content\/uploads\/2025\/07\/IMG_2442.webp\",\"width\":765,\"height\":543},{\"@type\":\"BreadcrumbList\",\"@id\":\"https:\/\/veritasinfo.org\/?p=6088#breadcrumb\",\"itemListElement\":[{\"@type\":\"ListItem\",\"position\":1,\"name\":\"Home\",\"item\":\"https:\/\/veritasinfo.org\/\"},{\"@type\":\"ListItem\",\"position\":2,\"name\":\"Apeli e l\u00eb n\u00eb paraburgim Popoviqin\"}]},{\"@type\":\"WebSite\",\"@id\":\"https:\/\/veritasinfo.org\/#website\",\"url\":\"https:\/\/veritasinfo.org\/\",\"name\":\"\",\"description\":\"\",\"potentialAction\":[{\"@type\":\"SearchAction\",\"target\":{\"@type\":\"EntryPoint\",\"urlTemplate\":\"https:\/\/veritasinfo.org\/?s={search_term_string}\"},\"query-input\":{\"@type\":\"PropertyValueSpecification\",\"valueRequired\":true,\"valueName\":\"search_term_string\"}}],\"inLanguage\":\"en-US\"},{\"@type\":\"Person\",\"@id\":\"https:\/\/veritasinfo.org\/#\/schema\/person\/7701f8c088bece422266b100a712374f\",\"name\":\"admin\",\"image\":{\"@type\":\"ImageObject\",\"inLanguage\":\"en-US\",\"@id\":\"https:\/\/veritasinfo.org\/#\/schema\/person\/image\/\",\"url\":\"https:\/\/secure.gravatar.com\/avatar\/ea53aa3bf6c9a12d5fde8ce4deff43fef3885ae33cf60184161a50d6987cfd2f?s=96&d=mm&r=g\",\"contentUrl\":\"https:\/\/secure.gravatar.com\/avatar\/ea53aa3bf6c9a12d5fde8ce4deff43fef3885ae33cf60184161a50d6987cfd2f?s=96&d=mm&r=g\",\"caption\":\"admin\"},\"sameAs\":[\"https:\/\/veritasinfo.org\"],\"url\":\"https:\/\/veritasinfo.org\/?author=1\"}]}<\/script>\n<!-- \/ Yoast SEO plugin. -->","yoast_head_json":{"title":"Apeli e l\u00eb n\u00eb paraburgim Popoviqin -","robots":{"index":"index","follow":"follow","max-snippet":"max-snippet:-1","max-image-preview":"max-image-preview:large","max-video-preview":"max-video-preview:-1"},"canonical":"https:\/\/veritasinfo.org\/?p=6088","og_locale":"en_US","og_type":"article","og_title":"Apeli e l\u00eb n\u00eb paraburgim Popoviqin -","og_description":"Prishtin\u00eb, 31 Korrik 2025 Gjykata e Apelit ka refuzuar ankes\u00ebn e avokatit t\u00eb ndihm\u00ebsdrejtori t\u00eb Zyr\u00ebs p\u00ebr Kosov\u00eb n\u00eb Qeverin\u00eb e Serbis\u00eb Igor Popoviq, Millosh","og_url":"https:\/\/veritasinfo.org\/?p=6088","article_published_time":"2025-07-31T15:17:50+00:00","og_image":[{"width":765,"height":543,"url":"https:\/\/veritasinfo.org\/wp-content\/uploads\/2025\/07\/IMG_2442.webp","type":"image\/webp"}],"author":"admin","twitter_card":"summary_large_image","twitter_misc":{"Written by":"admin","Est. reading time":"2 minutes"},"schema":{"@context":"https:\/\/schema.org","@graph":[{"@type":"WebPage","@id":"https:\/\/veritasinfo.org\/?p=6088","url":"https:\/\/veritasinfo.org\/?p=6088","name":"Apeli e l\u00eb n\u00eb paraburgim Popoviqin -","isPartOf":{"@id":"https:\/\/veritasinfo.org\/#website"},"primaryImageOfPage":{"@id":"https:\/\/veritasinfo.org\/?p=6088#primaryimage"},"image":{"@id":"https:\/\/veritasinfo.org\/?p=6088#primaryimage"},"thumbnailUrl":"https:\/\/veritasinfo.org\/wp-content\/uploads\/2025\/07\/IMG_2442.webp","datePublished":"2025-07-31T15:17:50+00:00","author":{"@id":"https:\/\/veritasinfo.org\/#\/schema\/person\/7701f8c088bece422266b100a712374f"},"breadcrumb":{"@id":"https:\/\/veritasinfo.org\/?p=6088#breadcrumb"},"inLanguage":"en-US","potentialAction":[{"@type":"ReadAction","target":["https:\/\/veritasinfo.org\/?p=6088"]}]},{"@type":"ImageObject","inLanguage":"en-US","@id":"https:\/\/veritasinfo.org\/?p=6088#primaryimage","url":"https:\/\/veritasinfo.org\/wp-content\/uploads\/2025\/07\/IMG_2442.webp","contentUrl":"https:\/\/veritasinfo.org\/wp-content\/uploads\/2025\/07\/IMG_2442.webp","width":765,"height":543},{"@type":"BreadcrumbList","@id":"https:\/\/veritasinfo.org\/?p=6088#breadcrumb","itemListElement":[{"@type":"ListItem","position":1,"name":"Home","item":"https:\/\/veritasinfo.org\/"},{"@type":"ListItem","position":2,"name":"Apeli e l\u00eb n\u00eb paraburgim Popoviqin"}]},{"@type":"WebSite","@id":"https:\/\/veritasinfo.org\/#website","url":"https:\/\/veritasinfo.org\/","name":"","description":"","potentialAction":[{"@type":"SearchAction","target":{"@type":"EntryPoint","urlTemplate":"https:\/\/veritasinfo.org\/?s={search_term_string}"},"query-input":{"@type":"PropertyValueSpecification","valueRequired":true,"valueName":"search_term_string"}}],"inLanguage":"en-US"},{"@type":"Person","@id":"https:\/\/veritasinfo.org\/#\/schema\/person\/7701f8c088bece422266b100a712374f","name":"admin","image":{"@type":"ImageObject","inLanguage":"en-US","@id":"https:\/\/veritasinfo.org\/#\/schema\/person\/image\/","url":"https:\/\/secure.gravatar.com\/avatar\/ea53aa3bf6c9a12d5fde8ce4deff43fef3885ae33cf60184161a50d6987cfd2f?s=96&d=mm&r=g","contentUrl":"https:\/\/secure.gravatar.com\/avatar\/ea53aa3bf6c9a12d5fde8ce4deff43fef3885ae33cf60184161a50d6987cfd2f?s=96&d=mm&r=g","caption":"admin"},"sameAs":["https:\/\/veritasinfo.org"],"url":"https:\/\/veritasinfo.org\/?author=1"}]}},"featured_image_urls":{"full":["https:\/\/veritasinfo.org\/wp-content\/uploads\/2025\/07\/IMG_2442.webp",765,543,false],"thumbnail":["https:\/\/veritasinfo.org\/wp-content\/uploads\/2025\/07\/IMG_2442-150x150.webp",150,150,true],"medium":["https:\/\/veritasinfo.org\/wp-content\/uploads\/2025\/07\/IMG_2442-300x213.webp",300,213,true],"medium_large":["https:\/\/veritasinfo.org\/wp-content\/uploads\/2025\/07\/IMG_2442.webp",640,454,false],"large":["https:\/\/veritasinfo.org\/wp-content\/uploads\/2025\/07\/IMG_2442.webp",640,454,false],"1536x1536":["https:\/\/veritasinfo.org\/wp-content\/uploads\/2025\/07\/IMG_2442.webp",765,543,false],"2048x2048":["https:\/\/veritasinfo.org\/wp-content\/uploads\/2025\/07\/IMG_2442.webp",765,543,false],"kreeti-slider-full":["https:\/\/veritasinfo.org\/wp-content\/uploads\/2025\/07\/IMG_2442.webp",765,543,false],"kreeti-featured":["https:\/\/veritasinfo.org\/wp-content\/uploads\/2025\/07\/IMG_2442.webp",765,543,false],"kreeti-medium":["https:\/\/veritasinfo.org\/wp-content\/uploads\/2025\/07\/IMG_2442.webp",720,511,false],"kreeti-medium-square":["https:\/\/veritasinfo.org\/wp-content\/uploads\/2025\/07\/IMG_2442.webp",350,248,false]},"author_info":{"info":["admin"]},"category_info":"<a href=\"https:\/\/veritasinfo.org\/?cat=60\" rel=\"category\">Shoq\u00ebrore<\/a>","tag_info":"Shoq\u00ebrore","comment_count":"0","_links":{"self":[{"href":"https:\/\/veritasinfo.org\/index.php?rest_route=\/wp\/v2\/posts\/6088","targetHints":{"allow":["GET"]}}],"collection":[{"href":"https:\/\/veritasinfo.org\/index.php?rest_route=\/wp\/v2\/posts"}],"about":[{"href":"https:\/\/veritasinfo.org\/index.php?rest_route=\/wp\/v2\/types\/post"}],"author":[{"embeddable":true,"href":"https:\/\/veritasinfo.org\/index.php?rest_route=\/wp\/v2\/users\/1"}],"replies":[{"embeddable":true,"href":"https:\/\/veritasinfo.org\/index.php?rest_route=%2Fwp%2Fv2%2Fcomments&post=6088"}],"version-history":[{"count":1,"href":"https:\/\/veritasinfo.org\/index.php?rest_route=\/wp\/v2\/posts\/6088\/revisions"}],"predecessor-version":[{"id":6090,"href":"https:\/\/veritasinfo.org\/index.php?rest_route=\/wp\/v2\/posts\/6088\/revisions\/6090"}],"wp:featuredmedia":[{"embeddable":true,"href":"https:\/\/veritasinfo.org\/index.php?rest_route=\/wp\/v2\/media\/6089"}],"wp:attachment":[{"href":"https:\/\/veritasinfo.org\/index.php?rest_route=%2Fwp%2Fv2%2Fmedia&parent=6088"}],"wp:term":[{"taxonomy":"category","embeddable":true,"href":"https:\/\/veritasinfo.org\/index.php?rest_route=%2Fwp%2Fv2%2Fcategories&post=6088"},{"taxonomy":"post_tag","embeddable":true,"href":"https:\/\/veritasinfo.org\/index.php?rest_route=%2Fwp%2Fv2%2Ftags&post=6088"}],"curies":[{"name":"wp","href":"https:\/\/api.w.org\/{rel}","templated":true}]}}