{"id":608,"date":"2025-06-14T15:31:52","date_gmt":"2025-06-14T17:31:52","guid":{"rendered":"https:\/\/veritasinfo.org\/?p=608"},"modified":"2025-06-14T15:31:52","modified_gmt":"2025-06-14T17:31:52","slug":"kosovska-policija-deportovala-policajca-za-5-godina-mu-je-zabranjen-ulazak-na-kosovo","status":"publish","type":"post","link":"https:\/\/veritasinfo.org\/?p=608&lang=sr","title":{"rendered":"Kosovska policija deportovala policajca: za 5 godina mu je zabranjen ulazak na Kosovo"},"content":{"rendered":"<p><strong>Merdare, 14 Jun 2025<\/strong><\/p>\n<p>Kosovska policija deportovala je na Merdaru pripadnika MUP-a Srbije Nikolu Vujovi\u0107a iz Zubinog Potoka koji je sino\u0107 uhap\u0161en na Brnjaku i oduzela mu kosovsko dr\u017eavljanstvo, potvrdio je njegov advokat Bogdan Lazi\u0107, dodaju\u0107i da je Vujovi\u0107u u narednih pet godina zabranjen ulazak na Kosovo.<\/p>\n<p>Lazi\u0107 je istakao da su pripadnici Kosovske policije deportovali Vujovi\u0107a u Subotu oko 16 \u010dasova.<\/p>\n<p>\u201eOduzeto mu je dr\u017eavljanstvo Kosova i zabranjen ulazak na Kosovo narednih pet godina i sva kosovska dokumenta su mu konfiskovana\u201c, rekao je Lazi\u0107.Kako navodi, Vujovi\u0107 je deportovan uz obrazlo\u017eenje da je ugrozio nacionanu bezbednost.<\/p>\n","protected":false},"excerpt":{"rendered":"<p>Merdare, 14 Jun 2025 Kosovska policija deportovala je na Merdaru pripadnika MUP-a Srbije Nikolu Vujovi\u0107a iz Zubinog Potoka koji je sino\u0107 uhap\u0161en na Brnjaku i<\/p>\n","protected":false},"author":2,"featured_media":606,"comment_status":"open","ping_status":"open","sticky":false,"template":"","format":"standard","meta":{"footnotes":""},"categories":[28],"tags":[],"class_list":["post-608","post","type-post","status-publish","format-standard","has-post-thumbnail","hentry","category-politika"],"yoast_head":"<!-- This site is optimized with the Yoast SEO plugin v25.3.1 - https:\/\/yoast.com\/wordpress\/plugins\/seo\/ -->\n<title>Kosovska policija deportovala policajca: za 5 godina mu je zabranjen ulazak na Kosovo -<\/title>\n<meta name=\"robots\" content=\"index, follow, max-snippet:-1, max-image-preview:large, max-video-preview:-1\" \/>\n<link rel=\"canonical\" href=\"https:\/\/veritasinfo.org\/?p=608&lang=sr\" \/>\n<meta property=\"og:locale\" content=\"en_US\" \/>\n<meta property=\"og:type\" content=\"article\" \/>\n<meta property=\"og:title\" content=\"Kosovska policija deportovala policajca: za 5 godina mu je zabranjen ulazak na Kosovo -\" \/>\n<meta property=\"og:description\" content=\"Merdare, 14 Jun 2025 Kosovska policija deportovala je na Merdaru pripadnika MUP-a Srbije Nikolu Vujovi\u0107a iz Zubinog Potoka koji je sino\u0107 uhap\u0161en na Brnjaku i\" \/>\n<meta property=\"og:url\" content=\"https:\/\/veritasinfo.org\/?p=608&amp;lang=sr\" \/>\n<meta property=\"article:published_time\" content=\"2025-06-14T17:31:52+00:00\" \/>\n<meta property=\"og:image\" content=\"https:\/\/veritasinfo.org\/wp-content\/uploads\/2025\/06\/Policia.webp\" \/>\n\t<meta property=\"og:image:width\" content=\"780\" \/>\n\t<meta property=\"og:image:height\" content=\"409\" \/>\n\t<meta property=\"og:image:type\" content=\"image\/webp\" \/>\n<meta name=\"author\" content=\"US1\" \/>\n<meta name=\"twitter:card\" content=\"summary_large_image\" \/>\n<meta name=\"twitter:label1\" content=\"Written by\" \/>\n\t<meta name=\"twitter:data1\" content=\"US1\" \/>\n\t<meta name=\"twitter:label2\" content=\"Est. reading time\" \/>\n\t<meta name=\"twitter:data2\" content=\"1 minute\" \/>\n<script type=\"application\/ld+json\" class=\"yoast-schema-graph\">{\"@context\":\"https:\/\/schema.org\",\"@graph\":[{\"@type\":\"WebPage\",\"@id\":\"https:\/\/veritasinfo.org\/?p=608&lang=sr\",\"url\":\"https:\/\/veritasinfo.org\/?p=608&lang=sr\",\"name\":\"Kosovska policija deportovala policajca: za 5 godina mu je zabranjen ulazak na Kosovo -\",\"isPartOf\":{\"@id\":\"https:\/\/veritasinfo.org\/#website\"},\"primaryImageOfPage\":{\"@id\":\"https:\/\/veritasinfo.org\/?p=608&lang=sr#primaryimage\"},\"image\":{\"@id\":\"https:\/\/veritasinfo.org\/?p=608&lang=sr#primaryimage\"},\"thumbnailUrl\":\"https:\/\/veritasinfo.org\/wp-content\/uploads\/2025\/06\/Policia.webp\",\"datePublished\":\"2025-06-14T17:31:52+00:00\",\"author\":{\"@id\":\"https:\/\/veritasinfo.org\/#\/schema\/person\/c2b8be262ea994d0995addca692c5e98\"},\"breadcrumb\":{\"@id\":\"https:\/\/veritasinfo.org\/?p=608&lang=sr#breadcrumb\"},\"inLanguage\":\"en-US\",\"potentialAction\":[{\"@type\":\"ReadAction\",\"target\":[\"https:\/\/veritasinfo.org\/?p=608&lang=sr\"]}]},{\"@type\":\"ImageObject\",\"inLanguage\":\"en-US\",\"@id\":\"https:\/\/veritasinfo.org\/?p=608&lang=sr#primaryimage\",\"url\":\"https:\/\/veritasinfo.org\/wp-content\/uploads\/2025\/06\/Policia.webp\",\"contentUrl\":\"https:\/\/veritasinfo.org\/wp-content\/uploads\/2025\/06\/Policia.webp\",\"width\":780,\"height\":409},{\"@type\":\"BreadcrumbList\",\"@id\":\"https:\/\/veritasinfo.org\/?p=608&lang=sr#breadcrumb\",\"itemListElement\":[{\"@type\":\"ListItem\",\"position\":1,\"name\":\"Home\",\"item\":\"https:\/\/veritasinfo.org\/\"},{\"@type\":\"ListItem\",\"position\":2,\"name\":\"Kosovska policija deportovala policajca: za 5 godina mu je zabranjen ulazak na Kosovo\"}]},{\"@type\":\"WebSite\",\"@id\":\"https:\/\/veritasinfo.org\/#website\",\"url\":\"https:\/\/veritasinfo.org\/\",\"name\":\"\",\"description\":\"\",\"potentialAction\":[{\"@type\":\"SearchAction\",\"target\":{\"@type\":\"EntryPoint\",\"urlTemplate\":\"https:\/\/veritasinfo.org\/?s={search_term_string}\"},\"query-input\":{\"@type\":\"PropertyValueSpecification\",\"valueRequired\":true,\"valueName\":\"search_term_string\"}}],\"inLanguage\":\"en-US\"},{\"@type\":\"Person\",\"@id\":\"https:\/\/veritasinfo.org\/#\/schema\/person\/c2b8be262ea994d0995addca692c5e98\",\"name\":\"US1\",\"image\":{\"@type\":\"ImageObject\",\"inLanguage\":\"en-US\",\"@id\":\"https:\/\/veritasinfo.org\/#\/schema\/person\/image\/\",\"url\":\"https:\/\/secure.gravatar.com\/avatar\/4e96a59bd256abf9956eb9963ac891a47461ffb364d47b0e9aab113328fdb75b?s=96&d=mm&r=g\",\"contentUrl\":\"https:\/\/secure.gravatar.com\/avatar\/4e96a59bd256abf9956eb9963ac891a47461ffb364d47b0e9aab113328fdb75b?s=96&d=mm&r=g\",\"caption\":\"US1\"},\"url\":\"https:\/\/veritasinfo.org\/?author=2\"}]}<\/script>\n<!-- \/ Yoast SEO plugin. -->","yoast_head_json":{"title":"Kosovska policija deportovala policajca: za 5 godina mu je zabranjen ulazak na Kosovo -","robots":{"index":"index","follow":"follow","max-snippet":"max-snippet:-1","max-image-preview":"max-image-preview:large","max-video-preview":"max-video-preview:-1"},"canonical":"https:\/\/veritasinfo.org\/?p=608&lang=sr","og_locale":"en_US","og_type":"article","og_title":"Kosovska policija deportovala policajca: za 5 godina mu je zabranjen ulazak na Kosovo -","og_description":"Merdare, 14 Jun 2025 Kosovska policija deportovala je na Merdaru pripadnika MUP-a Srbije Nikolu Vujovi\u0107a iz Zubinog Potoka koji je sino\u0107 uhap\u0161en na Brnjaku i","og_url":"https:\/\/veritasinfo.org\/?p=608&lang=sr","article_published_time":"2025-06-14T17:31:52+00:00","og_image":[{"width":780,"height":409,"url":"https:\/\/veritasinfo.org\/wp-content\/uploads\/2025\/06\/Policia.webp","type":"image\/webp"}],"author":"US1","twitter_card":"summary_large_image","twitter_misc":{"Written by":"US1","Est. reading time":"1 minute"},"schema":{"@context":"https:\/\/schema.org","@graph":[{"@type":"WebPage","@id":"https:\/\/veritasinfo.org\/?p=608&lang=sr","url":"https:\/\/veritasinfo.org\/?p=608&lang=sr","name":"Kosovska policija deportovala policajca: za 5 godina mu je zabranjen ulazak na Kosovo -","isPartOf":{"@id":"https:\/\/veritasinfo.org\/#website"},"primaryImageOfPage":{"@id":"https:\/\/veritasinfo.org\/?p=608&lang=sr#primaryimage"},"image":{"@id":"https:\/\/veritasinfo.org\/?p=608&lang=sr#primaryimage"},"thumbnailUrl":"https:\/\/veritasinfo.org\/wp-content\/uploads\/2025\/06\/Policia.webp","datePublished":"2025-06-14T17:31:52+00:00","author":{"@id":"https:\/\/veritasinfo.org\/#\/schema\/person\/c2b8be262ea994d0995addca692c5e98"},"breadcrumb":{"@id":"https:\/\/veritasinfo.org\/?p=608&lang=sr#breadcrumb"},"inLanguage":"en-US","potentialAction":[{"@type":"ReadAction","target":["https:\/\/veritasinfo.org\/?p=608&lang=sr"]}]},{"@type":"ImageObject","inLanguage":"en-US","@id":"https:\/\/veritasinfo.org\/?p=608&lang=sr#primaryimage","url":"https:\/\/veritasinfo.org\/wp-content\/uploads\/2025\/06\/Policia.webp","contentUrl":"https:\/\/veritasinfo.org\/wp-content\/uploads\/2025\/06\/Policia.webp","width":780,"height":409},{"@type":"BreadcrumbList","@id":"https:\/\/veritasinfo.org\/?p=608&lang=sr#breadcrumb","itemListElement":[{"@type":"ListItem","position":1,"name":"Home","item":"https:\/\/veritasinfo.org\/"},{"@type":"ListItem","position":2,"name":"Kosovska policija deportovala policajca: za 5 godina mu je zabranjen ulazak na Kosovo"}]},{"@type":"WebSite","@id":"https:\/\/veritasinfo.org\/#website","url":"https:\/\/veritasinfo.org\/","name":"","description":"","potentialAction":[{"@type":"SearchAction","target":{"@type":"EntryPoint","urlTemplate":"https:\/\/veritasinfo.org\/?s={search_term_string}"},"query-input":{"@type":"PropertyValueSpecification","valueRequired":true,"valueName":"search_term_string"}}],"inLanguage":"en-US"},{"@type":"Person","@id":"https:\/\/veritasinfo.org\/#\/schema\/person\/c2b8be262ea994d0995addca692c5e98","name":"US1","image":{"@type":"ImageObject","inLanguage":"en-US","@id":"https:\/\/veritasinfo.org\/#\/schema\/person\/image\/","url":"https:\/\/secure.gravatar.com\/avatar\/4e96a59bd256abf9956eb9963ac891a47461ffb364d47b0e9aab113328fdb75b?s=96&d=mm&r=g","contentUrl":"https:\/\/secure.gravatar.com\/avatar\/4e96a59bd256abf9956eb9963ac891a47461ffb364d47b0e9aab113328fdb75b?s=96&d=mm&r=g","caption":"US1"},"url":"https:\/\/veritasinfo.org\/?author=2"}]}},"featured_image_urls":{"full":["https:\/\/veritasinfo.org\/wp-content\/uploads\/2025\/06\/Policia.webp",780,409,false],"thumbnail":["https:\/\/veritasinfo.org\/wp-content\/uploads\/2025\/06\/Policia-150x150.webp",150,150,true],"medium":["https:\/\/veritasinfo.org\/wp-content\/uploads\/2025\/06\/Policia-300x157.webp",300,157,true],"medium_large":["https:\/\/veritasinfo.org\/wp-content\/uploads\/2025\/06\/Policia-768x403.webp",640,336,true],"large":["https:\/\/veritasinfo.org\/wp-content\/uploads\/2025\/06\/Policia.webp",640,336,false],"1536x1536":["https:\/\/veritasinfo.org\/wp-content\/uploads\/2025\/06\/Policia.webp",780,409,false],"2048x2048":["https:\/\/veritasinfo.org\/wp-content\/uploads\/2025\/06\/Policia.webp",780,409,false],"kreeti-slider-full":["https:\/\/veritasinfo.org\/wp-content\/uploads\/2025\/06\/Policia.webp",780,409,false],"kreeti-featured":["https:\/\/veritasinfo.org\/wp-content\/uploads\/2025\/06\/Policia.webp",780,409,false],"kreeti-medium":["https:\/\/veritasinfo.org\/wp-content\/uploads\/2025\/06\/Policia.webp",720,378,false],"kreeti-medium-square":["https:\/\/veritasinfo.org\/wp-content\/uploads\/2025\/06\/Policia.webp",350,184,false]},"author_info":{"info":["US1"]},"category_info":"<a href=\"https:\/\/veritasinfo.org\/?cat=28&#038;lang=sr\" rel=\"category\">Politika<\/a>","tag_info":"Politika","comment_count":"0","_links":{"self":[{"href":"https:\/\/veritasinfo.org\/index.php?rest_route=\/wp\/v2\/posts\/608","targetHints":{"allow":["GET"]}}],"collection":[{"href":"https:\/\/veritasinfo.org\/index.php?rest_route=\/wp\/v2\/posts"}],"about":[{"href":"https:\/\/veritasinfo.org\/index.php?rest_route=\/wp\/v2\/types\/post"}],"author":[{"embeddable":true,"href":"https:\/\/veritasinfo.org\/index.php?rest_route=\/wp\/v2\/users\/2"}],"replies":[{"embeddable":true,"href":"https:\/\/veritasinfo.org\/index.php?rest_route=%2Fwp%2Fv2%2Fcomments&post=608"}],"version-history":[{"count":1,"href":"https:\/\/veritasinfo.org\/index.php?rest_route=\/wp\/v2\/posts\/608\/revisions"}],"predecessor-version":[{"id":609,"href":"https:\/\/veritasinfo.org\/index.php?rest_route=\/wp\/v2\/posts\/608\/revisions\/609"}],"wp:featuredmedia":[{"embeddable":true,"href":"https:\/\/veritasinfo.org\/index.php?rest_route=\/wp\/v2\/media\/606"}],"wp:attachment":[{"href":"https:\/\/veritasinfo.org\/index.php?rest_route=%2Fwp%2Fv2%2Fmedia&parent=608"}],"wp:term":[{"taxonomy":"category","embeddable":true,"href":"https:\/\/veritasinfo.org\/index.php?rest_route=%2Fwp%2Fv2%2Fcategories&post=608"},{"taxonomy":"post_tag","embeddable":true,"href":"https:\/\/veritasinfo.org\/index.php?rest_route=%2Fwp%2Fv2%2Ftags&post=608"}],"curies":[{"name":"wp","href":"https:\/\/api.w.org\/{rel}","templated":true}]}}