{"id":6063,"date":"2025-07-31T15:00:39","date_gmt":"2025-07-31T13:00:39","guid":{"rendered":"https:\/\/veritasinfo.org\/?p=6063"},"modified":"2025-07-31T15:12:27","modified_gmt":"2025-07-31T13:12:27","slug":"kamberi-aktualizon-ceshtjen-e-te-drejtave-te-shqiptareve-te-lugines","status":"publish","type":"post","link":"https:\/\/veritasinfo.org\/?p=6063","title":{"rendered":"Kamberi aktualizon \u00e7\u00ebshtjen e t\u00eb drejtave t\u00eb shqiptar\u00ebve t\u00eb Lugin\u00ebs"},"content":{"rendered":"<p>Preshev\u00eb, 31 Korrik 2025<\/p>\n<p>Deputeti shqiptar n\u00eb parlamentin e Serbis\u00eb, Shaip Kamberi, ka ngritur nj\u00eb \u00e7\u00ebshtje tejet t\u00eb r\u00ebnd\u00ebsishme sa i p\u00ebrket t\u00eb drejtave t\u00eb shqiptar\u00ebve n\u00eb Lugin\u00eb t\u00eb Preshev\u00ebs.<\/p>\n<div class=\"code-block code-block-8\">\n<div id=\"futureads_d773fe1afb07405e8d2f0e46933877d3_zone_104122_sect_47401_site_41437\" data-sender=\"futureads\">Aktualizimi i k\u00ebsaj \u00e7\u00ebshtje vjen pasi Petar Petkoviq deklaroi se Serbia \u00ebsht\u00eb shembull i bashk\u00ebpunimit me pakicat.<\/div>\n<\/div>\n<p>Kamberi pyet se n\u00ebse \u00ebsht\u00eb e papranueshme q\u00eb shqiptar\u00ebt e Lugin\u00ebs t\u00eb k\u00ebrkojn\u00eb t\u00eb drejtat e nj\u00ebjta q\u00eb Serbia i k\u00ebrkon p\u00ebr serb\u00ebt n\u00eb Kosov\u00eb, at\u00ebher\u00eb me \u00e7\u2019t\u00eb drejt\u00eb Serbia po ua mohon t\u00eb tjer\u00ebve t\u00eb drejtat q\u00eb i k\u00ebrkon p\u00ebr pakicat e veta?!.<\/p>\n<p>\u201cKy \u00ebsht\u00eb nj\u00eb q\u00ebndrim q\u00eb duhet me u arsyetu nga \u201cshefi i gjith\u00eb shefave\u201d n\u00eb Serbi\u2026\u201d u shpreh Kamberi, p\u00ebrmes nj\u00eb shkrimi n\u00eb Facebook.<\/p>\n<p><strong><em>Ky \u00ebsht\u00eb postimi i plot\u00eb i tij:<\/em><\/strong><\/p>\n<blockquote class=\"wp-block-quote\"><p>N\u00ebse konsiderohet e papranueshme q\u00eb shqiptar\u00ebt e Lugin\u00ebs s\u00eb Preshev\u00ebs t\u00eb k\u00ebrkojn\u00eb t\u00eb nj\u00ebjtat t\u00eb drejta q\u00eb Serbia pretendon p\u00ebr serb\u00ebt n\u00eb Kosov\u00eb, at\u00ebher\u00eb lind pyetja:<\/p>\n<p>\u2013 me \u00e7far\u00eb t\u00eb drejte Serbia u mohon t\u00eb tjer\u00ebve ato q\u00eb ajo k\u00ebrkon p\u00ebr pakicat serbe n\u00eb shtetet e tjera?<\/p>\n<p>Nuk pres p\u00ebrgjigje nga Petkoviq\u00ebt apo Martinoviq\u00ebt.<\/p>\n<p>Ky \u00ebsht\u00eb nj\u00eb q\u00ebndrim q\u00eb duhet me u arsyetu nga \u201cshefi i gjith\u00eb shefave\u201d n\u00eb Serbi:<\/p>\n<p>\u2013 \u00ebsht\u00eb kjo e drejt\u00eb e \u201cpopullit hyjnor\u00eb\u201d apo<\/p>\n<p>\u2013 \u00cbsht\u00eb pjes\u00eb e projektit hegjemonist \u201cBota serbe\u201d,<\/p><\/blockquote>\n<p>&nbsp;<\/p>\n","protected":false},"excerpt":{"rendered":"<p>Preshev\u00eb, 31 Korrik 2025 Deputeti shqiptar n\u00eb parlamentin e Serbis\u00eb, Shaip Kamberi, ka ngritur nj\u00eb \u00e7\u00ebshtje tejet t\u00eb r\u00ebnd\u00ebsishme sa i p\u00ebrket t\u00eb drejtave t\u00eb<\/p>\n","protected":false},"author":1,"featured_media":5678,"comment_status":"open","ping_status":"open","sticky":false,"template":"","format":"standard","meta":{"footnotes":""},"categories":[58],"tags":[],"class_list":["post-6063","post","type-post","status-publish","format-standard","has-post-thumbnail","hentry","category-politike-sq"],"yoast_head":"<!-- This site is optimized with the Yoast SEO plugin v25.3.1 - https:\/\/yoast.com\/wordpress\/plugins\/seo\/ -->\n<title>Kamberi aktualizon \u00e7\u00ebshtjen e t\u00eb drejtave t\u00eb shqiptar\u00ebve t\u00eb Lugin\u00ebs -<\/title>\n<meta name=\"robots\" content=\"index, follow, max-snippet:-1, max-image-preview:large, max-video-preview:-1\" \/>\n<link rel=\"canonical\" href=\"https:\/\/veritasinfo.org\/?p=6063\" \/>\n<meta property=\"og:locale\" content=\"en_US\" \/>\n<meta property=\"og:type\" content=\"article\" \/>\n<meta property=\"og:title\" content=\"Kamberi aktualizon \u00e7\u00ebshtjen e t\u00eb drejtave t\u00eb shqiptar\u00ebve t\u00eb Lugin\u00ebs -\" \/>\n<meta property=\"og:description\" content=\"Preshev\u00eb, 31 Korrik 2025 Deputeti shqiptar n\u00eb parlamentin e Serbis\u00eb, Shaip Kamberi, ka ngritur nj\u00eb \u00e7\u00ebshtje tejet t\u00eb r\u00ebnd\u00ebsishme sa i p\u00ebrket t\u00eb drejtave t\u00eb\" \/>\n<meta property=\"og:url\" content=\"https:\/\/veritasinfo.org\/?p=6063\" \/>\n<meta property=\"article:published_time\" content=\"2025-07-31T13:00:39+00:00\" \/>\n<meta property=\"article:modified_time\" content=\"2025-07-31T13:12:27+00:00\" \/>\n<meta property=\"og:image\" content=\"https:\/\/veritasinfo.org\/wp-content\/uploads\/2025\/07\/f0852cb5-6658-4917-a9b7-f2e899c2b8ec.webp\" \/>\n\t<meta property=\"og:image:width\" content=\"1360\" \/>\n\t<meta property=\"og:image:height\" content=\"870\" \/>\n\t<meta property=\"og:image:type\" content=\"image\/webp\" \/>\n<meta name=\"author\" content=\"admin\" \/>\n<meta name=\"twitter:card\" content=\"summary_large_image\" \/>\n<meta name=\"twitter:label1\" content=\"Written by\" \/>\n\t<meta name=\"twitter:data1\" content=\"admin\" \/>\n\t<meta name=\"twitter:label2\" content=\"Est. reading time\" \/>\n\t<meta name=\"twitter:data2\" content=\"1 minute\" \/>\n<script type=\"application\/ld+json\" class=\"yoast-schema-graph\">{\"@context\":\"https:\/\/schema.org\",\"@graph\":[{\"@type\":\"WebPage\",\"@id\":\"https:\/\/veritasinfo.org\/?p=6063\",\"url\":\"https:\/\/veritasinfo.org\/?p=6063\",\"name\":\"Kamberi aktualizon \u00e7\u00ebshtjen e t\u00eb drejtave t\u00eb shqiptar\u00ebve t\u00eb Lugin\u00ebs -\",\"isPartOf\":{\"@id\":\"https:\/\/veritasinfo.org\/#website\"},\"primaryImageOfPage\":{\"@id\":\"https:\/\/veritasinfo.org\/?p=6063#primaryimage\"},\"image\":{\"@id\":\"https:\/\/veritasinfo.org\/?p=6063#primaryimage\"},\"thumbnailUrl\":\"https:\/\/veritasinfo.org\/wp-content\/uploads\/2025\/07\/f0852cb5-6658-4917-a9b7-f2e899c2b8ec.webp\",\"datePublished\":\"2025-07-31T13:00:39+00:00\",\"dateModified\":\"2025-07-31T13:12:27+00:00\",\"author\":{\"@id\":\"https:\/\/veritasinfo.org\/#\/schema\/person\/7701f8c088bece422266b100a712374f\"},\"breadcrumb\":{\"@id\":\"https:\/\/veritasinfo.org\/?p=6063#breadcrumb\"},\"inLanguage\":\"en-US\",\"potentialAction\":[{\"@type\":\"ReadAction\",\"target\":[\"https:\/\/veritasinfo.org\/?p=6063\"]}]},{\"@type\":\"ImageObject\",\"inLanguage\":\"en-US\",\"@id\":\"https:\/\/veritasinfo.org\/?p=6063#primaryimage\",\"url\":\"https:\/\/veritasinfo.org\/wp-content\/uploads\/2025\/07\/f0852cb5-6658-4917-a9b7-f2e899c2b8ec.webp\",\"contentUrl\":\"https:\/\/veritasinfo.org\/wp-content\/uploads\/2025\/07\/f0852cb5-6658-4917-a9b7-f2e899c2b8ec.webp\",\"width\":1360,\"height\":870},{\"@type\":\"BreadcrumbList\",\"@id\":\"https:\/\/veritasinfo.org\/?p=6063#breadcrumb\",\"itemListElement\":[{\"@type\":\"ListItem\",\"position\":1,\"name\":\"Home\",\"item\":\"https:\/\/veritasinfo.org\/\"},{\"@type\":\"ListItem\",\"position\":2,\"name\":\"Kamberi aktualizon \u00e7\u00ebshtjen e t\u00eb drejtave t\u00eb shqiptar\u00ebve t\u00eb Lugin\u00ebs\"}]},{\"@type\":\"WebSite\",\"@id\":\"https:\/\/veritasinfo.org\/#website\",\"url\":\"https:\/\/veritasinfo.org\/\",\"name\":\"\",\"description\":\"\",\"potentialAction\":[{\"@type\":\"SearchAction\",\"target\":{\"@type\":\"EntryPoint\",\"urlTemplate\":\"https:\/\/veritasinfo.org\/?s={search_term_string}\"},\"query-input\":{\"@type\":\"PropertyValueSpecification\",\"valueRequired\":true,\"valueName\":\"search_term_string\"}}],\"inLanguage\":\"en-US\"},{\"@type\":\"Person\",\"@id\":\"https:\/\/veritasinfo.org\/#\/schema\/person\/7701f8c088bece422266b100a712374f\",\"name\":\"admin\",\"image\":{\"@type\":\"ImageObject\",\"inLanguage\":\"en-US\",\"@id\":\"https:\/\/veritasinfo.org\/#\/schema\/person\/image\/\",\"url\":\"https:\/\/secure.gravatar.com\/avatar\/ea53aa3bf6c9a12d5fde8ce4deff43fef3885ae33cf60184161a50d6987cfd2f?s=96&d=mm&r=g\",\"contentUrl\":\"https:\/\/secure.gravatar.com\/avatar\/ea53aa3bf6c9a12d5fde8ce4deff43fef3885ae33cf60184161a50d6987cfd2f?s=96&d=mm&r=g\",\"caption\":\"admin\"},\"sameAs\":[\"https:\/\/veritasinfo.org\"],\"url\":\"https:\/\/veritasinfo.org\/?author=1\"}]}<\/script>\n<!-- \/ Yoast SEO plugin. -->","yoast_head_json":{"title":"Kamberi aktualizon \u00e7\u00ebshtjen e t\u00eb drejtave t\u00eb shqiptar\u00ebve t\u00eb Lugin\u00ebs -","robots":{"index":"index","follow":"follow","max-snippet":"max-snippet:-1","max-image-preview":"max-image-preview:large","max-video-preview":"max-video-preview:-1"},"canonical":"https:\/\/veritasinfo.org\/?p=6063","og_locale":"en_US","og_type":"article","og_title":"Kamberi aktualizon \u00e7\u00ebshtjen e t\u00eb drejtave t\u00eb shqiptar\u00ebve t\u00eb Lugin\u00ebs -","og_description":"Preshev\u00eb, 31 Korrik 2025 Deputeti shqiptar n\u00eb parlamentin e Serbis\u00eb, Shaip Kamberi, ka ngritur nj\u00eb \u00e7\u00ebshtje tejet t\u00eb r\u00ebnd\u00ebsishme sa i p\u00ebrket t\u00eb drejtave t\u00eb","og_url":"https:\/\/veritasinfo.org\/?p=6063","article_published_time":"2025-07-31T13:00:39+00:00","article_modified_time":"2025-07-31T13:12:27+00:00","og_image":[{"width":1360,"height":870,"url":"https:\/\/veritasinfo.org\/wp-content\/uploads\/2025\/07\/f0852cb5-6658-4917-a9b7-f2e899c2b8ec.webp","type":"image\/webp"}],"author":"admin","twitter_card":"summary_large_image","twitter_misc":{"Written by":"admin","Est. reading time":"1 minute"},"schema":{"@context":"https:\/\/schema.org","@graph":[{"@type":"WebPage","@id":"https:\/\/veritasinfo.org\/?p=6063","url":"https:\/\/veritasinfo.org\/?p=6063","name":"Kamberi aktualizon \u00e7\u00ebshtjen e t\u00eb drejtave t\u00eb shqiptar\u00ebve t\u00eb Lugin\u00ebs -","isPartOf":{"@id":"https:\/\/veritasinfo.org\/#website"},"primaryImageOfPage":{"@id":"https:\/\/veritasinfo.org\/?p=6063#primaryimage"},"image":{"@id":"https:\/\/veritasinfo.org\/?p=6063#primaryimage"},"thumbnailUrl":"https:\/\/veritasinfo.org\/wp-content\/uploads\/2025\/07\/f0852cb5-6658-4917-a9b7-f2e899c2b8ec.webp","datePublished":"2025-07-31T13:00:39+00:00","dateModified":"2025-07-31T13:12:27+00:00","author":{"@id":"https:\/\/veritasinfo.org\/#\/schema\/person\/7701f8c088bece422266b100a712374f"},"breadcrumb":{"@id":"https:\/\/veritasinfo.org\/?p=6063#breadcrumb"},"inLanguage":"en-US","potentialAction":[{"@type":"ReadAction","target":["https:\/\/veritasinfo.org\/?p=6063"]}]},{"@type":"ImageObject","inLanguage":"en-US","@id":"https:\/\/veritasinfo.org\/?p=6063#primaryimage","url":"https:\/\/veritasinfo.org\/wp-content\/uploads\/2025\/07\/f0852cb5-6658-4917-a9b7-f2e899c2b8ec.webp","contentUrl":"https:\/\/veritasinfo.org\/wp-content\/uploads\/2025\/07\/f0852cb5-6658-4917-a9b7-f2e899c2b8ec.webp","width":1360,"height":870},{"@type":"BreadcrumbList","@id":"https:\/\/veritasinfo.org\/?p=6063#breadcrumb","itemListElement":[{"@type":"ListItem","position":1,"name":"Home","item":"https:\/\/veritasinfo.org\/"},{"@type":"ListItem","position":2,"name":"Kamberi aktualizon \u00e7\u00ebshtjen e t\u00eb drejtave t\u00eb shqiptar\u00ebve t\u00eb Lugin\u00ebs"}]},{"@type":"WebSite","@id":"https:\/\/veritasinfo.org\/#website","url":"https:\/\/veritasinfo.org\/","name":"","description":"","potentialAction":[{"@type":"SearchAction","target":{"@type":"EntryPoint","urlTemplate":"https:\/\/veritasinfo.org\/?s={search_term_string}"},"query-input":{"@type":"PropertyValueSpecification","valueRequired":true,"valueName":"search_term_string"}}],"inLanguage":"en-US"},{"@type":"Person","@id":"https:\/\/veritasinfo.org\/#\/schema\/person\/7701f8c088bece422266b100a712374f","name":"admin","image":{"@type":"ImageObject","inLanguage":"en-US","@id":"https:\/\/veritasinfo.org\/#\/schema\/person\/image\/","url":"https:\/\/secure.gravatar.com\/avatar\/ea53aa3bf6c9a12d5fde8ce4deff43fef3885ae33cf60184161a50d6987cfd2f?s=96&d=mm&r=g","contentUrl":"https:\/\/secure.gravatar.com\/avatar\/ea53aa3bf6c9a12d5fde8ce4deff43fef3885ae33cf60184161a50d6987cfd2f?s=96&d=mm&r=g","caption":"admin"},"sameAs":["https:\/\/veritasinfo.org"],"url":"https:\/\/veritasinfo.org\/?author=1"}]}},"featured_image_urls":{"full":["https:\/\/veritasinfo.org\/wp-content\/uploads\/2025\/07\/f0852cb5-6658-4917-a9b7-f2e899c2b8ec.webp",1360,870,false],"thumbnail":["https:\/\/veritasinfo.org\/wp-content\/uploads\/2025\/07\/f0852cb5-6658-4917-a9b7-f2e899c2b8ec-150x150.webp",150,150,true],"medium":["https:\/\/veritasinfo.org\/wp-content\/uploads\/2025\/07\/f0852cb5-6658-4917-a9b7-f2e899c2b8ec-300x192.webp",300,192,true],"medium_large":["https:\/\/veritasinfo.org\/wp-content\/uploads\/2025\/07\/f0852cb5-6658-4917-a9b7-f2e899c2b8ec-768x491.webp",640,409,true],"large":["https:\/\/veritasinfo.org\/wp-content\/uploads\/2025\/07\/f0852cb5-6658-4917-a9b7-f2e899c2b8ec-1024x655.webp",640,409,true],"1536x1536":["https:\/\/veritasinfo.org\/wp-content\/uploads\/2025\/07\/f0852cb5-6658-4917-a9b7-f2e899c2b8ec.webp",1360,870,false],"2048x2048":["https:\/\/veritasinfo.org\/wp-content\/uploads\/2025\/07\/f0852cb5-6658-4917-a9b7-f2e899c2b8ec.webp",1360,870,false],"kreeti-slider-full":["https:\/\/veritasinfo.org\/wp-content\/uploads\/2025\/07\/f0852cb5-6658-4917-a9b7-f2e899c2b8ec.webp",1126,720,false],"kreeti-featured":["https:\/\/veritasinfo.org\/wp-content\/uploads\/2025\/07\/f0852cb5-6658-4917-a9b7-f2e899c2b8ec.webp",1024,655,false],"kreeti-medium":["https:\/\/veritasinfo.org\/wp-content\/uploads\/2025\/07\/f0852cb5-6658-4917-a9b7-f2e899c2b8ec.webp",720,461,false],"kreeti-medium-square":["https:\/\/veritasinfo.org\/wp-content\/uploads\/2025\/07\/f0852cb5-6658-4917-a9b7-f2e899c2b8ec.webp",350,224,false]},"author_info":{"info":["admin"]},"category_info":"<a href=\"https:\/\/veritasinfo.org\/?cat=58\" rel=\"category\">Politik\u00eb<\/a>","tag_info":"Politik\u00eb","comment_count":"0","_links":{"self":[{"href":"https:\/\/veritasinfo.org\/index.php?rest_route=\/wp\/v2\/posts\/6063","targetHints":{"allow":["GET"]}}],"collection":[{"href":"https:\/\/veritasinfo.org\/index.php?rest_route=\/wp\/v2\/posts"}],"about":[{"href":"https:\/\/veritasinfo.org\/index.php?rest_route=\/wp\/v2\/types\/post"}],"author":[{"embeddable":true,"href":"https:\/\/veritasinfo.org\/index.php?rest_route=\/wp\/v2\/users\/1"}],"replies":[{"embeddable":true,"href":"https:\/\/veritasinfo.org\/index.php?rest_route=%2Fwp%2Fv2%2Fcomments&post=6063"}],"version-history":[{"count":2,"href":"https:\/\/veritasinfo.org\/index.php?rest_route=\/wp\/v2\/posts\/6063\/revisions"}],"predecessor-version":[{"id":6068,"href":"https:\/\/veritasinfo.org\/index.php?rest_route=\/wp\/v2\/posts\/6063\/revisions\/6068"}],"wp:featuredmedia":[{"embeddable":true,"href":"https:\/\/veritasinfo.org\/index.php?rest_route=\/wp\/v2\/media\/5678"}],"wp:attachment":[{"href":"https:\/\/veritasinfo.org\/index.php?rest_route=%2Fwp%2Fv2%2Fmedia&parent=6063"}],"wp:term":[{"taxonomy":"category","embeddable":true,"href":"https:\/\/veritasinfo.org\/index.php?rest_route=%2Fwp%2Fv2%2Fcategories&post=6063"},{"taxonomy":"post_tag","embeddable":true,"href":"https:\/\/veritasinfo.org\/index.php?rest_route=%2Fwp%2Fv2%2Ftags&post=6063"}],"curies":[{"name":"wp","href":"https:\/\/api.w.org\/{rel}","templated":true}]}}