{"id":6045,"date":"2025-07-31T13:48:19","date_gmt":"2025-07-31T11:48:19","guid":{"rendered":"https:\/\/veritasinfo.org\/?p=6045"},"modified":"2025-07-31T14:04:26","modified_gmt":"2025-07-31T12:04:26","slug":"haxhiu-reagon-pas-pranimit-te-dokumenteve-serbe-nga-dhomat-e-specializuara-ne-hage","status":"publish","type":"post","link":"https:\/\/veritasinfo.org\/?p=6045","title":{"rendered":"Haxhiu reagon pas pranimit t\u00eb dokumenteve serbe, nga Dhomat e Specializuara n\u00eb Hag\u00eb"},"content":{"rendered":"<p>Prishtin\u00eb, 32 Korrik 2025<\/p>\n<p>Ministrja n\u00eb detyr\u00eb e Drejt\u00ebsis\u00eb, Albulena Haxhiu, ka reaguar pas pohimit t\u00eb Dhomave t\u00eb Specializuara lidhur me pranimin e dokumenteve me prova nga shteti serb, n\u00eb gjykimin e ish-krer\u00ebve t\u00eb U\u00c7K-s\u00eb.<\/p>\n<div class=\"code-block code-block-8\">\n<div id=\"futureads_d773fe1afb07405e8d2f0e46933877d3_zone_104122_sect_47401_site_41437\" data-sender=\"futureads\">Sipas Haxhiut, ky \u00ebsht\u00eb zhvillim thell\u00ebsisht i papranuesh\u00ebm, duke th\u00ebn\u00eb se pranimi i materialeve nga regjimi serb p\u00ebrb\u00ebn deformim t\u00eb r\u00ebnd\u00eb t\u00eb drejt\u00ebsis\u00eb dhe paraqet fyerje t\u00eb hapur ndaj viktimave t\u00eb luft\u00ebs.<\/div>\n<\/div>\n<p>\u201cP\u00ebrdorimi i dokumenteve t\u00eb prodhuara nga institucionet e regjimit serb \u00ebsht\u00eb i gabuar dhe i papranuesh\u00ebm. Nuk mund t\u00eb ket\u00eb besim n\u00eb dokumente q\u00eb jan\u00eb prodhuar nga nj\u00eb aparat shtet\u00ebror kriminal, jo p\u00ebr t\u00eb nd\u00ebrtuar drejt\u00ebsi, por p\u00ebr t\u00eb manipuluar t\u00eb v\u00ebrtet\u00ebn, p\u00ebr t\u00eb faj\u00ebsuar viktim\u00ebn dhe p\u00ebr t\u00eb amnistuar kriminelin\u201d, u shpreh Haxhiu.<\/p>\n<p>Kujtojm\u00eb se m\u00eb 29 maj, Dhomat e Specializuara n\u00eb Hag\u00eb pranuan disa dokumente me prova, n\u00eb rastin e gjykimit t\u00eb em\u00ebrtuar si \u201cTha\u00e7i dhe t\u00eb tjer\u00ebt\u201d.<br \/>\nDokumentet thuhet se u pranuan nga Sh\u00ebrbimi i sigurimit shtet\u00ebror t\u00eb Serbis\u00eb, Ministria e Brendshme serbe dhe struktura t\u00eb tjera t\u00eb k\u00ebtij shteti.<\/p>\n<p><strong><em>Ky \u00ebsht\u00eb postimi i plot\u00eb i Haxhiut:<\/em><\/strong><\/p>\n<blockquote class=\"wp-block-quote\"><p>Me shqet\u00ebsim kemi marr\u00eb lajmin se Dhomat e Specializuara n\u00eb Hag\u00eb kan\u00eb pranuar si prova materiale dokumente t\u00eb dor\u00ebzuara nga institucionet shtet\u00ebrore t\u00eb Serbis\u00eb, p\u00ebrfshir\u00eb Departamentin e Siguris\u00eb Shtet\u00ebrore, Ministrin\u00eb e Pun\u00ebve t\u00eb Brendshme dhe t\u00eb ashtuquajtur\u00ebn \u201cKomand\u00eb p\u00ebr Kosov\u00ebn\u201d.<\/p>\n<p>Ky zhvillim \u00ebsht\u00eb thell\u00ebsisht i papranuesh\u00ebm. Institucionet n\u00eb fjal\u00eb jan\u00eb struktura t\u00eb nj\u00eb regjimi q\u00eb ka qen\u00eb p\u00ebrgjegj\u00ebs p\u00ebr dhun\u00eb sistematike, krime lufte, zhdukje me forc\u00eb, gjenocid, spastrime etnike dhe represion brutal ndaj popullit t\u00eb Kosov\u00ebs. Pranimi i materialeve t\u00eb prodhuara nga ky regjim si burime t\u00eb besueshme p\u00ebrb\u00ebn nj\u00eb deformim t\u00eb r\u00ebnd\u00eb t\u00eb drejt\u00ebsis\u00eb dhe nj\u00eb fyerje t\u00eb hapur ndaj viktimave t\u00eb luft\u00ebs dhe sakrific\u00ebs p\u00ebr liri.<\/p>\n<p>Tentimi i Gjykat\u00ebs, me nj\u00eb fjali sikur \u201cP\u00ebr m\u00eb tep\u00ebr, fakti q\u00eb disa Prova t\u00eb Propozuara vijn\u00eb nga autoritetet serbe nuk p\u00ebrb\u00ebn, n\u00eb vetvete, nj\u00eb ndales\u00eb p\u00ebr pranimin e tyre.\u201d (par. 17), p\u00ebrve\u00e7 tjerash \u00ebsht\u00eb edhe juridikisht i gabuar dhe i padrejt\u00eb.<\/p>\n<p>Ky pretendim trondit\u00ebs bie ndesh me praktika t\u00eb etabluara t\u00eb drejt\u00ebsis\u00eb penale nd\u00ebrkomb\u00ebtare, sipas t\u00eb cilave nj\u00eb nd\u00ebr kriteret m\u00eb t\u00eb r\u00ebnd\u00ebsishme p\u00ebr vler\u00ebsimin e pranueshm\u00ebris\u00eb s\u00eb provave \u00ebsht\u00eb n\u00ebse burimi i tyre ka nj\u00eb interes n\u00eb rezultatin e procesit apo ka indikator\u00eb t\u00eb tjer\u00eb t\u00eb anshm\u00ebris\u00eb.<\/p>\n<p>Refuzimi i Gjykat\u00ebs p\u00ebr ta marr\u00eb parasysh k\u00ebt\u00eb kriter, ngre dyshime serioze mbi paanshm\u00ebrin\u00eb e vet\u00eb gjyqtar\u00ebve t\u00eb rastit.<\/p>\n<p>P\u00ebrdorimi i dokumenteve t\u00eb prodhuara nga institucionet e regjimit serb \u00ebsht\u00eb i gabuar dhe i papranuesh\u00ebm. Nuk mund t\u00eb ket\u00eb besim n\u00eb dokumente q\u00eb jan\u00eb prodhuar nga nj\u00eb aparat shtet\u00ebror kriminal, jo p\u00ebr t\u00eb nd\u00ebrtuar drejt\u00ebsi, por p\u00ebr t\u00eb manipuluar t\u00eb v\u00ebrtet\u00ebn, p\u00ebr t\u00eb faj\u00ebsuar viktim\u00ebn dhe p\u00ebr t\u00eb amnistuar kriminelin.<\/p>\n<p>Slobodan Millosheviqi dhe bashk\u00ebpun\u00ebtor\u00ebt e tij jan\u00eb gjykuar n\u00eb Gjykat\u00ebn Nd\u00ebrkomb\u00ebtare t\u00eb Hag\u00ebs p\u00ebr krime lufte. Pranimi i dokumenteve t\u00eb prodhuara nga regjimi i tyre nga nj\u00eb gjykat\u00eb q\u00eb vepron n\u00eb em\u00ebr t\u00eb Republik\u00ebs s\u00eb Kosov\u00ebs e zhvesh k\u00ebt\u00eb gjykat\u00eb nga legjitimiteti kushtetues dhe e shnd\u00ebrron at\u00eb n\u00eb instrument t\u00eb logjik\u00ebs s\u00eb vjet\u00ebr t\u00eb mohimit t\u00eb s\u00eb v\u00ebrtet\u00ebs, barazimit t\u00eb pal\u00ebve dhe relativizimit t\u00eb krimeve. Kjo \u00ebsht\u00eb jo vet\u00ebm e padrejt\u00eb, por politikisht e papranueshme.<\/p><\/blockquote>\n","protected":false},"excerpt":{"rendered":"<p>Prishtin\u00eb, 32 Korrik 2025 Ministrja n\u00eb detyr\u00eb e Drejt\u00ebsis\u00eb, Albulena Haxhiu, ka reaguar pas pohimit t\u00eb Dhomave t\u00eb Specializuara lidhur me pranimin e dokumenteve me<\/p>\n","protected":false},"author":1,"featured_media":6046,"comment_status":"open","ping_status":"open","sticky":false,"template":"","format":"standard","meta":{"footnotes":""},"categories":[58],"tags":[],"class_list":["post-6045","post","type-post","status-publish","format-standard","has-post-thumbnail","hentry","category-politike-sq"],"yoast_head":"<!-- This site is optimized with the Yoast SEO plugin v25.3.1 - https:\/\/yoast.com\/wordpress\/plugins\/seo\/ -->\n<title>Haxhiu reagon pas pranimit t\u00eb dokumenteve serbe, nga Dhomat e Specializuara n\u00eb Hag\u00eb -<\/title>\n<meta name=\"robots\" content=\"index, follow, max-snippet:-1, max-image-preview:large, max-video-preview:-1\" \/>\n<link rel=\"canonical\" href=\"https:\/\/veritasinfo.org\/?p=6045\" \/>\n<meta property=\"og:locale\" content=\"en_US\" \/>\n<meta property=\"og:type\" content=\"article\" \/>\n<meta property=\"og:title\" content=\"Haxhiu reagon pas pranimit t\u00eb dokumenteve serbe, nga Dhomat e Specializuara n\u00eb Hag\u00eb -\" \/>\n<meta property=\"og:description\" content=\"Prishtin\u00eb, 32 Korrik 2025 Ministrja n\u00eb detyr\u00eb e Drejt\u00ebsis\u00eb, Albulena Haxhiu, ka reaguar pas pohimit t\u00eb Dhomave t\u00eb Specializuara lidhur me pranimin e dokumenteve me\" \/>\n<meta property=\"og:url\" content=\"https:\/\/veritasinfo.org\/?p=6045\" \/>\n<meta property=\"article:published_time\" content=\"2025-07-31T11:48:19+00:00\" \/>\n<meta property=\"article:modified_time\" content=\"2025-07-31T12:04:26+00:00\" \/>\n<meta property=\"og:image\" content=\"https:\/\/veritasinfo.org\/wp-content\/uploads\/2025\/07\/IMG_2435.jpeg\" \/>\n\t<meta property=\"og:image:width\" content=\"1600\" \/>\n\t<meta property=\"og:image:height\" content=\"1066\" \/>\n\t<meta property=\"og:image:type\" content=\"image\/jpeg\" \/>\n<meta name=\"author\" content=\"admin\" \/>\n<meta name=\"twitter:card\" content=\"summary_large_image\" \/>\n<meta name=\"twitter:label1\" content=\"Written by\" \/>\n\t<meta name=\"twitter:data1\" content=\"admin\" \/>\n\t<meta name=\"twitter:label2\" content=\"Est. reading time\" \/>\n\t<meta name=\"twitter:data2\" content=\"1 minute\" \/>\n<script type=\"application\/ld+json\" class=\"yoast-schema-graph\">{\"@context\":\"https:\/\/schema.org\",\"@graph\":[{\"@type\":\"WebPage\",\"@id\":\"https:\/\/veritasinfo.org\/?p=6045\",\"url\":\"https:\/\/veritasinfo.org\/?p=6045\",\"name\":\"Haxhiu reagon pas pranimit t\u00eb dokumenteve serbe, nga Dhomat e Specializuara n\u00eb Hag\u00eb -\",\"isPartOf\":{\"@id\":\"https:\/\/veritasinfo.org\/#website\"},\"primaryImageOfPage\":{\"@id\":\"https:\/\/veritasinfo.org\/?p=6045#primaryimage\"},\"image\":{\"@id\":\"https:\/\/veritasinfo.org\/?p=6045#primaryimage\"},\"thumbnailUrl\":\"https:\/\/veritasinfo.org\/wp-content\/uploads\/2025\/07\/IMG_2435.jpeg\",\"datePublished\":\"2025-07-31T11:48:19+00:00\",\"dateModified\":\"2025-07-31T12:04:26+00:00\",\"author\":{\"@id\":\"https:\/\/veritasinfo.org\/#\/schema\/person\/7701f8c088bece422266b100a712374f\"},\"breadcrumb\":{\"@id\":\"https:\/\/veritasinfo.org\/?p=6045#breadcrumb\"},\"inLanguage\":\"en-US\",\"potentialAction\":[{\"@type\":\"ReadAction\",\"target\":[\"https:\/\/veritasinfo.org\/?p=6045\"]}]},{\"@type\":\"ImageObject\",\"inLanguage\":\"en-US\",\"@id\":\"https:\/\/veritasinfo.org\/?p=6045#primaryimage\",\"url\":\"https:\/\/veritasinfo.org\/wp-content\/uploads\/2025\/07\/IMG_2435.jpeg\",\"contentUrl\":\"https:\/\/veritasinfo.org\/wp-content\/uploads\/2025\/07\/IMG_2435.jpeg\",\"width\":1600,\"height\":1066},{\"@type\":\"BreadcrumbList\",\"@id\":\"https:\/\/veritasinfo.org\/?p=6045#breadcrumb\",\"itemListElement\":[{\"@type\":\"ListItem\",\"position\":1,\"name\":\"Home\",\"item\":\"https:\/\/veritasinfo.org\/\"},{\"@type\":\"ListItem\",\"position\":2,\"name\":\"Haxhiu reagon pas pranimit t\u00eb dokumenteve serbe, nga Dhomat e Specializuara n\u00eb Hag\u00eb\"}]},{\"@type\":\"WebSite\",\"@id\":\"https:\/\/veritasinfo.org\/#website\",\"url\":\"https:\/\/veritasinfo.org\/\",\"name\":\"\",\"description\":\"\",\"potentialAction\":[{\"@type\":\"SearchAction\",\"target\":{\"@type\":\"EntryPoint\",\"urlTemplate\":\"https:\/\/veritasinfo.org\/?s={search_term_string}\"},\"query-input\":{\"@type\":\"PropertyValueSpecification\",\"valueRequired\":true,\"valueName\":\"search_term_string\"}}],\"inLanguage\":\"en-US\"},{\"@type\":\"Person\",\"@id\":\"https:\/\/veritasinfo.org\/#\/schema\/person\/7701f8c088bece422266b100a712374f\",\"name\":\"admin\",\"image\":{\"@type\":\"ImageObject\",\"inLanguage\":\"en-US\",\"@id\":\"https:\/\/veritasinfo.org\/#\/schema\/person\/image\/\",\"url\":\"https:\/\/secure.gravatar.com\/avatar\/ea53aa3bf6c9a12d5fde8ce4deff43fef3885ae33cf60184161a50d6987cfd2f?s=96&d=mm&r=g\",\"contentUrl\":\"https:\/\/secure.gravatar.com\/avatar\/ea53aa3bf6c9a12d5fde8ce4deff43fef3885ae33cf60184161a50d6987cfd2f?s=96&d=mm&r=g\",\"caption\":\"admin\"},\"sameAs\":[\"https:\/\/veritasinfo.org\"],\"url\":\"https:\/\/veritasinfo.org\/?author=1\"}]}<\/script>\n<!-- \/ Yoast SEO plugin. -->","yoast_head_json":{"title":"Haxhiu reagon pas pranimit t\u00eb dokumenteve serbe, nga Dhomat e Specializuara n\u00eb Hag\u00eb -","robots":{"index":"index","follow":"follow","max-snippet":"max-snippet:-1","max-image-preview":"max-image-preview:large","max-video-preview":"max-video-preview:-1"},"canonical":"https:\/\/veritasinfo.org\/?p=6045","og_locale":"en_US","og_type":"article","og_title":"Haxhiu reagon pas pranimit t\u00eb dokumenteve serbe, nga Dhomat e Specializuara n\u00eb Hag\u00eb -","og_description":"Prishtin\u00eb, 32 Korrik 2025 Ministrja n\u00eb detyr\u00eb e Drejt\u00ebsis\u00eb, Albulena Haxhiu, ka reaguar pas pohimit t\u00eb Dhomave t\u00eb Specializuara lidhur me pranimin e dokumenteve me","og_url":"https:\/\/veritasinfo.org\/?p=6045","article_published_time":"2025-07-31T11:48:19+00:00","article_modified_time":"2025-07-31T12:04:26+00:00","og_image":[{"width":1600,"height":1066,"url":"https:\/\/veritasinfo.org\/wp-content\/uploads\/2025\/07\/IMG_2435.jpeg","type":"image\/jpeg"}],"author":"admin","twitter_card":"summary_large_image","twitter_misc":{"Written by":"admin","Est. reading time":"1 minute"},"schema":{"@context":"https:\/\/schema.org","@graph":[{"@type":"WebPage","@id":"https:\/\/veritasinfo.org\/?p=6045","url":"https:\/\/veritasinfo.org\/?p=6045","name":"Haxhiu reagon pas pranimit t\u00eb dokumenteve serbe, nga Dhomat e Specializuara n\u00eb Hag\u00eb -","isPartOf":{"@id":"https:\/\/veritasinfo.org\/#website"},"primaryImageOfPage":{"@id":"https:\/\/veritasinfo.org\/?p=6045#primaryimage"},"image":{"@id":"https:\/\/veritasinfo.org\/?p=6045#primaryimage"},"thumbnailUrl":"https:\/\/veritasinfo.org\/wp-content\/uploads\/2025\/07\/IMG_2435.jpeg","datePublished":"2025-07-31T11:48:19+00:00","dateModified":"2025-07-31T12:04:26+00:00","author":{"@id":"https:\/\/veritasinfo.org\/#\/schema\/person\/7701f8c088bece422266b100a712374f"},"breadcrumb":{"@id":"https:\/\/veritasinfo.org\/?p=6045#breadcrumb"},"inLanguage":"en-US","potentialAction":[{"@type":"ReadAction","target":["https:\/\/veritasinfo.org\/?p=6045"]}]},{"@type":"ImageObject","inLanguage":"en-US","@id":"https:\/\/veritasinfo.org\/?p=6045#primaryimage","url":"https:\/\/veritasinfo.org\/wp-content\/uploads\/2025\/07\/IMG_2435.jpeg","contentUrl":"https:\/\/veritasinfo.org\/wp-content\/uploads\/2025\/07\/IMG_2435.jpeg","width":1600,"height":1066},{"@type":"BreadcrumbList","@id":"https:\/\/veritasinfo.org\/?p=6045#breadcrumb","itemListElement":[{"@type":"ListItem","position":1,"name":"Home","item":"https:\/\/veritasinfo.org\/"},{"@type":"ListItem","position":2,"name":"Haxhiu reagon pas pranimit t\u00eb dokumenteve serbe, nga Dhomat e Specializuara n\u00eb Hag\u00eb"}]},{"@type":"WebSite","@id":"https:\/\/veritasinfo.org\/#website","url":"https:\/\/veritasinfo.org\/","name":"","description":"","potentialAction":[{"@type":"SearchAction","target":{"@type":"EntryPoint","urlTemplate":"https:\/\/veritasinfo.org\/?s={search_term_string}"},"query-input":{"@type":"PropertyValueSpecification","valueRequired":true,"valueName":"search_term_string"}}],"inLanguage":"en-US"},{"@type":"Person","@id":"https:\/\/veritasinfo.org\/#\/schema\/person\/7701f8c088bece422266b100a712374f","name":"admin","image":{"@type":"ImageObject","inLanguage":"en-US","@id":"https:\/\/veritasinfo.org\/#\/schema\/person\/image\/","url":"https:\/\/secure.gravatar.com\/avatar\/ea53aa3bf6c9a12d5fde8ce4deff43fef3885ae33cf60184161a50d6987cfd2f?s=96&d=mm&r=g","contentUrl":"https:\/\/secure.gravatar.com\/avatar\/ea53aa3bf6c9a12d5fde8ce4deff43fef3885ae33cf60184161a50d6987cfd2f?s=96&d=mm&r=g","caption":"admin"},"sameAs":["https:\/\/veritasinfo.org"],"url":"https:\/\/veritasinfo.org\/?author=1"}]}},"featured_image_urls":{"full":["https:\/\/veritasinfo.org\/wp-content\/uploads\/2025\/07\/IMG_2435.jpeg",1600,1066,false],"thumbnail":["https:\/\/veritasinfo.org\/wp-content\/uploads\/2025\/07\/IMG_2435-150x150.jpeg",150,150,true],"medium":["https:\/\/veritasinfo.org\/wp-content\/uploads\/2025\/07\/IMG_2435-300x200.jpeg",300,200,true],"medium_large":["https:\/\/veritasinfo.org\/wp-content\/uploads\/2025\/07\/IMG_2435-768x512.jpeg",640,427,true],"large":["https:\/\/veritasinfo.org\/wp-content\/uploads\/2025\/07\/IMG_2435-1024x682.jpeg",640,426,true],"1536x1536":["https:\/\/veritasinfo.org\/wp-content\/uploads\/2025\/07\/IMG_2435-1536x1023.jpeg",1536,1023,true],"2048x2048":["https:\/\/veritasinfo.org\/wp-content\/uploads\/2025\/07\/IMG_2435.jpeg",1600,1066,false],"kreeti-slider-full":["https:\/\/veritasinfo.org\/wp-content\/uploads\/2025\/07\/IMG_2435.jpeg",1081,720,false],"kreeti-featured":["https:\/\/veritasinfo.org\/wp-content\/uploads\/2025\/07\/IMG_2435.jpeg",1024,682,false],"kreeti-medium":["https:\/\/veritasinfo.org\/wp-content\/uploads\/2025\/07\/IMG_2435.jpeg",720,480,false],"kreeti-medium-square":["https:\/\/veritasinfo.org\/wp-content\/uploads\/2025\/07\/IMG_2435.jpeg",350,233,false]},"author_info":{"info":["admin"]},"category_info":"<a href=\"https:\/\/veritasinfo.org\/?cat=58\" rel=\"category\">Politik\u00eb<\/a>","tag_info":"Politik\u00eb","comment_count":"0","_links":{"self":[{"href":"https:\/\/veritasinfo.org\/index.php?rest_route=\/wp\/v2\/posts\/6045","targetHints":{"allow":["GET"]}}],"collection":[{"href":"https:\/\/veritasinfo.org\/index.php?rest_route=\/wp\/v2\/posts"}],"about":[{"href":"https:\/\/veritasinfo.org\/index.php?rest_route=\/wp\/v2\/types\/post"}],"author":[{"embeddable":true,"href":"https:\/\/veritasinfo.org\/index.php?rest_route=\/wp\/v2\/users\/1"}],"replies":[{"embeddable":true,"href":"https:\/\/veritasinfo.org\/index.php?rest_route=%2Fwp%2Fv2%2Fcomments&post=6045"}],"version-history":[{"count":3,"href":"https:\/\/veritasinfo.org\/index.php?rest_route=\/wp\/v2\/posts\/6045\/revisions"}],"predecessor-version":[{"id":6055,"href":"https:\/\/veritasinfo.org\/index.php?rest_route=\/wp\/v2\/posts\/6045\/revisions\/6055"}],"wp:featuredmedia":[{"embeddable":true,"href":"https:\/\/veritasinfo.org\/index.php?rest_route=\/wp\/v2\/media\/6046"}],"wp:attachment":[{"href":"https:\/\/veritasinfo.org\/index.php?rest_route=%2Fwp%2Fv2%2Fmedia&parent=6045"}],"wp:term":[{"taxonomy":"category","embeddable":true,"href":"https:\/\/veritasinfo.org\/index.php?rest_route=%2Fwp%2Fv2%2Fcategories&post=6045"},{"taxonomy":"post_tag","embeddable":true,"href":"https:\/\/veritasinfo.org\/index.php?rest_route=%2Fwp%2Fv2%2Ftags&post=6045"}],"curies":[{"name":"wp","href":"https:\/\/api.w.org\/{rel}","templated":true}]}}