{"id":6039,"date":"2025-07-31T11:28:32","date_gmt":"2025-07-31T09:28:32","guid":{"rendered":"https:\/\/veritasinfo.org\/?p=6039"},"modified":"2025-07-31T11:28:32","modified_gmt":"2025-07-31T09:28:32","slug":"avokati-gjini-pleskoviqi-ishte-pjesetar-i-beretave-te-kuqe-duhet-denim-i-perjetshem","status":"publish","type":"post","link":"https:\/\/veritasinfo.org\/?p=6039","title":{"rendered":"Avokati Gjini: Pleskoviqi ishte pjes\u00ebtar i Beretave t\u00eb Kuqe, duhet d\u00ebnim i p\u00ebrjetsh\u00ebm"},"content":{"rendered":"<p>Prishtin\u00eb, 31 Korrik 2025<\/p>\n<p>E \u00ebma e Binak dhe Reshat Dacit, dy viktimave t\u00eb vrara nga Millosh Pleskoviq gjat\u00eb luft\u00ebs, ka th\u00ebn\u00eb se d\u00ebnimi prej 15 vjet\u00ebsh p\u00ebr t\u00eb, \u00ebsht\u00eb shum\u00eb i ul\u00ebt.<\/p>\n<p>Pas shpalljes s\u00eb aktgjykimit t\u00eb Gjykat\u00ebs Themelore n\u00eb Prishtin\u00eb, ajo ka th\u00ebn\u00eb se ky d\u00ebnim duhet t\u00eb jet\u00eb i p\u00ebrjetsh\u00ebm.<\/p>\n<p>\u201cM\u2019i ka vrar\u00eb dy djem Milloshi, nga 29 vjet i kan\u00eb pasur. 15 vjet kurgj\u00eb nuk jan\u00eb, jan\u00eb shum\u00eb pak, ai duhet t\u00eb d\u00ebnohet p\u00ebrjet\u00eb\u201d, ka th\u00ebn\u00eb ajo para gazetar\u00ebve.<\/p>\n<p>Nd\u00ebrsa avokati i pal\u00ebs s\u00eb d\u00ebmtuar, Gent Gjini ka th\u00ebn\u00eb se nga provat shihet se Pleskoviqi ka qen\u00eb pjes\u00ebtar i Beretave t\u00eb Kuqe (Nj\u00ebsia p\u00ebr Operacione Speciale e Serbis\u00eb), andaj d\u00ebnimi ndaj tij duhet t\u00eb jet\u00eb maksimal.<\/p>\n<p>Sipas Gjinit, d\u00ebnimi prej 15 vjet\u00ebsh \u00ebsht\u00eb diskriminues p\u00ebr t\u00eb gjitha familjet e viktimave t\u00eb luft\u00ebs.<\/p>\n<p>\u201cSi avokat i pal\u00ebs s\u00eb d\u00ebmtuar dua t\u00eb them se \u00ebsht\u00eb gjykuar nj\u00eb kriminel lufte me ligjet e ish- Jugosllavis\u00eb paramendojeni. Tribunali i Hag\u00ebs paraqet d\u00ebnime maksimale, nd\u00ebrsa ky d\u00ebnim \u00ebsht\u00eb shum\u00eb pak n\u00eb raport me rrethanat e masakr\u00ebn q\u00eb e ka b\u00ebr\u00eb, zonj\u00ebs ia ka masakruar dy f\u00ebmij\u00ebt binjak\u00eb dhe jan\u00eb faktet se si ua ka prer\u00eb gjymtyr\u00ebt. E gjykata t\u2019i d\u00ebnoj\u00eb me 15 vjet, me ligj t\u00eb ish-Jugosllavis\u00eb, ky \u00ebsht\u00eb diskriminim. Hera e par\u00eb q\u00eb po d\u00ebnohet nj\u00eb pjes\u00ebtar i Arkanoviq\u00ebve, i Beretave t\u00eb Kuqe q\u00eb kan\u00eb b\u00ebr\u00eb krim. Ne do t\u00eb b\u00ebjm\u00eb ankes\u00eb e ndoshta do t\u00eb shkojm\u00eb edhe n\u00eb Tribunal t\u00eb Hag\u00ebs t\u00eb marrim jurisprudenc\u00eb dhe praktik\u00ebn gjyq\u00ebsore se sa jan\u00eb d\u00ebnuar kriminel\u00ebt e luft\u00ebs jugosllave me Bereta t\u00eb Kuqe, ku atje jan\u00eb d\u00ebnuar me d\u00ebnim maksimal, t\u00eb p\u00ebrjetsh\u00ebm, nd\u00ebrsa k\u00ebtu d\u00ebnohen me 15 vjet burgim, kjo \u00ebsht\u00eb absurde\u201d, ka th\u00ebn\u00eb ai.<\/p>\n","protected":false},"excerpt":{"rendered":"<p>Prishtin\u00eb, 31 Korrik 2025 E \u00ebma e Binak dhe Reshat Dacit, dy viktimave t\u00eb vrara nga Millosh Pleskoviq gjat\u00eb luft\u00ebs, ka th\u00ebn\u00eb se d\u00ebnimi prej<\/p>\n","protected":false},"author":1,"featured_media":6041,"comment_status":"open","ping_status":"open","sticky":false,"template":"","format":"standard","meta":{"footnotes":""},"categories":[60],"tags":[],"class_list":["post-6039","post","type-post","status-publish","format-standard","has-post-thumbnail","hentry","category-shoqerore-sq"],"yoast_head":"<!-- This site is optimized with the Yoast SEO plugin v25.3.1 - https:\/\/yoast.com\/wordpress\/plugins\/seo\/ -->\n<title>Avokati Gjini: Pleskoviqi ishte pjes\u00ebtar i Beretave t\u00eb Kuqe, duhet d\u00ebnim i p\u00ebrjetsh\u00ebm -<\/title>\n<meta name=\"robots\" content=\"index, follow, max-snippet:-1, max-image-preview:large, max-video-preview:-1\" \/>\n<link rel=\"canonical\" href=\"https:\/\/veritasinfo.org\/?p=6039\" \/>\n<meta property=\"og:locale\" content=\"en_US\" \/>\n<meta property=\"og:type\" content=\"article\" \/>\n<meta property=\"og:title\" content=\"Avokati Gjini: Pleskoviqi ishte pjes\u00ebtar i Beretave t\u00eb Kuqe, duhet d\u00ebnim i p\u00ebrjetsh\u00ebm -\" \/>\n<meta property=\"og:description\" content=\"Prishtin\u00eb, 31 Korrik 2025 E \u00ebma e Binak dhe Reshat Dacit, dy viktimave t\u00eb vrara nga Millosh Pleskoviq gjat\u00eb luft\u00ebs, ka th\u00ebn\u00eb se d\u00ebnimi prej\" \/>\n<meta property=\"og:url\" content=\"https:\/\/veritasinfo.org\/?p=6039\" \/>\n<meta property=\"article:published_time\" content=\"2025-07-31T09:28:32+00:00\" \/>\n<meta property=\"og:image\" content=\"https:\/\/veritasinfo.org\/wp-content\/uploads\/2025\/07\/IMG_2433.webp\" \/>\n\t<meta property=\"og:image:width\" content=\"1360\" \/>\n\t<meta property=\"og:image:height\" content=\"870\" \/>\n\t<meta property=\"og:image:type\" content=\"image\/webp\" \/>\n<meta name=\"author\" content=\"admin\" \/>\n<meta name=\"twitter:card\" content=\"summary_large_image\" \/>\n<meta name=\"twitter:label1\" content=\"Written by\" \/>\n\t<meta name=\"twitter:data1\" content=\"admin\" \/>\n\t<meta name=\"twitter:label2\" content=\"Est. reading time\" \/>\n\t<meta name=\"twitter:data2\" content=\"2 minutes\" \/>\n<script type=\"application\/ld+json\" class=\"yoast-schema-graph\">{\"@context\":\"https:\/\/schema.org\",\"@graph\":[{\"@type\":\"WebPage\",\"@id\":\"https:\/\/veritasinfo.org\/?p=6039\",\"url\":\"https:\/\/veritasinfo.org\/?p=6039\",\"name\":\"Avokati Gjini: Pleskoviqi ishte pjes\u00ebtar i Beretave t\u00eb Kuqe, duhet d\u00ebnim i p\u00ebrjetsh\u00ebm -\",\"isPartOf\":{\"@id\":\"https:\/\/veritasinfo.org\/#website\"},\"primaryImageOfPage\":{\"@id\":\"https:\/\/veritasinfo.org\/?p=6039#primaryimage\"},\"image\":{\"@id\":\"https:\/\/veritasinfo.org\/?p=6039#primaryimage\"},\"thumbnailUrl\":\"https:\/\/veritasinfo.org\/wp-content\/uploads\/2025\/07\/IMG_2433.webp\",\"datePublished\":\"2025-07-31T09:28:32+00:00\",\"author\":{\"@id\":\"https:\/\/veritasinfo.org\/#\/schema\/person\/7701f8c088bece422266b100a712374f\"},\"breadcrumb\":{\"@id\":\"https:\/\/veritasinfo.org\/?p=6039#breadcrumb\"},\"inLanguage\":\"en-US\",\"potentialAction\":[{\"@type\":\"ReadAction\",\"target\":[\"https:\/\/veritasinfo.org\/?p=6039\"]}]},{\"@type\":\"ImageObject\",\"inLanguage\":\"en-US\",\"@id\":\"https:\/\/veritasinfo.org\/?p=6039#primaryimage\",\"url\":\"https:\/\/veritasinfo.org\/wp-content\/uploads\/2025\/07\/IMG_2433.webp\",\"contentUrl\":\"https:\/\/veritasinfo.org\/wp-content\/uploads\/2025\/07\/IMG_2433.webp\",\"width\":1360,\"height\":870},{\"@type\":\"BreadcrumbList\",\"@id\":\"https:\/\/veritasinfo.org\/?p=6039#breadcrumb\",\"itemListElement\":[{\"@type\":\"ListItem\",\"position\":1,\"name\":\"Home\",\"item\":\"https:\/\/veritasinfo.org\/\"},{\"@type\":\"ListItem\",\"position\":2,\"name\":\"Avokati Gjini: Pleskoviqi ishte pjes\u00ebtar i Beretave t\u00eb Kuqe, duhet d\u00ebnim i p\u00ebrjetsh\u00ebm\"}]},{\"@type\":\"WebSite\",\"@id\":\"https:\/\/veritasinfo.org\/#website\",\"url\":\"https:\/\/veritasinfo.org\/\",\"name\":\"\",\"description\":\"\",\"potentialAction\":[{\"@type\":\"SearchAction\",\"target\":{\"@type\":\"EntryPoint\",\"urlTemplate\":\"https:\/\/veritasinfo.org\/?s={search_term_string}\"},\"query-input\":{\"@type\":\"PropertyValueSpecification\",\"valueRequired\":true,\"valueName\":\"search_term_string\"}}],\"inLanguage\":\"en-US\"},{\"@type\":\"Person\",\"@id\":\"https:\/\/veritasinfo.org\/#\/schema\/person\/7701f8c088bece422266b100a712374f\",\"name\":\"admin\",\"image\":{\"@type\":\"ImageObject\",\"inLanguage\":\"en-US\",\"@id\":\"https:\/\/veritasinfo.org\/#\/schema\/person\/image\/\",\"url\":\"https:\/\/secure.gravatar.com\/avatar\/ea53aa3bf6c9a12d5fde8ce4deff43fef3885ae33cf60184161a50d6987cfd2f?s=96&d=mm&r=g\",\"contentUrl\":\"https:\/\/secure.gravatar.com\/avatar\/ea53aa3bf6c9a12d5fde8ce4deff43fef3885ae33cf60184161a50d6987cfd2f?s=96&d=mm&r=g\",\"caption\":\"admin\"},\"sameAs\":[\"https:\/\/veritasinfo.org\"],\"url\":\"https:\/\/veritasinfo.org\/?author=1\"}]}<\/script>\n<!-- \/ Yoast SEO plugin. -->","yoast_head_json":{"title":"Avokati Gjini: Pleskoviqi ishte pjes\u00ebtar i Beretave t\u00eb Kuqe, duhet d\u00ebnim i p\u00ebrjetsh\u00ebm -","robots":{"index":"index","follow":"follow","max-snippet":"max-snippet:-1","max-image-preview":"max-image-preview:large","max-video-preview":"max-video-preview:-1"},"canonical":"https:\/\/veritasinfo.org\/?p=6039","og_locale":"en_US","og_type":"article","og_title":"Avokati Gjini: Pleskoviqi ishte pjes\u00ebtar i Beretave t\u00eb Kuqe, duhet d\u00ebnim i p\u00ebrjetsh\u00ebm -","og_description":"Prishtin\u00eb, 31 Korrik 2025 E \u00ebma e Binak dhe Reshat Dacit, dy viktimave t\u00eb vrara nga Millosh Pleskoviq gjat\u00eb luft\u00ebs, ka th\u00ebn\u00eb se d\u00ebnimi prej","og_url":"https:\/\/veritasinfo.org\/?p=6039","article_published_time":"2025-07-31T09:28:32+00:00","og_image":[{"width":1360,"height":870,"url":"https:\/\/veritasinfo.org\/wp-content\/uploads\/2025\/07\/IMG_2433.webp","type":"image\/webp"}],"author":"admin","twitter_card":"summary_large_image","twitter_misc":{"Written by":"admin","Est. reading time":"2 minutes"},"schema":{"@context":"https:\/\/schema.org","@graph":[{"@type":"WebPage","@id":"https:\/\/veritasinfo.org\/?p=6039","url":"https:\/\/veritasinfo.org\/?p=6039","name":"Avokati Gjini: Pleskoviqi ishte pjes\u00ebtar i Beretave t\u00eb Kuqe, duhet d\u00ebnim i p\u00ebrjetsh\u00ebm -","isPartOf":{"@id":"https:\/\/veritasinfo.org\/#website"},"primaryImageOfPage":{"@id":"https:\/\/veritasinfo.org\/?p=6039#primaryimage"},"image":{"@id":"https:\/\/veritasinfo.org\/?p=6039#primaryimage"},"thumbnailUrl":"https:\/\/veritasinfo.org\/wp-content\/uploads\/2025\/07\/IMG_2433.webp","datePublished":"2025-07-31T09:28:32+00:00","author":{"@id":"https:\/\/veritasinfo.org\/#\/schema\/person\/7701f8c088bece422266b100a712374f"},"breadcrumb":{"@id":"https:\/\/veritasinfo.org\/?p=6039#breadcrumb"},"inLanguage":"en-US","potentialAction":[{"@type":"ReadAction","target":["https:\/\/veritasinfo.org\/?p=6039"]}]},{"@type":"ImageObject","inLanguage":"en-US","@id":"https:\/\/veritasinfo.org\/?p=6039#primaryimage","url":"https:\/\/veritasinfo.org\/wp-content\/uploads\/2025\/07\/IMG_2433.webp","contentUrl":"https:\/\/veritasinfo.org\/wp-content\/uploads\/2025\/07\/IMG_2433.webp","width":1360,"height":870},{"@type":"BreadcrumbList","@id":"https:\/\/veritasinfo.org\/?p=6039#breadcrumb","itemListElement":[{"@type":"ListItem","position":1,"name":"Home","item":"https:\/\/veritasinfo.org\/"},{"@type":"ListItem","position":2,"name":"Avokati Gjini: Pleskoviqi ishte pjes\u00ebtar i Beretave t\u00eb Kuqe, duhet d\u00ebnim i p\u00ebrjetsh\u00ebm"}]},{"@type":"WebSite","@id":"https:\/\/veritasinfo.org\/#website","url":"https:\/\/veritasinfo.org\/","name":"","description":"","potentialAction":[{"@type":"SearchAction","target":{"@type":"EntryPoint","urlTemplate":"https:\/\/veritasinfo.org\/?s={search_term_string}"},"query-input":{"@type":"PropertyValueSpecification","valueRequired":true,"valueName":"search_term_string"}}],"inLanguage":"en-US"},{"@type":"Person","@id":"https:\/\/veritasinfo.org\/#\/schema\/person\/7701f8c088bece422266b100a712374f","name":"admin","image":{"@type":"ImageObject","inLanguage":"en-US","@id":"https:\/\/veritasinfo.org\/#\/schema\/person\/image\/","url":"https:\/\/secure.gravatar.com\/avatar\/ea53aa3bf6c9a12d5fde8ce4deff43fef3885ae33cf60184161a50d6987cfd2f?s=96&d=mm&r=g","contentUrl":"https:\/\/secure.gravatar.com\/avatar\/ea53aa3bf6c9a12d5fde8ce4deff43fef3885ae33cf60184161a50d6987cfd2f?s=96&d=mm&r=g","caption":"admin"},"sameAs":["https:\/\/veritasinfo.org"],"url":"https:\/\/veritasinfo.org\/?author=1"}]}},"featured_image_urls":{"full":["https:\/\/veritasinfo.org\/wp-content\/uploads\/2025\/07\/IMG_2433.webp",1360,870,false],"thumbnail":["https:\/\/veritasinfo.org\/wp-content\/uploads\/2025\/07\/IMG_2433-150x150.webp",150,150,true],"medium":["https:\/\/veritasinfo.org\/wp-content\/uploads\/2025\/07\/IMG_2433-300x192.webp",300,192,true],"medium_large":["https:\/\/veritasinfo.org\/wp-content\/uploads\/2025\/07\/IMG_2433-768x491.webp",640,409,true],"large":["https:\/\/veritasinfo.org\/wp-content\/uploads\/2025\/07\/IMG_2433-1024x655.webp",640,409,true],"1536x1536":["https:\/\/veritasinfo.org\/wp-content\/uploads\/2025\/07\/IMG_2433.webp",1360,870,false],"2048x2048":["https:\/\/veritasinfo.org\/wp-content\/uploads\/2025\/07\/IMG_2433.webp",1360,870,false],"kreeti-slider-full":["https:\/\/veritasinfo.org\/wp-content\/uploads\/2025\/07\/IMG_2433.webp",1126,720,false],"kreeti-featured":["https:\/\/veritasinfo.org\/wp-content\/uploads\/2025\/07\/IMG_2433.webp",1024,655,false],"kreeti-medium":["https:\/\/veritasinfo.org\/wp-content\/uploads\/2025\/07\/IMG_2433.webp",720,461,false],"kreeti-medium-square":["https:\/\/veritasinfo.org\/wp-content\/uploads\/2025\/07\/IMG_2433.webp",350,224,false]},"author_info":{"info":["admin"]},"category_info":"<a href=\"https:\/\/veritasinfo.org\/?cat=60\" rel=\"category\">Shoq\u00ebrore<\/a>","tag_info":"Shoq\u00ebrore","comment_count":"0","_links":{"self":[{"href":"https:\/\/veritasinfo.org\/index.php?rest_route=\/wp\/v2\/posts\/6039","targetHints":{"allow":["GET"]}}],"collection":[{"href":"https:\/\/veritasinfo.org\/index.php?rest_route=\/wp\/v2\/posts"}],"about":[{"href":"https:\/\/veritasinfo.org\/index.php?rest_route=\/wp\/v2\/types\/post"}],"author":[{"embeddable":true,"href":"https:\/\/veritasinfo.org\/index.php?rest_route=\/wp\/v2\/users\/1"}],"replies":[{"embeddable":true,"href":"https:\/\/veritasinfo.org\/index.php?rest_route=%2Fwp%2Fv2%2Fcomments&post=6039"}],"version-history":[{"count":1,"href":"https:\/\/veritasinfo.org\/index.php?rest_route=\/wp\/v2\/posts\/6039\/revisions"}],"predecessor-version":[{"id":6042,"href":"https:\/\/veritasinfo.org\/index.php?rest_route=\/wp\/v2\/posts\/6039\/revisions\/6042"}],"wp:featuredmedia":[{"embeddable":true,"href":"https:\/\/veritasinfo.org\/index.php?rest_route=\/wp\/v2\/media\/6041"}],"wp:attachment":[{"href":"https:\/\/veritasinfo.org\/index.php?rest_route=%2Fwp%2Fv2%2Fmedia&parent=6039"}],"wp:term":[{"taxonomy":"category","embeddable":true,"href":"https:\/\/veritasinfo.org\/index.php?rest_route=%2Fwp%2Fv2%2Fcategories&post=6039"},{"taxonomy":"post_tag","embeddable":true,"href":"https:\/\/veritasinfo.org\/index.php?rest_route=%2Fwp%2Fv2%2Ftags&post=6039"}],"curies":[{"name":"wp","href":"https:\/\/api.w.org\/{rel}","templated":true}]}}