{"id":6029,"date":"2025-07-31T10:57:36","date_gmt":"2025-07-31T08:57:36","guid":{"rendered":"https:\/\/veritasinfo.org\/?p=6029"},"modified":"2025-07-31T10:57:36","modified_gmt":"2025-07-31T08:57:36","slug":"denohet-millosh-pleskoviq-15-vjet-burg-per-vrasjen-e-tre-civileve-ne-prizren-gjate-luftes","status":"publish","type":"post","link":"https:\/\/veritasinfo.org\/?p=6029","title":{"rendered":"D\u00ebnohet Millosh Pleskoviq, 15 vjet burg p\u00ebr vrasjen e tre civil\u00ebve n\u00eb Prizren gjat\u00eb luft\u00ebs"},"content":{"rendered":"<p>Prishtin\u00eb, 31 korrik 2025<\/p>\n<p><strong>Prishtin\u00eb \u2013 15 vjet burg p\u00ebr Millosh Pleskoviqin p\u00ebr krime lufte n\u00eb Prizren<\/strong><\/p>\n<p>Gjykata Themelore n\u00eb Prishtin\u00eb e ka shpallur fajtor Millosh Pleskoviqin dhe e ka d\u00ebnuar me 15 vjet burg p\u00ebr krime lufte kund\u00ebr popullsis\u00eb civile, t\u00eb kryera gjat\u00eb luft\u00ebs n\u00eb Kosov\u00eb.<\/p>\n<p>Sipas aktgjykimit t\u00eb shpallur t\u00eb enjten nga trupi gjykues i kryesuar nga gjykat\u00ebsi Rrahman Beqiri, Pleskoviq, n\u00eb bashk\u00ebkryerje me nj\u00eb grup serb\u00ebsh t\u00eb armatosur, m\u00eb 1 shtator 1998 n\u00eb Prizren kishte vrar\u00eb tre civil\u00eb shqiptar\u00eb \u2013 R.D., B.D., dhe F.B. \u2013 dhe kishte plagosur disa t\u00eb tjer\u00eb.<\/p>\n<p>Gjykata konstatoi se viktimat, bashk\u00eb me disa t\u00eb tjer\u00eb, po p\u00ebrpiqeshin t\u00eb strehoheshin n\u00eb mal, kur u ndal\u00ebn nga grupi i armatosur serb. Ata u fyer dhe m\u00eb pas u q\u00eblluan me arm\u00eb automatike. Pleskoviqi ishte identifikuar nga d\u00ebshmitar\u00ebt si pjes\u00ebtar aktiv i k\u00ebtij grupi dhe si personi q\u00eb hapi zjarr me arm\u00eb t\u00eb tipit \u201cKallashnikov\u201d.<\/p>\n<p>Sipas aktakuz\u00ebs s\u00eb ngritur nga Prokuroria Speciale m\u00eb 7 qershor 2024, trupat e viktimave u gjet\u00ebn pas nj\u00eb jave \u2013 t\u00eb masakruar, me shenja dhune \u00e7njer\u00ebzore. Nj\u00ebri kishte k\u00ebmb\u00ebn e prer\u00eb, nd\u00ebrsa tjetri ishte pa kok\u00eb.<\/p>\n<p>Gjykata urdh\u00ebroi q\u00eb d\u00ebnimi me burg t\u00eb ekzekutohet brenda 15 dit\u00ebsh nga plotfuqishm\u00ebria e aktgjykimit. Po ashtu, Pleskoviq do t\u00eb mbetet n\u00eb paraburgim deri n\u00eb k\u00ebt\u00eb faz\u00eb, por jo m\u00eb gjat\u00eb se periudha e d\u00ebnimit. Ai \u00ebsht\u00eb obliguar t\u00eb paguaj\u00eb 200 euro paushall gjyq\u00ebsor dhe 100 euro taks\u00eb p\u00ebr kompensim t\u00eb viktimave t\u00eb krimit.<\/p>\n<p>Pal\u00ebt e d\u00ebmtuara jan\u00eb udh\u00ebzuar t\u00eb ndjekin kompensimin p\u00ebrmes kontestit civil.<\/p>\n","protected":false},"excerpt":{"rendered":"<p>Prishtin\u00eb, 31 korrik 2025 Prishtin\u00eb \u2013 15 vjet burg p\u00ebr Millosh Pleskoviqin p\u00ebr krime lufte n\u00eb Prizren Gjykata Themelore n\u00eb Prishtin\u00eb e ka shpallur fajtor<\/p>\n","protected":false},"author":1,"featured_media":6031,"comment_status":"open","ping_status":"open","sticky":false,"template":"","format":"standard","meta":{"footnotes":""},"categories":[60],"tags":[],"class_list":["post-6029","post","type-post","status-publish","format-standard","has-post-thumbnail","hentry","category-shoqerore-sq"],"yoast_head":"<!-- This site is optimized with the Yoast SEO plugin v25.3.1 - https:\/\/yoast.com\/wordpress\/plugins\/seo\/ -->\n<title>D\u00ebnohet Millosh Pleskoviq, 15 vjet burg p\u00ebr vrasjen e tre civil\u00ebve n\u00eb Prizren gjat\u00eb luft\u00ebs -<\/title>\n<meta name=\"robots\" content=\"index, follow, max-snippet:-1, max-image-preview:large, max-video-preview:-1\" \/>\n<link rel=\"canonical\" href=\"https:\/\/veritasinfo.org\/?p=6029\" \/>\n<meta property=\"og:locale\" content=\"en_US\" \/>\n<meta property=\"og:type\" content=\"article\" \/>\n<meta property=\"og:title\" content=\"D\u00ebnohet Millosh Pleskoviq, 15 vjet burg p\u00ebr vrasjen e tre civil\u00ebve n\u00eb Prizren gjat\u00eb luft\u00ebs -\" \/>\n<meta property=\"og:description\" content=\"Prishtin\u00eb, 31 korrik 2025 Prishtin\u00eb \u2013 15 vjet burg p\u00ebr Millosh Pleskoviqin p\u00ebr krime lufte n\u00eb Prizren Gjykata Themelore n\u00eb Prishtin\u00eb e ka shpallur fajtor\" \/>\n<meta property=\"og:url\" content=\"https:\/\/veritasinfo.org\/?p=6029\" \/>\n<meta property=\"article:published_time\" content=\"2025-07-31T08:57:36+00:00\" \/>\n<meta property=\"og:image\" content=\"https:\/\/veritasinfo.org\/wp-content\/uploads\/2025\/07\/IMG_2142.png\" \/>\n\t<meta property=\"og:image:width\" content=\"600\" \/>\n\t<meta property=\"og:image:height\" content=\"360\" \/>\n\t<meta property=\"og:image:type\" content=\"image\/png\" \/>\n<meta name=\"author\" content=\"admin\" \/>\n<meta name=\"twitter:card\" content=\"summary_large_image\" \/>\n<meta name=\"twitter:label1\" content=\"Written by\" \/>\n\t<meta name=\"twitter:data1\" content=\"admin\" \/>\n\t<meta name=\"twitter:label2\" content=\"Est. reading time\" \/>\n\t<meta name=\"twitter:data2\" content=\"2 minutes\" \/>\n<script type=\"application\/ld+json\" class=\"yoast-schema-graph\">{\"@context\":\"https:\/\/schema.org\",\"@graph\":[{\"@type\":\"WebPage\",\"@id\":\"https:\/\/veritasinfo.org\/?p=6029\",\"url\":\"https:\/\/veritasinfo.org\/?p=6029\",\"name\":\"D\u00ebnohet Millosh Pleskoviq, 15 vjet burg p\u00ebr vrasjen e tre civil\u00ebve n\u00eb Prizren gjat\u00eb luft\u00ebs -\",\"isPartOf\":{\"@id\":\"https:\/\/veritasinfo.org\/#website\"},\"primaryImageOfPage\":{\"@id\":\"https:\/\/veritasinfo.org\/?p=6029#primaryimage\"},\"image\":{\"@id\":\"https:\/\/veritasinfo.org\/?p=6029#primaryimage\"},\"thumbnailUrl\":\"https:\/\/veritasinfo.org\/wp-content\/uploads\/2025\/07\/IMG_2142.png\",\"datePublished\":\"2025-07-31T08:57:36+00:00\",\"author\":{\"@id\":\"https:\/\/veritasinfo.org\/#\/schema\/person\/7701f8c088bece422266b100a712374f\"},\"breadcrumb\":{\"@id\":\"https:\/\/veritasinfo.org\/?p=6029#breadcrumb\"},\"inLanguage\":\"en-US\",\"potentialAction\":[{\"@type\":\"ReadAction\",\"target\":[\"https:\/\/veritasinfo.org\/?p=6029\"]}]},{\"@type\":\"ImageObject\",\"inLanguage\":\"en-US\",\"@id\":\"https:\/\/veritasinfo.org\/?p=6029#primaryimage\",\"url\":\"https:\/\/veritasinfo.org\/wp-content\/uploads\/2025\/07\/IMG_2142.png\",\"contentUrl\":\"https:\/\/veritasinfo.org\/wp-content\/uploads\/2025\/07\/IMG_2142.png\",\"width\":600,\"height\":360},{\"@type\":\"BreadcrumbList\",\"@id\":\"https:\/\/veritasinfo.org\/?p=6029#breadcrumb\",\"itemListElement\":[{\"@type\":\"ListItem\",\"position\":1,\"name\":\"Home\",\"item\":\"https:\/\/veritasinfo.org\/\"},{\"@type\":\"ListItem\",\"position\":2,\"name\":\"D\u00ebnohet Millosh Pleskoviq, 15 vjet burg p\u00ebr vrasjen e tre civil\u00ebve n\u00eb Prizren gjat\u00eb luft\u00ebs\"}]},{\"@type\":\"WebSite\",\"@id\":\"https:\/\/veritasinfo.org\/#website\",\"url\":\"https:\/\/veritasinfo.org\/\",\"name\":\"\",\"description\":\"\",\"potentialAction\":[{\"@type\":\"SearchAction\",\"target\":{\"@type\":\"EntryPoint\",\"urlTemplate\":\"https:\/\/veritasinfo.org\/?s={search_term_string}\"},\"query-input\":{\"@type\":\"PropertyValueSpecification\",\"valueRequired\":true,\"valueName\":\"search_term_string\"}}],\"inLanguage\":\"en-US\"},{\"@type\":\"Person\",\"@id\":\"https:\/\/veritasinfo.org\/#\/schema\/person\/7701f8c088bece422266b100a712374f\",\"name\":\"admin\",\"image\":{\"@type\":\"ImageObject\",\"inLanguage\":\"en-US\",\"@id\":\"https:\/\/veritasinfo.org\/#\/schema\/person\/image\/\",\"url\":\"https:\/\/secure.gravatar.com\/avatar\/ea53aa3bf6c9a12d5fde8ce4deff43fef3885ae33cf60184161a50d6987cfd2f?s=96&d=mm&r=g\",\"contentUrl\":\"https:\/\/secure.gravatar.com\/avatar\/ea53aa3bf6c9a12d5fde8ce4deff43fef3885ae33cf60184161a50d6987cfd2f?s=96&d=mm&r=g\",\"caption\":\"admin\"},\"sameAs\":[\"https:\/\/veritasinfo.org\"],\"url\":\"https:\/\/veritasinfo.org\/?author=1\"}]}<\/script>\n<!-- \/ Yoast SEO plugin. -->","yoast_head_json":{"title":"D\u00ebnohet Millosh Pleskoviq, 15 vjet burg p\u00ebr vrasjen e tre civil\u00ebve n\u00eb Prizren gjat\u00eb luft\u00ebs -","robots":{"index":"index","follow":"follow","max-snippet":"max-snippet:-1","max-image-preview":"max-image-preview:large","max-video-preview":"max-video-preview:-1"},"canonical":"https:\/\/veritasinfo.org\/?p=6029","og_locale":"en_US","og_type":"article","og_title":"D\u00ebnohet Millosh Pleskoviq, 15 vjet burg p\u00ebr vrasjen e tre civil\u00ebve n\u00eb Prizren gjat\u00eb luft\u00ebs -","og_description":"Prishtin\u00eb, 31 korrik 2025 Prishtin\u00eb \u2013 15 vjet burg p\u00ebr Millosh Pleskoviqin p\u00ebr krime lufte n\u00eb Prizren Gjykata Themelore n\u00eb Prishtin\u00eb e ka shpallur fajtor","og_url":"https:\/\/veritasinfo.org\/?p=6029","article_published_time":"2025-07-31T08:57:36+00:00","og_image":[{"width":600,"height":360,"url":"https:\/\/veritasinfo.org\/wp-content\/uploads\/2025\/07\/IMG_2142.png","type":"image\/png"}],"author":"admin","twitter_card":"summary_large_image","twitter_misc":{"Written by":"admin","Est. reading time":"2 minutes"},"schema":{"@context":"https:\/\/schema.org","@graph":[{"@type":"WebPage","@id":"https:\/\/veritasinfo.org\/?p=6029","url":"https:\/\/veritasinfo.org\/?p=6029","name":"D\u00ebnohet Millosh Pleskoviq, 15 vjet burg p\u00ebr vrasjen e tre civil\u00ebve n\u00eb Prizren gjat\u00eb luft\u00ebs -","isPartOf":{"@id":"https:\/\/veritasinfo.org\/#website"},"primaryImageOfPage":{"@id":"https:\/\/veritasinfo.org\/?p=6029#primaryimage"},"image":{"@id":"https:\/\/veritasinfo.org\/?p=6029#primaryimage"},"thumbnailUrl":"https:\/\/veritasinfo.org\/wp-content\/uploads\/2025\/07\/IMG_2142.png","datePublished":"2025-07-31T08:57:36+00:00","author":{"@id":"https:\/\/veritasinfo.org\/#\/schema\/person\/7701f8c088bece422266b100a712374f"},"breadcrumb":{"@id":"https:\/\/veritasinfo.org\/?p=6029#breadcrumb"},"inLanguage":"en-US","potentialAction":[{"@type":"ReadAction","target":["https:\/\/veritasinfo.org\/?p=6029"]}]},{"@type":"ImageObject","inLanguage":"en-US","@id":"https:\/\/veritasinfo.org\/?p=6029#primaryimage","url":"https:\/\/veritasinfo.org\/wp-content\/uploads\/2025\/07\/IMG_2142.png","contentUrl":"https:\/\/veritasinfo.org\/wp-content\/uploads\/2025\/07\/IMG_2142.png","width":600,"height":360},{"@type":"BreadcrumbList","@id":"https:\/\/veritasinfo.org\/?p=6029#breadcrumb","itemListElement":[{"@type":"ListItem","position":1,"name":"Home","item":"https:\/\/veritasinfo.org\/"},{"@type":"ListItem","position":2,"name":"D\u00ebnohet Millosh Pleskoviq, 15 vjet burg p\u00ebr vrasjen e tre civil\u00ebve n\u00eb Prizren gjat\u00eb luft\u00ebs"}]},{"@type":"WebSite","@id":"https:\/\/veritasinfo.org\/#website","url":"https:\/\/veritasinfo.org\/","name":"","description":"","potentialAction":[{"@type":"SearchAction","target":{"@type":"EntryPoint","urlTemplate":"https:\/\/veritasinfo.org\/?s={search_term_string}"},"query-input":{"@type":"PropertyValueSpecification","valueRequired":true,"valueName":"search_term_string"}}],"inLanguage":"en-US"},{"@type":"Person","@id":"https:\/\/veritasinfo.org\/#\/schema\/person\/7701f8c088bece422266b100a712374f","name":"admin","image":{"@type":"ImageObject","inLanguage":"en-US","@id":"https:\/\/veritasinfo.org\/#\/schema\/person\/image\/","url":"https:\/\/secure.gravatar.com\/avatar\/ea53aa3bf6c9a12d5fde8ce4deff43fef3885ae33cf60184161a50d6987cfd2f?s=96&d=mm&r=g","contentUrl":"https:\/\/secure.gravatar.com\/avatar\/ea53aa3bf6c9a12d5fde8ce4deff43fef3885ae33cf60184161a50d6987cfd2f?s=96&d=mm&r=g","caption":"admin"},"sameAs":["https:\/\/veritasinfo.org"],"url":"https:\/\/veritasinfo.org\/?author=1"}]}},"featured_image_urls":{"full":["https:\/\/veritasinfo.org\/wp-content\/uploads\/2025\/07\/IMG_2142.png",600,360,false],"thumbnail":["https:\/\/veritasinfo.org\/wp-content\/uploads\/2025\/07\/IMG_2142-150x150.png",150,150,true],"medium":["https:\/\/veritasinfo.org\/wp-content\/uploads\/2025\/07\/IMG_2142-300x180.png",300,180,true],"medium_large":["https:\/\/veritasinfo.org\/wp-content\/uploads\/2025\/07\/IMG_2142.png",600,360,false],"large":["https:\/\/veritasinfo.org\/wp-content\/uploads\/2025\/07\/IMG_2142.png",600,360,false],"1536x1536":["https:\/\/veritasinfo.org\/wp-content\/uploads\/2025\/07\/IMG_2142.png",600,360,false],"2048x2048":["https:\/\/veritasinfo.org\/wp-content\/uploads\/2025\/07\/IMG_2142.png",600,360,false],"kreeti-slider-full":["https:\/\/veritasinfo.org\/wp-content\/uploads\/2025\/07\/IMG_2142.png",600,360,false],"kreeti-featured":["https:\/\/veritasinfo.org\/wp-content\/uploads\/2025\/07\/IMG_2142.png",600,360,false],"kreeti-medium":["https:\/\/veritasinfo.org\/wp-content\/uploads\/2025\/07\/IMG_2142.png",600,360,false],"kreeti-medium-square":["https:\/\/veritasinfo.org\/wp-content\/uploads\/2025\/07\/IMG_2142.png",350,210,false]},"author_info":{"info":["admin"]},"category_info":"<a href=\"https:\/\/veritasinfo.org\/?cat=60\" rel=\"category\">Shoq\u00ebrore<\/a>","tag_info":"Shoq\u00ebrore","comment_count":"0","_links":{"self":[{"href":"https:\/\/veritasinfo.org\/index.php?rest_route=\/wp\/v2\/posts\/6029","targetHints":{"allow":["GET"]}}],"collection":[{"href":"https:\/\/veritasinfo.org\/index.php?rest_route=\/wp\/v2\/posts"}],"about":[{"href":"https:\/\/veritasinfo.org\/index.php?rest_route=\/wp\/v2\/types\/post"}],"author":[{"embeddable":true,"href":"https:\/\/veritasinfo.org\/index.php?rest_route=\/wp\/v2\/users\/1"}],"replies":[{"embeddable":true,"href":"https:\/\/veritasinfo.org\/index.php?rest_route=%2Fwp%2Fv2%2Fcomments&post=6029"}],"version-history":[{"count":1,"href":"https:\/\/veritasinfo.org\/index.php?rest_route=\/wp\/v2\/posts\/6029\/revisions"}],"predecessor-version":[{"id":6032,"href":"https:\/\/veritasinfo.org\/index.php?rest_route=\/wp\/v2\/posts\/6029\/revisions\/6032"}],"wp:featuredmedia":[{"embeddable":true,"href":"https:\/\/veritasinfo.org\/index.php?rest_route=\/wp\/v2\/media\/6031"}],"wp:attachment":[{"href":"https:\/\/veritasinfo.org\/index.php?rest_route=%2Fwp%2Fv2%2Fmedia&parent=6029"}],"wp:term":[{"taxonomy":"category","embeddable":true,"href":"https:\/\/veritasinfo.org\/index.php?rest_route=%2Fwp%2Fv2%2Fcategories&post=6029"},{"taxonomy":"post_tag","embeddable":true,"href":"https:\/\/veritasinfo.org\/index.php?rest_route=%2Fwp%2Fv2%2Ftags&post=6029"}],"curies":[{"name":"wp","href":"https:\/\/api.w.org\/{rel}","templated":true}]}}