{"id":6024,"date":"2025-07-31T08:42:29","date_gmt":"2025-07-31T06:42:29","guid":{"rendered":"https:\/\/veritasinfo.org\/?p=6024"},"modified":"2025-07-31T08:42:29","modified_gmt":"2025-07-31T06:42:29","slug":"terstena-politikanet-serbe-ne-gjermani-lobojne-kunder-shqiptareve","status":"publish","type":"post","link":"https:\/\/veritasinfo.org\/?p=6024","title":{"rendered":"T\u00ebrstena: Politikan\u00ebt serb\u00eb n\u00eb Gjermani lobojn\u00eb kund\u00ebr shqiptar\u00ebve"},"content":{"rendered":"<p>Prishtin\u00eb, 31 Korrik 2025<\/p>\n<p>Albana T\u00ebrstena nga Rrjeti shqiptar-gjerman p\u00ebr angazhim politik, DANPE, ka th\u00ebn\u00eb q\u00eb politikan\u00ebt serb\u00eb n\u00eb Gjermani vazhdimisht b\u00ebjn\u00eb lob kund\u00ebr Kosov\u00ebs.<\/p>\n<p>\u201cQ\u00ebllimi yn\u00eb i par\u00eb \u00ebsht\u00eb q\u00eb ta mb\u00ebshtesim nj\u00ebrin tjetrin dhe ta shtyjm\u00eb p\u00ebrpara, p.sh. kur ka kandidime p\u00ebr mandate t\u00eb ndryshme, kemi an\u00ebtar\u00eb q\u00eb jan\u00eb asamblist\u00eb, kemi funksionar\u00eb t\u00eb ndrysh\u00ebm, kemi pasur an\u00ebtar\u00eb t\u00eb thjesht\u00eb, p.sh. Dafina ka qen\u00eb kandidate p\u00ebr Bundestagun, apo si\u00e7 \u00ebsht\u00eb v\u00ebllai im, i cili ka qen\u00eb kandidat p\u00ebr Bundestagun, kemi an\u00ebtar\u00eb t\u00eb tjer\u00eb q\u00eb kan\u00eb kandiduar p\u00ebr mandate t\u00eb ndryshme, t\u00eb Republik\u00ebs, mbipartiake. Duam t\u2019i mb\u00ebshtesim shqiptar\u00ebt q\u00eb i kemi\u201d, ka th\u00ebn\u00eb T\u00ebrstena.<\/p>\n<p>\u201cPor gjithashtu, q\u00ebllimi yn\u00eb \u00ebsht\u00eb q\u00eb t\u00eb ndikojm\u00eb n\u00eb sistemin e Gjermanis\u00eb, si p.sh. t\u2019u tregojm\u00eb se kush jan\u00eb shqiptar\u00ebt, ku e kan\u00eb prejardhjen, \u00e7far\u00eb q\u00ebllimi e kemi ne\u201d.<\/p>\n<p>DANPE synon t\u00eb forcoj\u00eb lobimin e shqiptar\u00ebve te gjerman\u00ebt, duke iu kund\u00ebrv\u00ebn\u00eb atij serb i cili sipas T\u00ebrsten\u00ebs \u00ebsht\u00eb shum\u00eb i ofrt\u00eb.<\/p>\n<p>\u201cTa tregojm\u00eb edhe historin\u00eb ton\u00eb sepse e v\u00ebrejm\u00eb q\u00eb lobimi i serb\u00ebve \u00ebsht\u00eb shum\u00eb i fort\u00eb n\u00eb Gjermani, dhe tregon histori t\u00eb shqiptar\u00ebve q\u00eb nuk jan\u00eb t\u00eb v\u00ebrteta\u201d.<\/p>\n<p>&nbsp;<\/p>\n","protected":false},"excerpt":{"rendered":"<p>Prishtin\u00eb, 31 Korrik 2025 Albana T\u00ebrstena nga Rrjeti shqiptar-gjerman p\u00ebr angazhim politik, DANPE, ka th\u00ebn\u00eb q\u00eb politikan\u00ebt serb\u00eb n\u00eb Gjermani vazhdimisht b\u00ebjn\u00eb lob kund\u00ebr Kosov\u00ebs.<\/p>\n","protected":false},"author":1,"featured_media":6025,"comment_status":"open","ping_status":"open","sticky":false,"template":"","format":"standard","meta":{"footnotes":""},"categories":[58],"tags":[],"class_list":["post-6024","post","type-post","status-publish","format-standard","has-post-thumbnail","hentry","category-politike-sq"],"yoast_head":"<!-- This site is optimized with the Yoast SEO plugin v25.3.1 - https:\/\/yoast.com\/wordpress\/plugins\/seo\/ -->\n<title>T\u00ebrstena: Politikan\u00ebt serb\u00eb n\u00eb Gjermani lobojn\u00eb kund\u00ebr shqiptar\u00ebve -<\/title>\n<meta name=\"robots\" content=\"index, follow, max-snippet:-1, max-image-preview:large, max-video-preview:-1\" \/>\n<link rel=\"canonical\" href=\"https:\/\/veritasinfo.org\/?p=6024\" \/>\n<meta property=\"og:locale\" content=\"en_US\" \/>\n<meta property=\"og:type\" content=\"article\" \/>\n<meta property=\"og:title\" content=\"T\u00ebrstena: Politikan\u00ebt serb\u00eb n\u00eb Gjermani lobojn\u00eb kund\u00ebr shqiptar\u00ebve -\" \/>\n<meta property=\"og:description\" content=\"Prishtin\u00eb, 31 Korrik 2025 Albana T\u00ebrstena nga Rrjeti shqiptar-gjerman p\u00ebr angazhim politik, DANPE, ka th\u00ebn\u00eb q\u00eb politikan\u00ebt serb\u00eb n\u00eb Gjermani vazhdimisht b\u00ebjn\u00eb lob kund\u00ebr Kosov\u00ebs.\" \/>\n<meta property=\"og:url\" content=\"https:\/\/veritasinfo.org\/?p=6024\" \/>\n<meta property=\"article:published_time\" content=\"2025-07-31T06:42:29+00:00\" \/>\n<meta property=\"og:image\" content=\"https:\/\/veritasinfo.org\/wp-content\/uploads\/2025\/07\/IMG_2432.jpeg\" \/>\n\t<meta property=\"og:image:width\" content=\"835\" \/>\n\t<meta property=\"og:image:height\" content=\"460\" \/>\n\t<meta property=\"og:image:type\" content=\"image\/jpeg\" \/>\n<meta name=\"author\" content=\"admin\" \/>\n<meta name=\"twitter:card\" content=\"summary_large_image\" \/>\n<meta name=\"twitter:label1\" content=\"Written by\" \/>\n\t<meta name=\"twitter:data1\" content=\"admin\" \/>\n\t<meta name=\"twitter:label2\" content=\"Est. reading time\" \/>\n\t<meta name=\"twitter:data2\" content=\"2 minutes\" \/>\n<script type=\"application\/ld+json\" class=\"yoast-schema-graph\">{\"@context\":\"https:\/\/schema.org\",\"@graph\":[{\"@type\":\"WebPage\",\"@id\":\"https:\/\/veritasinfo.org\/?p=6024\",\"url\":\"https:\/\/veritasinfo.org\/?p=6024\",\"name\":\"T\u00ebrstena: Politikan\u00ebt serb\u00eb n\u00eb Gjermani lobojn\u00eb kund\u00ebr shqiptar\u00ebve -\",\"isPartOf\":{\"@id\":\"https:\/\/veritasinfo.org\/#website\"},\"primaryImageOfPage\":{\"@id\":\"https:\/\/veritasinfo.org\/?p=6024#primaryimage\"},\"image\":{\"@id\":\"https:\/\/veritasinfo.org\/?p=6024#primaryimage\"},\"thumbnailUrl\":\"https:\/\/veritasinfo.org\/wp-content\/uploads\/2025\/07\/IMG_2432.jpeg\",\"datePublished\":\"2025-07-31T06:42:29+00:00\",\"author\":{\"@id\":\"https:\/\/veritasinfo.org\/#\/schema\/person\/7701f8c088bece422266b100a712374f\"},\"breadcrumb\":{\"@id\":\"https:\/\/veritasinfo.org\/?p=6024#breadcrumb\"},\"inLanguage\":\"en-US\",\"potentialAction\":[{\"@type\":\"ReadAction\",\"target\":[\"https:\/\/veritasinfo.org\/?p=6024\"]}]},{\"@type\":\"ImageObject\",\"inLanguage\":\"en-US\",\"@id\":\"https:\/\/veritasinfo.org\/?p=6024#primaryimage\",\"url\":\"https:\/\/veritasinfo.org\/wp-content\/uploads\/2025\/07\/IMG_2432.jpeg\",\"contentUrl\":\"https:\/\/veritasinfo.org\/wp-content\/uploads\/2025\/07\/IMG_2432.jpeg\",\"width\":835,\"height\":460},{\"@type\":\"BreadcrumbList\",\"@id\":\"https:\/\/veritasinfo.org\/?p=6024#breadcrumb\",\"itemListElement\":[{\"@type\":\"ListItem\",\"position\":1,\"name\":\"Home\",\"item\":\"https:\/\/veritasinfo.org\/\"},{\"@type\":\"ListItem\",\"position\":2,\"name\":\"T\u00ebrstena: Politikan\u00ebt serb\u00eb n\u00eb Gjermani lobojn\u00eb kund\u00ebr shqiptar\u00ebve\"}]},{\"@type\":\"WebSite\",\"@id\":\"https:\/\/veritasinfo.org\/#website\",\"url\":\"https:\/\/veritasinfo.org\/\",\"name\":\"\",\"description\":\"\",\"potentialAction\":[{\"@type\":\"SearchAction\",\"target\":{\"@type\":\"EntryPoint\",\"urlTemplate\":\"https:\/\/veritasinfo.org\/?s={search_term_string}\"},\"query-input\":{\"@type\":\"PropertyValueSpecification\",\"valueRequired\":true,\"valueName\":\"search_term_string\"}}],\"inLanguage\":\"en-US\"},{\"@type\":\"Person\",\"@id\":\"https:\/\/veritasinfo.org\/#\/schema\/person\/7701f8c088bece422266b100a712374f\",\"name\":\"admin\",\"image\":{\"@type\":\"ImageObject\",\"inLanguage\":\"en-US\",\"@id\":\"https:\/\/veritasinfo.org\/#\/schema\/person\/image\/\",\"url\":\"https:\/\/secure.gravatar.com\/avatar\/ea53aa3bf6c9a12d5fde8ce4deff43fef3885ae33cf60184161a50d6987cfd2f?s=96&d=mm&r=g\",\"contentUrl\":\"https:\/\/secure.gravatar.com\/avatar\/ea53aa3bf6c9a12d5fde8ce4deff43fef3885ae33cf60184161a50d6987cfd2f?s=96&d=mm&r=g\",\"caption\":\"admin\"},\"sameAs\":[\"https:\/\/veritasinfo.org\"],\"url\":\"https:\/\/veritasinfo.org\/?author=1\"}]}<\/script>\n<!-- \/ Yoast SEO plugin. -->","yoast_head_json":{"title":"T\u00ebrstena: Politikan\u00ebt serb\u00eb n\u00eb Gjermani lobojn\u00eb kund\u00ebr shqiptar\u00ebve -","robots":{"index":"index","follow":"follow","max-snippet":"max-snippet:-1","max-image-preview":"max-image-preview:large","max-video-preview":"max-video-preview:-1"},"canonical":"https:\/\/veritasinfo.org\/?p=6024","og_locale":"en_US","og_type":"article","og_title":"T\u00ebrstena: Politikan\u00ebt serb\u00eb n\u00eb Gjermani lobojn\u00eb kund\u00ebr shqiptar\u00ebve -","og_description":"Prishtin\u00eb, 31 Korrik 2025 Albana T\u00ebrstena nga Rrjeti shqiptar-gjerman p\u00ebr angazhim politik, DANPE, ka th\u00ebn\u00eb q\u00eb politikan\u00ebt serb\u00eb n\u00eb Gjermani vazhdimisht b\u00ebjn\u00eb lob kund\u00ebr Kosov\u00ebs.","og_url":"https:\/\/veritasinfo.org\/?p=6024","article_published_time":"2025-07-31T06:42:29+00:00","og_image":[{"width":835,"height":460,"url":"https:\/\/veritasinfo.org\/wp-content\/uploads\/2025\/07\/IMG_2432.jpeg","type":"image\/jpeg"}],"author":"admin","twitter_card":"summary_large_image","twitter_misc":{"Written by":"admin","Est. reading time":"2 minutes"},"schema":{"@context":"https:\/\/schema.org","@graph":[{"@type":"WebPage","@id":"https:\/\/veritasinfo.org\/?p=6024","url":"https:\/\/veritasinfo.org\/?p=6024","name":"T\u00ebrstena: Politikan\u00ebt serb\u00eb n\u00eb Gjermani lobojn\u00eb kund\u00ebr shqiptar\u00ebve -","isPartOf":{"@id":"https:\/\/veritasinfo.org\/#website"},"primaryImageOfPage":{"@id":"https:\/\/veritasinfo.org\/?p=6024#primaryimage"},"image":{"@id":"https:\/\/veritasinfo.org\/?p=6024#primaryimage"},"thumbnailUrl":"https:\/\/veritasinfo.org\/wp-content\/uploads\/2025\/07\/IMG_2432.jpeg","datePublished":"2025-07-31T06:42:29+00:00","author":{"@id":"https:\/\/veritasinfo.org\/#\/schema\/person\/7701f8c088bece422266b100a712374f"},"breadcrumb":{"@id":"https:\/\/veritasinfo.org\/?p=6024#breadcrumb"},"inLanguage":"en-US","potentialAction":[{"@type":"ReadAction","target":["https:\/\/veritasinfo.org\/?p=6024"]}]},{"@type":"ImageObject","inLanguage":"en-US","@id":"https:\/\/veritasinfo.org\/?p=6024#primaryimage","url":"https:\/\/veritasinfo.org\/wp-content\/uploads\/2025\/07\/IMG_2432.jpeg","contentUrl":"https:\/\/veritasinfo.org\/wp-content\/uploads\/2025\/07\/IMG_2432.jpeg","width":835,"height":460},{"@type":"BreadcrumbList","@id":"https:\/\/veritasinfo.org\/?p=6024#breadcrumb","itemListElement":[{"@type":"ListItem","position":1,"name":"Home","item":"https:\/\/veritasinfo.org\/"},{"@type":"ListItem","position":2,"name":"T\u00ebrstena: Politikan\u00ebt serb\u00eb n\u00eb Gjermani lobojn\u00eb kund\u00ebr shqiptar\u00ebve"}]},{"@type":"WebSite","@id":"https:\/\/veritasinfo.org\/#website","url":"https:\/\/veritasinfo.org\/","name":"","description":"","potentialAction":[{"@type":"SearchAction","target":{"@type":"EntryPoint","urlTemplate":"https:\/\/veritasinfo.org\/?s={search_term_string}"},"query-input":{"@type":"PropertyValueSpecification","valueRequired":true,"valueName":"search_term_string"}}],"inLanguage":"en-US"},{"@type":"Person","@id":"https:\/\/veritasinfo.org\/#\/schema\/person\/7701f8c088bece422266b100a712374f","name":"admin","image":{"@type":"ImageObject","inLanguage":"en-US","@id":"https:\/\/veritasinfo.org\/#\/schema\/person\/image\/","url":"https:\/\/secure.gravatar.com\/avatar\/ea53aa3bf6c9a12d5fde8ce4deff43fef3885ae33cf60184161a50d6987cfd2f?s=96&d=mm&r=g","contentUrl":"https:\/\/secure.gravatar.com\/avatar\/ea53aa3bf6c9a12d5fde8ce4deff43fef3885ae33cf60184161a50d6987cfd2f?s=96&d=mm&r=g","caption":"admin"},"sameAs":["https:\/\/veritasinfo.org"],"url":"https:\/\/veritasinfo.org\/?author=1"}]}},"featured_image_urls":{"full":["https:\/\/veritasinfo.org\/wp-content\/uploads\/2025\/07\/IMG_2432.jpeg",835,460,false],"thumbnail":["https:\/\/veritasinfo.org\/wp-content\/uploads\/2025\/07\/IMG_2432-150x150.jpeg",150,150,true],"medium":["https:\/\/veritasinfo.org\/wp-content\/uploads\/2025\/07\/IMG_2432-300x165.jpeg",300,165,true],"medium_large":["https:\/\/veritasinfo.org\/wp-content\/uploads\/2025\/07\/IMG_2432-768x423.jpeg",640,353,true],"large":["https:\/\/veritasinfo.org\/wp-content\/uploads\/2025\/07\/IMG_2432.jpeg",640,353,false],"1536x1536":["https:\/\/veritasinfo.org\/wp-content\/uploads\/2025\/07\/IMG_2432.jpeg",835,460,false],"2048x2048":["https:\/\/veritasinfo.org\/wp-content\/uploads\/2025\/07\/IMG_2432.jpeg",835,460,false],"kreeti-slider-full":["https:\/\/veritasinfo.org\/wp-content\/uploads\/2025\/07\/IMG_2432.jpeg",835,460,false],"kreeti-featured":["https:\/\/veritasinfo.org\/wp-content\/uploads\/2025\/07\/IMG_2432.jpeg",835,460,false],"kreeti-medium":["https:\/\/veritasinfo.org\/wp-content\/uploads\/2025\/07\/IMG_2432.jpeg",720,397,false],"kreeti-medium-square":["https:\/\/veritasinfo.org\/wp-content\/uploads\/2025\/07\/IMG_2432.jpeg",350,193,false]},"author_info":{"info":["admin"]},"category_info":"<a href=\"https:\/\/veritasinfo.org\/?cat=58\" rel=\"category\">Politik\u00eb<\/a>","tag_info":"Politik\u00eb","comment_count":"0","_links":{"self":[{"href":"https:\/\/veritasinfo.org\/index.php?rest_route=\/wp\/v2\/posts\/6024","targetHints":{"allow":["GET"]}}],"collection":[{"href":"https:\/\/veritasinfo.org\/index.php?rest_route=\/wp\/v2\/posts"}],"about":[{"href":"https:\/\/veritasinfo.org\/index.php?rest_route=\/wp\/v2\/types\/post"}],"author":[{"embeddable":true,"href":"https:\/\/veritasinfo.org\/index.php?rest_route=\/wp\/v2\/users\/1"}],"replies":[{"embeddable":true,"href":"https:\/\/veritasinfo.org\/index.php?rest_route=%2Fwp%2Fv2%2Fcomments&post=6024"}],"version-history":[{"count":1,"href":"https:\/\/veritasinfo.org\/index.php?rest_route=\/wp\/v2\/posts\/6024\/revisions"}],"predecessor-version":[{"id":6026,"href":"https:\/\/veritasinfo.org\/index.php?rest_route=\/wp\/v2\/posts\/6024\/revisions\/6026"}],"wp:featuredmedia":[{"embeddable":true,"href":"https:\/\/veritasinfo.org\/index.php?rest_route=\/wp\/v2\/media\/6025"}],"wp:attachment":[{"href":"https:\/\/veritasinfo.org\/index.php?rest_route=%2Fwp%2Fv2%2Fmedia&parent=6024"}],"wp:term":[{"taxonomy":"category","embeddable":true,"href":"https:\/\/veritasinfo.org\/index.php?rest_route=%2Fwp%2Fv2%2Fcategories&post=6024"},{"taxonomy":"post_tag","embeddable":true,"href":"https:\/\/veritasinfo.org\/index.php?rest_route=%2Fwp%2Fv2%2Ftags&post=6024"}],"curies":[{"name":"wp","href":"https:\/\/api.w.org\/{rel}","templated":true}]}}