{"id":5989,"date":"2025-07-30T22:33:21","date_gmt":"2025-07-30T20:33:21","guid":{"rendered":"https:\/\/veritasinfo.org\/?p=5989"},"modified":"2025-07-30T22:33:21","modified_gmt":"2025-07-30T20:33:21","slug":"pjesemarrja-e-listes-serbe-ne-zgjedhjet-lokale-rrit-rrezikun-per-tentim-zhberjen-e-puneve-te-kryera-ne-veri","status":"publish","type":"post","link":"https:\/\/veritasinfo.org\/?p=5989","title":{"rendered":"Pjes\u00ebmarrja e List\u00ebs Serbe n\u00eb zgjedhjet lokale rrit rrezikun p\u00ebr tentim-zhb\u00ebrjen e pun\u00ebve t\u00eb kryera n\u00eb veri"},"content":{"rendered":"<p>Mitrovic\u00eb, 30 Korrik 2025<\/p>\n<h2><span style=\"font-size: 16px;\">Zgjedhjet lokale t\u00eb 12 tetorit n\u00eb Kosov\u00eb pritet q\u00eb t\u00eb sjellin ndryshime n\u00eb kat\u00ebr komunat veriore me shumic\u00eb serbe \u2013 Mitrovic\u00eb e Veriut, Zve\u00e7an, Leposaviq dhe Zubin-Potok \u2013 pas pjes\u00ebmarrjes s\u00eb paralajm\u00ebruar t\u00eb List\u00ebs Serbe. Kryetar\u00ebt aktual\u00eb shqiptar\u00eb t\u00eb k\u00ebtyre komunave e t\u00eb cil\u00ebt i kan\u00eb marr\u00eb postet pas dor\u00ebheqjes s\u00eb serb\u00ebve n\u00eb vitin 2022, kan\u00eb th\u00ebn\u00eb se kryetar\u00ebt e rinj duhet t\u00eb veprojn\u00eb n\u00eb p\u00ebrputhje me ligjet ose t\u00eb p\u00ebrballen me pasojat p\u00ebr shkeljen e tyre<\/span><\/h2>\n<div class=\"instream-video\">\n<div data-id=\"2kQm8Ze4251g\">\n<div class=\"orp-player-wrapper orp-aspectRateFixed orp-tiny-size orp-player-ipm orp-player-ipm-hidden orp-force-hide-player\">Zgjedhjet lokale t\u00eb 12 tetorit pritet q\u00eb ta sh\u00ebnojn\u00eb fundin e qeverisjes nga kryetar\u00ebt shqiptar\u00eb n\u00eb kat\u00ebr komunat e banuara kryesisht me serb\u00eb n\u00eb veri t\u00eb Kosov\u00ebs.<\/div>\n<\/div>\n<\/div>\n<p>Me pjes\u00ebmarrjen e List\u00ebs Serbe, subjekt politik serb i p\u00ebrkrahur nga Beogradi zyrtar, n\u00eb gar\u00ebn lokale n\u00eb Mitrovic\u00eb t\u00eb Veriut, Zve\u00e7an, Leposaviq dhe Zubin-Potok, analist\u00eb politik\u00eb kan\u00eb shprehur droj\u00eb p\u00ebr ndryshimin t\u00eb situat\u00ebs n\u00eb veri dhe p\u00ebr zhb\u00ebrjen e t\u00eb arriturave t\u00eb sh\u00ebnuara n\u00eb funksion t\u00eb shtrirjes s\u00eb sovranitetit edhe n\u00eb k\u00ebt\u00eb pjes\u00eb t\u00eb Kosov\u00ebs.<\/p>\n<p>N\u00eb rast se nj\u00eb situat\u00eb e till\u00eb ndodh\u00eb, nj\u00eb pjes\u00eb e kryetar\u00ebve aktual\u00eb shqiptar\u00eb kan\u00eb k\u00ebrkuar q\u00eb shteti t\u00eb nd\u00ebrmerre veprimeve kund\u00ebr shkeljes s\u00eb ligjit.<\/p>\n<div id=\"__ads-300x250in-4\" class=\"__ads-300x250-inarticle\" data-google-query-id=\"COGvmIO25Y4DFQ-AfAYd7iMAew\">\n<div id=\"google_ads_iframe_\/23130410871\/inarticle1_1__container__\">Ilir Peci, kryetari i komun\u00ebs s\u00eb Zve\u00e7anit, ka th\u00ebn\u00eb se marrja e pushtetit lokal nga serb\u00ebt n\u00eb veri nuk p\u00ebrb\u00ebn problem p\u00ebr t\u00eb, pasi \u00ebsht\u00eb shprehur i bindur se vendimet t\u00eb cilat ai i ka marr\u00eb jan\u00eb v\u00ebshtir\u00eb t\u00eb kthyeshme.<\/div>\n<\/div>\n<p>\u201cTe statusi i komun\u00ebs, te rregulloret e komun\u00ebs, gjithmon\u00eb shkojn\u00eb p\u00ebr aprovim n\u00eb Ministrin\u00eb e Pushtetit Lokal. N\u00ebse ministria nuk e aprovon, edhe ata tentojn\u00eb t\u00eb largojn\u00eb vul\u00ebn&#8230; t\u2019i largojn\u00eb ato procedura&#8230; at\u00ebher\u00eb shteti duhet t\u00eb marr\u00eb masa edhe mos t\u00eb lejoj\u00eb t\u00eb b\u00ebjn\u00eb se si kan\u00eb b\u00ebr\u00eb deri m\u00eb tani, ashtu si\u00e7 kan\u00eb dashur vet\u201d, ka deklaruar ai.<\/p>\n<p>N\u00eb maj t\u00eb vitit 2023, vendosja e Pecit n\u00eb objektin komunal n\u00eb Zve\u00e7an p\u00ebr ushtrimin e detyr\u00ebs s\u00eb kryetarit u pati p\u00ebrcjell\u00eb me tensione, shkaku i protestave nga qytetar\u00eb serb\u00eb. Por ai nuk pret q\u00eb kjo situat\u00eb t\u00eb p\u00ebrs\u00ebritet edhe pas zgjedhjeve t\u00eb 12 tetorit.<\/p>\n<div id=\"__ads-300x250in-7\" class=\"__ads-300x250-inarticle\" data-google-query-id=\"CNetmoO25Y4DFdNeQQIdRa8Bmg\">\n<div id=\"google_ads_iframe_\/23130410871\/inarticle1_2__container__\">\u201cJam shum\u00eb optimist, nuk besoj q\u00eb do t\u00eb ndodh\u00eb nj\u00eb gj\u00eb e till\u00eb derisa n\u00eb gjith\u00eb veriun e vendit \u00ebsht\u00eb gjith\u00e7ka n\u00ebn kontroll t\u00eb Policis\u00eb. P\u00ebr momentin gjith\u00e7ka \u00ebsht\u00eb n\u00eb rregull. Nuk besoj q\u00eb policia do ta lejoj\u00eb nj\u00eb gj\u00eb t\u00eb till\u00eb, q\u00eb t\u00eb vije deri te ajo, por pran\u00eb n\u00eb veri nuk i dihet\u201d, ka th\u00ebn\u00eb ai.<\/div>\n<\/div>\n<p>Protest\u00eb t\u00eb serb\u00ebve ka pasur m\u00eb 2023 edhe n\u00eb komun\u00ebn tjet\u00ebr me shumic\u00eb serbe, Zubin-Potok.<\/p>\n<p>Izmir Beqiri, kryetar i k\u00ebsaj komune, \u00ebsht\u00eb shprehur i bindur se pas zgjedhjeve t\u00eb 12 tetorit kushdo q\u00eb vepron n\u00eb kund\u00ebrshtim me ligjin, duke tentuar q\u00eb t\u2019i heq\u00eb flamujt e Kosov\u00ebs nga objektet komunale dhe t\u00eb tjera dhe duke e hequr fotografin\u00eb e presidentes s\u00eb Kosov\u00ebs nga zyrat komunale, duhet q\u00eb t\u2019i bart\u00eb pasojat.<\/p>\n<p>\u201c&#8230;Natyrisht fotografia n\u00eb zyr\u00eb, ka vendime q\u00eb i kemi marr\u00eb. Mir\u00ebpo, n\u00eb momentin q\u00eb preket flamuri nuk respektohet, e ndryshohet situata, aty \u00ebsht\u00eb nj\u00eb shkelje ose uzurpim q\u00eb nuk do t\u00eb lejohet. Nuk mendoj q\u00eb mund dhe s\u2019duhet t\u00eb lejohet n\u00eb qoft\u00eb se nuk i ka dit\u00eb rregullat ligjore \u00e7far\u00eb neve na ofron Republika e Kosov\u00ebs. N\u00eb t\u00eb kund\u00ebrt\u00ebn duhet t\u00eb ket\u00eb d\u00ebnime. P\u00ebr mendimin tim \u00ebsht\u00eb st\u00ebrtepruar me nj\u00eb form\u00eb p\u00ebrk\u00ebdhelja\u201d, ka th\u00ebn\u00eb ai. \u201cNuk besoj se ata q\u00eb e kan\u00eb mbajtur ligjin n\u00eb dor\u00eb, si\u00e7 jan\u00eb grupet terroriste t\u00eb Radoj\u00e7iqit, ata kan\u00eb mbajt ligj, kan\u00eb mbajt pushtet dhe natyrisht ndikim mbi qytetarin, frik\u00ebsim mbi qytetar, shantazhe t\u00eb ndryshme. Ata nuk guxojn\u00eb, se e din\u00eb se \u00e7far\u00eb sherri kan\u00eb b\u00ebr\u00eb\u201d.<br \/>\nPor ndryshe nga Peci dhe Beqiri, situat\u00eb m\u00eb shqet\u00ebsuese n\u00eb kat\u00ebr komunat n\u00eb veri pas zgjedhjeve t\u00eb 12 tetorit ka parapar\u00eb analisti politik, Drit\u00ebro Arifi. Ai ka th\u00ebn\u00eb se mungesa e institucioneve funksionale n\u00eb k\u00ebt\u00eb periudh\u00eb ndikon n\u00eb p\u00ebrkeq\u00ebsimin e situat\u00ebs s\u00eb siguris\u00eb n\u00eb veri.<\/p>\n<p>\u201cDo t\u00eb jet\u00eb nj\u00eb provokim shum\u00ebdimensional, duke filluar prej atij institucional, pra neglizhimi i ligjeve, rregulloreve e t\u00eb tjera, por edhe Kushtetut\u00ebs s\u00eb Kosov\u00ebs, politik dhe ligjor e k\u00ebshtu me radh\u00eb.. edhe n\u00ebse nuk i heqin vet ato simbole, do t\u2019i heq\u00eb dikush. Prandaj, mendoj q\u00eb ndoshta, po ta kishim pasur deri at\u00ebher\u00eb nj\u00eb qeveri legjitime, at\u00ebher\u00eb do t\u00eb mund t\u2019i adresonin problemet edhe n\u00eb m\u00ebnyr\u00eb politike, e edhe ligjore\u201d, ka th\u00ebn\u00eb Arifi.<\/p>\n<p>Ai i ka kualifikuar si t\u00eb domosdoshme parap\u00ebrgatitjet e nivelit qendror p\u00ebr ballafaqim eventual me nj\u00eb situate t\u00eb tensionuar n\u00eb veri, teksa e ka theksuar nevoj\u00ebn p\u00ebr bashk\u00ebrendim t\u00eb veprimeve me faktorin nd\u00ebrkomb\u00ebtar.<\/p>\n<div id=\"__ads-300x250in-13\" class=\"__ads-300x250-inarticle\" data-google-query-id=\"CPPInoO25Y4DFRonBgAdqEcfbg\">\n<div id=\"google_ads_iframe_\/23130410871\/inarticle1_4__container__\">\u201cDuhet t\u00eb jemi shum\u00eb t\u00eb kujdessh\u00ebm q\u00eb mos t\u2019i shnd\u00ebrrojm\u00eb serb\u00ebt n\u00eb viktima, sepse mandej mund ta humbim betej\u00ebn politike atje. Zakonisht, nd\u00ebrkomb\u00ebtar\u00ebt i mbrojn\u00eb m\u00eb shum\u00eb ata q\u00eb jan\u00eb viktima, n\u00eb k\u00ebt\u00eb rast komunitetin serb, prandaj duhet q\u00eb jasht\u00ebzakonisht shum\u00eb t\u00eb punohet q\u00eb t\u00eb mos t\u00eb vij\u00eb deri te ajo. Duhet nj\u00eb komunikim m\u00eb i thell\u00eb atje te serb\u00ebt lokal\u00eb, t\u2019i shpjegohet q\u00eb provokimi i institucioneve mund t\u00eb sjell\u00eb pasoja p\u00ebr t\u00eb gjith\u00eb\u201d, ka th\u00ebn\u00eb profesori i shkencave politike.<\/div>\n<\/div>\n<p>N\u00eb lidhje me pyetjet rreth pritjeve p\u00ebr situat\u00ebn n\u00eb komunat veriore pas zgjedhjeve t\u00eb 12 tetorit, interesimit t\u00eb KOH\u00cb-s nuk i jan\u00eb p\u00ebrgjigjur kryetari i Mitrovic\u00ebs s\u00eb Veriut, Erden Atiq, dhe ai i Leposaviqit, Lulzim Hetemi, t\u00eb cil\u00ebt jan\u00eb nga radh\u00ebt e L\u00ebvizjes Vet\u00ebvendosje (LVV).<\/p>\n<p>P\u00ebrgjigje nga 25 korriku, KOHA p\u00ebr k\u00ebt\u00eb \u00e7\u00ebshtje nuk ka marr\u00eb as nga Qeveria e Kosov\u00ebs. Kryetar\u00ebt aktual\u00eb t\u00eb kat\u00ebr komunave n\u00eb veri e kan\u00eb marr\u00eb pushtetin lokal pas zgjedhjeve t\u00eb mbajtura n\u00eb fundprill t\u00eb 2023-t\u00ebs, si pasoj\u00eb e dor\u00ebheqjeve t\u00eb serb\u00ebve n\u00eb n\u00ebntor t\u00eb 2022-t\u00ebs.<\/p>\n<p>&nbsp;<\/p>\n","protected":false},"excerpt":{"rendered":"<p>Mitrovic\u00eb, 30 Korrik 2025 Zgjedhjet lokale t\u00eb 12 tetorit n\u00eb Kosov\u00eb pritet q\u00eb t\u00eb sjellin ndryshime n\u00eb kat\u00ebr komunat veriore me shumic\u00eb serbe \u2013 Mitrovic\u00eb<\/p>\n","protected":false},"author":1,"featured_media":5990,"comment_status":"open","ping_status":"open","sticky":false,"template":"","format":"standard","meta":{"footnotes":""},"categories":[52],"tags":[],"class_list":["post-5989","post","type-post","status-publish","format-standard","has-post-thumbnail","hentry","category-komunat-sq"],"yoast_head":"<!-- This site is optimized with the Yoast SEO plugin v25.3.1 - https:\/\/yoast.com\/wordpress\/plugins\/seo\/ -->\n<title>Pjes\u00ebmarrja e List\u00ebs Serbe n\u00eb zgjedhjet lokale rrit rrezikun p\u00ebr tentim-zhb\u00ebrjen e pun\u00ebve t\u00eb kryera n\u00eb veri -<\/title>\n<meta name=\"robots\" content=\"index, follow, max-snippet:-1, max-image-preview:large, max-video-preview:-1\" \/>\n<link rel=\"canonical\" href=\"https:\/\/veritasinfo.org\/?p=5989\" \/>\n<meta property=\"og:locale\" content=\"en_US\" \/>\n<meta property=\"og:type\" content=\"article\" \/>\n<meta property=\"og:title\" content=\"Pjes\u00ebmarrja e List\u00ebs Serbe n\u00eb zgjedhjet lokale rrit rrezikun p\u00ebr tentim-zhb\u00ebrjen e pun\u00ebve t\u00eb kryera n\u00eb veri -\" \/>\n<meta property=\"og:description\" content=\"Mitrovic\u00eb, 30 Korrik 2025 Zgjedhjet lokale t\u00eb 12 tetorit n\u00eb Kosov\u00eb pritet q\u00eb t\u00eb sjellin ndryshime n\u00eb kat\u00ebr komunat veriore me shumic\u00eb serbe \u2013 Mitrovic\u00eb\" \/>\n<meta property=\"og:url\" content=\"https:\/\/veritasinfo.org\/?p=5989\" \/>\n<meta property=\"article:published_time\" content=\"2025-07-30T20:33:21+00:00\" \/>\n<meta property=\"og:image\" content=\"https:\/\/veritasinfo.org\/wp-content\/uploads\/2025\/07\/IMG_2429.webp\" \/>\n\t<meta property=\"og:image:width\" content=\"860\" \/>\n\t<meta property=\"og:image:height\" content=\"546\" \/>\n\t<meta property=\"og:image:type\" content=\"image\/webp\" \/>\n<meta name=\"author\" content=\"admin\" \/>\n<meta name=\"twitter:card\" content=\"summary_large_image\" \/>\n<meta name=\"twitter:label1\" content=\"Written by\" \/>\n\t<meta name=\"twitter:data1\" content=\"admin\" \/>\n\t<meta name=\"twitter:label2\" content=\"Est. reading time\" \/>\n\t<meta name=\"twitter:data2\" content=\"5 minutes\" \/>\n<script type=\"application\/ld+json\" class=\"yoast-schema-graph\">{\"@context\":\"https:\/\/schema.org\",\"@graph\":[{\"@type\":\"WebPage\",\"@id\":\"https:\/\/veritasinfo.org\/?p=5989\",\"url\":\"https:\/\/veritasinfo.org\/?p=5989\",\"name\":\"Pjes\u00ebmarrja e List\u00ebs Serbe n\u00eb zgjedhjet lokale rrit rrezikun p\u00ebr tentim-zhb\u00ebrjen e pun\u00ebve t\u00eb kryera n\u00eb veri -\",\"isPartOf\":{\"@id\":\"https:\/\/veritasinfo.org\/#website\"},\"primaryImageOfPage\":{\"@id\":\"https:\/\/veritasinfo.org\/?p=5989#primaryimage\"},\"image\":{\"@id\":\"https:\/\/veritasinfo.org\/?p=5989#primaryimage\"},\"thumbnailUrl\":\"https:\/\/veritasinfo.org\/wp-content\/uploads\/2025\/07\/IMG_2429.webp\",\"datePublished\":\"2025-07-30T20:33:21+00:00\",\"author\":{\"@id\":\"https:\/\/veritasinfo.org\/#\/schema\/person\/7701f8c088bece422266b100a712374f\"},\"breadcrumb\":{\"@id\":\"https:\/\/veritasinfo.org\/?p=5989#breadcrumb\"},\"inLanguage\":\"en-US\",\"potentialAction\":[{\"@type\":\"ReadAction\",\"target\":[\"https:\/\/veritasinfo.org\/?p=5989\"]}]},{\"@type\":\"ImageObject\",\"inLanguage\":\"en-US\",\"@id\":\"https:\/\/veritasinfo.org\/?p=5989#primaryimage\",\"url\":\"https:\/\/veritasinfo.org\/wp-content\/uploads\/2025\/07\/IMG_2429.webp\",\"contentUrl\":\"https:\/\/veritasinfo.org\/wp-content\/uploads\/2025\/07\/IMG_2429.webp\",\"width\":860,\"height\":546},{\"@type\":\"BreadcrumbList\",\"@id\":\"https:\/\/veritasinfo.org\/?p=5989#breadcrumb\",\"itemListElement\":[{\"@type\":\"ListItem\",\"position\":1,\"name\":\"Home\",\"item\":\"https:\/\/veritasinfo.org\/\"},{\"@type\":\"ListItem\",\"position\":2,\"name\":\"Pjes\u00ebmarrja e List\u00ebs Serbe n\u00eb zgjedhjet lokale rrit rrezikun p\u00ebr tentim-zhb\u00ebrjen e pun\u00ebve t\u00eb kryera n\u00eb veri\"}]},{\"@type\":\"WebSite\",\"@id\":\"https:\/\/veritasinfo.org\/#website\",\"url\":\"https:\/\/veritasinfo.org\/\",\"name\":\"\",\"description\":\"\",\"potentialAction\":[{\"@type\":\"SearchAction\",\"target\":{\"@type\":\"EntryPoint\",\"urlTemplate\":\"https:\/\/veritasinfo.org\/?s={search_term_string}\"},\"query-input\":{\"@type\":\"PropertyValueSpecification\",\"valueRequired\":true,\"valueName\":\"search_term_string\"}}],\"inLanguage\":\"en-US\"},{\"@type\":\"Person\",\"@id\":\"https:\/\/veritasinfo.org\/#\/schema\/person\/7701f8c088bece422266b100a712374f\",\"name\":\"admin\",\"image\":{\"@type\":\"ImageObject\",\"inLanguage\":\"en-US\",\"@id\":\"https:\/\/veritasinfo.org\/#\/schema\/person\/image\/\",\"url\":\"https:\/\/secure.gravatar.com\/avatar\/ea53aa3bf6c9a12d5fde8ce4deff43fef3885ae33cf60184161a50d6987cfd2f?s=96&d=mm&r=g\",\"contentUrl\":\"https:\/\/secure.gravatar.com\/avatar\/ea53aa3bf6c9a12d5fde8ce4deff43fef3885ae33cf60184161a50d6987cfd2f?s=96&d=mm&r=g\",\"caption\":\"admin\"},\"sameAs\":[\"https:\/\/veritasinfo.org\"],\"url\":\"https:\/\/veritasinfo.org\/?author=1\"}]}<\/script>\n<!-- \/ Yoast SEO plugin. -->","yoast_head_json":{"title":"Pjes\u00ebmarrja e List\u00ebs Serbe n\u00eb zgjedhjet lokale rrit rrezikun p\u00ebr tentim-zhb\u00ebrjen e pun\u00ebve t\u00eb kryera n\u00eb veri -","robots":{"index":"index","follow":"follow","max-snippet":"max-snippet:-1","max-image-preview":"max-image-preview:large","max-video-preview":"max-video-preview:-1"},"canonical":"https:\/\/veritasinfo.org\/?p=5989","og_locale":"en_US","og_type":"article","og_title":"Pjes\u00ebmarrja e List\u00ebs Serbe n\u00eb zgjedhjet lokale rrit rrezikun p\u00ebr tentim-zhb\u00ebrjen e pun\u00ebve t\u00eb kryera n\u00eb veri -","og_description":"Mitrovic\u00eb, 30 Korrik 2025 Zgjedhjet lokale t\u00eb 12 tetorit n\u00eb Kosov\u00eb pritet q\u00eb t\u00eb sjellin ndryshime n\u00eb kat\u00ebr komunat veriore me shumic\u00eb serbe \u2013 Mitrovic\u00eb","og_url":"https:\/\/veritasinfo.org\/?p=5989","article_published_time":"2025-07-30T20:33:21+00:00","og_image":[{"width":860,"height":546,"url":"https:\/\/veritasinfo.org\/wp-content\/uploads\/2025\/07\/IMG_2429.webp","type":"image\/webp"}],"author":"admin","twitter_card":"summary_large_image","twitter_misc":{"Written by":"admin","Est. reading time":"5 minutes"},"schema":{"@context":"https:\/\/schema.org","@graph":[{"@type":"WebPage","@id":"https:\/\/veritasinfo.org\/?p=5989","url":"https:\/\/veritasinfo.org\/?p=5989","name":"Pjes\u00ebmarrja e List\u00ebs Serbe n\u00eb zgjedhjet lokale rrit rrezikun p\u00ebr tentim-zhb\u00ebrjen e pun\u00ebve t\u00eb kryera n\u00eb veri -","isPartOf":{"@id":"https:\/\/veritasinfo.org\/#website"},"primaryImageOfPage":{"@id":"https:\/\/veritasinfo.org\/?p=5989#primaryimage"},"image":{"@id":"https:\/\/veritasinfo.org\/?p=5989#primaryimage"},"thumbnailUrl":"https:\/\/veritasinfo.org\/wp-content\/uploads\/2025\/07\/IMG_2429.webp","datePublished":"2025-07-30T20:33:21+00:00","author":{"@id":"https:\/\/veritasinfo.org\/#\/schema\/person\/7701f8c088bece422266b100a712374f"},"breadcrumb":{"@id":"https:\/\/veritasinfo.org\/?p=5989#breadcrumb"},"inLanguage":"en-US","potentialAction":[{"@type":"ReadAction","target":["https:\/\/veritasinfo.org\/?p=5989"]}]},{"@type":"ImageObject","inLanguage":"en-US","@id":"https:\/\/veritasinfo.org\/?p=5989#primaryimage","url":"https:\/\/veritasinfo.org\/wp-content\/uploads\/2025\/07\/IMG_2429.webp","contentUrl":"https:\/\/veritasinfo.org\/wp-content\/uploads\/2025\/07\/IMG_2429.webp","width":860,"height":546},{"@type":"BreadcrumbList","@id":"https:\/\/veritasinfo.org\/?p=5989#breadcrumb","itemListElement":[{"@type":"ListItem","position":1,"name":"Home","item":"https:\/\/veritasinfo.org\/"},{"@type":"ListItem","position":2,"name":"Pjes\u00ebmarrja e List\u00ebs Serbe n\u00eb zgjedhjet lokale rrit rrezikun p\u00ebr tentim-zhb\u00ebrjen e pun\u00ebve t\u00eb kryera n\u00eb veri"}]},{"@type":"WebSite","@id":"https:\/\/veritasinfo.org\/#website","url":"https:\/\/veritasinfo.org\/","name":"","description":"","potentialAction":[{"@type":"SearchAction","target":{"@type":"EntryPoint","urlTemplate":"https:\/\/veritasinfo.org\/?s={search_term_string}"},"query-input":{"@type":"PropertyValueSpecification","valueRequired":true,"valueName":"search_term_string"}}],"inLanguage":"en-US"},{"@type":"Person","@id":"https:\/\/veritasinfo.org\/#\/schema\/person\/7701f8c088bece422266b100a712374f","name":"admin","image":{"@type":"ImageObject","inLanguage":"en-US","@id":"https:\/\/veritasinfo.org\/#\/schema\/person\/image\/","url":"https:\/\/secure.gravatar.com\/avatar\/ea53aa3bf6c9a12d5fde8ce4deff43fef3885ae33cf60184161a50d6987cfd2f?s=96&d=mm&r=g","contentUrl":"https:\/\/secure.gravatar.com\/avatar\/ea53aa3bf6c9a12d5fde8ce4deff43fef3885ae33cf60184161a50d6987cfd2f?s=96&d=mm&r=g","caption":"admin"},"sameAs":["https:\/\/veritasinfo.org"],"url":"https:\/\/veritasinfo.org\/?author=1"}]}},"featured_image_urls":{"full":["https:\/\/veritasinfo.org\/wp-content\/uploads\/2025\/07\/IMG_2429.webp",860,546,false],"thumbnail":["https:\/\/veritasinfo.org\/wp-content\/uploads\/2025\/07\/IMG_2429-150x150.webp",150,150,true],"medium":["https:\/\/veritasinfo.org\/wp-content\/uploads\/2025\/07\/IMG_2429-300x190.webp",300,190,true],"medium_large":["https:\/\/veritasinfo.org\/wp-content\/uploads\/2025\/07\/IMG_2429-768x488.webp",640,407,true],"large":["https:\/\/veritasinfo.org\/wp-content\/uploads\/2025\/07\/IMG_2429.webp",640,406,false],"1536x1536":["https:\/\/veritasinfo.org\/wp-content\/uploads\/2025\/07\/IMG_2429.webp",860,546,false],"2048x2048":["https:\/\/veritasinfo.org\/wp-content\/uploads\/2025\/07\/IMG_2429.webp",860,546,false],"kreeti-slider-full":["https:\/\/veritasinfo.org\/wp-content\/uploads\/2025\/07\/IMG_2429.webp",860,546,false],"kreeti-featured":["https:\/\/veritasinfo.org\/wp-content\/uploads\/2025\/07\/IMG_2429.webp",860,546,false],"kreeti-medium":["https:\/\/veritasinfo.org\/wp-content\/uploads\/2025\/07\/IMG_2429.webp",720,457,false],"kreeti-medium-square":["https:\/\/veritasinfo.org\/wp-content\/uploads\/2025\/07\/IMG_2429.webp",350,222,false]},"author_info":{"info":["admin"]},"category_info":"<a href=\"https:\/\/veritasinfo.org\/?cat=52\" rel=\"category\">Komunat<\/a>","tag_info":"Komunat","comment_count":"0","_links":{"self":[{"href":"https:\/\/veritasinfo.org\/index.php?rest_route=\/wp\/v2\/posts\/5989","targetHints":{"allow":["GET"]}}],"collection":[{"href":"https:\/\/veritasinfo.org\/index.php?rest_route=\/wp\/v2\/posts"}],"about":[{"href":"https:\/\/veritasinfo.org\/index.php?rest_route=\/wp\/v2\/types\/post"}],"author":[{"embeddable":true,"href":"https:\/\/veritasinfo.org\/index.php?rest_route=\/wp\/v2\/users\/1"}],"replies":[{"embeddable":true,"href":"https:\/\/veritasinfo.org\/index.php?rest_route=%2Fwp%2Fv2%2Fcomments&post=5989"}],"version-history":[{"count":1,"href":"https:\/\/veritasinfo.org\/index.php?rest_route=\/wp\/v2\/posts\/5989\/revisions"}],"predecessor-version":[{"id":5991,"href":"https:\/\/veritasinfo.org\/index.php?rest_route=\/wp\/v2\/posts\/5989\/revisions\/5991"}],"wp:featuredmedia":[{"embeddable":true,"href":"https:\/\/veritasinfo.org\/index.php?rest_route=\/wp\/v2\/media\/5990"}],"wp:attachment":[{"href":"https:\/\/veritasinfo.org\/index.php?rest_route=%2Fwp%2Fv2%2Fmedia&parent=5989"}],"wp:term":[{"taxonomy":"category","embeddable":true,"href":"https:\/\/veritasinfo.org\/index.php?rest_route=%2Fwp%2Fv2%2Fcategories&post=5989"},{"taxonomy":"post_tag","embeddable":true,"href":"https:\/\/veritasinfo.org\/index.php?rest_route=%2Fwp%2Fv2%2Ftags&post=5989"}],"curies":[{"name":"wp","href":"https:\/\/api.w.org\/{rel}","templated":true}]}}