{"id":5986,"date":"2025-07-31T07:24:50","date_gmt":"2025-07-31T05:24:50","guid":{"rendered":"https:\/\/veritasinfo.org\/?p=5986"},"modified":"2025-07-31T08:24:36","modified_gmt":"2025-07-31T06:24:36","slug":"fundi-i-vulave-ne-pasaporta-nga-tetori-be-e-nis-sistemin-biometrik-preket-edhe-kosova","status":"publish","type":"post","link":"https:\/\/veritasinfo.org\/?p=5986","title":{"rendered":"Fundi i vulave n\u00eb pasaporta, nga tetori BE e nis sistemin biometrik- preket edhe Kosova"},"content":{"rendered":"<p>Bruksel, 31 Korrik 2025<\/p>\n<p><strong>Bashkimi Evropian do t\u00eb nis\u00eb zbatimin e nj\u00eb sistemi t\u00eb ri t\u00eb hyrjes dhe daljes p\u00ebr qytetar\u00ebt q\u00eb nuk jan\u00eb nga vendet e Unionit duke filluar nga data 12 tetor.<\/strong><\/p>\n<p>Ky sistem i avancuar, i njohur si EES \u2013 Entry\/Exit System \u2013 do t\u00eb regjistroj\u00eb t\u00eb dh\u00ebnat biometrike t\u00eb udh\u00ebtar\u00ebve, p\u00ebrfshir\u00eb gjurm\u00ebt e gisht\u00ebrinjve dhe imazhin e fytyr\u00ebs. Sipas asaj q\u00eb raporton<a href=\"https:\/\/www.theguardian.com\/europe\"> \u201cThe Guardian\u201d, <\/a>sistemi do t\u00eb:<\/p>\n<p><em>Z\u00ebvend\u00ebsoj\u00eb vulosjen manuale t\u00eb pasaportave<\/em><\/p>\n<p><em>Regjistroj\u00eb dat\u00ebn dhe koh\u00ebn e hyrjes dhe daljes<\/em><\/p>\n<p><em>Kap\u00eb t\u00eb dh\u00ebna biometrike si gjurm\u00ebt e gisht\u00ebrinjve dhe imazhin e fytyr\u00ebs (vet\u00ebm nj\u00ebra nga k\u00ebto)<\/em><\/p>\n<p><em>Llogaris\u00eb automatikisht koh\u00ebzgjatjen e q\u00ebndrimit t\u00eb lejuar<br \/>\n<\/em><em>Sinjalizoj\u00eb shtetet an\u00ebtare n\u00eb rastet e q\u00ebndrimeve t\u00eb tejzgjatura<\/em><\/p>\n<p>K\u00ebto rregulla do t\u00eb prekin edhe shtetasit e vendeve t\u00eb Ballkanit Per\u00ebndimor: Shqip\u00ebria, Kosova, Maqedonia e Veriut, Bosnje dhe Hercegovina, Mali i Zi dhe Serbia, t\u00eb cil\u00ebt aktualisht g\u00ebzojn\u00eb regjim pa viza p\u00ebr hyrje t\u00eb shkurt\u00ebr n\u00eb zon\u00ebn Shengen.<br \/>\nSistemi i ri, do t\u00eb z\u00ebvend\u00ebsoj\u00eb vulosjen manuale t\u00eb pasaportave dhe do t\u00eb lejoj\u00eb autoritetet kufitare t\u00eb kontrollojn\u00eb automatikisht koh\u00ebzgjatjen e q\u00ebndrimit t\u00eb lejuar p\u00ebr turist\u00ebt dhe udh\u00ebtar\u00ebt e biznesit.<\/p>\n<p>Sistemi do t\u00eb nis\u00eb s\u00eb zbatuari gradualisht p\u00ebr gjasht\u00eb muaj dhe pritet t\u00eb hyj\u00eb n\u00eb funksionim t\u00eb plot\u00eb n\u00eb janar t\u00eb vitit 2026.<br \/>\nMakinerit\u00eb p\u00ebr marrjen e gjurm\u00ebve t\u00eb gisht\u00ebrinjve tashm\u00eb jan\u00eb vendosur n\u00eb disa pika kalimi, p\u00ebrfshir\u00eb terminalin Eurostar n\u00eb Lond\u00ebr dhe Portin e Doverit.<\/p>\n<p>Komisioni Evropian thot\u00eb se ky sistem do t\u00eb rris\u00eb sigurin\u00eb kufitare dhe do t\u00eb p\u00ebrshpejtoj\u00eb procesin p\u00ebr udh\u00ebtar\u00ebt e rregullt.<\/p>\n","protected":false},"excerpt":{"rendered":"<p>Bruksel, 31 Korrik 2025 Bashkimi Evropian do t\u00eb nis\u00eb zbatimin e nj\u00eb sistemi t\u00eb ri t\u00eb hyrjes dhe daljes p\u00ebr qytetar\u00ebt q\u00eb nuk jan\u00eb nga<\/p>\n","protected":false},"author":1,"featured_media":5987,"comment_status":"open","ping_status":"open","sticky":false,"template":"","format":"standard","meta":{"footnotes":""},"categories":[60],"tags":[],"class_list":["post-5986","post","type-post","status-publish","format-standard","has-post-thumbnail","hentry","category-shoqerore-sq"],"yoast_head":"<!-- This site is optimized with the Yoast SEO plugin v25.3.1 - https:\/\/yoast.com\/wordpress\/plugins\/seo\/ -->\n<title>Fundi i vulave n\u00eb pasaporta, nga tetori BE e nis sistemin biometrik- preket edhe Kosova -<\/title>\n<meta name=\"robots\" content=\"index, follow, max-snippet:-1, max-image-preview:large, max-video-preview:-1\" \/>\n<link rel=\"canonical\" href=\"https:\/\/veritasinfo.org\/?p=5986\" \/>\n<meta property=\"og:locale\" content=\"en_US\" \/>\n<meta property=\"og:type\" content=\"article\" \/>\n<meta property=\"og:title\" content=\"Fundi i vulave n\u00eb pasaporta, nga tetori BE e nis sistemin biometrik- preket edhe Kosova -\" \/>\n<meta property=\"og:description\" content=\"Bruksel, 31 Korrik 2025 Bashkimi Evropian do t\u00eb nis\u00eb zbatimin e nj\u00eb sistemi t\u00eb ri t\u00eb hyrjes dhe daljes p\u00ebr qytetar\u00ebt q\u00eb nuk jan\u00eb nga\" \/>\n<meta property=\"og:url\" content=\"https:\/\/veritasinfo.org\/?p=5986\" \/>\n<meta property=\"article:published_time\" content=\"2025-07-31T05:24:50+00:00\" \/>\n<meta property=\"article:modified_time\" content=\"2025-07-31T06:24:36+00:00\" \/>\n<meta property=\"og:image\" content=\"https:\/\/veritasinfo.org\/wp-content\/uploads\/2025\/07\/IMG_2428.jpeg\" \/>\n\t<meta property=\"og:image:width\" content=\"600\" \/>\n\t<meta property=\"og:image:height\" content=\"360\" \/>\n\t<meta property=\"og:image:type\" content=\"image\/jpeg\" \/>\n<meta name=\"author\" content=\"admin\" \/>\n<meta name=\"twitter:card\" content=\"summary_large_image\" \/>\n<meta name=\"twitter:label1\" content=\"Written by\" \/>\n\t<meta name=\"twitter:data1\" content=\"admin\" \/>\n\t<meta name=\"twitter:label2\" content=\"Est. reading time\" \/>\n\t<meta name=\"twitter:data2\" content=\"2 minutes\" \/>\n<script type=\"application\/ld+json\" class=\"yoast-schema-graph\">{\"@context\":\"https:\/\/schema.org\",\"@graph\":[{\"@type\":\"WebPage\",\"@id\":\"https:\/\/veritasinfo.org\/?p=5986\",\"url\":\"https:\/\/veritasinfo.org\/?p=5986\",\"name\":\"Fundi i vulave n\u00eb pasaporta, nga tetori BE e nis sistemin biometrik- preket edhe Kosova -\",\"isPartOf\":{\"@id\":\"https:\/\/veritasinfo.org\/#website\"},\"primaryImageOfPage\":{\"@id\":\"https:\/\/veritasinfo.org\/?p=5986#primaryimage\"},\"image\":{\"@id\":\"https:\/\/veritasinfo.org\/?p=5986#primaryimage\"},\"thumbnailUrl\":\"https:\/\/veritasinfo.org\/wp-content\/uploads\/2025\/07\/IMG_2428.jpeg\",\"datePublished\":\"2025-07-31T05:24:50+00:00\",\"dateModified\":\"2025-07-31T06:24:36+00:00\",\"author\":{\"@id\":\"https:\/\/veritasinfo.org\/#\/schema\/person\/7701f8c088bece422266b100a712374f\"},\"breadcrumb\":{\"@id\":\"https:\/\/veritasinfo.org\/?p=5986#breadcrumb\"},\"inLanguage\":\"en-US\",\"potentialAction\":[{\"@type\":\"ReadAction\",\"target\":[\"https:\/\/veritasinfo.org\/?p=5986\"]}]},{\"@type\":\"ImageObject\",\"inLanguage\":\"en-US\",\"@id\":\"https:\/\/veritasinfo.org\/?p=5986#primaryimage\",\"url\":\"https:\/\/veritasinfo.org\/wp-content\/uploads\/2025\/07\/IMG_2428.jpeg\",\"contentUrl\":\"https:\/\/veritasinfo.org\/wp-content\/uploads\/2025\/07\/IMG_2428.jpeg\",\"width\":600,\"height\":360},{\"@type\":\"BreadcrumbList\",\"@id\":\"https:\/\/veritasinfo.org\/?p=5986#breadcrumb\",\"itemListElement\":[{\"@type\":\"ListItem\",\"position\":1,\"name\":\"Home\",\"item\":\"https:\/\/veritasinfo.org\/\"},{\"@type\":\"ListItem\",\"position\":2,\"name\":\"Fundi i vulave n\u00eb pasaporta, nga tetori BE e nis sistemin biometrik- preket edhe Kosova\"}]},{\"@type\":\"WebSite\",\"@id\":\"https:\/\/veritasinfo.org\/#website\",\"url\":\"https:\/\/veritasinfo.org\/\",\"name\":\"\",\"description\":\"\",\"potentialAction\":[{\"@type\":\"SearchAction\",\"target\":{\"@type\":\"EntryPoint\",\"urlTemplate\":\"https:\/\/veritasinfo.org\/?s={search_term_string}\"},\"query-input\":{\"@type\":\"PropertyValueSpecification\",\"valueRequired\":true,\"valueName\":\"search_term_string\"}}],\"inLanguage\":\"en-US\"},{\"@type\":\"Person\",\"@id\":\"https:\/\/veritasinfo.org\/#\/schema\/person\/7701f8c088bece422266b100a712374f\",\"name\":\"admin\",\"image\":{\"@type\":\"ImageObject\",\"inLanguage\":\"en-US\",\"@id\":\"https:\/\/veritasinfo.org\/#\/schema\/person\/image\/\",\"url\":\"https:\/\/secure.gravatar.com\/avatar\/ea53aa3bf6c9a12d5fde8ce4deff43fef3885ae33cf60184161a50d6987cfd2f?s=96&d=mm&r=g\",\"contentUrl\":\"https:\/\/secure.gravatar.com\/avatar\/ea53aa3bf6c9a12d5fde8ce4deff43fef3885ae33cf60184161a50d6987cfd2f?s=96&d=mm&r=g\",\"caption\":\"admin\"},\"sameAs\":[\"https:\/\/veritasinfo.org\"],\"url\":\"https:\/\/veritasinfo.org\/?author=1\"}]}<\/script>\n<!-- \/ Yoast SEO plugin. -->","yoast_head_json":{"title":"Fundi i vulave n\u00eb pasaporta, nga tetori BE e nis sistemin biometrik- preket edhe Kosova -","robots":{"index":"index","follow":"follow","max-snippet":"max-snippet:-1","max-image-preview":"max-image-preview:large","max-video-preview":"max-video-preview:-1"},"canonical":"https:\/\/veritasinfo.org\/?p=5986","og_locale":"en_US","og_type":"article","og_title":"Fundi i vulave n\u00eb pasaporta, nga tetori BE e nis sistemin biometrik- preket edhe Kosova -","og_description":"Bruksel, 31 Korrik 2025 Bashkimi Evropian do t\u00eb nis\u00eb zbatimin e nj\u00eb sistemi t\u00eb ri t\u00eb hyrjes dhe daljes p\u00ebr qytetar\u00ebt q\u00eb nuk jan\u00eb nga","og_url":"https:\/\/veritasinfo.org\/?p=5986","article_published_time":"2025-07-31T05:24:50+00:00","article_modified_time":"2025-07-31T06:24:36+00:00","og_image":[{"width":600,"height":360,"url":"https:\/\/veritasinfo.org\/wp-content\/uploads\/2025\/07\/IMG_2428.jpeg","type":"image\/jpeg"}],"author":"admin","twitter_card":"summary_large_image","twitter_misc":{"Written by":"admin","Est. reading time":"2 minutes"},"schema":{"@context":"https:\/\/schema.org","@graph":[{"@type":"WebPage","@id":"https:\/\/veritasinfo.org\/?p=5986","url":"https:\/\/veritasinfo.org\/?p=5986","name":"Fundi i vulave n\u00eb pasaporta, nga tetori BE e nis sistemin biometrik- preket edhe Kosova -","isPartOf":{"@id":"https:\/\/veritasinfo.org\/#website"},"primaryImageOfPage":{"@id":"https:\/\/veritasinfo.org\/?p=5986#primaryimage"},"image":{"@id":"https:\/\/veritasinfo.org\/?p=5986#primaryimage"},"thumbnailUrl":"https:\/\/veritasinfo.org\/wp-content\/uploads\/2025\/07\/IMG_2428.jpeg","datePublished":"2025-07-31T05:24:50+00:00","dateModified":"2025-07-31T06:24:36+00:00","author":{"@id":"https:\/\/veritasinfo.org\/#\/schema\/person\/7701f8c088bece422266b100a712374f"},"breadcrumb":{"@id":"https:\/\/veritasinfo.org\/?p=5986#breadcrumb"},"inLanguage":"en-US","potentialAction":[{"@type":"ReadAction","target":["https:\/\/veritasinfo.org\/?p=5986"]}]},{"@type":"ImageObject","inLanguage":"en-US","@id":"https:\/\/veritasinfo.org\/?p=5986#primaryimage","url":"https:\/\/veritasinfo.org\/wp-content\/uploads\/2025\/07\/IMG_2428.jpeg","contentUrl":"https:\/\/veritasinfo.org\/wp-content\/uploads\/2025\/07\/IMG_2428.jpeg","width":600,"height":360},{"@type":"BreadcrumbList","@id":"https:\/\/veritasinfo.org\/?p=5986#breadcrumb","itemListElement":[{"@type":"ListItem","position":1,"name":"Home","item":"https:\/\/veritasinfo.org\/"},{"@type":"ListItem","position":2,"name":"Fundi i vulave n\u00eb pasaporta, nga tetori BE e nis sistemin biometrik- preket edhe Kosova"}]},{"@type":"WebSite","@id":"https:\/\/veritasinfo.org\/#website","url":"https:\/\/veritasinfo.org\/","name":"","description":"","potentialAction":[{"@type":"SearchAction","target":{"@type":"EntryPoint","urlTemplate":"https:\/\/veritasinfo.org\/?s={search_term_string}"},"query-input":{"@type":"PropertyValueSpecification","valueRequired":true,"valueName":"search_term_string"}}],"inLanguage":"en-US"},{"@type":"Person","@id":"https:\/\/veritasinfo.org\/#\/schema\/person\/7701f8c088bece422266b100a712374f","name":"admin","image":{"@type":"ImageObject","inLanguage":"en-US","@id":"https:\/\/veritasinfo.org\/#\/schema\/person\/image\/","url":"https:\/\/secure.gravatar.com\/avatar\/ea53aa3bf6c9a12d5fde8ce4deff43fef3885ae33cf60184161a50d6987cfd2f?s=96&d=mm&r=g","contentUrl":"https:\/\/secure.gravatar.com\/avatar\/ea53aa3bf6c9a12d5fde8ce4deff43fef3885ae33cf60184161a50d6987cfd2f?s=96&d=mm&r=g","caption":"admin"},"sameAs":["https:\/\/veritasinfo.org"],"url":"https:\/\/veritasinfo.org\/?author=1"}]}},"featured_image_urls":{"full":["https:\/\/veritasinfo.org\/wp-content\/uploads\/2025\/07\/IMG_2428.jpeg",600,360,false],"thumbnail":["https:\/\/veritasinfo.org\/wp-content\/uploads\/2025\/07\/IMG_2428-150x150.jpeg",150,150,true],"medium":["https:\/\/veritasinfo.org\/wp-content\/uploads\/2025\/07\/IMG_2428-300x180.jpeg",300,180,true],"medium_large":["https:\/\/veritasinfo.org\/wp-content\/uploads\/2025\/07\/IMG_2428.jpeg",600,360,false],"large":["https:\/\/veritasinfo.org\/wp-content\/uploads\/2025\/07\/IMG_2428.jpeg",600,360,false],"1536x1536":["https:\/\/veritasinfo.org\/wp-content\/uploads\/2025\/07\/IMG_2428.jpeg",600,360,false],"2048x2048":["https:\/\/veritasinfo.org\/wp-content\/uploads\/2025\/07\/IMG_2428.jpeg",600,360,false],"kreeti-slider-full":["https:\/\/veritasinfo.org\/wp-content\/uploads\/2025\/07\/IMG_2428.jpeg",600,360,false],"kreeti-featured":["https:\/\/veritasinfo.org\/wp-content\/uploads\/2025\/07\/IMG_2428.jpeg",600,360,false],"kreeti-medium":["https:\/\/veritasinfo.org\/wp-content\/uploads\/2025\/07\/IMG_2428.jpeg",600,360,false],"kreeti-medium-square":["https:\/\/veritasinfo.org\/wp-content\/uploads\/2025\/07\/IMG_2428.jpeg",350,210,false]},"author_info":{"info":["admin"]},"category_info":"<a href=\"https:\/\/veritasinfo.org\/?cat=60\" rel=\"category\">Shoq\u00ebrore<\/a>","tag_info":"Shoq\u00ebrore","comment_count":"0","_links":{"self":[{"href":"https:\/\/veritasinfo.org\/index.php?rest_route=\/wp\/v2\/posts\/5986","targetHints":{"allow":["GET"]}}],"collection":[{"href":"https:\/\/veritasinfo.org\/index.php?rest_route=\/wp\/v2\/posts"}],"about":[{"href":"https:\/\/veritasinfo.org\/index.php?rest_route=\/wp\/v2\/types\/post"}],"author":[{"embeddable":true,"href":"https:\/\/veritasinfo.org\/index.php?rest_route=\/wp\/v2\/users\/1"}],"replies":[{"embeddable":true,"href":"https:\/\/veritasinfo.org\/index.php?rest_route=%2Fwp%2Fv2%2Fcomments&post=5986"}],"version-history":[{"count":1,"href":"https:\/\/veritasinfo.org\/index.php?rest_route=\/wp\/v2\/posts\/5986\/revisions"}],"predecessor-version":[{"id":5988,"href":"https:\/\/veritasinfo.org\/index.php?rest_route=\/wp\/v2\/posts\/5986\/revisions\/5988"}],"wp:featuredmedia":[{"embeddable":true,"href":"https:\/\/veritasinfo.org\/index.php?rest_route=\/wp\/v2\/media\/5987"}],"wp:attachment":[{"href":"https:\/\/veritasinfo.org\/index.php?rest_route=%2Fwp%2Fv2%2Fmedia&parent=5986"}],"wp:term":[{"taxonomy":"category","embeddable":true,"href":"https:\/\/veritasinfo.org\/index.php?rest_route=%2Fwp%2Fv2%2Fcategories&post=5986"},{"taxonomy":"post_tag","embeddable":true,"href":"https:\/\/veritasinfo.org\/index.php?rest_route=%2Fwp%2Fv2%2Ftags&post=5986"}],"curies":[{"name":"wp","href":"https:\/\/api.w.org\/{rel}","templated":true}]}}