{"id":5981,"date":"2025-07-31T07:20:28","date_gmt":"2025-07-31T05:20:28","guid":{"rendered":"https:\/\/veritasinfo.org\/?p=5981"},"modified":"2025-07-30T22:23:16","modified_gmt":"2025-07-30T20:23:16","slug":"vdes-ne-prizren-nje-40-vjecar-nga-drenasi-ra-nga-kulmi-i-nje-ndertese-ku-po-punonte","status":"publish","type":"post","link":"https:\/\/veritasinfo.org\/?p=5981","title":{"rendered":"Vdes n\u00eb Prizren nj\u00eb 40-vje\u00e7ar nga Drenasi, ra nga kulmi i nj\u00eb nd\u00ebrtese ku po punonte"},"content":{"rendered":"<p>Prizren, 31 Korrik 2025<\/p>\n<p>Nj\u00eb person i mosh\u00ebs 40 vje\u00e7are nga Drenasi ka humbur jet\u00eb deri sa ka qen\u00eb duke punuar n\u00eb qytetin e Prizrenit.<\/p>\n<p>Ai ka r\u00ebn\u00eb nga kulmi i nj\u00eb nd\u00ebrtese ku po punonte.<\/p>\n<p>Lajmi ka konfirmuar z\u00ebdh\u00ebn\u00ebsi i Policis\u00eb s\u00eb Kosov\u00ebs p\u00ebr Rajonin e Prizrenit, Shaqir Bytyqi, i cili b\u00ebri t\u00eb ditur se lidhur me rastin, jan\u00eb njoftuar hetuesit kujdestar\u00eb dhe prokurori i shtetit, i cili ka udh\u00ebzuar q\u00eb t\u00eb iniciohet procedura penale p\u00ebr vepr\u00ebn: \u201cAsgj\u00ebsimi, d\u00ebmtimi ose heqja e pajisjeve mbrojt\u00ebse dhe rrezikimi i siguris\u00eb n\u00eb vendin e pun\u00ebs\u201d.<\/p>\n<p>\u201dMe dat\u00eb 30.07.2025, rreth or\u00ebs 12:45, n\u00eb qytetin e Prizrenit, \u00ebsht\u00eb raportuar nj\u00eb incident n\u00eb vendin e pun\u00ebs ku viktima N.XH., mashkull rreth 40 vje\u00e7, nga Drenasi, gjat\u00eb kryerjes s\u00eb punimeve n\u00eb nj\u00eb kulm, ka r\u00ebn\u00eb nga lart\u00ebsia dhe ka p\u00ebsuar l\u00ebndime t\u00eb r\u00ebnda trupore. I nj\u00ebjti \u00ebsht\u00eb d\u00ebrguar me urgjenc\u00eb n\u00eb Spitalin Rajonal t\u00eb Prizrenit, ku m\u00eb von\u00eb, sipas informatave zyrtare nga emergjenca, \u00ebsht\u00eb konfirmuar se ka nd\u00ebrruar jet\u00eb si pasoj\u00eb e l\u00ebndimeve t\u00eb marra\u201d ka th\u00ebn\u00eb Bytyi.<br \/>\n\u201dLidhur me rastin, jan\u00eb njoftuar hetuesit kujdestar\u00eb dhe prokurori i shtetit, i cili ka udh\u00ebzuar q\u00eb t\u00eb iniciohet procedura penale p\u00ebr vepr\u00ebn: \u201cAsgj\u00ebsimi, d\u00ebmtimi ose heqja e pajisjeve mbrojt\u00ebse dhe rrezikimi i siguris\u00eb n\u00eb vendin e pun\u00ebs\u201d, thuhet tutje n\u00eb konfirmim.<\/p>\n<p>&nbsp;<\/p>\n<p>&nbsp;<\/p>\n","protected":false},"excerpt":{"rendered":"<p>Prizren, 31 Korrik 2025 Nj\u00eb person i mosh\u00ebs 40 vje\u00e7are nga Drenasi ka humbur jet\u00eb deri sa ka qen\u00eb duke punuar n\u00eb qytetin e Prizrenit.<\/p>\n","protected":false},"author":1,"featured_media":5982,"comment_status":"open","ping_status":"open","sticky":false,"template":"","format":"standard","meta":{"footnotes":""},"categories":[60],"tags":[],"class_list":["post-5981","post","type-post","status-publish","format-standard","has-post-thumbnail","hentry","category-shoqerore-sq"],"yoast_head":"<!-- This site is optimized with the Yoast SEO plugin v25.3.1 - https:\/\/yoast.com\/wordpress\/plugins\/seo\/ -->\n<title>Vdes n\u00eb Prizren nj\u00eb 40-vje\u00e7ar nga Drenasi, ra nga kulmi i nj\u00eb nd\u00ebrtese ku po punonte -<\/title>\n<meta name=\"robots\" content=\"index, follow, max-snippet:-1, max-image-preview:large, max-video-preview:-1\" \/>\n<link rel=\"canonical\" href=\"https:\/\/veritasinfo.org\/?p=5981\" \/>\n<meta property=\"og:locale\" content=\"en_US\" \/>\n<meta property=\"og:type\" content=\"article\" \/>\n<meta property=\"og:title\" content=\"Vdes n\u00eb Prizren nj\u00eb 40-vje\u00e7ar nga Drenasi, ra nga kulmi i nj\u00eb nd\u00ebrtese ku po punonte -\" \/>\n<meta property=\"og:description\" content=\"Prizren, 31 Korrik 2025 Nj\u00eb person i mosh\u00ebs 40 vje\u00e7are nga Drenasi ka humbur jet\u00eb deri sa ka qen\u00eb duke punuar n\u00eb qytetin e Prizrenit.\" \/>\n<meta property=\"og:url\" content=\"https:\/\/veritasinfo.org\/?p=5981\" \/>\n<meta property=\"article:published_time\" content=\"2025-07-31T05:20:28+00:00\" \/>\n<meta property=\"og:image\" content=\"https:\/\/veritasinfo.org\/wp-content\/uploads\/2025\/07\/IMG_2427.jpeg\" \/>\n\t<meta property=\"og:image:width\" content=\"780\" \/>\n\t<meta property=\"og:image:height\" content=\"439\" \/>\n\t<meta property=\"og:image:type\" content=\"image\/jpeg\" \/>\n<meta name=\"author\" content=\"admin\" \/>\n<meta name=\"twitter:card\" content=\"summary_large_image\" \/>\n<meta name=\"twitter:label1\" content=\"Written by\" \/>\n\t<meta name=\"twitter:data1\" content=\"admin\" \/>\n\t<meta name=\"twitter:label2\" content=\"Est. reading time\" \/>\n\t<meta name=\"twitter:data2\" content=\"2 minutes\" \/>\n<script type=\"application\/ld+json\" class=\"yoast-schema-graph\">{\"@context\":\"https:\/\/schema.org\",\"@graph\":[{\"@type\":\"WebPage\",\"@id\":\"https:\/\/veritasinfo.org\/?p=5981\",\"url\":\"https:\/\/veritasinfo.org\/?p=5981\",\"name\":\"Vdes n\u00eb Prizren nj\u00eb 40-vje\u00e7ar nga Drenasi, ra nga kulmi i nj\u00eb nd\u00ebrtese ku po punonte -\",\"isPartOf\":{\"@id\":\"https:\/\/veritasinfo.org\/#website\"},\"primaryImageOfPage\":{\"@id\":\"https:\/\/veritasinfo.org\/?p=5981#primaryimage\"},\"image\":{\"@id\":\"https:\/\/veritasinfo.org\/?p=5981#primaryimage\"},\"thumbnailUrl\":\"https:\/\/veritasinfo.org\/wp-content\/uploads\/2025\/07\/IMG_2427.jpeg\",\"datePublished\":\"2025-07-31T05:20:28+00:00\",\"author\":{\"@id\":\"https:\/\/veritasinfo.org\/#\/schema\/person\/7701f8c088bece422266b100a712374f\"},\"breadcrumb\":{\"@id\":\"https:\/\/veritasinfo.org\/?p=5981#breadcrumb\"},\"inLanguage\":\"en-US\",\"potentialAction\":[{\"@type\":\"ReadAction\",\"target\":[\"https:\/\/veritasinfo.org\/?p=5981\"]}]},{\"@type\":\"ImageObject\",\"inLanguage\":\"en-US\",\"@id\":\"https:\/\/veritasinfo.org\/?p=5981#primaryimage\",\"url\":\"https:\/\/veritasinfo.org\/wp-content\/uploads\/2025\/07\/IMG_2427.jpeg\",\"contentUrl\":\"https:\/\/veritasinfo.org\/wp-content\/uploads\/2025\/07\/IMG_2427.jpeg\",\"width\":780,\"height\":439},{\"@type\":\"BreadcrumbList\",\"@id\":\"https:\/\/veritasinfo.org\/?p=5981#breadcrumb\",\"itemListElement\":[{\"@type\":\"ListItem\",\"position\":1,\"name\":\"Home\",\"item\":\"https:\/\/veritasinfo.org\/\"},{\"@type\":\"ListItem\",\"position\":2,\"name\":\"Vdes n\u00eb Prizren nj\u00eb 40-vje\u00e7ar nga Drenasi, ra nga kulmi i nj\u00eb nd\u00ebrtese ku po punonte\"}]},{\"@type\":\"WebSite\",\"@id\":\"https:\/\/veritasinfo.org\/#website\",\"url\":\"https:\/\/veritasinfo.org\/\",\"name\":\"\",\"description\":\"\",\"potentialAction\":[{\"@type\":\"SearchAction\",\"target\":{\"@type\":\"EntryPoint\",\"urlTemplate\":\"https:\/\/veritasinfo.org\/?s={search_term_string}\"},\"query-input\":{\"@type\":\"PropertyValueSpecification\",\"valueRequired\":true,\"valueName\":\"search_term_string\"}}],\"inLanguage\":\"en-US\"},{\"@type\":\"Person\",\"@id\":\"https:\/\/veritasinfo.org\/#\/schema\/person\/7701f8c088bece422266b100a712374f\",\"name\":\"admin\",\"image\":{\"@type\":\"ImageObject\",\"inLanguage\":\"en-US\",\"@id\":\"https:\/\/veritasinfo.org\/#\/schema\/person\/image\/\",\"url\":\"https:\/\/secure.gravatar.com\/avatar\/ea53aa3bf6c9a12d5fde8ce4deff43fef3885ae33cf60184161a50d6987cfd2f?s=96&d=mm&r=g\",\"contentUrl\":\"https:\/\/secure.gravatar.com\/avatar\/ea53aa3bf6c9a12d5fde8ce4deff43fef3885ae33cf60184161a50d6987cfd2f?s=96&d=mm&r=g\",\"caption\":\"admin\"},\"sameAs\":[\"https:\/\/veritasinfo.org\"],\"url\":\"https:\/\/veritasinfo.org\/?author=1\"}]}<\/script>\n<!-- \/ Yoast SEO plugin. -->","yoast_head_json":{"title":"Vdes n\u00eb Prizren nj\u00eb 40-vje\u00e7ar nga Drenasi, ra nga kulmi i nj\u00eb nd\u00ebrtese ku po punonte -","robots":{"index":"index","follow":"follow","max-snippet":"max-snippet:-1","max-image-preview":"max-image-preview:large","max-video-preview":"max-video-preview:-1"},"canonical":"https:\/\/veritasinfo.org\/?p=5981","og_locale":"en_US","og_type":"article","og_title":"Vdes n\u00eb Prizren nj\u00eb 40-vje\u00e7ar nga Drenasi, ra nga kulmi i nj\u00eb nd\u00ebrtese ku po punonte -","og_description":"Prizren, 31 Korrik 2025 Nj\u00eb person i mosh\u00ebs 40 vje\u00e7are nga Drenasi ka humbur jet\u00eb deri sa ka qen\u00eb duke punuar n\u00eb qytetin e Prizrenit.","og_url":"https:\/\/veritasinfo.org\/?p=5981","article_published_time":"2025-07-31T05:20:28+00:00","og_image":[{"width":780,"height":439,"url":"https:\/\/veritasinfo.org\/wp-content\/uploads\/2025\/07\/IMG_2427.jpeg","type":"image\/jpeg"}],"author":"admin","twitter_card":"summary_large_image","twitter_misc":{"Written by":"admin","Est. reading time":"2 minutes"},"schema":{"@context":"https:\/\/schema.org","@graph":[{"@type":"WebPage","@id":"https:\/\/veritasinfo.org\/?p=5981","url":"https:\/\/veritasinfo.org\/?p=5981","name":"Vdes n\u00eb Prizren nj\u00eb 40-vje\u00e7ar nga Drenasi, ra nga kulmi i nj\u00eb nd\u00ebrtese ku po punonte -","isPartOf":{"@id":"https:\/\/veritasinfo.org\/#website"},"primaryImageOfPage":{"@id":"https:\/\/veritasinfo.org\/?p=5981#primaryimage"},"image":{"@id":"https:\/\/veritasinfo.org\/?p=5981#primaryimage"},"thumbnailUrl":"https:\/\/veritasinfo.org\/wp-content\/uploads\/2025\/07\/IMG_2427.jpeg","datePublished":"2025-07-31T05:20:28+00:00","author":{"@id":"https:\/\/veritasinfo.org\/#\/schema\/person\/7701f8c088bece422266b100a712374f"},"breadcrumb":{"@id":"https:\/\/veritasinfo.org\/?p=5981#breadcrumb"},"inLanguage":"en-US","potentialAction":[{"@type":"ReadAction","target":["https:\/\/veritasinfo.org\/?p=5981"]}]},{"@type":"ImageObject","inLanguage":"en-US","@id":"https:\/\/veritasinfo.org\/?p=5981#primaryimage","url":"https:\/\/veritasinfo.org\/wp-content\/uploads\/2025\/07\/IMG_2427.jpeg","contentUrl":"https:\/\/veritasinfo.org\/wp-content\/uploads\/2025\/07\/IMG_2427.jpeg","width":780,"height":439},{"@type":"BreadcrumbList","@id":"https:\/\/veritasinfo.org\/?p=5981#breadcrumb","itemListElement":[{"@type":"ListItem","position":1,"name":"Home","item":"https:\/\/veritasinfo.org\/"},{"@type":"ListItem","position":2,"name":"Vdes n\u00eb Prizren nj\u00eb 40-vje\u00e7ar nga Drenasi, ra nga kulmi i nj\u00eb nd\u00ebrtese ku po punonte"}]},{"@type":"WebSite","@id":"https:\/\/veritasinfo.org\/#website","url":"https:\/\/veritasinfo.org\/","name":"","description":"","potentialAction":[{"@type":"SearchAction","target":{"@type":"EntryPoint","urlTemplate":"https:\/\/veritasinfo.org\/?s={search_term_string}"},"query-input":{"@type":"PropertyValueSpecification","valueRequired":true,"valueName":"search_term_string"}}],"inLanguage":"en-US"},{"@type":"Person","@id":"https:\/\/veritasinfo.org\/#\/schema\/person\/7701f8c088bece422266b100a712374f","name":"admin","image":{"@type":"ImageObject","inLanguage":"en-US","@id":"https:\/\/veritasinfo.org\/#\/schema\/person\/image\/","url":"https:\/\/secure.gravatar.com\/avatar\/ea53aa3bf6c9a12d5fde8ce4deff43fef3885ae33cf60184161a50d6987cfd2f?s=96&d=mm&r=g","contentUrl":"https:\/\/secure.gravatar.com\/avatar\/ea53aa3bf6c9a12d5fde8ce4deff43fef3885ae33cf60184161a50d6987cfd2f?s=96&d=mm&r=g","caption":"admin"},"sameAs":["https:\/\/veritasinfo.org"],"url":"https:\/\/veritasinfo.org\/?author=1"}]}},"featured_image_urls":{"full":["https:\/\/veritasinfo.org\/wp-content\/uploads\/2025\/07\/IMG_2427.jpeg",780,439,false],"thumbnail":["https:\/\/veritasinfo.org\/wp-content\/uploads\/2025\/07\/IMG_2427-150x150.jpeg",150,150,true],"medium":["https:\/\/veritasinfo.org\/wp-content\/uploads\/2025\/07\/IMG_2427-300x169.jpeg",300,169,true],"medium_large":["https:\/\/veritasinfo.org\/wp-content\/uploads\/2025\/07\/IMG_2427-768x432.jpeg",640,360,true],"large":["https:\/\/veritasinfo.org\/wp-content\/uploads\/2025\/07\/IMG_2427.jpeg",640,360,false],"1536x1536":["https:\/\/veritasinfo.org\/wp-content\/uploads\/2025\/07\/IMG_2427.jpeg",780,439,false],"2048x2048":["https:\/\/veritasinfo.org\/wp-content\/uploads\/2025\/07\/IMG_2427.jpeg",780,439,false],"kreeti-slider-full":["https:\/\/veritasinfo.org\/wp-content\/uploads\/2025\/07\/IMG_2427.jpeg",780,439,false],"kreeti-featured":["https:\/\/veritasinfo.org\/wp-content\/uploads\/2025\/07\/IMG_2427.jpeg",780,439,false],"kreeti-medium":["https:\/\/veritasinfo.org\/wp-content\/uploads\/2025\/07\/IMG_2427.jpeg",720,405,false],"kreeti-medium-square":["https:\/\/veritasinfo.org\/wp-content\/uploads\/2025\/07\/IMG_2427.jpeg",350,197,false]},"author_info":{"info":["admin"]},"category_info":"<a href=\"https:\/\/veritasinfo.org\/?cat=60\" rel=\"category\">Shoq\u00ebrore<\/a>","tag_info":"Shoq\u00ebrore","comment_count":"0","_links":{"self":[{"href":"https:\/\/veritasinfo.org\/index.php?rest_route=\/wp\/v2\/posts\/5981","targetHints":{"allow":["GET"]}}],"collection":[{"href":"https:\/\/veritasinfo.org\/index.php?rest_route=\/wp\/v2\/posts"}],"about":[{"href":"https:\/\/veritasinfo.org\/index.php?rest_route=\/wp\/v2\/types\/post"}],"author":[{"embeddable":true,"href":"https:\/\/veritasinfo.org\/index.php?rest_route=\/wp\/v2\/users\/1"}],"replies":[{"embeddable":true,"href":"https:\/\/veritasinfo.org\/index.php?rest_route=%2Fwp%2Fv2%2Fcomments&post=5981"}],"version-history":[{"count":1,"href":"https:\/\/veritasinfo.org\/index.php?rest_route=\/wp\/v2\/posts\/5981\/revisions"}],"predecessor-version":[{"id":5983,"href":"https:\/\/veritasinfo.org\/index.php?rest_route=\/wp\/v2\/posts\/5981\/revisions\/5983"}],"wp:featuredmedia":[{"embeddable":true,"href":"https:\/\/veritasinfo.org\/index.php?rest_route=\/wp\/v2\/media\/5982"}],"wp:attachment":[{"href":"https:\/\/veritasinfo.org\/index.php?rest_route=%2Fwp%2Fv2%2Fmedia&parent=5981"}],"wp:term":[{"taxonomy":"category","embeddable":true,"href":"https:\/\/veritasinfo.org\/index.php?rest_route=%2Fwp%2Fv2%2Fcategories&post=5981"},{"taxonomy":"post_tag","embeddable":true,"href":"https:\/\/veritasinfo.org\/index.php?rest_route=%2Fwp%2Fv2%2Ftags&post=5981"}],"curies":[{"name":"wp","href":"https:\/\/api.w.org\/{rel}","templated":true}]}}